{"id":53428,"date":"2021-03-05T16:56:03","date_gmt":"2021-03-05T19:56:03","guid":{"rendered":"http:\/\/www.noticiasradioreflejos.com.ar\/noticias\/?p=53428"},"modified":"2021-03-05T16:56:03","modified_gmt":"2021-03-05T19:56:03","slug":"francisco-visita-la-catedral-de-bagdad-que-fue-blanco-de-un-atentado","status":"publish","type":"post","link":"https:\/\/www.noticiasradioreflejos.com.ar\/2021\/francisco-visita-la-catedral-de-bagdad-que-fue-blanco-de-un-atentado\/","title":{"rendered":"Francisco visita la catedral de Bagdad que fue blanco de un atentado"},"content":{"rendered":"<p>Al hablar ante el clero iraqu\u00ed durante la visita, el Papa dijo que \u00abla incitaci\u00f3n a la guerra, las actitudes de odio, la violencia y el derramamiento de sangre son incompatibles con las ense\u00f1anzas religiosas\u00bb.<!--more--><\/p>\n<div class=\"author clearfix\">\n<h4>Por Hern\u00e1n Reyes Alcaide &#8211;\u00a0<em><strong>Enviado especial<\/strong><\/em><\/h4>\n<p>\u00abLa incitaci\u00f3n a la guerra, las actitudes de odio, la violencia y el derramamiento de sangre son incompatibles con las ense\u00f1anzas religiosas\u00bb, dijo el Papa en la Catedral de Nuestra Se\u00f1ora de la Salvaci\u00f3n de Bagdad, donde m\u00e1s de 50 personas murieron en octubre de 2010 en el ataque del grupo yihadista.<\/p>\n<p>Francisco habl\u00f3 en la catedral ante obispos y sacerdotes locales en su segundo discurso en Irak horas despu\u00e9s de su arribo a Bagdad para la primera visita de un Papa al pa\u00eds, que tiene como uno de sus objetivos solidarizarse con una minor\u00eda cristiana diezmada por sucesivos espasmos de violencia desde la invasi\u00f3n estadounidense de 2003.<\/p>\n<p>Cuarenta y ocho de los cristianos muertos en el atentado de 2010 est\u00e1n en proceso de ser declarados \u00abm\u00e1rtires\u00bb por el Vaticano.<\/p>\n<blockquote><p>\u00abLa incitaci\u00f3n a la guerra, las actitudes de odio, la violencia y el derramamiento de sangre son incompatibles con las ense\u00f1anzas religiosas\u00bb<\/p><\/blockquote>\n<p>\u00abY quiero tambi\u00e9n recordar a todas las v\u00edctimas de la violencia y las persecuciones, pertenecientes a cualquier comunidad religiosa\u00bb, agreg\u00f3 Francisco, de 84 a\u00f1os.<\/p>\n<p>La Catedral del rito cat\u00f3lico-sir\u00edaco visitada por Jorge Bergoglio tambi\u00e9n fue una de las seis iglesias atacadas en agosto de 2004 en una ola coordinada de atentados con cinco coches bomba en Bagdad y otro en la norte\u00f1a ciudad de Mosul. Los ataques dejaron 12 muertos y m\u00e1s de 70 heridos.<\/p>\n<p>En el discurso al clero, el Papa dijo que la poblaci\u00f3n de Irak afront\u00f3 \u00ablas consecuencias de la guerra y de las persecuciones, la fragilidad de las infraestructuras b\u00e1sicas y la lucha continua por la seguridad econ\u00f3mica y personal, que a menudo ha llevado a desplazamientos internos y a la migraci\u00f3n de muchos, tambi\u00e9n de cristianos, hacia otras partes del mundo\u00bb.<\/p>\n<p>De hecho, seg\u00fan estad\u00edsticas de la Santa Sede, la poblaci\u00f3n cristiana pas\u00f3 de m\u00e1s de 1 mill\u00f3n antes de 2003 hasta los 300.000 presentes en la actualidad en todo el pa\u00eds, luego de la ca\u00edda del Gobierno del presidente Saddam Hussein, primero, y de la instauraci\u00f3n del califato del Estado Isl\u00e1mico en 2014.<\/p>\n<blockquote><p>\u00abLas diferentes Iglesias presentes en Irak, cada una con su ancestral patrimonio hist\u00f3rico, lit\u00fargico y espiritual, son como muchos hilos particulares de colores que, trenzados juntos, componen una alfombra \u00fanica y bell\u00edsima\u00bb<\/p><\/blockquote>\n<p>Con presencia de representantes caldeos, cat\u00f3licos y de rito latino en los bancos de la Iglesia, enmarcados por los siete pilares que confieren al interior del edificio un aspecto de barco, Francisco convoc\u00f3 a los distintos grupos a ponderar la unidad de los diversos grupos cat\u00f3licos del pa\u00eds.<\/p>\n<p>\u00abPienso en la familiar imagen de una alfombra. Las diferentes Iglesias presentes en Irak, cada una con su ancestral patrimonio hist\u00f3rico, lit\u00fargico y espiritual, son como muchos hilos particulares de colores que, trenzados juntos, componen una alfombra \u00fanica y bell\u00edsima, que no s\u00f3lo atestigua nuestra fraternidad, sino que remite tambi\u00e9n a su fuente\u00bb, detall\u00f3.<\/p>\n<p>Con \u00e9nfasis en el di\u00e1logo interreligioso, otro de los ejes de la visita, el pont\u00edfice adelant\u00f3 algunos de los planteos que har\u00e1 el s\u00e1bado desde las ruinas de la ciudad de Ur, en el sur del pa\u00eds, considerada tierra de encuentro entre cristianos, musulmanes y jud\u00edos.<\/p>\n<p>\u00abMa\u00f1ana, en Ur, encontrar\u00e9 a los l\u00edderes de las tradiciones religiosas presentes en este pa\u00eds, para proclamar una vez m\u00e1s nuestra convicci\u00f3n de que la religi\u00f3n debe servir a la causa de la paz y de la unidad entre todos los hijos de Dios\u00bb, destac\u00f3.<\/p>\n<p>En ese marco, de frente a las casi 100 personas que lo escucharon en la Catedral del centro de Bagdad, Francisco agradeci\u00f3 al clero \u00absu compromiso de ser constructores de paz, en el seno de sus comunidades y con los creyentes de otras tradiciones religiosas, esparciendo semillas de reconciliaci\u00f3n y de convivencia fraterna que pueden llevar a un renacer de la esperanza para todos\u00bb.<\/p>\n<\/div>\n","protected":false},"excerpt":{"rendered":"<p>Al hablar ante el clero iraqu\u00ed durante la visita, el Papa dijo que \u00abla incitaci\u00f3n a la guerra, las actitudes de odio, la violencia y el derramamiento de sangre son incompatibles con las ense\u00f1anzas religiosas\u00bb.<\/p>\n","protected":false},"author":3,"featured_media":0,"comment_status":"closed","ping_status":"open","sticky":false,"template":"","format":"standard","meta":{"footnotes":""},"categories":[26],"tags":[],"class_list":["post-53428","post","type-post","status-publish","format-standard","hentry","category-sociedad"],"yoast_head":"<!-- This site is optimized with the Yoast SEO plugin v25.9 - https:\/\/yoast.com\/wordpress\/plugins\/seo\/ -->\n<title>Francisco visita la catedral de Bagdad que fue blanco de un atentado - Noticias Radio Reflejos<\/title>\n<meta name=\"robots\" content=\"index, follow, max-snippet:-1, max-image-preview:large, max-video-preview:-1\" \/>\n<link rel=\"canonical\" href=\"https:\/\/www.noticiasradioreflejos.com.ar\/2021\/francisco-visita-la-catedral-de-bagdad-que-fue-blanco-de-un-atentado\/\" \/>\n<meta property=\"og:locale\" content=\"es_ES\" \/>\n<meta property=\"og:type\" content=\"article\" \/>\n<meta property=\"og:title\" content=\"Francisco visita la catedral de Bagdad que fue blanco de un atentado - Noticias Radio Reflejos\" \/>\n<meta property=\"og:description\" content=\"Al hablar ante el clero iraqu\u00ed durante la visita, el Papa dijo que \u00abla incitaci\u00f3n a la guerra, las actitudes de odio, la violencia y el derramamiento de sangre son incompatibles con las ense\u00f1anzas religiosas\u00bb.\" \/>\n<meta property=\"og:url\" content=\"https:\/\/www.noticiasradioreflejos.com.ar\/2021\/francisco-visita-la-catedral-de-bagdad-que-fue-blanco-de-un-atentado\/\" \/>\n<meta property=\"og:site_name\" content=\"Noticias Radio Reflejos\" \/>\n<meta property=\"article:published_time\" content=\"2021-03-05T19:56:03+00:00\" \/>\n<meta property=\"og:image\" content=\"https:\/\/www.noticiasradioreflejos.com.ar\/2021\/wp-content\/uploads\/2021\/07\/logosol300x200.png\" \/>\n\t<meta property=\"og:image:width\" content=\"300\" \/>\n\t<meta property=\"og:image:height\" content=\"200\" \/>\n\t<meta property=\"og:image:type\" content=\"image\/png\" \/>\n<meta name=\"author\" content=\"Arnaldo Botto\" \/>\n<meta name=\"twitter:card\" content=\"summary_large_image\" \/>\n<script type=\"application\/ld+json\" class=\"yoast-schema-graph\">{\"@context\":\"https:\/\/schema.org\",\"@graph\":[{\"@type\":\"WebPage\",\"@id\":\"https:\/\/www.noticiasradioreflejos.com.ar\/2021\/francisco-visita-la-catedral-de-bagdad-que-fue-blanco-de-un-atentado\/\",\"url\":\"https:\/\/www.noticiasradioreflejos.com.ar\/2021\/francisco-visita-la-catedral-de-bagdad-que-fue-blanco-de-un-atentado\/\",\"name\":\"Francisco visita la catedral de Bagdad que fue blanco de un atentado - Noticias Radio Reflejos\",\"isPartOf\":{\"@id\":\"https:\/\/www.noticiasradioreflejos.com.ar\/2021\/#website\"},\"datePublished\":\"2021-03-05T19:56:03+00:00\",\"author\":{\"@id\":\"https:\/\/www.noticiasradioreflejos.com.ar\/2021\/#\/schema\/person\/ad82545263dcc5ec0996818884fd5fb1\"},\"breadcrumb\":{\"@id\":\"https:\/\/www.noticiasradioreflejos.com.ar\/2021\/francisco-visita-la-catedral-de-bagdad-que-fue-blanco-de-un-atentado\/#breadcrumb\"},\"inLanguage\":\"es\",\"potentialAction\":[{\"@type\":\"ReadAction\",\"target\":[\"https:\/\/www.noticiasradioreflejos.com.ar\/2021\/francisco-visita-la-catedral-de-bagdad-que-fue-blanco-de-un-atentado\/\"]}]},{\"@type\":\"BreadcrumbList\",\"@id\":\"https:\/\/www.noticiasradioreflejos.com.ar\/2021\/francisco-visita-la-catedral-de-bagdad-que-fue-blanco-de-un-atentado\/#breadcrumb\",\"itemListElement\":[{\"@type\":\"ListItem\",\"position\":1,\"name\":\"Portada\",\"item\":\"https:\/\/www.noticiasradioreflejos.com.ar\/2021\/\"},{\"@type\":\"ListItem\",\"position\":2,\"name\":\"Francisco visita la catedral de Bagdad que fue blanco de un atentado\"}]},{\"@type\":\"WebSite\",\"@id\":\"https:\/\/www.noticiasradioreflejos.com.ar\/2021\/#website\",\"url\":\"https:\/\/www.noticiasradioreflejos.com.ar\/2021\/\",\"name\":\"Noticias Radio Reflejos\",\"description\":\"Las noticias de mi comarca\",\"potentialAction\":[{\"@type\":\"SearchAction\",\"target\":{\"@type\":\"EntryPoint\",\"urlTemplate\":\"https:\/\/www.noticiasradioreflejos.com.ar\/2021\/?s={search_term_string}\"},\"query-input\":{\"@type\":\"PropertyValueSpecification\",\"valueRequired\":true,\"valueName\":\"search_term_string\"}}],\"inLanguage\":\"es\"},{\"@type\":\"Person\",\"@id\":\"https:\/\/www.noticiasradioreflejos.com.ar\/2021\/#\/schema\/person\/ad82545263dcc5ec0996818884fd5fb1\",\"name\":\"Arnaldo Botto\",\"image\":{\"@type\":\"ImageObject\",\"inLanguage\":\"es\",\"@id\":\"https:\/\/www.noticiasradioreflejos.com.ar\/2021\/#\/schema\/person\/image\/\",\"url\":\"https:\/\/secure.gravatar.com\/avatar\/55cb5e37c1efa326397366e6974cb338056df65cb50e7d64d1cf314e87504837?s=96&d=mm&r=g\",\"contentUrl\":\"https:\/\/secure.gravatar.com\/avatar\/55cb5e37c1efa326397366e6974cb338056df65cb50e7d64d1cf314e87504837?s=96&d=mm&r=g\",\"caption\":\"Arnaldo Botto\"},\"url\":\"https:\/\/www.noticiasradioreflejos.com.ar\/2021\/author\/arnaldo\/\"}]}<\/script>\n<!-- \/ Yoast SEO plugin. -->","yoast_head_json":{"title":"Francisco visita la catedral de Bagdad que fue blanco de un atentado - Noticias Radio Reflejos","robots":{"index":"index","follow":"follow","max-snippet":"max-snippet:-1","max-image-preview":"max-image-preview:large","max-video-preview":"max-video-preview:-1"},"canonical":"https:\/\/www.noticiasradioreflejos.com.ar\/2021\/francisco-visita-la-catedral-de-bagdad-que-fue-blanco-de-un-atentado\/","og_locale":"es_ES","og_type":"article","og_title":"Francisco visita la catedral de Bagdad que fue blanco de un atentado - Noticias Radio Reflejos","og_description":"Al hablar ante el clero iraqu\u00ed durante la visita, el Papa dijo que \u00abla incitaci\u00f3n a la guerra, las actitudes de odio, la violencia y el derramamiento de sangre son incompatibles con las ense\u00f1anzas religiosas\u00bb.","og_url":"https:\/\/www.noticiasradioreflejos.com.ar\/2021\/francisco-visita-la-catedral-de-bagdad-que-fue-blanco-de-un-atentado\/","og_site_name":"Noticias Radio Reflejos","article_published_time":"2021-03-05T19:56:03+00:00","og_image":[{"width":300,"height":200,"url":"https:\/\/www.noticiasradioreflejos.com.ar\/2021\/wp-content\/uploads\/2021\/07\/logosol300x200.png","type":"image\/png"}],"author":"Arnaldo Botto","twitter_card":"summary_large_image","schema":{"@context":"https:\/\/schema.org","@graph":[{"@type":"WebPage","@id":"https:\/\/www.noticiasradioreflejos.com.ar\/2021\/francisco-visita-la-catedral-de-bagdad-que-fue-blanco-de-un-atentado\/","url":"https:\/\/www.noticiasradioreflejos.com.ar\/2021\/francisco-visita-la-catedral-de-bagdad-que-fue-blanco-de-un-atentado\/","name":"Francisco visita la catedral de Bagdad que fue blanco de un atentado - Noticias Radio Reflejos","isPartOf":{"@id":"https:\/\/www.noticiasradioreflejos.com.ar\/2021\/#website"},"datePublished":"2021-03-05T19:56:03+00:00","author":{"@id":"https:\/\/www.noticiasradioreflejos.com.ar\/2021\/#\/schema\/person\/ad82545263dcc5ec0996818884fd5fb1"},"breadcrumb":{"@id":"https:\/\/www.noticiasradioreflejos.com.ar\/2021\/francisco-visita-la-catedral-de-bagdad-que-fue-blanco-de-un-atentado\/#breadcrumb"},"inLanguage":"es","potentialAction":[{"@type":"ReadAction","target":["https:\/\/www.noticiasradioreflejos.com.ar\/2021\/francisco-visita-la-catedral-de-bagdad-que-fue-blanco-de-un-atentado\/"]}]},{"@type":"BreadcrumbList","@id":"https:\/\/www.noticiasradioreflejos.com.ar\/2021\/francisco-visita-la-catedral-de-bagdad-que-fue-blanco-de-un-atentado\/#breadcrumb","itemListElement":[{"@type":"ListItem","position":1,"name":"Portada","item":"https:\/\/www.noticiasradioreflejos.com.ar\/2021\/"},{"@type":"ListItem","position":2,"name":"Francisco visita la catedral de Bagdad que fue blanco de un atentado"}]},{"@type":"WebSite","@id":"https:\/\/www.noticiasradioreflejos.com.ar\/2021\/#website","url":"https:\/\/www.noticiasradioreflejos.com.ar\/2021\/","name":"Noticias Radio Reflejos","description":"Las noticias de mi comarca","potentialAction":[{"@type":"SearchAction","target":{"@type":"EntryPoint","urlTemplate":"https:\/\/www.noticiasradioreflejos.com.ar\/2021\/?s={search_term_string}"},"query-input":{"@type":"PropertyValueSpecification","valueRequired":true,"valueName":"search_term_string"}}],"inLanguage":"es"},{"@type":"Person","@id":"https:\/\/www.noticiasradioreflejos.com.ar\/2021\/#\/schema\/person\/ad82545263dcc5ec0996818884fd5fb1","name":"Arnaldo Botto","image":{"@type":"ImageObject","inLanguage":"es","@id":"https:\/\/www.noticiasradioreflejos.com.ar\/2021\/#\/schema\/person\/image\/","url":"https:\/\/secure.gravatar.com\/avatar\/55cb5e37c1efa326397366e6974cb338056df65cb50e7d64d1cf314e87504837?s=96&d=mm&r=g","contentUrl":"https:\/\/secure.gravatar.com\/avatar\/55cb5e37c1efa326397366e6974cb338056df65cb50e7d64d1cf314e87504837?s=96&d=mm&r=g","caption":"Arnaldo Botto"},"url":"https:\/\/www.noticiasradioreflejos.com.ar\/2021\/author\/arnaldo\/"}]}},"_links":{"self":[{"href":"https:\/\/www.noticiasradioreflejos.com.ar\/2021\/wp-json\/wp\/v2\/posts\/53428","targetHints":{"allow":["GET"]}}],"collection":[{"href":"https:\/\/www.noticiasradioreflejos.com.ar\/2021\/wp-json\/wp\/v2\/posts"}],"about":[{"href":"https:\/\/www.noticiasradioreflejos.com.ar\/2021\/wp-json\/wp\/v2\/types\/post"}],"author":[{"embeddable":true,"href":"https:\/\/www.noticiasradioreflejos.com.ar\/2021\/wp-json\/wp\/v2\/users\/3"}],"replies":[{"embeddable":true,"href":"https:\/\/www.noticiasradioreflejos.com.ar\/2021\/wp-json\/wp\/v2\/comments?post=53428"}],"version-history":[{"count":0,"href":"https:\/\/www.noticiasradioreflejos.com.ar\/2021\/wp-json\/wp\/v2\/posts\/53428\/revisions"}],"wp:attachment":[{"href":"https:\/\/www.noticiasradioreflejos.com.ar\/2021\/wp-json\/wp\/v2\/media?parent=53428"}],"wp:term":[{"taxonomy":"category","embeddable":true,"href":"https:\/\/www.noticiasradioreflejos.com.ar\/2021\/wp-json\/wp\/v2\/categories?post=53428"},{"taxonomy":"post_tag","embeddable":true,"href":"https:\/\/www.noticiasradioreflejos.com.ar\/2021\/wp-json\/wp\/v2\/tags?post=53428"}],"curies":[{"name":"wp","href":"https:\/\/api.w.org\/{rel}","templated":true}]}}