{"id":53425,"date":"2021-03-05T16:38:56","date_gmt":"2021-03-05T19:38:56","guid":{"rendered":"http:\/\/www.noticiasradioreflejos.com.ar\/noticias\/?p=53425"},"modified":"2021-03-05T16:38:56","modified_gmt":"2021-03-05T19:38:56","slug":"se-exhibe-el-listado-provisorio-de-aspirantes-a-porteros-y-peones-de-cocina-ano-2021","status":"publish","type":"post","link":"https:\/\/www.noticiasradioreflejos.com.ar\/2021\/se-exhibe-el-listado-provisorio-de-aspirantes-a-porteros-y-peones-de-cocina-ano-2021\/","title":{"rendered":"Se exhibe el\u00a0Listado\u00a0provisorio\u00a0de aspirantes a porteros y peones de cocina a\u00f1o 2021"},"content":{"rendered":"<p>Desde el lunes 8 de marzo\u00a0 y hasta el viernes 19 de marzo en la sede del Consejo Escolar (Sarmiento y 9 de Julio \u2013 1\u00b0 piso)) estar\u00e1 en exhibici\u00f3n la n\u00f3mina provisoria de aspirantes a cargos de porteros y peones de cocina que se utilizar\u00e1 para la designaci\u00f3n de auxiliares durante el ciclo lectivo 2021.<!--more-->Los inscriptos pueden acercarse a comprobar el puntaje asignado en el horario de 8:00 a 11:00. La interposici\u00f3n de recursos se decepcionar\u00e1 hasta el 30 de marzo inclusive v\u00eda mail a la direcci\u00f3n\u00a0<a href=\"mailto:apdauxce105@abc.gob.ar\" target=\"_blank\" rel=\"noopener\">apdauxce105@abc.gob.ar<\/a><\/p>\n<p><span style=\"color: #1d2129; font-family: Arial, sans-serif;\">Se recuerda que durante el a\u00f1o 2020 no se abri\u00f3 la inscripci\u00f3n a nuevos aspirantes, realiz\u00e1ndose\u00a0una adecuaci\u00f3n de puntaje de los inscriptos de acuerdo a capacitaci\u00f3n\u00a0y\/o desempe\u00f1o.<\/span><\/p>\n<p><span style=\"color: #888888;\">\u00a0<\/span><\/p>\n<div dir=\"ltr\" data-smartmail=\"gmail_signature\">\n<div dir=\"ltr\"><strong><i>Consejo Escolar de Tornquist<\/i><\/strong><\/p>\n<div><strong><i>Sarmiento 98 &#8211; Altos<\/i><\/strong><\/div>\n<div><strong><i>Tornquist<\/i><\/strong><\/div>\n<div><strong><i>Tel: 0291 &#8211; 4941140\/4940779<\/i><\/strong><\/div>\n<\/div>\n<\/div>\n<p>&nbsp;<\/p>\n","protected":false},"excerpt":{"rendered":"<p>Desde el lunes 8 de marzo\u00a0 y hasta el viernes 19 de marzo en la sede del Consejo Escolar (Sarmiento y 9 de Julio \u2013 1\u00b0 piso)) estar\u00e1 en exhibici\u00f3n la n\u00f3mina provisoria de aspirantes a cargos de porteros y peones de cocina que se utilizar\u00e1 para la designaci\u00f3n de auxiliares durante el ciclo lectivo [&hellip;]<\/p>\n","protected":false},"author":3,"featured_media":0,"comment_status":"closed","ping_status":"open","sticky":false,"template":"","format":"standard","meta":{"footnotes":""},"categories":[34],"tags":[],"class_list":["post-53425","post","type-post","status-publish","format-standard","hentry","category-educacion"],"yoast_head":"<!-- This site is optimized with the Yoast SEO plugin v25.9 - https:\/\/yoast.com\/wordpress\/plugins\/seo\/ -->\n<title>Se exhibe el\u00a0Listado\u00a0provisorio\u00a0de aspirantes a porteros y peones de cocina a\u00f1o 2021 - Noticias Radio Reflejos<\/title>\n<meta name=\"robots\" content=\"index, follow, max-snippet:-1, max-image-preview:large, max-video-preview:-1\" \/>\n<link rel=\"canonical\" href=\"https:\/\/www.noticiasradioreflejos.com.ar\/2021\/se-exhibe-el-listado-provisorio-de-aspirantes-a-porteros-y-peones-de-cocina-ano-2021\/\" \/>\n<meta property=\"og:locale\" content=\"es_ES\" \/>\n<meta property=\"og:type\" content=\"article\" \/>\n<meta property=\"og:title\" content=\"Se exhibe el\u00a0Listado\u00a0provisorio\u00a0de aspirantes a porteros y peones de cocina a\u00f1o 2021 - Noticias Radio Reflejos\" \/>\n<meta property=\"og:description\" content=\"Desde el lunes 8 de marzo\u00a0 y hasta el viernes 19 de marzo en la sede del Consejo Escolar (Sarmiento y 9 de Julio \u2013 1\u00b0 piso)) estar\u00e1 en exhibici\u00f3n la n\u00f3mina provisoria de aspirantes a cargos de porteros y peones de cocina que se utilizar\u00e1 para la designaci\u00f3n de auxiliares durante el ciclo lectivo [&hellip;]\" \/>\n<meta property=\"og:url\" content=\"https:\/\/www.noticiasradioreflejos.com.ar\/2021\/se-exhibe-el-listado-provisorio-de-aspirantes-a-porteros-y-peones-de-cocina-ano-2021\/\" \/>\n<meta property=\"og:site_name\" content=\"Noticias Radio Reflejos\" \/>\n<meta property=\"article:published_time\" content=\"2021-03-05T19:38:56+00:00\" \/>\n<meta property=\"og:image\" content=\"https:\/\/www.noticiasradioreflejos.com.ar\/2021\/wp-content\/uploads\/2021\/07\/logosol300x200.png\" \/>\n\t<meta property=\"og:image:width\" content=\"300\" \/>\n\t<meta property=\"og:image:height\" content=\"200\" \/>\n\t<meta property=\"og:image:type\" content=\"image\/png\" \/>\n<meta name=\"author\" content=\"Arnaldo Botto\" \/>\n<meta name=\"twitter:card\" content=\"summary_large_image\" \/>\n<script type=\"application\/ld+json\" class=\"yoast-schema-graph\">{\"@context\":\"https:\/\/schema.org\",\"@graph\":[{\"@type\":\"WebPage\",\"@id\":\"https:\/\/www.noticiasradioreflejos.com.ar\/2021\/se-exhibe-el-listado-provisorio-de-aspirantes-a-porteros-y-peones-de-cocina-ano-2021\/\",\"url\":\"https:\/\/www.noticiasradioreflejos.com.ar\/2021\/se-exhibe-el-listado-provisorio-de-aspirantes-a-porteros-y-peones-de-cocina-ano-2021\/\",\"name\":\"Se exhibe el\u00a0Listado\u00a0provisorio\u00a0de aspirantes a porteros y peones de cocina a\u00f1o 2021 - Noticias Radio Reflejos\",\"isPartOf\":{\"@id\":\"https:\/\/www.noticiasradioreflejos.com.ar\/2021\/#website\"},\"datePublished\":\"2021-03-05T19:38:56+00:00\",\"author\":{\"@id\":\"https:\/\/www.noticiasradioreflejos.com.ar\/2021\/#\/schema\/person\/ad82545263dcc5ec0996818884fd5fb1\"},\"breadcrumb\":{\"@id\":\"https:\/\/www.noticiasradioreflejos.com.ar\/2021\/se-exhibe-el-listado-provisorio-de-aspirantes-a-porteros-y-peones-de-cocina-ano-2021\/#breadcrumb\"},\"inLanguage\":\"es\",\"potentialAction\":[{\"@type\":\"ReadAction\",\"target\":[\"https:\/\/www.noticiasradioreflejos.com.ar\/2021\/se-exhibe-el-listado-provisorio-de-aspirantes-a-porteros-y-peones-de-cocina-ano-2021\/\"]}]},{\"@type\":\"BreadcrumbList\",\"@id\":\"https:\/\/www.noticiasradioreflejos.com.ar\/2021\/se-exhibe-el-listado-provisorio-de-aspirantes-a-porteros-y-peones-de-cocina-ano-2021\/#breadcrumb\",\"itemListElement\":[{\"@type\":\"ListItem\",\"position\":1,\"name\":\"Portada\",\"item\":\"https:\/\/www.noticiasradioreflejos.com.ar\/2021\/\"},{\"@type\":\"ListItem\",\"position\":2,\"name\":\"Se exhibe el\u00a0Listado\u00a0provisorio\u00a0de aspirantes a porteros y peones de cocina a\u00f1o 2021\"}]},{\"@type\":\"WebSite\",\"@id\":\"https:\/\/www.noticiasradioreflejos.com.ar\/2021\/#website\",\"url\":\"https:\/\/www.noticiasradioreflejos.com.ar\/2021\/\",\"name\":\"Noticias Radio Reflejos\",\"description\":\"Las noticias de mi comarca\",\"potentialAction\":[{\"@type\":\"SearchAction\",\"target\":{\"@type\":\"EntryPoint\",\"urlTemplate\":\"https:\/\/www.noticiasradioreflejos.com.ar\/2021\/?s={search_term_string}\"},\"query-input\":{\"@type\":\"PropertyValueSpecification\",\"valueRequired\":true,\"valueName\":\"search_term_string\"}}],\"inLanguage\":\"es\"},{\"@type\":\"Person\",\"@id\":\"https:\/\/www.noticiasradioreflejos.com.ar\/2021\/#\/schema\/person\/ad82545263dcc5ec0996818884fd5fb1\",\"name\":\"Arnaldo Botto\",\"image\":{\"@type\":\"ImageObject\",\"inLanguage\":\"es\",\"@id\":\"https:\/\/www.noticiasradioreflejos.com.ar\/2021\/#\/schema\/person\/image\/\",\"url\":\"https:\/\/secure.gravatar.com\/avatar\/55cb5e37c1efa326397366e6974cb338056df65cb50e7d64d1cf314e87504837?s=96&d=mm&r=g\",\"contentUrl\":\"https:\/\/secure.gravatar.com\/avatar\/55cb5e37c1efa326397366e6974cb338056df65cb50e7d64d1cf314e87504837?s=96&d=mm&r=g\",\"caption\":\"Arnaldo Botto\"},\"url\":\"https:\/\/www.noticiasradioreflejos.com.ar\/2021\/author\/arnaldo\/\"}]}<\/script>\n<!-- \/ Yoast SEO plugin. -->","yoast_head_json":{"title":"Se exhibe el\u00a0Listado\u00a0provisorio\u00a0de aspirantes a porteros y peones de cocina a\u00f1o 2021 - Noticias Radio Reflejos","robots":{"index":"index","follow":"follow","max-snippet":"max-snippet:-1","max-image-preview":"max-image-preview:large","max-video-preview":"max-video-preview:-1"},"canonical":"https:\/\/www.noticiasradioreflejos.com.ar\/2021\/se-exhibe-el-listado-provisorio-de-aspirantes-a-porteros-y-peones-de-cocina-ano-2021\/","og_locale":"es_ES","og_type":"article","og_title":"Se exhibe el\u00a0Listado\u00a0provisorio\u00a0de aspirantes a porteros y peones de cocina a\u00f1o 2021 - Noticias Radio Reflejos","og_description":"Desde el lunes 8 de marzo\u00a0 y hasta el viernes 19 de marzo en la sede del Consejo Escolar (Sarmiento y 9 de Julio \u2013 1\u00b0 piso)) estar\u00e1 en exhibici\u00f3n la n\u00f3mina provisoria de aspirantes a cargos de porteros y peones de cocina que se utilizar\u00e1 para la designaci\u00f3n de auxiliares durante el ciclo lectivo [&hellip;]","og_url":"https:\/\/www.noticiasradioreflejos.com.ar\/2021\/se-exhibe-el-listado-provisorio-de-aspirantes-a-porteros-y-peones-de-cocina-ano-2021\/","og_site_name":"Noticias Radio Reflejos","article_published_time":"2021-03-05T19:38:56+00:00","og_image":[{"width":300,"height":200,"url":"https:\/\/www.noticiasradioreflejos.com.ar\/2021\/wp-content\/uploads\/2021\/07\/logosol300x200.png","type":"image\/png"}],"author":"Arnaldo Botto","twitter_card":"summary_large_image","schema":{"@context":"https:\/\/schema.org","@graph":[{"@type":"WebPage","@id":"https:\/\/www.noticiasradioreflejos.com.ar\/2021\/se-exhibe-el-listado-provisorio-de-aspirantes-a-porteros-y-peones-de-cocina-ano-2021\/","url":"https:\/\/www.noticiasradioreflejos.com.ar\/2021\/se-exhibe-el-listado-provisorio-de-aspirantes-a-porteros-y-peones-de-cocina-ano-2021\/","name":"Se exhibe el\u00a0Listado\u00a0provisorio\u00a0de aspirantes a porteros y peones de cocina a\u00f1o 2021 - Noticias Radio Reflejos","isPartOf":{"@id":"https:\/\/www.noticiasradioreflejos.com.ar\/2021\/#website"},"datePublished":"2021-03-05T19:38:56+00:00","author":{"@id":"https:\/\/www.noticiasradioreflejos.com.ar\/2021\/#\/schema\/person\/ad82545263dcc5ec0996818884fd5fb1"},"breadcrumb":{"@id":"https:\/\/www.noticiasradioreflejos.com.ar\/2021\/se-exhibe-el-listado-provisorio-de-aspirantes-a-porteros-y-peones-de-cocina-ano-2021\/#breadcrumb"},"inLanguage":"es","potentialAction":[{"@type":"ReadAction","target":["https:\/\/www.noticiasradioreflejos.com.ar\/2021\/se-exhibe-el-listado-provisorio-de-aspirantes-a-porteros-y-peones-de-cocina-ano-2021\/"]}]},{"@type":"BreadcrumbList","@id":"https:\/\/www.noticiasradioreflejos.com.ar\/2021\/se-exhibe-el-listado-provisorio-de-aspirantes-a-porteros-y-peones-de-cocina-ano-2021\/#breadcrumb","itemListElement":[{"@type":"ListItem","position":1,"name":"Portada","item":"https:\/\/www.noticiasradioreflejos.com.ar\/2021\/"},{"@type":"ListItem","position":2,"name":"Se exhibe el\u00a0Listado\u00a0provisorio\u00a0de aspirantes a porteros y peones de cocina a\u00f1o 2021"}]},{"@type":"WebSite","@id":"https:\/\/www.noticiasradioreflejos.com.ar\/2021\/#website","url":"https:\/\/www.noticiasradioreflejos.com.ar\/2021\/","name":"Noticias Radio Reflejos","description":"Las noticias de mi comarca","potentialAction":[{"@type":"SearchAction","target":{"@type":"EntryPoint","urlTemplate":"https:\/\/www.noticiasradioreflejos.com.ar\/2021\/?s={search_term_string}"},"query-input":{"@type":"PropertyValueSpecification","valueRequired":true,"valueName":"search_term_string"}}],"inLanguage":"es"},{"@type":"Person","@id":"https:\/\/www.noticiasradioreflejos.com.ar\/2021\/#\/schema\/person\/ad82545263dcc5ec0996818884fd5fb1","name":"Arnaldo Botto","image":{"@type":"ImageObject","inLanguage":"es","@id":"https:\/\/www.noticiasradioreflejos.com.ar\/2021\/#\/schema\/person\/image\/","url":"https:\/\/secure.gravatar.com\/avatar\/55cb5e37c1efa326397366e6974cb338056df65cb50e7d64d1cf314e87504837?s=96&d=mm&r=g","contentUrl":"https:\/\/secure.gravatar.com\/avatar\/55cb5e37c1efa326397366e6974cb338056df65cb50e7d64d1cf314e87504837?s=96&d=mm&r=g","caption":"Arnaldo Botto"},"url":"https:\/\/www.noticiasradioreflejos.com.ar\/2021\/author\/arnaldo\/"}]}},"_links":{"self":[{"href":"https:\/\/www.noticiasradioreflejos.com.ar\/2021\/wp-json\/wp\/v2\/posts\/53425","targetHints":{"allow":["GET"]}}],"collection":[{"href":"https:\/\/www.noticiasradioreflejos.com.ar\/2021\/wp-json\/wp\/v2\/posts"}],"about":[{"href":"https:\/\/www.noticiasradioreflejos.com.ar\/2021\/wp-json\/wp\/v2\/types\/post"}],"author":[{"embeddable":true,"href":"https:\/\/www.noticiasradioreflejos.com.ar\/2021\/wp-json\/wp\/v2\/users\/3"}],"replies":[{"embeddable":true,"href":"https:\/\/www.noticiasradioreflejos.com.ar\/2021\/wp-json\/wp\/v2\/comments?post=53425"}],"version-history":[{"count":0,"href":"https:\/\/www.noticiasradioreflejos.com.ar\/2021\/wp-json\/wp\/v2\/posts\/53425\/revisions"}],"wp:attachment":[{"href":"https:\/\/www.noticiasradioreflejos.com.ar\/2021\/wp-json\/wp\/v2\/media?parent=53425"}],"wp:term":[{"taxonomy":"category","embeddable":true,"href":"https:\/\/www.noticiasradioreflejos.com.ar\/2021\/wp-json\/wp\/v2\/categories?post=53425"},{"taxonomy":"post_tag","embeddable":true,"href":"https:\/\/www.noticiasradioreflejos.com.ar\/2021\/wp-json\/wp\/v2\/tags?post=53425"}],"curies":[{"name":"wp","href":"https:\/\/api.w.org\/{rel}","templated":true}]}}