{"id":53418,"date":"2021-03-05T12:36:17","date_gmt":"2021-03-05T15:36:17","guid":{"rendered":"http:\/\/www.noticiasradioreflejos.com.ar\/noticias\/?p=53418"},"modified":"2021-03-05T12:36:17","modified_gmt":"2021-03-05T15:36:17","slug":"coronavirus-murieron-dos-medicos-portenos-que-aun-no-habian-sido-vacunados","status":"publish","type":"post","link":"https:\/\/www.noticiasradioreflejos.com.ar\/2021\/coronavirus-murieron-dos-medicos-portenos-que-aun-no-habian-sido-vacunados\/","title":{"rendered":"Coronavirus: murieron dos m\u00e9dicos porte\u00f1os que a\u00fan no hab\u00edan sido vacunados"},"content":{"rendered":"<p>Una doctora del Servicio de Emergencias del Hospital Fern\u00e1ndez y el jefe de cirug\u00eda pl\u00e1stica del Hospital de Quemados se contagiaron y fallecieron.<!--more--><\/p>\n<p><img decoding=\"async\" id=\"KDXTZJSJFJDAZE6NIUZHZAEXOQ\" class=\"image-lazy\" src=\"https:\/\/www.infobae.com\/new-resizer\/EdV9DirXqd1q68n_sZur98Q-6C8=\/750x0\/filters:quality(100)\/cloudfront-us-east-1.images.arcpublishing.com\/infobae\/KDXTZJSJFJDAZE6NIUZHZAEXOQ.jpg\" alt=\"Personal sanitario del hospital Argerich de la ciudad de Buenos Aires recibe la dosis de la vacuna Sputnik V. (foto de archivo)\" width=\"750\" height=\"421.875\" data-url=\"https:\/\/www.infobae.com\/coronavirus\/2021\/03\/05\/coronavirus-murieron-dos-medicos-portenos-que-aun-no-habian-sido-vacunados\/%23KDXTZJSJFJDAZE6NIUZHZAEXOQ\" data-original=\"https:\/\/www.infobae.com\/new-resizer\/EdV9DirXqd1q68n_sZur98Q-6C8=\/750x0\/filters:quality(100)\/cloudfront-us-east-1.images.arcpublishing.com\/infobae\/KDXTZJSJFJDAZE6NIUZHZAEXOQ.jpg\" \/><\/p>\n<p><span class=\"credit\">Personal sanitario del hospital Argerich de la ciudad de Buenos Aires recibe la dosis de la vacuna Sputnik V. (foto de archivo)<\/span><\/p>\n<div class=\"row pb-content-type-text\">\n<div class=\"col-xs-12 col-print-12\">\n<p class=\"element element-paragraph\">A pesar de ser prioritarios en la aplicaci\u00f3n de la vacuna contra el coronavirus,\u00a0<b>a\u00fan resta inmunizar a cerca del 30% del personal m\u00e9dico de la Ciudad de Buenos Aires.<\/b>\u00a0Y\u00a0<mark class=\"hl_yellow\">el fallecimiento este jueves de una doctora del Servicio de Emergencias del Hospital Fern\u00e1ndez y del jefe de cirug\u00eda pl\u00e1stica del Hospital de Quemados (el s\u00e1bado pasado), renovaron la pol\u00e9mica sobre la demora en la vacunaci\u00f3n de los trabajadores esenciales<\/mark>.<\/p>\n<\/div>\n<\/div>\n<div class=\"row pb-content-type-text\">\n<div class=\"col-xs-12 col-print-12\">\n<p class=\"element element-paragraph\">La doctora\u00a0<b>Mar\u00eda Rosa Fullone (56)<\/b>\u00a0era M\u00e9dica Generalista y Especialista en Dermatolog\u00eda, y M\u00e9dica Titular en el Servicio de Emergencias y Urgencias del Hospital Fern\u00e1ndez. Madre de tres hijos, hac\u00eda m\u00e1s de una d\u00e9cada que ten\u00eda su propia cl\u00ednica de Dermatolog\u00eda y Medicina Est\u00e9tica en el coraz\u00f3n del barrio porte\u00f1o de Devoto, donde le practicaba tratamientos a famosos como Noelia Marzol, Fabi\u00e1n Vena, Felipe Colombo, Iliana Calabr\u00f3, Alejandro Marley, y Celeste Muriega, entre muchos otros.<\/p>\n<\/div>\n<\/div>\n<div class=\"row pb-content-type-image\">\n<figure class=\"element element-image col-xs-12\">\n<div class=\"single-image\">\n<div class=\"shares\"><\/div>\n<p><img decoding=\"async\" id=\"VYOCBQQX4BBNLBGKOVFAV372AM\" class=\"image-lazy\" src=\"https:\/\/www.infobae.com\/new-resizer\/cwhuhWvzXZY7tznAxVDVaVC3-l4=\/750x0\/filters:quality(100)\/cloudfront-us-east-1.images.arcpublishing.com\/infobae\/VYOCBQQX4BBNLBGKOVFAV372AM.jpg\" alt=\"Mar\u00eda Rosa Fullone (56) era M\u00e9dica Titular en el Servicio de Emergencias y Urgencias del Hospital Fern\u00e1ndez \" width=\"750\" height=\"421.875\" data-url=\"https:\/\/www.infobae.com\/coronavirus\/2021\/03\/05\/coronavirus-murieron-dos-medicos-portenos-que-aun-no-habian-sido-vacunados\/%23VYOCBQQX4BBNLBGKOVFAV372AM\" data-original=\"https:\/\/www.infobae.com\/new-resizer\/cwhuhWvzXZY7tznAxVDVaVC3-l4=\/750x0\/filters:quality(100)\/cloudfront-us-east-1.images.arcpublishing.com\/infobae\/VYOCBQQX4BBNLBGKOVFAV372AM.jpg\" \/><\/p>\n<\/div><figcaption class=\"\"><span class=\"credit\">Mar\u00eda Rosa Fullone (56) era M\u00e9dica Titular en el Servicio de Emergencias y Urgencias del Hospital Fern\u00e1ndez<\/span><\/figcaption><\/figure>\n<\/div>\n<div class=\"row pb-content-type-text\">\n<div class=\"col-xs-12 col-print-12\">\n<p class=\"element element-paragraph\"><b>El\u00a0<\/b><i><b>staff<\/b><\/i><b>\u00a0de la cl\u00ednica le dej\u00f3 un sentido mensaje en redes sociales:<\/b><\/p>\n<\/div>\n<\/div>\n<div class=\"row pb-content-type-text\">\n<div class=\"col-xs-12 col-print-12\">\n<p class=\"element element-paragraph\"><i>Ella nos ense\u00f1\u00f3 que la perfecci\u00f3n no exist\u00eda, que la perfecci\u00f3n era Anti est\u00e9tico, ella nos ense\u00f1\u00f3 a resaltar siempre las bellas facciones, a mirarnos con amor y que de apoquito se pod\u00eda mejorar todo lo que quer\u00edamos.<\/i><\/p>\n<\/div>\n<\/div>\n<div class=\"row pb-content-type-text\">\n<div class=\"col-xs-12 col-print-12\">\n<p class=\"element element-paragraph\"><i>Ella no hac\u00eda distinciones, para ella siempre un paciente, era una vida, era una familia entera, un paciente era alguien que estaban esperando en una casa ese d\u00eda, y sea quien sea hab\u00eda que darlo todo.<\/i><\/p>\n<\/div>\n<\/div>\n<div class=\"row pb-content-type-text\">\n<div class=\"col-xs-12 col-print-12\">\n<p class=\"element element-paragraph\"><i>Ella no discriminaba por condici\u00f3n, al contrario la bondad es su mayor cualidad.<\/i><\/p>\n<\/div>\n<\/div>\n<div class=\"row pb-content-type-text\">\n<div class=\"col-xs-12 col-print-12\">\n<p class=\"element element-paragraph\"><i>M\u00e9dica de muchas y de muchos, aquella que no ten\u00eda horarios para ayudar.<\/i><\/p>\n<\/div>\n<\/div>\n<div class=\"row pb-content-type-text\">\n<div class=\"col-xs-12 col-print-12\">\n<p class=\"element element-paragraph\"><i>Hoy te recordamos con tristeza y con el coraz\u00f3n lleno de orgullo.<\/i><\/p>\n<\/div>\n<\/div>\n<div class=\"row pb-content-type-text\">\n<div class=\"col-xs-12 col-print-12\">\n<p class=\"element element-paragraph\"><i>Fue un ejemplo de mujer, de mama y de abuela.<\/i><\/p>\n<\/div>\n<\/div>\n<div class=\"row pb-content-type-text\">\n<div class=\"col-xs-12 col-print-12\">\n<p class=\"element element-paragraph\"><i>Hoy termino su carrera ac\u00e1 en la tierra y comenz\u00f3 otra en el cielo, hoy le toc\u00f3 a ella un merecido \u201cFulloDaySpa\u201d.<\/i><\/p>\n<\/div>\n<\/div>\n<div class=\"row pb-content-type-text\">\n<div class=\"col-xs-12 col-print-12\">\n<p class=\"element element-paragraph\"><i>Hoy @esteticafullone apaga sus luces un tiempito para acomodar este inmenso dolor y poder transformarlo como a ella le hubiese gustado.<\/i><\/p>\n<\/div>\n<\/div>\n<div class=\"row pb-content-type-text\">\n<div class=\"col-xs-12 col-print-12\">\n<p class=\"element element-paragraph\"><i>\u00abHay muchas mujeres virtuosas y capaces en el mundo, \u00a1pero t\u00fa las superas a todas!\u00bb. Proverbios 31:29<\/i><\/p>\n<\/div>\n<\/div>\n<div class=\"row pb-content-type-text\">\n<div class=\"col-xs-12 col-print-12\">\n<p class=\"element element-paragraph\"><i>Gracias por cada mensaje que estamos recibiendo, son caricias a nuestros corazones.<\/i><\/p>\n<\/div>\n<\/div>\n<div class=\"row pb-content-type-text\">\n<div class=\"col-xs-12 col-print-12\">\n<p class=\"element element-paragraph\"><i>Te amamos mam\u00e1 \u2763<\/i><\/p>\n<\/div>\n<\/div>\n<div class=\"row pb-content-type-text\">\n<div class=\"col-xs-12 col-print-12\">\n<p class=\"element element-paragraph\"><i>Tus hijos Ezequiel, Tomas, Lucila y tu yerno Emiliano, Tus nietos Morena y Felipe<\/i><\/p>\n<\/div>\n<\/div>\n<div class=\"row pb-content-type-image\">\n<figure class=\"element element-image col-xs-12\">\n<div class=\"single-image\">\n<p><img decoding=\"async\" id=\"MSLHTTB5SFBYXHYHQ6AQXJTXLU\" class=\"image-lazy\" src=\"https:\/\/www.infobae.com\/new-resizer\/10FbCeGsXonmOuFsZnivSUcp1fA=\/750x0\/filters:quality(100)\/cloudfront-us-east-1.images.arcpublishing.com\/infobae\/MSLHTTB5SFBYXHYHQ6AQXJTXLU.jpg\" alt=\"La doctora Fullone junto a Noelia Marzol (foto: @esteticafullone)\" width=\"750\" height=\"750.0\" data-url=\"https:\/\/www.infobae.com\/coronavirus\/2021\/03\/05\/coronavirus-murieron-dos-medicos-portenos-que-aun-no-habian-sido-vacunados\/%23MSLHTTB5SFBYXHYHQ6AQXJTXLU\" data-original=\"https:\/\/www.infobae.com\/new-resizer\/10FbCeGsXonmOuFsZnivSUcp1fA=\/750x0\/filters:quality(100)\/cloudfront-us-east-1.images.arcpublishing.com\/infobae\/MSLHTTB5SFBYXHYHQ6AQXJTXLU.jpg\" \/><\/p>\n<\/div><figcaption class=\"\"><span class=\"credit\">La doctora Fullone junto a Noelia Marzol (foto: @esteticafullone)<\/span><\/figcaption><\/figure>\n<\/div>\n<div class=\"row pb-content-type-text\">\n<div class=\"col-xs-12 col-print-12\">\n<p class=\"element element-paragraph\">Hace cinco d\u00edas tambi\u00e9n falleci\u00f3 el doctor\u00a0<b>Carlos Sereday (65)<\/b>, jefe de cirug\u00eda pl\u00e1stica del Hospital de Quemados. Con m\u00e1s de 30 a\u00f1os de trayectoria, Sereday era m\u00e9dico especialista en cirug\u00eda reparadora y quemados. Adem\u00e1s, era miembro titular de la Sociedad Argentina de Cirug\u00eda Pl\u00e1stica (SACPER), e integrante activo de Burn Care and Reconstructive Surgery Medical Group. Tambi\u00e9n cumpl\u00eda una funci\u00f3n importante como Coordinador de Cuidados de Pacientes Quemados en dos importantes prepagas, como lo son Grupo OSDE y Swiss Medical Group.<\/p>\n<\/div>\n<\/div>\n<div class=\"row pb-content-type-text\">\n<div class=\"col-xs-12 col-print-12\">\n<p class=\"element element-paragraph\"><mark class=\"hl_yellow\"><b>Los dos decesos se deben al contagio de coronavirus y ninguno de ellos estaba vacunado. En el caso de la doctora Fullone, ingres\u00f3 en el \u00e1rea de Terapia Intensiva el 22 de febrero y el 27 le lleg\u00f3 el turno para ser inoculada.<\/b><\/mark>\u00a0Esta condici\u00f3n renov\u00f3 la pol\u00e9mica en base al criterio en la distribuci\u00f3n y la cantidad de dosis que el Ministerio de Salud de Naci\u00f3n entrega, en este caso a la Ciudad de Buenos Aires.<\/p>\n<\/div>\n<\/div>\n<div class=\"row pb-content-type-image\">\n<figure class=\"element element-image col-xs-12\">\n<div class=\"single-image\">\n<div class=\"shares\"><\/div>\n<p><img decoding=\"async\" id=\"EDFFJJHEZFGRJDDGJ66LZH4EKI\" class=\"image-lazy\" src=\"https:\/\/www.infobae.com\/new-resizer\/qzUZwsrNfIKLCYLrEzUuZTFoj88=\/750x0\/filters:quality(100)\/cloudfront-us-east-1.images.arcpublishing.com\/infobae\/EDFFJJHEZFGRJDDGJ66LZH4EKI.jpg\" alt=\"Carlos Sereday (65), era jefe de cirug\u00eda pl\u00e1stica del Hospital de Quemados.\" width=\"750\" height=\"421.875\" data-url=\"https:\/\/www.infobae.com\/coronavirus\/2021\/03\/05\/coronavirus-murieron-dos-medicos-portenos-que-aun-no-habian-sido-vacunados\/%23EDFFJJHEZFGRJDDGJ66LZH4EKI\" data-original=\"https:\/\/www.infobae.com\/new-resizer\/qzUZwsrNfIKLCYLrEzUuZTFoj88=\/750x0\/filters:quality(100)\/cloudfront-us-east-1.images.arcpublishing.com\/infobae\/EDFFJJHEZFGRJDDGJ66LZH4EKI.jpg\" \/><\/p>\n<\/div><figcaption class=\"\"><span class=\"credit\">Carlos Sereday (65), era jefe de cirug\u00eda pl\u00e1stica del Hospital de Quemados.<\/span><\/figcaption><\/figure>\n<\/div>\n<div class=\"row pb-content-type-text\">\n<div class=\"col-xs-12 col-print-12\">\n<p class=\"element element-paragraph\"><b>Seg\u00fan los datos difundidos por el Gobierno porte\u00f1o, la Ciudad dispone aproximadamente de 160.000 dosis para vacunar al personal de Salud (p\u00fablico y privado), y a\u00fan resta aplicarse el 30% de las dosis.<\/b><\/p>\n<\/div>\n<\/div>\n<div class=\"row pb-content-type-text\">\n<div class=\"col-xs-12 col-print-12\">\n<p class=\"element element-paragraph\">A principio de semana, el ministro de Salud porte\u00f1o, Fern\u00e1n Quir\u00f3s,\u00a0<a href=\"https:\/\/www.infobae.com\/politica\/2021\/03\/03\/fernan-quiros-se-quejo-por-la-forma-en-que-el-gobierno-reparte-las-vacunas\/\" target=\"_blank\" rel=\"noopener\">se quej\u00f3 por la forma en que el Gobierno reparte las vacunas<\/a>. Asegur\u00f3 que\u00a0<mark class=\"hl_yellow\"><b>el criterio utilizado no tiene en consideraci\u00f3n la cantidad de personal de salud<\/b><\/mark>\u00a0y el alto \u00edndice de mayores de 60 a\u00f1os que viven en CABA.<\/p>\n<\/div>\n<\/div>\n<div class=\"row pb-content-type-text\">\n<div class=\"col-xs-12 col-print-12\">\n<p class=\"element element-paragraph\"><b>\u201cNaci\u00f3n tom\u00f3 la decisi\u00f3n de una distribuci\u00f3n de vacunas basada en poblaci\u00f3n general cuando la vacuna se aplica a grupos de riesgo, y los grupos de riesgo no son proporcionados a la poblaci\u00f3n general en todas las jurisdicciones<\/b>\u201d, hab\u00eda indicado Quir\u00f3s el mi\u00e9rcoles en el marco del reporte semanal sobre la situaci\u00f3n epidemiol\u00f3gica.<\/p>\n<\/div>\n<\/div>\n<div class=\"row pb-content-type-image\">\n<figure class=\"element element-image col-xs-12\">\n<div class=\"single-image\">\n<div class=\"shares\"><\/div>\n<p><img decoding=\"async\" id=\"AZQDRHNNFFDYNIYCWRM7VGZYLA\" class=\"image-lazy\" src=\"https:\/\/www.infobae.com\/new-resizer\/pSQDPPZqNy3nMCdXXOAzogPfIA0=\/750x0\/filters:quality(100)\/cloudfront-us-east-1.images.arcpublishing.com\/infobae\/AZQDRHNNFFDYNIYCWRM7VGZYLA.jpg\" alt=\"En noviembre de 2020, el personal de la salud representaba el 4,4% sobre el total de casos confirmados de COVID-19 en todo el pa\u00eds.\" width=\"750\" height=\"541.875\" data-url=\"https:\/\/www.infobae.com\/coronavirus\/2021\/03\/05\/coronavirus-murieron-dos-medicos-portenos-que-aun-no-habian-sido-vacunados\/%23AZQDRHNNFFDYNIYCWRM7VGZYLA\" data-original=\"https:\/\/www.infobae.com\/new-resizer\/pSQDPPZqNy3nMCdXXOAzogPfIA0=\/750x0\/filters:quality(100)\/cloudfront-us-east-1.images.arcpublishing.com\/infobae\/AZQDRHNNFFDYNIYCWRM7VGZYLA.jpg\" \/><\/p>\n<\/div><figcaption class=\"\"><span class=\"credit\">En noviembre de 2020, el personal de la salud representaba el 4,4% sobre el total de casos confirmados de COVID-19 en todo el pa\u00eds.<\/span><\/figcaption><\/figure>\n<\/div>\n<div class=\"row pb-content-type-text\">\n<div class=\"col-xs-12 col-print-12\">\n<p class=\"element element-paragraph\">Incluso el vicejefe de gobierno porte\u00f1o, Diego Santilli, explic\u00f3 que la Ciudad recibe una cierta cantidad de vacunas en funci\u00f3n de lo que a la Naci\u00f3n le va llegando. Sin embargo, advirti\u00f3 que\u00a0<a href=\"https:\/\/www.infobae.com\/politica\/2021\/03\/04\/diego-santilli-hablo-sobre-el-reparto-de-dosis-estamos-preparados-para-vacunar-20-mil-personas-por-dia-pero-hay-que-tener-vacunas\/\" target=\"_blank\" rel=\"noopener\">esa cantidad es menor que el porcentaje necesario para los dos sectores que hoy son prioritarios: trabajadores de la salud y adultos mayores<\/a>.<\/p>\n<\/div>\n<\/div>\n<div class=\"row pb-content-type-text\">\n<div class=\"col-xs-12 col-print-12\">\n<p class=\"element element-paragraph\">\u201c<mark class=\"hl_yellow\">El problema tiene que ver con un sistema de salud dise\u00f1ado hace m\u00e1s de 70 a\u00f1os que era de la periferia hacia la salud. La atenci\u00f3n de la salud estaba afuera de la ciudad pero ven\u00eda a atenderse a la ciudad. Por eso la ciudad tiene 34 hospitales p\u00fablicos, 46 centros de salud. Pero tambi\u00e9n tiene los sanatorios de las prepagas, de las obras sociales. Por eso tenemos una sobrerrepresentaci\u00f3n de trabajadores de la salud y con todo lo que eso implica<\/mark>\u201d, explic\u00f3.<\/p>\n<\/div>\n<\/div>\n<div class=\"row pb-content-type-text\">\n<div class=\"col-xs-12 col-print-12\">\n<p class=\"element element-paragraph\">En paralelo, ayer se conoci\u00f3 que<a href=\"https:\/\/www.infobae.com\/salud\/2021\/03\/03\/con-la-vacunacion-empiezan-a-bajar-los-contagios-de-covid-19-entre-el-personal-de-la-salud\/\" target=\"_blank\" rel=\"noopener\">\u00a0los casos confirmados de COVID-19 en el personal de la salud comenzaron a bajar<\/a>: en la CABA representaban entre el 3 y el 4% en diciembre pasado.\u00a0<b>Mientras que durante las \u00faltimas semanas los casos confirmados fueron menos del 1 por ciento<\/b>.<\/p>\n<p class=\"element element-paragraph\"><span style=\"color: #ff6600;\"><strong>Fuente INFOBAE<\/strong><\/span><\/p>\n<\/div>\n<\/div>\n","protected":false},"excerpt":{"rendered":"<p>Una doctora del Servicio de Emergencias del Hospital Fern\u00e1ndez y el jefe de cirug\u00eda pl\u00e1stica del Hospital de Quemados se contagiaron y fallecieron.<\/p>\n","protected":false},"author":3,"featured_media":0,"comment_status":"closed","ping_status":"open","sticky":false,"template":"","format":"standard","meta":{"footnotes":""},"categories":[24,30],"tags":[],"class_list":["post-53418","post","type-post","status-publish","format-standard","hentry","category-politica","category-salud"],"yoast_head":"<!-- This site is optimized with the Yoast SEO plugin v25.9 - https:\/\/yoast.com\/wordpress\/plugins\/seo\/ -->\n<title>Coronavirus: murieron dos m\u00e9dicos porte\u00f1os que a\u00fan no hab\u00edan sido vacunados - Noticias Radio Reflejos<\/title>\n<meta name=\"robots\" content=\"index, follow, max-snippet:-1, max-image-preview:large, max-video-preview:-1\" \/>\n<link rel=\"canonical\" href=\"https:\/\/www.noticiasradioreflejos.com.ar\/2021\/coronavirus-murieron-dos-medicos-portenos-que-aun-no-habian-sido-vacunados\/\" \/>\n<meta property=\"og:locale\" content=\"es_ES\" \/>\n<meta property=\"og:type\" content=\"article\" \/>\n<meta property=\"og:title\" content=\"Coronavirus: murieron dos m\u00e9dicos porte\u00f1os que a\u00fan no hab\u00edan sido vacunados - Noticias Radio Reflejos\" \/>\n<meta property=\"og:description\" content=\"Una doctora del Servicio de Emergencias del Hospital Fern\u00e1ndez y el jefe de cirug\u00eda pl\u00e1stica del Hospital de Quemados se contagiaron y fallecieron.\" \/>\n<meta property=\"og:url\" content=\"https:\/\/www.noticiasradioreflejos.com.ar\/2021\/coronavirus-murieron-dos-medicos-portenos-que-aun-no-habian-sido-vacunados\/\" \/>\n<meta property=\"og:site_name\" content=\"Noticias Radio Reflejos\" \/>\n<meta property=\"article:published_time\" content=\"2021-03-05T15:36:17+00:00\" \/>\n<meta property=\"og:image\" content=\"https:\/\/www.infobae.com\/new-resizer\/EdV9DirXqd1q68n_sZur98Q-6C8=\/750x0\/filters:quality(100)\/cloudfront-us-east-1.images.arcpublishing.com\/infobae\/KDXTZJSJFJDAZE6NIUZHZAEXOQ.jpg\" \/>\n<meta name=\"author\" content=\"Arnaldo Botto\" \/>\n<meta name=\"twitter:card\" content=\"summary_large_image\" \/>\n<script type=\"application\/ld+json\" class=\"yoast-schema-graph\">{\"@context\":\"https:\/\/schema.org\",\"@graph\":[{\"@type\":\"WebPage\",\"@id\":\"https:\/\/www.noticiasradioreflejos.com.ar\/2021\/coronavirus-murieron-dos-medicos-portenos-que-aun-no-habian-sido-vacunados\/\",\"url\":\"https:\/\/www.noticiasradioreflejos.com.ar\/2021\/coronavirus-murieron-dos-medicos-portenos-que-aun-no-habian-sido-vacunados\/\",\"name\":\"Coronavirus: murieron dos m\u00e9dicos porte\u00f1os que a\u00fan no hab\u00edan sido vacunados - Noticias Radio Reflejos\",\"isPartOf\":{\"@id\":\"https:\/\/www.noticiasradioreflejos.com.ar\/2021\/#website\"},\"primaryImageOfPage\":{\"@id\":\"https:\/\/www.noticiasradioreflejos.com.ar\/2021\/coronavirus-murieron-dos-medicos-portenos-que-aun-no-habian-sido-vacunados\/#primaryimage\"},\"image\":{\"@id\":\"https:\/\/www.noticiasradioreflejos.com.ar\/2021\/coronavirus-murieron-dos-medicos-portenos-que-aun-no-habian-sido-vacunados\/#primaryimage\"},\"thumbnailUrl\":\"https:\/\/www.infobae.com\/new-resizer\/EdV9DirXqd1q68n_sZur98Q-6C8=\/750x0\/filters:quality(100)\/cloudfront-us-east-1.images.arcpublishing.com\/infobae\/KDXTZJSJFJDAZE6NIUZHZAEXOQ.jpg\",\"datePublished\":\"2021-03-05T15:36:17+00:00\",\"author\":{\"@id\":\"https:\/\/www.noticiasradioreflejos.com.ar\/2021\/#\/schema\/person\/ad82545263dcc5ec0996818884fd5fb1\"},\"breadcrumb\":{\"@id\":\"https:\/\/www.noticiasradioreflejos.com.ar\/2021\/coronavirus-murieron-dos-medicos-portenos-que-aun-no-habian-sido-vacunados\/#breadcrumb\"},\"inLanguage\":\"es\",\"potentialAction\":[{\"@type\":\"ReadAction\",\"target\":[\"https:\/\/www.noticiasradioreflejos.com.ar\/2021\/coronavirus-murieron-dos-medicos-portenos-que-aun-no-habian-sido-vacunados\/\"]}]},{\"@type\":\"ImageObject\",\"inLanguage\":\"es\",\"@id\":\"https:\/\/www.noticiasradioreflejos.com.ar\/2021\/coronavirus-murieron-dos-medicos-portenos-que-aun-no-habian-sido-vacunados\/#primaryimage\",\"url\":\"https:\/\/www.infobae.com\/new-resizer\/EdV9DirXqd1q68n_sZur98Q-6C8=\/750x0\/filters:quality(100)\/cloudfront-us-east-1.images.arcpublishing.com\/infobae\/KDXTZJSJFJDAZE6NIUZHZAEXOQ.jpg\",\"contentUrl\":\"https:\/\/www.infobae.com\/new-resizer\/EdV9DirXqd1q68n_sZur98Q-6C8=\/750x0\/filters:quality(100)\/cloudfront-us-east-1.images.arcpublishing.com\/infobae\/KDXTZJSJFJDAZE6NIUZHZAEXOQ.jpg\"},{\"@type\":\"BreadcrumbList\",\"@id\":\"https:\/\/www.noticiasradioreflejos.com.ar\/2021\/coronavirus-murieron-dos-medicos-portenos-que-aun-no-habian-sido-vacunados\/#breadcrumb\",\"itemListElement\":[{\"@type\":\"ListItem\",\"position\":1,\"name\":\"Portada\",\"item\":\"https:\/\/www.noticiasradioreflejos.com.ar\/2021\/\"},{\"@type\":\"ListItem\",\"position\":2,\"name\":\"Coronavirus: murieron dos m\u00e9dicos porte\u00f1os que a\u00fan no hab\u00edan sido vacunados\"}]},{\"@type\":\"WebSite\",\"@id\":\"https:\/\/www.noticiasradioreflejos.com.ar\/2021\/#website\",\"url\":\"https:\/\/www.noticiasradioreflejos.com.ar\/2021\/\",\"name\":\"Noticias Radio Reflejos\",\"description\":\"Las noticias de mi comarca\",\"potentialAction\":[{\"@type\":\"SearchAction\",\"target\":{\"@type\":\"EntryPoint\",\"urlTemplate\":\"https:\/\/www.noticiasradioreflejos.com.ar\/2021\/?s={search_term_string}\"},\"query-input\":{\"@type\":\"PropertyValueSpecification\",\"valueRequired\":true,\"valueName\":\"search_term_string\"}}],\"inLanguage\":\"es\"},{\"@type\":\"Person\",\"@id\":\"https:\/\/www.noticiasradioreflejos.com.ar\/2021\/#\/schema\/person\/ad82545263dcc5ec0996818884fd5fb1\",\"name\":\"Arnaldo Botto\",\"image\":{\"@type\":\"ImageObject\",\"inLanguage\":\"es\",\"@id\":\"https:\/\/www.noticiasradioreflejos.com.ar\/2021\/#\/schema\/person\/image\/\",\"url\":\"https:\/\/secure.gravatar.com\/avatar\/55cb5e37c1efa326397366e6974cb338056df65cb50e7d64d1cf314e87504837?s=96&d=mm&r=g\",\"contentUrl\":\"https:\/\/secure.gravatar.com\/avatar\/55cb5e37c1efa326397366e6974cb338056df65cb50e7d64d1cf314e87504837?s=96&d=mm&r=g\",\"caption\":\"Arnaldo Botto\"},\"url\":\"https:\/\/www.noticiasradioreflejos.com.ar\/2021\/author\/arnaldo\/\"}]}<\/script>\n<!-- \/ Yoast SEO plugin. -->","yoast_head_json":{"title":"Coronavirus: murieron dos m\u00e9dicos porte\u00f1os que a\u00fan no hab\u00edan sido vacunados - Noticias Radio Reflejos","robots":{"index":"index","follow":"follow","max-snippet":"max-snippet:-1","max-image-preview":"max-image-preview:large","max-video-preview":"max-video-preview:-1"},"canonical":"https:\/\/www.noticiasradioreflejos.com.ar\/2021\/coronavirus-murieron-dos-medicos-portenos-que-aun-no-habian-sido-vacunados\/","og_locale":"es_ES","og_type":"article","og_title":"Coronavirus: murieron dos m\u00e9dicos porte\u00f1os que a\u00fan no hab\u00edan sido vacunados - Noticias Radio Reflejos","og_description":"Una doctora del Servicio de Emergencias del Hospital Fern\u00e1ndez y el jefe de cirug\u00eda pl\u00e1stica del Hospital de Quemados se contagiaron y fallecieron.","og_url":"https:\/\/www.noticiasradioreflejos.com.ar\/2021\/coronavirus-murieron-dos-medicos-portenos-que-aun-no-habian-sido-vacunados\/","og_site_name":"Noticias Radio Reflejos","article_published_time":"2021-03-05T15:36:17+00:00","og_image":[{"url":"https:\/\/www.infobae.com\/new-resizer\/EdV9DirXqd1q68n_sZur98Q-6C8=\/750x0\/filters:quality(100)\/cloudfront-us-east-1.images.arcpublishing.com\/infobae\/KDXTZJSJFJDAZE6NIUZHZAEXOQ.jpg","type":"","width":"","height":""}],"author":"Arnaldo Botto","twitter_card":"summary_large_image","schema":{"@context":"https:\/\/schema.org","@graph":[{"@type":"WebPage","@id":"https:\/\/www.noticiasradioreflejos.com.ar\/2021\/coronavirus-murieron-dos-medicos-portenos-que-aun-no-habian-sido-vacunados\/","url":"https:\/\/www.noticiasradioreflejos.com.ar\/2021\/coronavirus-murieron-dos-medicos-portenos-que-aun-no-habian-sido-vacunados\/","name":"Coronavirus: murieron dos m\u00e9dicos porte\u00f1os que a\u00fan no hab\u00edan sido vacunados - Noticias Radio Reflejos","isPartOf":{"@id":"https:\/\/www.noticiasradioreflejos.com.ar\/2021\/#website"},"primaryImageOfPage":{"@id":"https:\/\/www.noticiasradioreflejos.com.ar\/2021\/coronavirus-murieron-dos-medicos-portenos-que-aun-no-habian-sido-vacunados\/#primaryimage"},"image":{"@id":"https:\/\/www.noticiasradioreflejos.com.ar\/2021\/coronavirus-murieron-dos-medicos-portenos-que-aun-no-habian-sido-vacunados\/#primaryimage"},"thumbnailUrl":"https:\/\/www.infobae.com\/new-resizer\/EdV9DirXqd1q68n_sZur98Q-6C8=\/750x0\/filters:quality(100)\/cloudfront-us-east-1.images.arcpublishing.com\/infobae\/KDXTZJSJFJDAZE6NIUZHZAEXOQ.jpg","datePublished":"2021-03-05T15:36:17+00:00","author":{"@id":"https:\/\/www.noticiasradioreflejos.com.ar\/2021\/#\/schema\/person\/ad82545263dcc5ec0996818884fd5fb1"},"breadcrumb":{"@id":"https:\/\/www.noticiasradioreflejos.com.ar\/2021\/coronavirus-murieron-dos-medicos-portenos-que-aun-no-habian-sido-vacunados\/#breadcrumb"},"inLanguage":"es","potentialAction":[{"@type":"ReadAction","target":["https:\/\/www.noticiasradioreflejos.com.ar\/2021\/coronavirus-murieron-dos-medicos-portenos-que-aun-no-habian-sido-vacunados\/"]}]},{"@type":"ImageObject","inLanguage":"es","@id":"https:\/\/www.noticiasradioreflejos.com.ar\/2021\/coronavirus-murieron-dos-medicos-portenos-que-aun-no-habian-sido-vacunados\/#primaryimage","url":"https:\/\/www.infobae.com\/new-resizer\/EdV9DirXqd1q68n_sZur98Q-6C8=\/750x0\/filters:quality(100)\/cloudfront-us-east-1.images.arcpublishing.com\/infobae\/KDXTZJSJFJDAZE6NIUZHZAEXOQ.jpg","contentUrl":"https:\/\/www.infobae.com\/new-resizer\/EdV9DirXqd1q68n_sZur98Q-6C8=\/750x0\/filters:quality(100)\/cloudfront-us-east-1.images.arcpublishing.com\/infobae\/KDXTZJSJFJDAZE6NIUZHZAEXOQ.jpg"},{"@type":"BreadcrumbList","@id":"https:\/\/www.noticiasradioreflejos.com.ar\/2021\/coronavirus-murieron-dos-medicos-portenos-que-aun-no-habian-sido-vacunados\/#breadcrumb","itemListElement":[{"@type":"ListItem","position":1,"name":"Portada","item":"https:\/\/www.noticiasradioreflejos.com.ar\/2021\/"},{"@type":"ListItem","position":2,"name":"Coronavirus: murieron dos m\u00e9dicos porte\u00f1os que a\u00fan no hab\u00edan sido vacunados"}]},{"@type":"WebSite","@id":"https:\/\/www.noticiasradioreflejos.com.ar\/2021\/#website","url":"https:\/\/www.noticiasradioreflejos.com.ar\/2021\/","name":"Noticias Radio Reflejos","description":"Las noticias de mi comarca","potentialAction":[{"@type":"SearchAction","target":{"@type":"EntryPoint","urlTemplate":"https:\/\/www.noticiasradioreflejos.com.ar\/2021\/?s={search_term_string}"},"query-input":{"@type":"PropertyValueSpecification","valueRequired":true,"valueName":"search_term_string"}}],"inLanguage":"es"},{"@type":"Person","@id":"https:\/\/www.noticiasradioreflejos.com.ar\/2021\/#\/schema\/person\/ad82545263dcc5ec0996818884fd5fb1","name":"Arnaldo Botto","image":{"@type":"ImageObject","inLanguage":"es","@id":"https:\/\/www.noticiasradioreflejos.com.ar\/2021\/#\/schema\/person\/image\/","url":"https:\/\/secure.gravatar.com\/avatar\/55cb5e37c1efa326397366e6974cb338056df65cb50e7d64d1cf314e87504837?s=96&d=mm&r=g","contentUrl":"https:\/\/secure.gravatar.com\/avatar\/55cb5e37c1efa326397366e6974cb338056df65cb50e7d64d1cf314e87504837?s=96&d=mm&r=g","caption":"Arnaldo Botto"},"url":"https:\/\/www.noticiasradioreflejos.com.ar\/2021\/author\/arnaldo\/"}]}},"_links":{"self":[{"href":"https:\/\/www.noticiasradioreflejos.com.ar\/2021\/wp-json\/wp\/v2\/posts\/53418","targetHints":{"allow":["GET"]}}],"collection":[{"href":"https:\/\/www.noticiasradioreflejos.com.ar\/2021\/wp-json\/wp\/v2\/posts"}],"about":[{"href":"https:\/\/www.noticiasradioreflejos.com.ar\/2021\/wp-json\/wp\/v2\/types\/post"}],"author":[{"embeddable":true,"href":"https:\/\/www.noticiasradioreflejos.com.ar\/2021\/wp-json\/wp\/v2\/users\/3"}],"replies":[{"embeddable":true,"href":"https:\/\/www.noticiasradioreflejos.com.ar\/2021\/wp-json\/wp\/v2\/comments?post=53418"}],"version-history":[{"count":0,"href":"https:\/\/www.noticiasradioreflejos.com.ar\/2021\/wp-json\/wp\/v2\/posts\/53418\/revisions"}],"wp:attachment":[{"href":"https:\/\/www.noticiasradioreflejos.com.ar\/2021\/wp-json\/wp\/v2\/media?parent=53418"}],"wp:term":[{"taxonomy":"category","embeddable":true,"href":"https:\/\/www.noticiasradioreflejos.com.ar\/2021\/wp-json\/wp\/v2\/categories?post=53418"},{"taxonomy":"post_tag","embeddable":true,"href":"https:\/\/www.noticiasradioreflejos.com.ar\/2021\/wp-json\/wp\/v2\/tags?post=53418"}],"curies":[{"name":"wp","href":"https:\/\/api.w.org\/{rel}","templated":true}]}}