{"id":53413,"date":"2021-03-05T11:59:40","date_gmt":"2021-03-05T14:59:40","guid":{"rendered":"http:\/\/www.noticiasradioreflejos.com.ar\/noticias\/?p=53413"},"modified":"2021-03-05T11:59:40","modified_gmt":"2021-03-05T14:59:40","slug":"informe-sesion-inaugural-1o-de-marzo-de-2021","status":"publish","type":"post","link":"https:\/\/www.noticiasradioreflejos.com.ar\/2021\/informe-sesion-inaugural-1o-de-marzo-de-2021\/","title":{"rendered":"Informe Sesi\u00f3n Inaugural 1\u00ba de marzo de 2021"},"content":{"rendered":"<p>Los Ediles fueron convocados por el Decreto N\u00ba 03\/21 para la Sesi\u00f3n Inaugural del per\u00edodo de Sesiones Ordinarias 2021. Ante la presencia del Sr. Intendente Municipal Sergio Bordoni, y una cantidad limitada de integrantes del Gabinete Municipal, debido a la situaci\u00f3n epidemiol\u00f3gica actual, dio comienzo dicha Sesi\u00f3n. <!--more--><\/p>\n<p>El Sr. Intendente Municipal Sergio Bordoni inaugur\u00f3 el per\u00edodo de Sesiones Ordinarias con estas palabras:<\/p>\n<p>\u201cSe\u00f1or Presidente del Concejo Deliberante, Concejales presentes, miembros de mi Departamento Ejecutivo, p\u00fablico en general. Hoy me toca el inicio de un nuevo per\u00edodo de Sesiones Ordinarias de este Cuerpo Deliberativo. A\u00f1o dif\u00edcil, el anterior, el que tuvimos que pasar cuando el 19 de marzo se decreta la famosa cuarentena que parec\u00eda que no nos iba a llegar tan r\u00e1pido, y sin embargo tuvimos una cuarentena muy larga, trabajando codo a codo con todos los Bloques pol\u00edticos. Por eso como primera medida quiero agradecer el acompa\u00f1amiento que hemos tenido en la pandemia a todos los Concejales y a todos los distintos colores pol\u00edticos que lo conforman, porque fue un a\u00f1o muy dif\u00edcil, muy dif\u00edcil en lo econ\u00f3mico, ni bien arranc\u00f3 la pandemia se empez\u00f3 a caer la recaudaci\u00f3n de la coparticipaci\u00f3n provincial, ni hablar de la municipal, la municipal en algunas tasas llegamos a tener una recaudaci\u00f3n que ten\u00edamos de un 70 a bajar a la mitad un 35%, sin embargo los servicios se siguieron prestando de la misma forma, hablo de la Red Vial por ejemplo. Y despu\u00e9s como era l\u00f3gico de 300 familias que asist\u00edamos por Acci\u00f3n Social esta pandemia que paraliz\u00f3 totalmente el turismo y nosotros somos uno Distrito plenamente les dir\u00eda casi tur\u00edstico, personas que jam\u00e1s hab\u00edan tocado a la puerta en Acci\u00f3n Social, personas que no tocaban la puerta porque le daba verg\u00fcenza pedir un plato de comida, se fueron incrementando de 300 personas que asist\u00edamos llegamos a tener 1500 personas y c\u00f3mo encar\u00e1bamos esta situaci\u00f3n, ten\u00edamos una baja recaudaci\u00f3n en el municipio, ten\u00edamos una baja recaudaci\u00f3n de coparticipaci\u00f3n que entraba, y ah\u00ed fue cuando el Gobierno Provincial tom\u00f3 las riendas del asunto, y lo digo no porque no est\u00e9 m\u00e1s en Cambiemos, lo digo porque este Gobierno de la Provincia de Buenos Aires empez\u00f3 a dar ayuda financiera a los municipios para que pudi\u00e9ramos pagar sueldos. A nuestro municipio, algo que aprobaron en el Concejo Deliberante, nos toc\u00f3 algo de 14.700.00, una cosa as\u00ed, que nos mandaron porque no lleg\u00e1bamos a pagar sueldo hasta que la coparticipaci\u00f3n medianamente fue entrando y ve\u00edamos c\u00f3mo pag\u00e1bamos. Esas ayudas Covid que ven\u00edan, que era algo que ten\u00edamos que reintegrar, para pagar sueldos, ustedes aprobaron un Convenio que seguramente vamos a elevar o elev\u00f3 de vuelta ya, para que pase para el a\u00f1o 2022. Entonces cuando digo que todo el mundo trabaj\u00f3, yo creo que fue una oportunidad hist\u00f3rica a nivel Nacional, a nivel Provincial, los primeros dos o tres meses que estuvieron trabajando codo a codo todos, desde bloques opositores a bloques oficialistas, y parec\u00eda que la Argentina iba a terminar con esta grieta que hoy volvemos a tener y cada vez est\u00e1 m\u00e1s marcada en nuestro pa\u00eds. Era un ejemplo c\u00f3mo se pon\u00edan de acuerdo para, para trabajar, pero vuelvo aclarar que fueron dos o tres meses, despu\u00e9s el cansancio, la puja pol\u00edtica, que nada ayuda, que nada sirve, que no suma para la construcci\u00f3n de un pa\u00eds, hizo que volvi\u00e9ramos a la grieta y empezaran los reproches pol\u00edticos por un lado y las afirmaciones por otro y no, no lleg\u00e1bamos a ning\u00fan puerto. Sinceramente lo digo, no le suma el pa\u00eds, por eso en esto de agradecer hay mucho para hacer en nuestro Distrito, porque hubo mucha gente, much\u00edsima gente, aparte de la gente de mi Gabinete que trabaj\u00f3 codo a codo con la gente que necesitaba, pero muchas donaciones que hemos recibido de empresas, de gente voluntaria, de gente que se pon\u00eda y sal\u00eda a buscar plata para comprar un respirador, cuando arrancamos la ma\u00f1ana ten\u00edamos un solo respirador que hab\u00eda sido donado por una persona de Tornquist hac\u00eda mucho tiempo y que no sab\u00edamos para que lo \u00edbamos a usar alg\u00fan d\u00eda, dijimos \u00bfpara qu\u00e9 va a servir?. No sab\u00edamos para que ten\u00edamos un respirador, yo por lo menos que no ten\u00edamos ni mira de tener una terapia intensiva, no la ten\u00edamos, no pens\u00e1bamos en una terapia intensiva porque es algo muy costoso que ahora despu\u00e9s voy a referir a eso, era muy costoso. Entonces toda la gente cre\u00eda por la misma ignorancia, por todo lo que nos hac\u00edan creer los medios a veces que un respirador iba a salvar vidas, y que a veces s\u00ed la puede llegar a salvar, pero por desgracia el 95% que entraba una terapia intensiva de un 100% que entran el 95% se muere lamentablemente. Yo no soy m\u00e9dico pero s\u00ed he estado muy cerca a todo esto porque tengo a mi cu\u00f1ado y ustedes lo conocen que es Walter Wallace, con Daniel Barca estamos continuamente hablando de la gente que tenemos en el hospital y que necesita un respirador y que todav\u00eda no ten\u00edamos la terapia terminada, mejor dicho ten\u00edamos terminada la infraestructura, porque la ten\u00edamos toda lista con 11 respiradores que nos llegaron, en total tenemos 11 respiradores, pero faltaba lo m\u00e1s importante que pudimos lograr en este momento que son los m\u00e9dicos de terapia intensiva. Entonces cuando digo que se trabaj\u00f3 en forma conjunta y en forma mancomunada con todos, ac\u00e1 tiene que ver desde el que aport\u00f3 una bolsa de arroz al que aport\u00f3 millones de pesos para que esto fuera posible, todos colaboraron, y la verdad que eso me llena de orgullo, tener un Distrito donde siempre dije que Tornquist es muy solidario a la hora de, cuando hablo Tornquist, Tornquist Distrito, a la hora de ayudar. Despu\u00e9s vienen las grietas que existen en el pa\u00eds y obviamente que existen en nuestro Distrito tambi\u00e9n no hay ninguna duda que existen, pero la verdad orgulloso de c\u00f3mo se labur\u00f3 en la pandemia, de c\u00f3mo se trabaj\u00f3, de c\u00f3mo fueron aprobando las distintas que subieron al Concejo Deliberante sin distinciones pol\u00edticas, porque si hay algo que lo tengo que decir, eso nos ayud\u00f3 much\u00edsimo. Pero despu\u00e9s tuvimos que empezar a ver qu\u00e9 hac\u00edamos, porque sab\u00edamos que esto ven\u00eda para quedarse, que afectaba muy seriamente la econom\u00eda del mundo, y obviamente, \u00a1c\u00f3mo no nos iba a afectar a nosotros!, un pa\u00eds endeble, un pa\u00eds que econ\u00f3micamente despu\u00e9s de las Paso de agosto donde el Gobierno oficialista encabezado por Mauricio Macri perdi\u00f3, nos perjudic\u00f3 y sobre todo a nuestro Distrito, nos perjudic\u00f3 enormemente, donde distintos proyectos que ten\u00edamos sobre todo la erradicaci\u00f3n del basurero, que mucha gente me lo segu\u00eda pidiendo, autom\u00e1ticamente dejaron de venir los fondos, y lo he escuchado al ex presidente Mauricio Macri decir que en agosto ya \u00e9l no era mas presidente de la Argentina. La verdad que me llena de verg\u00fcenza escuchar decir eso porque \u00e9l enfrent\u00f3 una General despu\u00e9s en octubre, pero de agosto tiene raz\u00f3n, dej\u00f3 de ser Presidente de la Argentina porque a los municipios como los nuestros, tal vez porque yo le dec\u00eda muchas cosas en la cara y no le gustaba que le dijeran la verdad, a los municipios como el nuestro le dejaron de mandar dinero y tuvimos que postergar el tema de la erradicaci\u00f3n del basurero por ejemplo. Ese tema que todo el mundo reclama y que tiene raz\u00f3n en reclamarlo. Lo volvimos a encarrilar en esta gesti\u00f3n, pero m\u00e1s all\u00e1 de eso lo que m\u00e1s duele de todo esto es que la econom\u00eda a nivel mundial y a nivel nacional fue empeorando, pero, gracias a Dios, y gracias a los gobernantes que hemos tenido hasta ahora la Provincia, la Naci\u00f3n, no tuvimos que ver las escenas que vimos en Ecuador, que vimos en Brasil, que ve\u00edamos en Italia, donde se decid\u00eda qui\u00e9n se pon\u00eda en respirador y qui\u00e9n, \u00e9ramos, eran dioses, dec\u00edan qui\u00e9n viv\u00eda y qui\u00e9n mor\u00eda, eso en la Argentina gracias a Dios y por m\u00e1s que muchos lo nieguen no pas\u00f3. No pas\u00f3 porque se invirti\u00f3 much\u00edsimo en salud y en nuestro Distrito no fue la excepci\u00f3n, gracias a que aprobaron todas las, no hubo turismo, no hubo deporte, nosotros pudimos poner toda la plata, toda la carne al asador en salud. Le pueden preguntar al Secretario de Salud el dineral que se gast\u00f3 en salud y no se gast\u00f3, a ver, yo creo que es una inversi\u00f3n porque la verdad que tener una terapia intensiva hoy a punto de empezar a trabajar, es una inversi\u00f3n, ojal\u00e1 no la usemos pero necesitamos los m\u00e9dicos y tiene que funcionar las 24 horas. Esa terapia intensiva que solamente en sueldos, en sueldos, nos va a implicar una erogaci\u00f3n de 2 millones de pesos mensuales que reci\u00e9n el a\u00f1o 2022 se va a poder empezar a coparticipar. Necesitamos profesionales, ustedes ver\u00edan o ven que ni bien se recibieron enfermeras nosotros las est\u00e1bamos tomando. Se necesitan enfermeras, se sigue necesitando personal especializado. Salud nos hab\u00eda pedido 35 personas que entraran al r\u00e9gimen de salud porque necesitamos ampliarlo, a punto de colocar un tom\u00f3grafo en el Hospital Municipal, si no hubiera habido pandemia seguramente todo esto de lo que hoy estoy hablando no estar\u00eda porque nosotros ten\u00edamos otros planes. Hab\u00eda otros planes de Gobierno, si no hubiera existido la pandemia hubi\u00e9ramos tenidos otro norte, nos toc\u00f3 esto y lo tuvimos que afrontar como todos los distrito vecinos, como todos los pa\u00edses tuvieron que mejorar el sistema sanitario y sobre todo en Tornquist que no ten\u00edamos nada de terapia intensiva, nada, gracias, vuelvo a repetir a donaciones de privados como es el se\u00f1or Horacio Granci que est\u00e1 continuamente apoy\u00e1ndome en mi gesti\u00f3n y no quiero dejarlo pasar porque invirti\u00f3 una gran cantidad de dinero para hacer la terapia intensiva de Tornquist, en lo que es edilicio. Y de la Provincia de Buenos Aires que cuando ped\u00ed los \u00faltimos cinco respiradores, los \u00faltimos cinco multiparam\u00e9tricos, las \u00faltimas cinco bombas infusoras las pedimos, estamos en enero, las pedimos el 19 de noviembre y para el 23 de noviembre ya estaban ac\u00e1, respondieron r\u00e1pida y eficazmente, nos faltaba lo m\u00e1s preciado, que hoy tenemos con mucho trabajo, que es el personal de terapia intensiva, much\u00edsimo trabajo porque no se piensen que sobran los m\u00e9dicos terapistas. Y por otro lado quiero hacer un par\u00e9ntesis aparte para todos los agentes de salud, que est\u00e1n trabajando desde que empez\u00f3 esta pandemia sin vacaciones. No sobran los m\u00e9dicos, hay un Decreto Presidencial donde los mayores de 60 se ten\u00edan que quedar en la casa, y pongo un ejemplo como el Dr. Ducasa, que ya est\u00e1 punto de la jubilaci\u00f3n, como era un trabajador esencial \u00e9l pidi\u00f3 quedarse, que tranquilamente por el Decreto estaba avalado para quedarse en la casa. Nos toc\u00f3 que tuvimos m\u00e9dicas embarazadas y que se tuvieron que ir a su casa aun queri\u00e9ndose quedar y no pod\u00edan quedarse porque es una responsabilidad m\u00eda como Intendente si les pasa algo. Entonces, un par\u00e9ntesis aparte para la gente de salud, sinceramente han trabajado, han atendido, y a veces se los critica pero hay que estar las 24 horas disponibles. Estamos ahora haciendo hisopados en nuestro Hospital Municipal, si alguno fue a ver las obras que hemos hecho en laboratorio, tenemos un Hospital modelo, se los puedo asegurar, m\u00e1s lo que se ha hecho en Sierra de la Ventana, Zona Sanitaria cuando vino la verdad que qued\u00f3 encantad\u00edsima con las obras que hay en nuestros hospitales, sobre todo en el Hospital de Tornquist con la tecnolog\u00eda que hemos aplicado. Con el Convenio que ustedes me aprobaron con el Rotary se compr\u00f3 un ec\u00f3grafo de \u00faltima generaci\u00f3n, eso tambi\u00e9n es importante porque cuando a m\u00ed me lo propusieron yo sab\u00eda que otros municipios lo estaban haciendo, pero era algo raro, algo il\u00f3gico decir nosotros le tenemos que dar un subsidio al Rotary para despu\u00e9s poder rend\u00edrselo porque pon\u00edamos el 60% nosotros y el 40 lo pon\u00eda el Rotary, me sonaba raro pero empec\u00e9 a averiguar y otros municipios lo hab\u00edan hecho, por eso lo subimos al Concejo, por eso se aprob\u00f3. Agradezco el acompa\u00f1amiento que tuvimos, y se pudo tener un ec\u00f3grafo de \u00faltima generaci\u00f3n, vamos a tener un tom\u00f3grafo que es fundamental, porque podemos tener la terapia pero si no diagnosticamos, a veces cuando vemos una neumon\u00eda bilateral, que casi ya les puedo decir que ya he aprendido mucho porque pregunto a cada rato, pero no porque sepa de m\u00e9dico, pero cuando hay una neumon\u00eda bilateral muchas veces si no ten\u00e9s un tom\u00f3grafo no podes saber si el enfermo tiene alg\u00fan co\u00e1gulo dentro del pulm\u00f3n que al poner un respirador por m\u00e1s que lo tenga lo podes matar autom\u00e1ticamente, por eso necesit\u00e1bamos un tom\u00f3grafo y tuvimos la suerte de conseguir un tom\u00f3grafo. En salud hemos progresado much\u00edsimo. As\u00ed que en lo que pandemia nos pas\u00f3, entre todas las cosas malas que hemos tenido, yo creo que nos sirvi\u00f3 para tener un Hospital mucho mejor que no lo hubi\u00e9ramos hecho con esta impronta porque es muy dif\u00edcil que todo un municipio se paralice en lo econ\u00f3mico para invertir en salud de la forma que se invirti\u00f3, y eso, es vuelvo a repetir gracias a las distintas Partidas que hemos presupuestado y no las hemos utilizado y las pasamos a salud, y porque ustedes las aprobaron tambi\u00e9n. Tambi\u00e9n agradecer que aprobaron por primera vez despu\u00e9s de cinco a\u00f1os de mi gesti\u00f3n, tengo aprobado por unanimidad un Presupuesto, es la primera vez que me aprueban un Presupuesto por unanimidad, y eso me llena de honor, de gusto, porque era at\u00edpico lo que nos estaba pasando, era muy at\u00edpico, a todo el mundo no a nosotros, por eso me sent\u00ed acompa\u00f1ado de todos los Concejales, entonces ese es el agradecimiento. Ahora vamos a lo que es gesti\u00f3n, cuando arrancamos en la nueva gesti\u00f3n, antes de que arrancara toda la pandemia yo me hab\u00eda recorrido todos los Ministerios, empezamos a llevar distintos proyectos que ten\u00edamos en mente, sobre todo el de basurero tambi\u00e9n, y bueno, arranc\u00f3 la pandemia y se paraliz\u00f3, hoy por hoy siguen algunos Ministerios sin gente trabajando porque todav\u00eda el Decreto Presidencial los avala, pero hab\u00edamos avanzado much\u00edsimo. Despu\u00e9s cambi\u00f3 lo que ya expliqu\u00e9, pero igual seguimos avanzando y presentando distintos proyectos. Hoy puedo decir, que por ejemplo bueno, en el d\u00eda del viernes se sortearon las viviendas de Chasic\u00f3 y la semana que viene gente del Instituto de la Vivienda va a venir para hacer entrega de las viviendas, nos van a decir la fecha y se van a entregar las 17 viviendas de Chasic\u00f3. Viviendas que tendr\u00edamos que haber terminado en la otra gesti\u00f3n y que no pudimos porque me paralizaron todos los fondos despu\u00e9s de las elecciones. Y les puedo asegurar que la empresa que trabaj\u00f3 ah\u00ed si a nosotros nos hubiera llegado un poquitito m\u00e1s, un empuj\u00f3n m\u00e1s que nos hubiera dado la gesti\u00f3n anterior de gobierno, las hubi\u00e9ramos entregado antes de las elecciones o antes que se fuera la gesti\u00f3n, y sin embargo nos cortaron todos los v\u00edveres, tal vez por la impronta que yo le pon\u00eda a mi gesti\u00f3n, por decir las verdad, por no callar, y no me voy a callar con este Gobierno ni con el que me pas\u00f3, las cosas que est\u00e1n mal las digo. Y en las reuniones que yo he estado, sobre todo cuando he ido a reuniones con Intendentes de la costa, expresaba mi preocupaci\u00f3n porque no nos dejan autonom\u00eda a los municipios como los nuestros. Nosotros sabemos qu\u00e9 es lo que puede pasar con la pandemia y qu\u00e9 es lo que no puede pasar, y sab\u00edamos que el turismo no nos tra\u00eda pandemia a nosotros, nos tra\u00eda trabajo, y claro uno con el diario del lunes somos todos sabios, qu\u00e9 \u00edbamos a pensar que el primer caso de pandemia lo \u00edbamos a tener en agosto. Nos comimos Semana Santa, nos comimos vacaciones de invierno y la gente se fue, obviamente, econ\u00f3micamente se fue destruyendo. Pero m\u00e1s all\u00e1 de eso tuvimos, hace unos d\u00edas, ya les digo, de terminar esas viviendas y seguir presentando proyectos, como por ejemplo el agua de La Gruta que ya est\u00e1 en la DIPAC, ya tiene n\u00famero de expediente y todo, y se va a licitar este a\u00f1o. Como por ejemplo las cloacas de Sierra la Ventana con una extensi\u00f3n de redes y con, la obviamente lo m\u00e1s necesario y fundamental que es la planta depuradora de l\u00edquidos cloacales. Obras que son necesarias seguramente para todos los distritos, obviamente que son necesarias. Tambi\u00e9n est\u00e1 hecho el proyecto, lo hizo Frayssinet de la ciudad de Pig\u00fc\u00e9 para las cloacas, y planta depuradora de la localidad de Villa Ventana, que evidentemente no entrar\u00e1 este a\u00f1o sino el 2022. Y lo m\u00e1s fundamental, de haber tomado la lanza y poder juntar cuatro localidades de distinto color pol\u00edtico y hacer un proyecto mucho m\u00e1s amplio del que \u00edbamos a hacer cuando quer\u00edamos erradicar todos los basureros con cuatro localidades, que se est\u00e1 trabajando much\u00edsimo y que est\u00e1 a punto de terminarlos y que el BID, el Banco Interamericano de Desarrollo, haga el desembolso o d\u00e9 la autorizaci\u00f3n para que este proyecto se pueda realizar. Algo que tuve que anunciar en la gesti\u00f3n anterior y que no pude hacer, esas son las cosas que me duelen, ahora tenemos el Argentina Hace, tenemos el fin del 2020 donde se van a hacer cuadras en la localidad de Sierra de la Ventana y cuadras que anunci\u00e9 en la gesti\u00f3n anterior y despu\u00e9s tuve que salir a decir que no me mandaba la plata, de la Avenida Sarmiento y cuadras que no me acuerdo en este momento, es la Avenida Sarmiento y unas cuadras m\u00e1s que tienen una cuadra si y otra no creo que es Inmigrantes me parece. Bueno, eso ya est\u00e1, est\u00e1 para licitar. Hace unos d\u00edas se abrieron los sobres de licitaci\u00f3n de una retroexcavadora que forma parte del plan de erradicaci\u00f3n de los basureros y se hab\u00edan presentado tres firmas y gan\u00f3 una que es Nordemaq, creo que es, con 17.250.000 pesos, tambi\u00e9n eso es una gesti\u00f3n de este a\u00f1o para empezar a traer maquinaria para la erradicaci\u00f3n definitiva de nuestro basurero. Tambi\u00e9n es cierto que necesitamos un parque industrial, hay un cr\u00e9dito que se puede llegar a otorgar que eso van a tener que ustedes, lo vamos a charlar, lo vamos a poner en el tapete en cada Bloque del Concejo Deliberante. Son cr\u00e9ditos a 10 a\u00f1os, una deuda de 10 a\u00f1os con una tasa muy econ\u00f3mica donde podemos acceder a un cr\u00e9dito mundial para terminar de una vez por todas con la habilitaci\u00f3n del parque industrial. Hoy actualizaron los presupuestos de lo que es el soterramiento de media, darle m\u00e1s energ\u00eda y el levantamiento de la l\u00ednea de Transba y son alrededor de 550.000 d\u00f3lares, un n\u00famero importante obviamente, pero no imposible, y m\u00e1s con un cr\u00e9dito a nivel nacional e internacional como es este, que vamos a poder acceder si tengo la aprobaci\u00f3n del Concejo Deliberante obviamente. Voy a necesitar de ustedes tambi\u00e9n para hacerlo, y yo creo que ah\u00ed tenemos que ver, sentarnos, ver los n\u00fameros porque no todo puede venir de arriba. As\u00ed como de arriba va a venir la erradicaci\u00f3n del basurero, hay cosas que tenemos que pagarla no nos queda otra, no todo puede ser gratis, pero si nos organizamos y manejamos bien las cuentas, hay cosas que se van a poder lograr. En el tema vivienda ya est\u00e1 a punto de firmarse el Convenio para la localidad de Saldungaray otra de las cosas que ten\u00eda yo ya pactada con la gesti\u00f3n anterior, de 24 viviendas pasan a 27 y yo me acuerdo que cuando anunci\u00e9 las 24 viviendas en Saldungaray, sobre todo ac\u00e1 est\u00e1 la Concejal Roc\u00edo V\u00e1zquez que es la que m\u00e1s interesada estaba, y bueno con, sent\u00eda raz\u00f3n en cuanto a dejar el predio del Mar\u00eda Auxiliadora para lo que es institucionalidad en Saldungaray. Bueno, se llev\u00f3 toda la documentaci\u00f3n para que eso pasara a ser la escuela que tambi\u00e9n est\u00e1 gestionada a trav\u00e9s del Consejo Escolar, la Escuela N\u00b0 4 en la localidad de Saldungaray, que muy probable se haga este a\u00f1o, se arranque en este a\u00f1o 2021, as\u00ed como que lo que es educaci\u00f3n las aulas del Jard\u00edn 907 que cuando se inaugur\u00f3 no exist\u00eda, o cuando se hizo el proyecto, no exist\u00eda la sala de maternal, y el Jard\u00edn de Villa Ventana que no me acuerdo el n\u00famero, creo que es el 904 me parece, me parece, el 906 que tambi\u00e9n est\u00e1, ya se licita. Son obras que se est\u00e1n licitando. As\u00ed que important\u00edsima la cantidad de obras que van a venir, 40 cuadras de cloacas ya est\u00e1 firmado el Convenio para empezar y licitar en la ciudad de Tornquist, 40 cuadras de cloaca en la ciudad de Tornquist, no es poca cosa, ya est\u00e1 firmado el Convenio con el ENOHSA. Obras que antes nos constaba much\u00edsimo traer, much\u00edsimo, la verdad ten\u00eda que estar mendigando. No escucharon en este a\u00f1o que pas\u00f3 que fue terrible, no lo escucharon de parte m\u00ed decir que no lleg\u00e1bamos a pagar sueldos, cuatro a\u00f1os sin poder pegar un ojo porque cuando se llegaba a fin de mes, yo ten\u00eda que tocar fondos afectados, fondos de terceros para poder pagar sueldos, eso no me pas\u00f3 con esta gesti\u00f3n y lo tengo que decir. Y ustedes me podr\u00e1n decir est\u00e1s haciendo pol\u00edtica, no, estoy diciendo la verdad, a pesar de toda la pandemia que hemos tenido, de toda la miseria que hay en este pa\u00eds, que la plata no alcanza, que la gente m\u00e1s pobre la est\u00e1 pasando muy mal, y lo reconozco, lo reconozco, nosotros en el municipio de Tornquist llegamos a pagar sueldo y aguinaldo sin tener que ir a mendigar se\u00f1ores, sin tener que ir a mendigar. Y me duele estar 4 a\u00f1os representando a una coalici\u00f3n de Gobierno como era Cambiemos y tener que mendigar como un mendigo para que me mandaran el dinero para pagar sueldos, porque la coparticipaci\u00f3n o la hac\u00edan mal o entraba menos, confiaba menos la gente y no pagaba los impuestos. Y yo creo que peor que esta crisis que hemos tenido con esta pandemia, no creo que haya habido un Gobierno que haya podido decir que esta crisis econ\u00f3mica que hoy tenemos lo haya favorecido la pandemia. Cuando dec\u00edan \u201cse han enamorado de la pandemia\u201d, \u00bfqui\u00e9n se quiere enamorar de la pandemia, qui\u00e9n quiere estar 24 horas con este bendito barbijo?, por favor, nadie, yo no creo que ning\u00fan gobernante, ning\u00fan gobernante, quiera tener hoy por hoy esta pandemia que no le da descanso a los m\u00e9dicos, no le da descanso a los enfermeros, tenemos gente sin trabajar, repercute en todas las \u00e1reas yo creo que nadie, por eso les digo son cosas que me han pasado en este a\u00f1o de gesti\u00f3n que no me pasaban antes. Y lo tengo que decir con verg\u00fcenza porque yo form\u00e9 parte de un Gobierno en el cual cre\u00ed, el cual me dio la espalda, el cual nos dio la espalda a todos, a todos porque confiamos eh. Y ustedes saben bien los que me acompa\u00f1aron cu\u00e1ntas veces lo hemos dicho, y cu\u00e1ntas veces habl\u00e1bamos de que las cosas no se estaban haciendo bien, y sin embargo en este a\u00f1o de gesti\u00f3n a nosotros, Distrito de Tornquist, no a Sergio Bordoni Intendente, Distrito de Tornquist nos han ayudado. Conseguimos un Leasing para la planta de ox\u00edgeno, hemos hecho cosas que antes para sacar un Leasing ten\u00eda que mandar una enciclopedia, ten\u00edamos que rendir examen. Acu\u00e9rdense cuando tuve que pedir la plata para erradicaci\u00f3n del basurero, de los cuales pudimos utilizar nada m\u00e1s que 650.000 pesos de los 16 millones que nos iban a dar el cr\u00e9dito. Hoy si se concreta esto es gratis, no le sale un peso al contribuyente de Tornquist porque lo pone el Banco Interamericano de Desarrollo. Por eso digo un a\u00f1o dif\u00edcil, un a\u00f1o distinto, un a\u00f1o que mucha gente lo va a recordar y lo vamos a seguir recordando, cuando a las 4 de la tarde nos ten\u00edamos que ir a dormir, parec\u00eda que est\u00e1bamos en guerra, cuando le ped\u00edamos a los j\u00f3venes que se comportaran bien, y la verdad que se comportaron durante 8 meses excelentemente bien. Hay que estar en esa \u00e9poca con toda la polenta que tienen los j\u00f3venes, primero no teniendo clases, perdiendo los que iban a la secundaria lo m\u00e1s preciado que es el viaje de egresado, llegar a los fines de semana y estar con sus amigos, todo eso lo perdimos, todo eso nos pas\u00f3. Y d\u00edgame alguno de ustedes si quisiera volver a tener que estar encerrado como est\u00e1bamos durante esta pandemia, yo no quiero volver a eso, no quiero que nos pase de vuelta eso, pero tenemos que estar todos unidos muchachos, si no estamos unidos, si decimos que la vacuna no sirve, si le metemos miedo a la gente, eso no nos ayuda. Nosotros tenemos que pensar en Tornquist, en nuestro Distrito, obviamente que quiero que la Provincia salga adelante, obviamente que quiero que la Naci\u00f3n salga adelante, pero por favor miremos, miremos a nuestro alrededor hay gente que la est\u00e1 pasando muy mal, muy pero muy mal, y tenemos que tratar de mejorarle la vida como hicimos con gente que la pas\u00f3 mal durante la pandemia, con gente que le daba verg\u00fcenza porque me he juntado con gente, con prestadores tur\u00edsticos que llorando le daba verg\u00fcenza tener que venir a Acci\u00f3n Social y sin embargo la pasamos. Sin embargo no estuvimos cr\u00edticas en cuanto a eso, nos pusimos a trabajar codo a codo eh, hemos dado alimentos que jam\u00e1s se dieron, donde la gente don\u00f3 vacunos, donde se faenaban, donde hab\u00eda gente que iba a ayudar a cortar, millones de cosas con la gente de Acci\u00f3n Social, el equipo de Desarrollo Social, todo eso se hizo pensando en la gente que es lo \u00fanico que a m\u00ed me interesa eh. A m\u00ed no me interesa mi situaci\u00f3n pol\u00edtica, yo sigo siendo Pino Bordoni, aquel que me votaron y me acompa\u00f1aron, el mismo loco que fui siempre. Yo pienso en mi Distrito, tambi\u00e9n quiero que la Provincia y la Naci\u00f3n mejore, obviamente que quiero eso porque si no, no vamos a tener futuro, pero yo conf\u00edo que las cosas van a cambiar eh, no tengo ninguna duda que van a cambiar, pero todos tenemos que tirar del mismo carro. No quiero aburrirlos pero esa es la necesidad que sent\u00eda de decirles hoy, no nos peleemos entre nosotros, sinceramente se los digo, y no lo digo para quedar bien ac\u00e1 como un discurso pol\u00edtico eh. Lo necesitamos, tenemos que trabajar juntos y que vengan la mayor cantidad de cosas a nuestro Distrito. porque de eso se trata cuando se mete uno en pol\u00edtica, tratar de mejorar la situaci\u00f3n del Distrito y tratar de no perder como digo yo, de vista lo que a ustedes los sienta en una Banca y a m\u00ed me puso de Intendente, que es la gente, sencillamente as\u00ed es, es la gente. Y no enojarnos cuando la gente decide votar otra cosa, no enojarnos porque por eso estamos en democracia, por eso podemos opinar, pero cuando nosotros como funcionarios tenemos que opinar, hag\u00e1moslo con prudencia muchachos, por favor les pido eso nada m\u00e1s, porque hay mucha gente que la est\u00e1 pasando mal, y si nosotros infundimos miedo a la gente lo \u00fanico que nos va a sacar de esta pandemia es la vacuna. Por favor cuando hablamos de la vacuna tratemos de que en vez de decir no s\u00e9 c\u00f3mo ser\u00e1 la India, la China, la Rusa, hay que vacunarse, hay que anotarse, yo le pido eso. Les pido como Intendente y como un habitante m\u00e1s del Distrito, como si fuera cualquiera del Distrito, hoy me toca ser intendente, pero si no fuera Intendente, si no estuviera en pol\u00edtica estar\u00eda ayudando para que la vacunaci\u00f3n sea exitosa como est\u00e1 siendo en Tornquist y que podamos todo el mundo estar vacunados y que tengamos la menor cantidad de casos posibles. Se ha ido mucha gente lamentablemente por esta pandemia, gente que pensamos que no iba a pasar, que no nos iba a tocar y sin embargo al que le toc\u00f3, al que le toc\u00f3, lamentablemente hoy seguramente debe recordar esto con un trago muy amargo, gente que uno la ve\u00eda y estaba excelente de salud, pero as\u00ed es la vida, pero por eso digo ayudemos a que esto salga adelante. No quiero aburrirlos m\u00e1s, tendr\u00eda m\u00e1s cosas para decir pero me parece que a medida que vayan trabajando este 2021, codo a codo con el Ejecutivo, nos vamos a ir sentando, las puertas de mi despacho est\u00e1n abiertas para todos, ustedes saben, yo no tengo ni un problema ni tienen que pedir audiencia, se acercan a mi despacho, me consultan lo que quieran consultarme, para eso estoy, para ustedes, llevarle informaci\u00f3n a la gente, sacarse las dudas. A todos se lo digo, sin distinci\u00f3n pol\u00edtica, yo sigo siendo Pino Bordoni acu\u00e9rdense. Aquel que no me quer\u00eda o que estaba en vereda distinta, pero yo los atend\u00ed siempre a todos, yo no dejo de atender a la gente, no miro si son radicales si son peronistas, si son de izquierda de derecha, para m\u00ed son personas, del momento que a m\u00ed me eligieron para ser Intendente yo tengo que atender a todo el mundo sin distinci\u00f3n de color pol\u00edtico, y eso enti\u00e9ndanlo. Puedo tener falencias, seguro que las tengo, me puedo equivocar seguro que me voy a equivocar, pero me voy a equivocar de buena leche no soy mala leche, disculpen la expresi\u00f3n, yo no soy mala leche. Me puedo equivocar como se equivoca cualquiera porque quiero hacer cosas, en el af\u00e1n de hacer cosas seguramente nos vamos a equivocar pero prefiero equivocarme haciendo cosas que ser un cobarde y quedarme sentado a ver qu\u00e9 pasa, eso de m\u00ed no lo van a lograr nunca, de que sea un cobarde y no haga lo que tenga que hacer aun estando equivocado. As\u00ed que simplemente con estas palabras voy a dejar inaugurada esta Sesi\u00f3n Ordinaria, y espero que este 2021 a pesar de que sea un a\u00f1o eleccionario prioricemos la gente que es lo \u00fanico que nos puede dar los votos que ustedes quieran tener para ser electos nuevamente, si alguno se vuelve a reelegir, prioricemos a la gente y con esto termino y dej\u00f3 inaugurada la Sesi\u00f3n Ordinaria de este Cuerpo Legislativo. Muchas gracias\u201d. (APLAUSOS)<\/p>\n<p>Se establecieron los d\u00edas de Sesiones y Reuniones de Trabajo, y la conformaci\u00f3n de las distintas Comisiones:<\/p>\n<p>D\u00edas de Sesi\u00f3n: 1\u00ba y 3\u00ba martes de cada mes.<br \/>\nReuniones de trabajo: 2\u00ba y 4\u00ba martes de cada mes.<br \/>\nHoras de sesi\u00f3n y reuni\u00f3n de trabajo: 20 hs.<\/p>\n<p>Conformaci\u00f3n de las Comisiones:<\/p>\n<p>ECOLOG\u00cdA Y MEDIO AMBIENTE: V\u00e1zquez Roc\u00edo, Fonfr\u00eda Jos\u00e9, Nori Elisabet.<\/p>\n<p>TURISMO Y DESARROLLO: Bassi Sebasti\u00e1n, Rojas Hugo, Fonfr\u00eda Jos\u00e9.<\/p>\n<p>PRODUCCI\u00d3N, COMERCIO E INDUSTRIA: Iribarren Claudio, Bassi Sebasti\u00e1n, Rojas Hugo.<\/p>\n<p>OBRAS P\u00daBLICAS: D\u00edaz Beatriz, Rosatelli Laura, Ibarra J. Manuel.<\/p>\n<p>PRESUPUESTO Y HACIENDA: Bassi Sebasti\u00e1n, Romero Mar\u00eda R., Ibarra J. Manuel.<\/p>\n<p>INTERPRETACI\u00d3N Y REGLAMENTO: D\u00edaz Beatriz, V\u00e1zquez Roc\u00edo, Montibeller Viviana.<\/p>\n<p>ASUNTOS MUNICIPALES: Montibeller Viviana, Romero Mar\u00eda R., Rosatelli Laura.<\/p>\n<p>SALUD P\u00daBLICA: Nori Elisabet, Iribarren Claudio, Rosatelli Laura.<\/p>\n<p><a title=\"a2a9d9e1ec364cc8bde30083764f277f.jpg_1280\" href=\"https:\/\/www.flickr.com\/photos\/182279889@N02\/50995411518\/in\/dateposted-public\/\" data-flickr-embed=\"true\"><img loading=\"lazy\" decoding=\"async\" src=\"https:\/\/live.staticflickr.com\/65535\/50995411518_0b6584e990_c.jpg\" alt=\"a2a9d9e1ec364cc8bde30083764f277f.jpg_1280\" width=\"800\" height=\"533\" \/><\/a><script src=\"\/\/embedr.flickr.com\/assets\/client-code.js\" async=\"\" charset=\"utf-8\"><\/script><br \/>\n <strong><br \/>\n Palabras de los Concejales:<br \/>\n <\/strong><br \/>\n Concejal Elisabet Nori:<br \/>\n \u201cAnte todo bueno, quiero saludar a todos los colegas Concejales presentes, a los Secretarios, las Secretarias y a toda la comunidad del Distrito de Tornquist que sigue por estos medios de comunicaci\u00f3n esta Sesi\u00f3n Inaugural. Tambi\u00e9n agradecer la presencia que tuvimos hace unos minutos atr\u00e1s del Intendente Municipal y de parte de su Gabinete. El a\u00f1o 2020 fue un a\u00f1o muy pero muy especial, que indudablemente quedar\u00e1 en los anales de la historia no solamente Argentina sino mundial, por una pandemia arrasante que nos azot\u00f3 a todos de manera impactante, a nivel distrital tambi\u00e9n nos toc\u00f3, y agregado a eso otras situaciones que provocaron cambios en las autoridades de este Concejo y autoridades de Bloques. Pese a todo pudimos llevar adelante un trabajo comprometido mayormente presencial, sin bajar los brazos nunca, siempre en pos de cubrir las necesidades y las inquietudes de las instituciones, sectores espec\u00edficos del trabajo y requerimientos puntuales de las familias en situaci\u00f3n de vulnerabilidad. Dicho esto es de destacar que este a\u00f1o 2021 no se percibe muy diferente, por el contrario, arrastramos una ca\u00edda en la econom\u00eda nacional de casi un 10% del PBI seg\u00fan los \u00faltimos informes de la ONU comparable solamente a la del a\u00f1o 2001-2002, y una inflaci\u00f3n que puede superar ampliamente los \u00edndices de los \u00faltimos a\u00f1os. Es por esto que se hace imperioso que nuestra labor resulte cada vez m\u00e1s comprometida, que el respeto prevalezca a\u00fan ante el disenso, que podamos construir incluso hasta cuando pensemos distinto y votemos distinto. Nuestras metas como Bloques de Cambiemos y Juntos por el Cambio apuntan a contribuir a la eficiencia del Estado en todos sus poderes y \u00e1reas de Gobierno, tendiendo a que el di\u00e1logo y la articulaci\u00f3n en la labor sea moneda corriente entre el Ejecutivo y el Legislativo y nunca perder el norte que nos llev\u00f3 a estar sentados en nuestras Bancas, ese norte es la gente, es el ciudadano sobre el cual no debe recaer el peso de posibles faltas de coordinaci\u00f3n y fallas en la comunicaci\u00f3n que puedan suceder. Consideramos que la transparencia es una pieza fundamental que nos atraviesa como funcionarios por eso la presentaci\u00f3n del Proyecto de Ordenanza para la generaci\u00f3n de un registro municipal de vacunaci\u00f3n contra el COVID-19 como as\u00ed tambi\u00e9n nuestra plena predisposici\u00f3n en todo lo inherente al \u00c1rea de Salud justamente porque sentimos que por estos tiempos esta tem\u00e1tica se ha convertido en algo de extrema sensibilidad. Todo es mejorable obviamente en todas las \u00e1reas de Gobierno por esto reitero nuestro compromiso para revalorizar todo lo que tenga que ver con el logro paulatino de una mayor calidad en la salud de la poblaci\u00f3n en general, una mayor calidad de vida. Asimismo y como estamos seguros y esperanzados de que todo es mejorable es que desde el a\u00f1o pasado comenzamos a poner \u00e9nfasis en el \u00e1rea educativa sobre lo cual presentamos Proyectos de Resoluci\u00f3n acompa\u00f1ando diversas iniciativas de nuestros legisladores en este sentido, haciendo hincapi\u00e9 en la importancia de la vuelta a las escuelas como una herramienta b\u00e1sica y vertebradora en el proceso de ense\u00f1anza-aprendizaje. Y como no solo queremos quedarnos en meras palabras en el d\u00eda de ma\u00f1ana presentaremos un Proyecto de Decreto para la creaci\u00f3n de la Comisi\u00f3n de Cultura y Educaci\u00f3n dentro de este Concejo Deliberante, la misma posee como prop\u00f3sito establecer una mayor, un mayor y mejor nexo y comunicaci\u00f3n con las autoridades educativas del Distrito, acompa\u00f1ar a los establecimientos educativos en aquellas cuestiones que est\u00e9n a nuestro alcance, y eventualmente articular acciones que puedan favorecer el quehacer educativo en todos sus aspectos. Aprovecho esta oportunidad para hacer llegar mis m\u00e1s sinceros saludos a todos los establecimientos educativos del Distrito que hoy como en toda la provincia inician un nuevo ciclo lectivo con presencialidad, augur\u00e1ndoles un fruct\u00edfero y exitoso a\u00f1o escolar. Nada se logra en soledad, nada se logra sin di\u00e1logo, por eso estamos convencidos de continuar e incluso reforzar cada vez m\u00e1s el trabajo mancomunado, el respeto por la independencia de los poderes, la fidelidad inquebrantable al compromiso asumido, y no olvidemos que este es un a\u00f1o electoral el acto electivo es el principal eslab\u00f3n de nuestro sistema democr\u00e1tico no lo olvidemos. Que la contienda no sea una permanente compulsa sin sentido sino un debate de ideas y propuestas que sepamos proyectar nuestro Distrito en crecimiento y desarrollo con pol\u00edticas p\u00fablicas consensuadas a corto mediano y largo plazo que trasciendan las gestiones. Un nuevo per\u00edodo legislativo estamos comenzando y con \u00e9l nuevas oportunidades para ratificar en forma permanente nuestra responsabilidad plena hacia la funci\u00f3n asumida y hacia todos aquellos valores que representamos como espacio pol\u00edtico Juntos por el Cambio. Nada m\u00e1s se\u00f1or Presidente\u201d.<\/p>\n<p>Concejal Beatriz D\u00edaz:<br \/>\n \u201cDespu\u00e9s de casi un a\u00f1o sin clases presenciales donde muchos alumnos se vieron limitados y en algunos casos impedidos de tener continuidad en su educaci\u00f3n, celebro el regreso a las aulas, un inicio de ciclo lectivo muy diferente con todos los cuidados que se solicitan y requieren seg\u00fan el plan jurisdiccional. Esperamos que este a\u00f1o se considere una actividad esencial, Unicef sostiene que el inicio del cierre de las escuelas ha sido desbastador a nivel mundial, afectando sus aprendizajes, la protecci\u00f3n y el bienestar de los ni\u00f1os, ni\u00f1as y adolescentes. Tambi\u00e9n han identificado un impacto secundario en la situaci\u00f3n emocional de los ni\u00f1os, en cambios de h\u00e1bitos, de alimentaci\u00f3n en los m\u00e1s peque\u00f1os, y generando angustia y depresi\u00f3n en los mayores, cambios que afectan el desarrollo emocional y cognitivo. La escuela tiene un rol fundamental en el bienestar integral de los ni\u00f1os, ni\u00f1as y adolescentes por eso desde nuestro Bloque consideramos que la educaci\u00f3n debe estar considerada como una actividad esencial. Esta informaci\u00f3n reciente a nivel mundial indica que con las medidas de seguridad necesarias las escuelas no son el principal factor de transmisi\u00f3n de la comunidad. Esperemos tener un buen a\u00f1o escolar y les deseo un feliz inicio de ciclo lectivo 2021 a todos. Muchas gracias se\u00f1or Presidente\u201d.<\/p>\n<p>Concejal Roc\u00edo V\u00e1zquez:<br \/>\n \u201cBuenas tardes se\u00f1or Presidente del Honorable Concejo Deliberante, Concejales, compa\u00f1eros. El 2020 no fue un a\u00f1o f\u00e1cil como repitieron todos los aqu\u00ed presentes, at\u00edpico para los Tornquinstenses, para el pa\u00eds, y el mundo, donde trabajamos codo a codo para resolver lo urgente, lo inmediato y lo desconocido. Este a\u00f1o todav\u00eda situado en un contexto dif\u00edcil marcado por la pandemia, es nuestro compromiso y desaf\u00edo como Bloques marcan la agenda con las necesidades que nos plantea la poblaci\u00f3n, pero as\u00ed tambi\u00e9n con proyectos concretos, reales, que mejoren la calidad de vida de nuestros habitantes. Quiero mencionar dos grandes temas que fueron abordados anteriormente por el se\u00f1or Intendente, uno de ellos son los basurales a cielo abierto que tenemos entre las localidades de Saldungaray y Sierra de la Ventana y en la ciudad cabecera. En medios radiales, y como dije anteriormente se habla de un proyecto interdistrital que cuando sali\u00f3 a los medios y nos han mencionado en alguna reuni\u00f3n por arriba decidimos, el primero de febrero, hacer una nota formal para conocer los detalles de dicho proyecto, lo cual al d\u00eda de la fecha, o sea un mes despu\u00e9s, no hemos recibido ning\u00fan tipo de respuesta por parte del Ejecutivo. Es necesario este trabajo en conjunto entre el Legislativo y el Ejecutivo para resolver inquietudes, para responderle a la gente, por eso este trabajo tiene que ser din\u00e1mico frente a un pedido, tiene que haber una respuesta. Necesitamos y pedimos que el Ejecutivo nos responda las notas enviadas as\u00ed como tambi\u00e9n los Pedidos de Informes para dar dichas respuestas, y tambi\u00e9n para poder tratarlos con el tiempo suficiente y sin apuros a \u00faltimo momento. Otro de los temas que me parecen de suma importancia y han mencionado tanto Elisabet como Bety es el tema de la educaci\u00f3n. En primera instancia felicitar a los que hoy iniciaron el ciclo lectivo 2021,a algunos le toca el pr\u00f3ximo lunes, un ciclo lectivo con protocolos, nervios y para descontracturar un poco con metro en mano, los que saben o est\u00e1n en el sistema educativo ha sido una de las herramientas principales para iniciar el ciclo lectivo. Tambi\u00e9n vale aclarar que durante el 2020 s\u00ed hubo clases, que no fue un a\u00f1o perdido, fue un a\u00f1o diferente, donde se abord\u00f3 la educaci\u00f3n desde otra perspectiva, con sacrificio de toda la comunidad educativa. Siempre fue considerada una actividad esencial y por eso se realizaron pol\u00edticas para que la educaci\u00f3n llegue a todos los ni\u00f1os, j\u00f3venes y adultos de nuestra Provincia y de nuestro pa\u00eds. Como manifest\u00f3 nuestro Presidente en su discurso inaugural \u201csin salud no hay presente y sin educaci\u00f3n no hay futuro, garantizar el futuro de justicia social, de oportunidades, bienestar y dignidad de nuestro pueblo merece, requiere de fuertes decisiones en la educaci\u00f3n\u201d. Necesitamos garantizar una educaci\u00f3n igualitaria, de calidad donde nuestros ni\u00f1os, j\u00f3venes y adultos puedan encontrar en la educaci\u00f3n la herramienta para mejorar su calidad de vida. Resaltamos los distintos aportes que llegaron de Provincia a trav\u00e9s del Fondo Educativo y que fueron gestionados por el Consejo Escolar para realizar obras de infraestructura para mejorar los establecimientos educativos en todo el Distrito. Desde nuestros Bloques hemos realizado las gestiones necesarias con entrega de nota en mano al se\u00f1or Gobernador de la Provincia de Buenos Aires solicitando una de las obras que consideramos necesarias, que es la Escuela Secundaria N\u00b0 4 de Saldungaray que no solo funciona la Secundaria 4 sino el C.E.N.S. 451, la UPSO y el Centro de Formaci\u00f3n Profesional. Un trabajo mancomunado es el que necesitamos en este tipo de situaciones entre Concejo Deliberante y el Ejecutivo para lograr un desarrollo a nivel distrital. Y para terminar como dijo Alberto \u201cque la semilla crezca y germine es una tarea de todos y todas. De este tiempo de pandemia podemos hacer renacer un tiempo de esperanza f\u00e9rtil para una Argentina mejor. Unidas y unidos vamos a seguir recorriendo ese camino\u201d. Nada m\u00e1s se\u00f1or Presidente\u201d.<\/p>\n<p>&nbsp;<\/p>\n<p>&nbsp;<\/p>\n<p>Concejal Mar\u00eda Rosa Romero:<br \/>\n \u201cBueno, buenas noches a todos, buenas noches al se\u00f1or Presidente, al se\u00f1or Secretario del Bloque. Bueno, en primer lugar agradecer a la poblaci\u00f3n que nos est\u00e1n acompa\u00f1ando a trav\u00e9s de las redes, agradecer al se\u00f1or Intendente por las palabras en la apertura. Y bueno, tambi\u00e9n en este marco de pandemia que sufrimos y estamos sufriendo, quiero agradecer al personal de salud, a los servidores p\u00fablicos, bomberos, polic\u00edas, que han estado al frente de esta batalla, es muy importante resaltar el trabajo que siguen haciendo. Con respecto al tema de salud quiero mencionar las inquietudes que me han llegado con respecto a la Unidad Sanitaria de Sierra de la Ventana, a la decisi\u00f3n que se ha tomado de anular las guardias obstetricias, me gustar\u00eda que se revea la situaci\u00f3n para que bueno, si algo no estaba funcionando bien es importante mejorarlas, pero no sacarnos derechos, siendo que es muy importante tener un servicio y que no sea focalizado en la localidad cabecera porque por ah\u00ed esos 45 minutos de viaje en el traslado, bueno, puede ser terrible, o bueno, y se puede evitar en la Unidad Sanitaria. Un edificio que est\u00e1 impecable, hay una Cooperadora que est\u00e1 trabajando mucho, pero tambi\u00e9n tengo reclamos porque la sala de rayos est\u00e1 sin terminar, el equipo de rayos est\u00e1, pero no est\u00e1 instalado, entonces es una pena de que teniendo un hermoso edificio est\u00e9n faltando cosas, as\u00ed que en eso tendr\u00edamos que enfocar para las mejoras. Al igual que la Unidad Sanitaria de Saldungaray, si se puede gestionar con la Secretar\u00eda de Salud para las mejoras de infraestructura, para una pronta soluci\u00f3n a las personas que necesiten una atenci\u00f3n, y vuelvo a repetir, no sean derivadas a la localidad cabecera. Nada, despu\u00e9s agradecer al se\u00f1or Gobernador Axel Kicillof que tuvimos su visita y toda la ayuda que nos est\u00e1 enviando. Quiero recordar tambi\u00e9n que ante los Pedidos de Informes solicitamos algo importante que estoy enfocando al tema de salud, es las pruebas de agua \u00bfs\u00ed? los resultados como para ver qu\u00e9 es lo que estamos consumiendo, qu\u00e9 agua estamos, si es potable, qu\u00e9 es lo que estamos consumiendo en todas las localidades del Distrito. Nada se\u00f1or Presidente\u201d.<\/p>\n<p>Concejal Laura Rosatelli:<br \/>\n \u201cSi, se\u00f1or Presidente quiero agradecer la presencia, bueno, de quienes estuvieron en la apertura de las Sesiones, de la Sesi\u00f3n Inaugural, al se\u00f1or Intendente y a parte de su Ejecutivo Municipal, a todos los Concejales, a las Secretarias Administrativas, Secretarios de Bloques por acompa\u00f1arnos en este momento tan importante para la democracia. Desear un a\u00f1o de trabajo comprometido donde reine el respeto y las buenas relaciones interpersonales. Sabemos que m\u00e1s all\u00e1 de las diferencias, todos fuimos elegidos por el pueblo para trabajar y acompa\u00f1ar en mejorar la calidad de vida de los vecinos y el engrandecimiento de nuestro Distrito. El 2020 m\u00e1s de uno ya lo dijo fue un a\u00f1o muy triste de temor, de incertidumbre, debimos afrontar una pandemia que nunca nos imaginamos. En ese momento dejamos de lado las diferencias pol\u00edticas partidarias para afrontar la triste realidad que nos toc\u00f3 vivir y que estamos viviendo porque el virus est\u00e1. Tanta gente que la pas\u00f3 muy mal debiendo cerrar las persianas de sus comercios, gente sin trabajar, el turismo tan golpeado, gente que perdi\u00f3 seres queridos, y nosotros debemos agradecer de haberlo transitado porque hoy estamos vivos. M\u00e1s tarde llega la vacuna, tan cuestionada, criticada, llegar a decir que se vacunan los pol\u00edticos con ese veneno, porque llena el alma ver a tanta gente, en este caso mayor, estar desesperados esperando ser vacunados. Y hoy un centro de vacunaci\u00f3n organizado con gente comprometida, lo que genera tanta tranquilidad. Como tambi\u00e9n es muy triste escuchar frases y ver im\u00e1genes como fue frente al Congreso con las bolsas mortuorias, gente inhumana, un acto totalmente repudiable, \u00bfqu\u00e9 mensaje se deja? \u00bfQu\u00e9 mensaje dejamos frente a la gente que perdi\u00f3 un ser querido? Algo que no se puede creer. Pero se\u00f1or Presidente cuando se le inyecta odio a la pol\u00edtica es cuando el Pa\u00eds pierde su rumbo y eso nunca tenemos que permitirlo. Nada m\u00e1s se\u00f1or Presidente\u201d.<\/p>\n<p>Concejal Claudio Iribarren:<br \/>\n \u201cBueno, en primer t\u00e9rmino agradecer la presencia de las autoridades del Ejecutivo y en particular del Intendente. El an\u00e1lisis del discurso, bueno, ha sido un discurso componedor, llamando a la unidad, a no perder de vista el contexto donde estamos parados, y sobre eso me quer\u00eda, me gustar\u00eda dar un pantallazo general para ubicarnos d\u00f3nde estamos parados y por qu\u00e9 estamos ac\u00e1 \u00bfno? Tornquist est\u00e1 m\u00e1s que claro que no es una isla en toda la Provincia, y bueno, como todos los pueblos chicos a nivel de desarrollo local tenemos una gran interdependencia muy fuerte, como no, que son las pol\u00edticas nacionales y provinciales \u00bfno? para clarificar a pesar del contexto dejado por el Gobierno de Cambiemos que no lo quiero dejar soslayado digamos, y dejar pasar, pero venimos de un contexto que es realmente hipercomplejo, con 45.000 millones de deuda a cubrir casi de inmediato, y lo peor con las condicionantes y las limitaciones para arreglar ese desaguisado que nos dejaron. El Gobernador Axel hablaba de, nos dejaron hasta la caja de herramientas vac\u00eda, se refer\u00eda a la imposibilidad de obtener un cr\u00e9dito, los plazos de pago pautados por el Gobierno de Cambiemos y fundamentalmente a la destrucci\u00f3n y el desmantelamiento de sectores claves del Estado para hacer frente a la reactivaci\u00f3n de un pa\u00eds. Si a esta situaci\u00f3n le adicionamos los da\u00f1os generados por la pandemia o el COVID-19 el panorama realmente era muy complejo, vuelvo a referirme, las pol\u00edticas nacionales y provinciales tienen un impacto notable a nivel local, quedamos en deuda con un mont\u00f3n de cuestiones, s\u00ed, s\u00ed tenemos deudas obviamente como Frente de Todos y gobernando un pa\u00eds, una provincia, tenemos deudas. Todas las metas proyectadas se reprograman, se posponen, tenemos muchas, s\u00ed, tenemos deudas, generar trabajo es una deuda pendiente, recuperar el poder adquisitivo, las jubilaciones, no podemos estar contentos con lo que nos ocurri\u00f3, pero evidentemente las prioridades en la emergencia nos obligaron a cubrir lo urgente \u00bfno? salvar vidas, recuperar el sistema sanitario, el aislamiento preventivo y obligatorio fue una necesidad, la DISPO despu\u00e9s, vino la carrera por la vacuna y otra cosa fundamental que est\u00e1bamos ac\u00e1 hace un rato discutiendo la lucha contra la campa\u00f1a anti vacunas. No fue una cosa simple y sencilla, fue una lucha orquestada con medios de comunicaci\u00f3n de una enorme influencia que apuntaron a que toda la campa\u00f1a se cayera. Pero creo que, aun as\u00ed, se han obtenido logros en muchas \u00e1reas. Es fundamental el acuerdo con el pago de la deuda a los acreedores, hoy hablaba Axel en su discurso tambi\u00e9n, la importancia que tuvo evitar el colapso sanitario. Ven\u00edamos de un Gobierno que no ten\u00eda Ministerio de Salud y del desguace del sistema p\u00fablico de salud, otro logro para mi fundamental es que se reinstal\u00f3 el rol fundamental que tiene que tener el Estado no solo redireccionando las pol\u00edticas p\u00fablicas y de desarrollo, sino tambi\u00e9n la importancia que tiene en situaciones de crisis. Imag\u00ednense lo que hubiese ocurrido, uno, bueno no puedo hacer esto pero, lo que hubiese ocurrido realmente si, si est\u00e1bamos en otras manos \u00bfno? Pensaba el replanteo del sistema de salud, un sistema de salud totalmente precarizado, dividido, atomizado, Cristina habl\u00f3, nuestra referente pol\u00edtica en mi caso particular por excelencia, habl\u00f3 del replanteo de este sistema de salud, volver a tener un sistema de salud p\u00fablico fuerte, integrado. La importancia que tuvo esta l\u00ednea de bandera, la tan vilipendiada l\u00ednea de bandera, repatriaci\u00f3n de ciudadanos por todos lugares del mundo, traer insumos para la pandemia, los viajes para las vacunas los estamos haciendo con la l\u00ednea de bandera. Otro logro me aparece la red de contenci\u00f3n social que se orquest\u00f3 con los distintos Ministerios y la articulaci\u00f3n con las organizaciones sociales que han sido claves en los barrios. Quiero resaltar tambi\u00e9n una enorme inversi\u00f3n en Obras P\u00fablicas activando evidentemente un reactivador del trabajo, aqu\u00ed voy a hacer hincapi\u00e9 en el trabajo que ha hecho el Ministro Katopodis en Naci\u00f3n, el trabajo a nivel distrital y de la regi\u00f3n de vialidad es algo bien tangible, Gustavo, me refiero a Gustavo Trankels, nuestro referente local; Ferraresi en viviendas, un Intendente de un Distrito fuerte como Avellaneda conociendo las problem\u00e1ticas, haci\u00e9ndose cargo de un, de un Ministerio de importancia con un ambicioso plan; G\u00f3mez Alcorta en Pol\u00edticas de G\u00e9nero, el avance ha sido sustancial; en Desarrollo Social el trabajo de Daniel Arroyo ha sido formidable, nunca alcanza, es cierto, nunca alcanza; Rossi en Defensa; Wado e Interior con los Gobernadores; y tambi\u00e9n resaltar la pol\u00edtica sanitaria, y aqu\u00ed nombro a Gin\u00e9s y nombro a Vizzotti. Gin\u00e9s ha hecho much\u00edsimo por la pol\u00edtica sanitaria de este pa\u00eds, una pena como se tuvo que ir, y bueno, un error que cost\u00f3 bastante \u00bfno? sobre todo en un intento, en un Gobierno que intenta luchar con los privilegios y toma la equidad y la igualdad como bandera, no admite este tipo de situaciones, atenta fundamentalmente hacia el interior desde nuestro espacio, pero lo que me llama la atenci\u00f3n es que la pr\u00e9dica del deber ser, de la pureza y la pulcritud la hagan Macri, Patricia Bullrich, Arribas, Majdalani, Vidal y la mar en coche, es muchos muchachos eso, no encaja. Sigo enumerando lo de Axel en la Provincia, bueno creo que el Intendente fue m\u00e1s que claro con el apoyo que ha tenido, fue enorme para pagar los sueldos del municipio, para el sostenimiento del \u00e1rea de salud, fue m\u00e1s que claro, y bueno, omite que yo siga alabando este tipo de apoyos, pero fue enorme el apoyo a los municipios sin tener en cuenta el color pol\u00edtico. La presencia de todo su equipo en el interior, los Ministros caminando realmente el interior, cuando no hay recursos qu\u00e9 es lo que ocurre, yo le dec\u00eda el Ministro nuestro, al Ministro de Desarrollo Agrario, Javier Rodr\u00edguez, cuando estuvo hace poco en la estaci\u00f3n forestal y en el vivero, es important\u00edsimo para la gente local, para la gente laburante que est\u00e1 dentro de, del vivero, de la estaci\u00f3n, que venga un Ministro, hac\u00eda 20 a\u00f1os que no pisaba un Ministro la estaci\u00f3n forestal, y ese tipo de apoyo son gestos que uno valora y much\u00edsimo. Gustavo, me refiero a Gustavo Trankels dijo a fines de enero, hoy la pol\u00edtica, cuando le preguntaron por el tratamiento de la pol\u00edtica partidaria y que se ven\u00edan las elecciones, que hoy la pol\u00edtica partidaria qued\u00f3 en un segundo plano y estamos todos abocados a resolver la pandemia. Yo comparto esa visi\u00f3n, creo que fue un a\u00f1o sumamente complicado y que nunca tenemos que perder de vista el contexto d\u00f3nde estamos en marzo. La pandemia obviamente est\u00e1 muy lejos de terminar, cuidarnos entre nosotros, vacunarnos, apoyarnos, debe seguir siendo prioritario. Desde la pol\u00edtica, nunca debe ser dejado de lado y lo digo sobre todo porque hoy, en un a\u00f1o electoral y l\u00f3gicamente las diferencias se van a recrudecer, pero siempre como dijo Gustavo anteriormente, sin perder de vista el contacto, el contexto, el marco por el que transitamos y que el objetivo, que tambi\u00e9n lo dijo el Intendente y lo dijo mi compa\u00f1era Roc\u00edo reci\u00e9n, es el bienestar de la poblaci\u00f3n, nunca perder de vista eso. Tambi\u00e9n, desde la pol\u00edtica, desde adentro tampoco generar m\u00e1s motivos, el riesgo latente que tenemos y que est\u00e1 cercano es el descreimiento de la pol\u00edtica como herramienta de cambio, y no podemos pecar y entrar en ese juego \u00bfno? El Gobierno sufre y lucha permanentemente con las condicionalidades que genera el poder real, o sea, el poder econ\u00f3mico, financiero, medi\u00e1tico, ese poder multidimensional hiperconcentrado, que es el que impone los rumbos, hacia d\u00f3nde va, y el Gobierno lucha permanentemente contra \u00e9l, es una lucha totalmente desigual \u00bfno? y la pol\u00edtica es una herramienta clave para esa lucha. Hoy lo dijo Alberto en su discurso, \u201cninguna sociedad se desarrolla en un \u00e1mbito en que unos pocos progresan mientras millones quedan postergados\u201d, y quiero completarla con otra frase de otro de nuestros l\u00edderes, \u201cqueremos una Argentina que cierre pero con los argentinos adentro\u201d, eso lo dijo M\u00e1ximo Kirchner. Muchas gracias se\u00f1or Presidente\u201d.<\/p>\n<p><a title=\"9c0d120e84854a96b7a4fa3ab10f74da.jpg_1280\" href=\"https:\/\/www.flickr.com\/photos\/182279889@N02\/50995411423\/in\/dateposted-public\/\" data-flickr-embed=\"true\"><img loading=\"lazy\" decoding=\"async\" src=\"https:\/\/live.staticflickr.com\/65535\/50995411423_9ca153ae8a_c.jpg\" alt=\"9c0d120e84854a96b7a4fa3ab10f74da.jpg_1280\" width=\"800\" height=\"533\" \/><\/a><script src=\"\/\/embedr.flickr.com\/assets\/client-code.js\" async=\"\" charset=\"utf-8\"><\/script><\/p>\n<p>Concejal Sebasti\u00e1n Bassi:<br \/>\n\u201cBien, una vez m\u00e1s reivindicar el profundo agradecimiento y sincero, a todo el personal de salud, servicios de seguridad y empleados municipales que le pusieron el cuerpo y se lo siguen poniendo a esta pandemia que no ha terminado, como as\u00ed tambi\u00e9n a todos los vecinos y voluntarios, no dejar a nadie afuera porque bueno, coincido con las palabras de varios de los Ediles que han compartido ya su alocuci\u00f3n manifestando que esto nos descoloc\u00f3 y nos atraves\u00f3 a todos, pero recordar y tenerlos presentes a diario que bueno el trabajo mancomunado fue y que nos permite tener este presente que no es el mejor, pero bueno, no queda otra que seguir marchando y mejorando todos aquellos aspectos que m\u00e1s se puedan. Tambi\u00e9n quiero hacer referencia, manifestar mi adhesi\u00f3n a las palabras de la Concejala Elisabet Nori, donde trat\u00f3 de manera prolija y ordenada como es ella, varios ejes importantes que no tenemos que perder de vista, pero principalmente haciendo referencia a esto que empecemos de una vez por todas a nivel local a tener acuerdos o pol\u00edticas de Estado, as\u00ed sean m\u00e1s o menos ambiciosa depende cada uno, que trasciendan al Intendente que le toque gobernar, y creo que esa es la manera para poder proyectarnos, crecer y desarrollar, no solamente a mediano y corto plazo sino obviamente a futuro, nadie creo que voy a poner en discusi\u00f3n esto pero pong\u00e1monos a no solamente escribir y a pensar, sino accionar. Tambi\u00e9n, y adem\u00e1s coincidir con las palabras de la Concejal Beatriz D\u00edaz donde puso el foco y el eje en la educaci\u00f3n, cuesti\u00f3n para nosotros los que tenemos a\u00f1os de docencia fundamental y determinante, hoy fue un d\u00eda especial donde todos los que tenemos hijos, somos docentes, nos sentimos raros en el sentido que bueno volvimos a la escuela, volvimos a la manera presencial con los protocolos, con los cuidados pero volvimos a algo que era sumamente importante y al cual hay que sostenerlo. La educaci\u00f3n es presente y futuro y tambi\u00e9n es bienestar emocional \u00bfeh? Y para ir y no extenderme en mis palabras, pero s\u00ed hacer foco en un tema que fue muy, muy cuestionado que tambi\u00e9n gener\u00f3 confusi\u00f3n a nivel local, como fue el tema de vacunaci\u00f3n, que sin querer entrar en demasiada pol\u00e9mica porque manifest\u00e9 en el cuarto intermedio y antes de iniciar la Sesi\u00f3n, cada cual tiene su postura, su visi\u00f3n formada y es respetable, pero s\u00ed dejar claro que nosotros como es tambi\u00e9n de p\u00fablico conocimiento para alg\u00fan sector de la poblaci\u00f3n y para otro no, estamos presentando un Proyecto de Ordenanza con la intenci\u00f3n de anticiparnos a las desprolijidades que se hicieron p\u00fablicas a nivel Naci\u00f3n, y bueno, Provincia tambi\u00e9n, porque bueno, ah\u00ed voy a discrepar con el Concejal Iribarren que dice que hubo un error, y bueno ya se pag\u00f3, para m\u00ed hubo 13.000 errores o 14.000. Desmanejos que no estaban acorde, bueno, a la situaci\u00f3n que estamos viviendo \u00bfeh? y reitero, cada cual tiene su opini\u00f3n formada, su pensamiento, su postura tomada, no quiero entrar, pero la intenci\u00f3n ac\u00e1 no era poner en tela de juicio a nivel local, c\u00f3mo se viene llevando a cabo el plan, porque de acuerdo a las averiguaciones y a las conversaciones que tenemos con los vecinos, con los referentes ello va marchando, no hay nada a la fecha que cuestionar y si lo hay, bueno ya se ha hecho, pero la intenci\u00f3n de la Ordenanza que vamos a presentar es anticiparnos a, bueno, a emprolijar esas cosas. As\u00ed que tambi\u00e9n, para finalizar agradezco a todos los que hoy se han hecho presente, tambi\u00e9n brindar por un nuevo Inicio y que este a\u00f1o a pesar de que haya elecciones nos encuentre superados y trascendamos esas, a ver, chicanas que a m\u00ed no me gustan, ser parte de la pol\u00edtica que nos une. Nada m\u00e1s se\u00f1or Presidente, muchas gracias\u201d.<\/p>\n<p>Concejal Viviana Montibeller:<br \/>\n\u201cBueno creo que ya un poco han hablado casi todos los Concejales, y tambi\u00e9n referirme a las palabras de inicio de las Sesiones de este Honorable Concejo, agradecerle la presencia al Intendente y a parte de su Ejecutivo. Y bueno, pedirle que este a\u00f1o sea un a\u00f1o de consenso pero real, que sea no de un doble discurso por parte de nosotros Concejales de hablar de consenso, de hablar de compartir opiniones, de compartir proyectos y despu\u00e9s estar todo el tiempo trayendo a la mesa de discusi\u00f3n lo que se hizo, lo que no se hizo, c\u00f3mo nos dejaron el Gobierno anterior, arrasado no arrasado, hemos pasado un a\u00f1o muy dif\u00edcil y seguimos en esta pandemia como dijeron todos y como lo estamos viviendo, comerciantes de todo el Distrito lo han pasado muy mal, y otros hemos tenido bueno un verano en el que han trabajado muy bien, en donde hemos podido recibir turistas, y a los hechos me remito, hasta la comarca ha estado colmada de gente los fines de semana. Pero bueno, de eso se trata a los doce Concejales estamos hoy aqu\u00ed sentados le guste a quien le guste, representamos a todo el Distrito los doce, entonces traemos aqu\u00ed todas las propuestas, las dudas, los problemas que tienen, y cuando venimos ac\u00e1 intentamos solucionarlos de alguna manera. Por eso las palabras del Intendente las tomo y tambi\u00e9n le pido eso, que podamos charlar antes de llegar a malos entendidos y dem\u00e1s, que se puedan charlar los expedientes con tiempo, los proyectos y que realmente podamos cada uno de nosotros desde el respeto siempre porque todos tenemos nuestros ideales, bueno, cada uno nombr\u00f3 a los suyos, tenemos nuestra forma de pensar pero desde el respeto. Yo no puedo ver cuando estamos de un lado y del otro y realmente somos de un lado y el otro, o sea, el que est\u00e1 de un lado piensa que el que est\u00e1 equivocado es el otro y viceversa. Tenemos un a\u00f1o bastante complicado as\u00ed que renovar esfuerzo, seguir trabajando, celebro el comienzo de las clases,- Tambi\u00e9n en salud much\u00edsimas cosas se han hecho, ya las han nombrado los diferentes Concejales, y lo que es tambi\u00e9n en acci\u00f3n social el Intendente hoy dio n\u00fameros y creo que dijo, nombr\u00f3 por persona, pero esos n\u00fameros creo que son por familias no personas sino familia, entonces tenemos que ser respetuosos a veces cuando nos peleamos, cuando decimos cosas que hay gente que realmente la est\u00e1 pasando mal, que la ha pasado muy mal, y bueno, seguimos en esa lucha, para eso estamos aqu\u00ed para seguir trabajando y que sea real el discurso que decimos, que venimos a trabajar en conjunto, podemos tener nuestras diferencias pero que pueda ser as\u00ed, desde el consenso y desde la puesta en com\u00fan de nuestras ideas. Bueno, desearles a todos un buen a\u00f1o, de buenas intenciones y que realmente sean buenas intenciones y que trabajemos libres en lo que cada uno sostiene y piensa, pero sin perder el norte que es la gente que nos puso en esta Banca. Nada m\u00e1s se\u00f1or Presidente<\/p>\n<p>Concejal Juan Manuel Ibarra:<br \/>\n\u201cCreo que es el \u00faltimo inicio de Sesiones Ordinarias sentado en esta Banca y creo que el suyo tambi\u00e9n, no s\u00e9 si nos volveremos a encontrar en esta misma situaci\u00f3n en a\u00f1os venideros. En primer lugar quiero tomarme el atrevimiento de hablar en nombre de mi Bloque, del Bloque Cambiemos y si me lo permiten los Concejales opositores hablar tambi\u00e9n en nombre de ellos, para invitar a la gente que se anote a vacunarse creo que es la \u00fanica forma de poder terminar este virus, no lo digo yo lo dicen los especialistas. Si hay algo que puede terminar con la cuarentena, con el virus y con esta crisis de salud que estamos viviendo, es que la gente se anote para vacunarse y que se vacune, despu\u00e9s discutiremos si llegan las vacunas o no llegan pero creo que fue claro el Intendente en alguna nota radial que dio, que el n\u00famero de vacunas que env\u00eden a cada Distrito tiene que ver con el n\u00famero de anotados, por lo tanto cuanto m\u00e1s anotados haya m\u00e1s vacunas van a venir, y por lo tanto de esa forma se va a erradicar el virus. Yo no creo que haya habido una campa\u00f1a anti vacunas y dem\u00e1s, pero eso son opiniones y son todas respetables, porque las opiniones se respetan, pero s\u00ed considero que hay que vacunarse \u00bfsi? para evitar ver fantasmas donde por ah\u00ed no los hay, es nuestra \u00fanica salvaci\u00f3n la vacuna. Dicho eso, voy a hacer una apreciaci\u00f3n personal, sentimiento que me gener\u00f3 hoy el discurso del Jefe Comunal, una sensaci\u00f3n rara porque el a\u00f1o pasado est\u00e1bamos en la misma lista compartiendo el mismo partido pol\u00edtico, el mismo color pol\u00edtico y hoy nos encuentra este inicio de Sesiones Ordinarias siendo oposici\u00f3n al Gobierno Municipal, es raro, es rara la situaci\u00f3n, no digo que sea dif\u00edcil de manejar porque siempre fuimos responsables de nuestros Bloques y respetamos, respetamos las opiniones y respetamos lo que se hac\u00eda, pero no deja de ser raro. M\u00e1s de una vez en reuniones partidarias lo he escuchado al Intendente criticar mucho a los que hoy nos conducen, el mismo Intendente que hoy los halaga. Tendr\u00e1 sus razones, no lo voy a criticar ni lo voy a cuestionar, sabr\u00e1 por qu\u00e9 lo hizo y sabr\u00e1 por qu\u00e9 lo hace, no soy qui\u00e9n para cuestionar sus decisiones y sus opiniones. Siguiendo con el virus creo que no solo dej\u00f3 un gran n\u00famero de personas fallecidas lamentablemente, cuestionable o no las acciones llevadas a cabo por el Gobierno creo que dej\u00f3 una crisis econ\u00f3mica muy grande, tambi\u00e9n responsabilidad o no del Gobierno, de eso cada uno sabr\u00e1 verlo pero lo que tambi\u00e9n dej\u00f3 este virus es expuesta una serie de situaciones, como por ejemplo la desinversi\u00f3n que hubo durante d\u00e9cadas en el sistema de salud, la desinversi\u00f3n que hubo durante d\u00e9cadas en educaci\u00f3n. Hoy nos encontramos con algunos gremios, sindicatos, diciendo que las clases no pueden empezar porque las garant\u00edas no est\u00e1n dadas, porque los edificios no est\u00e1n preparados, etc, etc. Es important\u00edsimo que los chicos vuelvan a las escuelas, pero no solo por el hecho de, esto es una apreciaci\u00f3n personal tambi\u00e9n y seguramente pensamiento propio, por las personas que uno escucha y con los que se rodea, pero no solo la educaci\u00f3n es importante de forma presencial sino que el hecho de que no haya habido chicos en las escuelas gener\u00f3 una desigualdad, yo no considero que haya sido lo mismo porque hay muchos chicos que no tuvieron la oportunidad de tener una computadora, de tener internet y es la realidad. Por ah\u00ed nuestro Distrito es un pueblo chico todav\u00eda, en cada una de las localidades tiene una realidad diferente a las grandes ciudades, pero la realidad es que n\u00fameros oficiales dicen que m\u00e1s de un mill\u00f3n de chicos en el 2020 se desconect\u00f3 de la escuela y eso genera desigualdad, eso es seguir generando desigualdad. Siguiendo con el tema de salud y yendo a una frase del Intendente, o a una opini\u00f3n o dichos del Intendente, donde resaltaba lo que se creci\u00f3 en salud el a\u00f1o pasado, consecuencia de este virus \u00bfno? creo que la inversi\u00f3n est\u00e1 m\u00e1s que justificada, es justamente el \u00e1rea que hab\u00eda que, el \u00e1rea que hab\u00eda que invertir porque eso no fue un gasto fue una inversi\u00f3n. Creo que tambi\u00e9n salud creci\u00f3 much\u00edsimo y tambi\u00e9n dicho por el propio Intendente, en la gesti\u00f3n anterior con Mar\u00eda Eugenia Vidal, porque si hay algo que mejor\u00f3 es el hospital local en los primeros cuatro a\u00f1os de Bordoni much\u00edsimo mejor, y no solo en Tornquist, sino en Chasic\u00f3 en Sierra. Una Gobernadora que cuando toma las riendas de la Provincia no ten\u00eda ni siquiera la caja de herramientas, ni siquiera lo hab\u00edan dejado la caja de herramientas, no las herramientas ni siquiera la caja le hab\u00edan dejado, entonces creo que eso tambi\u00e9n es importante remarcarlo. Por \u00faltimo y para no hacer m\u00e1s extensiva la alocuci\u00f3n, yo estoy de acuerdo en el discurso del Intendente, un discurso conciliador, donde se termine la grieta, y creo que desde nuestros Bloques siempre fomentamos eso, por lo menos desde el primer d\u00eda que a m\u00ed me toc\u00f3 estar ocupando esta Banca, y as\u00ed lo ven\u00edan haciendo. El anterior Presidente Gustavo Moroncini, lo mismo est\u00e1 haciendo usted, creo que ac\u00e1 siempre se buscaron los consensos, el di\u00e1logo y eso es terminar con la grieta, terminar con la grieta no es pensar iguales \u00bfsi? Terminar con la grieta es poder criticar, haciendo una cr\u00edtica constructiva porque esa es la oposici\u00f3n que nosotros vamos a generar dentro de este Recinto, una cr\u00edtica constructiva, no vamos a ser obsecuentes. Muchas veces al poder pol\u00edtico de turno le conviene gente obsecuente, que no le cuestione, no nosotros no vamos a hacer eso, vamos a ser cr\u00edticos pero para mejorar aquello que est\u00e9 mal y para acompa\u00f1ar aquello que est\u00e1 bien. Hay algo que marqu\u00e9, el Intendente dijo que despu\u00e9s de cinco a\u00f1os fue la primera vez que el presupuesto se aprob\u00f3 por unanimidad, nosotros siempre lo acompa\u00f1amos siendo oficialismo y lo acompa\u00f1amos esta \u00faltima vez siendo oposici\u00f3n, y eso creo que es terminar con la grieta. Por otro lado y para ir cerrando en breve se van a entregar 17 viviendas en Chasic\u00f3 cuesti\u00f3n que, que me pone muy contento porque es una deuda pendiente de nada m\u00e1s que 25 a\u00f1os, 25 a\u00f1os desde que nos hac\u00eda una vivienda en Chasic\u00f3. El Jefe Comunal critic\u00f3 una vez m\u00e1s al partido que lo ayud\u00f3 a ocupar el cargo que hoy est\u00e1 ocupando, diciendo que lo hab\u00edan dejado sin fondos para poder terminar las viviendas, en vez de ver la parte llena del vaso prefiri\u00f3 ver la parte vac\u00eda y quedarse con esos \u00faltimos cuatro o cinco meses de Cambiemos dentro de la conducci\u00f3n, echando culpas diciendo que no le mandaron los fondos para terminar, lo que se olvid\u00f3 de decir y agradecer que le enviaron fondos para empezar las casas, eso tambi\u00e9n lo tendr\u00eda que haber dicho, y no importa si las casas no se pudieron entregar en la gesti\u00f3n anterior, porque si hay algo que puede llegar a terminar la grieta alg\u00fan d\u00eda en este pa\u00eds va a ser justamente esto, las pol\u00edticas a largo plazo, que las obras comiencen en un per\u00edodo y que se terminen otro per\u00edodo, que no se haga una utilizaci\u00f3n pol\u00edtica de las mismas. Nada m\u00e1s se\u00f1or Presidente, gracias\u201d.<\/p>\n<p>Presidente del H.C.D. Concejal Cristian Raising:<br \/>\n\u201cBueno en primer lugar quer\u00eda expresar la satisfacci\u00f3n que me produce que hoy estemos ante un nuevo inicio de per\u00edodo de Sesiones, tanto ac\u00e1 a nivel local, Provincial y Nacional, eso significa que todav\u00eda tenemos democracia, la tenemos que cuidar, la tenemos que valorar todos, y como digo es important\u00edsimo que tengamos estos actos donde se encuentran dos Poderes distintos, el Ejecutivo y el Legislativo. Y as\u00ed como todos lo han nombrado, yo tambi\u00e9n coincido en que tenemos que terminar con esta grieta de la que se alimentan varios, pero para eso hace falta honestidad intelectual b\u00e1sicamente, no podemos cerrar la grieta echando culpas de lo que pas\u00f3 y poniendo piedras en el camino a los que est\u00e1n, a los que est\u00e1n ahora. Necesitamos sincerarnos todos, la verdad que Tornquist sufre de los mismos problemas hace 30 a\u00f1os m\u00e1s o menos, y todos hemos arrojado una piedra para que eso suceda. Han gobernado radicales, peronistas, Cambiemos, todo, y los problemas siguen siendo los mismos. Sobre lo que no podemos derribar la grieta sobre valores morales, la corrupci\u00f3n, la ventaja de adelantarse en la fila, eso es repudiable desde todos los frentes pol\u00edticos. Pero yo creo que si nos sinceramos y realmente hacemos un mea culpa, porque como digo, estamos en esta situaci\u00f3n porque todos hemos arrojado una piedra para que esto suceda. Y por \u00faltimo como el Intendente nos pidi\u00f3 a nosotros que sigamos trabajando, yo tambi\u00e9n tengo un pedido y es que se respete la institucionalidad este Concejo Deliberante es eso b\u00e1sicamente, que se respete la funcionalidad del Concejo Deliberante. Hemos sancionado mont\u00f3n de Ordenanzas que no est\u00e1n en pr\u00e1ctica, hemos mandado Pedido de Informe que no han sido contestados, y eso es lo que ayuda a la buena convivencia porque nada podemos construir si creemos que cerrar la grieta es acompa\u00f1ar todo lo que venga y cuando no nos gusta y lo decimos, pasamos a poner palos en la rueda, a ser los promotores de la grieta. As\u00ed como \u00e9l nos pidi\u00f3 y doy por descontado que as\u00ed va a ser, que todos vamos a trabajar como lo venimos haciendo, tambi\u00e9n mi pedido es ese, que se respete la institucionalidad del Concejo Deliberante. Hemos sancionado, como digo, much\u00edsimas Ordenanzas que hoy no est\u00e1n en pr\u00e1ctica y eso tambi\u00e9n alimenta a la grieta, porque la verdad que nosotros hemos trabajado much\u00edsimo y no hemos tenido la misma, el mismo acompa\u00f1amiento de parte del Ejecutivo. Entonces as\u00ed como \u00e9l hizo la convocatoria a terminar con esta grieta yo tambi\u00e9n la hago en nombre de mi Bloque y doy por descontado que el otro Bloque tambi\u00e9n, a que nos sentemos ac\u00e1, discutamos las cosas que hay que discutir, porque insisto, tenemos los mismos problemas hace 30 a\u00f1os, ni Bordoni por su cuenta ni el que venga lo va a poder solucionar, hace falta un consenso pol\u00edtico de una vez por todas. As\u00ed que en ese camino creo que nos va a encontrar este a\u00f1o, como dije anteriormente, doy por descontado que todo este Cuerpo va a poner lo mejor de s\u00ed mismo y esperamos que de la otra parte tambi\u00e9n haya la misma predisposici\u00f3n. Gracias se\u00f1ora Presidente. Voy a volver a la Presidencia\u201d.<\/p>\n<p>HONORABLE CONCEJO DELIBERANTE<\/p>\n","protected":false},"excerpt":{"rendered":"<p>Los Ediles fueron convocados por el Decreto N\u00ba 03\/21 para la Sesi\u00f3n Inaugural del per\u00edodo de Sesiones Ordinarias 2021. Ante la presencia del Sr. Intendente Municipal Sergio Bordoni, y una cantidad limitada de integrantes del Gabinete Municipal, debido a la situaci\u00f3n epidemiol\u00f3gica actual, dio comienzo dicha Sesi\u00f3n.<\/p>\n","protected":false},"author":3,"featured_media":0,"comment_status":"closed","ping_status":"open","sticky":false,"template":"","format":"standard","meta":{"footnotes":""},"categories":[28],"tags":[],"class_list":["post-53413","post","type-post","status-publish","format-standard","hentry","category-municipales"],"yoast_head":"<!-- This site is optimized with the Yoast SEO plugin v25.9 - https:\/\/yoast.com\/wordpress\/plugins\/seo\/ -->\n<title>Informe Sesi\u00f3n Inaugural 1\u00ba de marzo de 2021 - Noticias Radio Reflejos<\/title>\n<meta name=\"robots\" content=\"index, follow, max-snippet:-1, max-image-preview:large, max-video-preview:-1\" \/>\n<link rel=\"canonical\" href=\"https:\/\/www.noticiasradioreflejos.com.ar\/2021\/informe-sesion-inaugural-1o-de-marzo-de-2021\/\" \/>\n<meta property=\"og:locale\" content=\"es_ES\" \/>\n<meta property=\"og:type\" content=\"article\" \/>\n<meta property=\"og:title\" content=\"Informe Sesi\u00f3n Inaugural 1\u00ba de marzo de 2021 - Noticias Radio Reflejos\" \/>\n<meta property=\"og:description\" content=\"Los Ediles fueron convocados por el Decreto N\u00ba 03\/21 para la Sesi\u00f3n Inaugural del per\u00edodo de Sesiones Ordinarias 2021. Ante la presencia del Sr. Intendente Municipal Sergio Bordoni, y una cantidad limitada de integrantes del Gabinete Municipal, debido a la situaci\u00f3n epidemiol\u00f3gica actual, dio comienzo dicha Sesi\u00f3n.\" \/>\n<meta property=\"og:url\" content=\"https:\/\/www.noticiasradioreflejos.com.ar\/2021\/informe-sesion-inaugural-1o-de-marzo-de-2021\/\" \/>\n<meta property=\"og:site_name\" content=\"Noticias Radio Reflejos\" \/>\n<meta property=\"article:published_time\" content=\"2021-03-05T14:59:40+00:00\" \/>\n<meta property=\"og:image\" content=\"https:\/\/live.staticflickr.com\/65535\/50995411518_0b6584e990_c.jpg\" \/>\n<meta name=\"author\" content=\"Arnaldo Botto\" \/>\n<meta name=\"twitter:card\" content=\"summary_large_image\" \/>\n<script type=\"application\/ld+json\" class=\"yoast-schema-graph\">{\"@context\":\"https:\/\/schema.org\",\"@graph\":[{\"@type\":\"WebPage\",\"@id\":\"https:\/\/www.noticiasradioreflejos.com.ar\/2021\/informe-sesion-inaugural-1o-de-marzo-de-2021\/\",\"url\":\"https:\/\/www.noticiasradioreflejos.com.ar\/2021\/informe-sesion-inaugural-1o-de-marzo-de-2021\/\",\"name\":\"Informe Sesi\u00f3n Inaugural 1\u00ba de marzo de 2021 - Noticias Radio Reflejos\",\"isPartOf\":{\"@id\":\"https:\/\/www.noticiasradioreflejos.com.ar\/2021\/#website\"},\"primaryImageOfPage\":{\"@id\":\"https:\/\/www.noticiasradioreflejos.com.ar\/2021\/informe-sesion-inaugural-1o-de-marzo-de-2021\/#primaryimage\"},\"image\":{\"@id\":\"https:\/\/www.noticiasradioreflejos.com.ar\/2021\/informe-sesion-inaugural-1o-de-marzo-de-2021\/#primaryimage\"},\"thumbnailUrl\":\"https:\/\/live.staticflickr.com\/65535\/50995411518_0b6584e990_c.jpg\",\"datePublished\":\"2021-03-05T14:59:40+00:00\",\"author\":{\"@id\":\"https:\/\/www.noticiasradioreflejos.com.ar\/2021\/#\/schema\/person\/ad82545263dcc5ec0996818884fd5fb1\"},\"breadcrumb\":{\"@id\":\"https:\/\/www.noticiasradioreflejos.com.ar\/2021\/informe-sesion-inaugural-1o-de-marzo-de-2021\/#breadcrumb\"},\"inLanguage\":\"es\",\"potentialAction\":[{\"@type\":\"ReadAction\",\"target\":[\"https:\/\/www.noticiasradioreflejos.com.ar\/2021\/informe-sesion-inaugural-1o-de-marzo-de-2021\/\"]}]},{\"@type\":\"ImageObject\",\"inLanguage\":\"es\",\"@id\":\"https:\/\/www.noticiasradioreflejos.com.ar\/2021\/informe-sesion-inaugural-1o-de-marzo-de-2021\/#primaryimage\",\"url\":\"https:\/\/live.staticflickr.com\/65535\/50995411518_0b6584e990_c.jpg\",\"contentUrl\":\"https:\/\/live.staticflickr.com\/65535\/50995411518_0b6584e990_c.jpg\"},{\"@type\":\"BreadcrumbList\",\"@id\":\"https:\/\/www.noticiasradioreflejos.com.ar\/2021\/informe-sesion-inaugural-1o-de-marzo-de-2021\/#breadcrumb\",\"itemListElement\":[{\"@type\":\"ListItem\",\"position\":1,\"name\":\"Portada\",\"item\":\"https:\/\/www.noticiasradioreflejos.com.ar\/2021\/\"},{\"@type\":\"ListItem\",\"position\":2,\"name\":\"Informe Sesi\u00f3n Inaugural 1\u00ba de marzo de 2021\"}]},{\"@type\":\"WebSite\",\"@id\":\"https:\/\/www.noticiasradioreflejos.com.ar\/2021\/#website\",\"url\":\"https:\/\/www.noticiasradioreflejos.com.ar\/2021\/\",\"name\":\"Noticias Radio Reflejos\",\"description\":\"Las noticias de mi comarca\",\"potentialAction\":[{\"@type\":\"SearchAction\",\"target\":{\"@type\":\"EntryPoint\",\"urlTemplate\":\"https:\/\/www.noticiasradioreflejos.com.ar\/2021\/?s={search_term_string}\"},\"query-input\":{\"@type\":\"PropertyValueSpecification\",\"valueRequired\":true,\"valueName\":\"search_term_string\"}}],\"inLanguage\":\"es\"},{\"@type\":\"Person\",\"@id\":\"https:\/\/www.noticiasradioreflejos.com.ar\/2021\/#\/schema\/person\/ad82545263dcc5ec0996818884fd5fb1\",\"name\":\"Arnaldo Botto\",\"image\":{\"@type\":\"ImageObject\",\"inLanguage\":\"es\",\"@id\":\"https:\/\/www.noticiasradioreflejos.com.ar\/2021\/#\/schema\/person\/image\/\",\"url\":\"https:\/\/secure.gravatar.com\/avatar\/55cb5e37c1efa326397366e6974cb338056df65cb50e7d64d1cf314e87504837?s=96&d=mm&r=g\",\"contentUrl\":\"https:\/\/secure.gravatar.com\/avatar\/55cb5e37c1efa326397366e6974cb338056df65cb50e7d64d1cf314e87504837?s=96&d=mm&r=g\",\"caption\":\"Arnaldo Botto\"},\"url\":\"https:\/\/www.noticiasradioreflejos.com.ar\/2021\/author\/arnaldo\/\"}]}<\/script>\n<!-- \/ Yoast SEO plugin. -->","yoast_head_json":{"title":"Informe Sesi\u00f3n Inaugural 1\u00ba de marzo de 2021 - Noticias Radio Reflejos","robots":{"index":"index","follow":"follow","max-snippet":"max-snippet:-1","max-image-preview":"max-image-preview:large","max-video-preview":"max-video-preview:-1"},"canonical":"https:\/\/www.noticiasradioreflejos.com.ar\/2021\/informe-sesion-inaugural-1o-de-marzo-de-2021\/","og_locale":"es_ES","og_type":"article","og_title":"Informe Sesi\u00f3n Inaugural 1\u00ba de marzo de 2021 - Noticias Radio Reflejos","og_description":"Los Ediles fueron convocados por el Decreto N\u00ba 03\/21 para la Sesi\u00f3n Inaugural del per\u00edodo de Sesiones Ordinarias 2021. Ante la presencia del Sr. Intendente Municipal Sergio Bordoni, y una cantidad limitada de integrantes del Gabinete Municipal, debido a la situaci\u00f3n epidemiol\u00f3gica actual, dio comienzo dicha Sesi\u00f3n.","og_url":"https:\/\/www.noticiasradioreflejos.com.ar\/2021\/informe-sesion-inaugural-1o-de-marzo-de-2021\/","og_site_name":"Noticias Radio Reflejos","article_published_time":"2021-03-05T14:59:40+00:00","og_image":[{"url":"https:\/\/live.staticflickr.com\/65535\/50995411518_0b6584e990_c.jpg","type":"","width":"","height":""}],"author":"Arnaldo Botto","twitter_card":"summary_large_image","schema":{"@context":"https:\/\/schema.org","@graph":[{"@type":"WebPage","@id":"https:\/\/www.noticiasradioreflejos.com.ar\/2021\/informe-sesion-inaugural-1o-de-marzo-de-2021\/","url":"https:\/\/www.noticiasradioreflejos.com.ar\/2021\/informe-sesion-inaugural-1o-de-marzo-de-2021\/","name":"Informe Sesi\u00f3n Inaugural 1\u00ba de marzo de 2021 - Noticias Radio Reflejos","isPartOf":{"@id":"https:\/\/www.noticiasradioreflejos.com.ar\/2021\/#website"},"primaryImageOfPage":{"@id":"https:\/\/www.noticiasradioreflejos.com.ar\/2021\/informe-sesion-inaugural-1o-de-marzo-de-2021\/#primaryimage"},"image":{"@id":"https:\/\/www.noticiasradioreflejos.com.ar\/2021\/informe-sesion-inaugural-1o-de-marzo-de-2021\/#primaryimage"},"thumbnailUrl":"https:\/\/live.staticflickr.com\/65535\/50995411518_0b6584e990_c.jpg","datePublished":"2021-03-05T14:59:40+00:00","author":{"@id":"https:\/\/www.noticiasradioreflejos.com.ar\/2021\/#\/schema\/person\/ad82545263dcc5ec0996818884fd5fb1"},"breadcrumb":{"@id":"https:\/\/www.noticiasradioreflejos.com.ar\/2021\/informe-sesion-inaugural-1o-de-marzo-de-2021\/#breadcrumb"},"inLanguage":"es","potentialAction":[{"@type":"ReadAction","target":["https:\/\/www.noticiasradioreflejos.com.ar\/2021\/informe-sesion-inaugural-1o-de-marzo-de-2021\/"]}]},{"@type":"ImageObject","inLanguage":"es","@id":"https:\/\/www.noticiasradioreflejos.com.ar\/2021\/informe-sesion-inaugural-1o-de-marzo-de-2021\/#primaryimage","url":"https:\/\/live.staticflickr.com\/65535\/50995411518_0b6584e990_c.jpg","contentUrl":"https:\/\/live.staticflickr.com\/65535\/50995411518_0b6584e990_c.jpg"},{"@type":"BreadcrumbList","@id":"https:\/\/www.noticiasradioreflejos.com.ar\/2021\/informe-sesion-inaugural-1o-de-marzo-de-2021\/#breadcrumb","itemListElement":[{"@type":"ListItem","position":1,"name":"Portada","item":"https:\/\/www.noticiasradioreflejos.com.ar\/2021\/"},{"@type":"ListItem","position":2,"name":"Informe Sesi\u00f3n Inaugural 1\u00ba de marzo de 2021"}]},{"@type":"WebSite","@id":"https:\/\/www.noticiasradioreflejos.com.ar\/2021\/#website","url":"https:\/\/www.noticiasradioreflejos.com.ar\/2021\/","name":"Noticias Radio Reflejos","description":"Las noticias de mi comarca","potentialAction":[{"@type":"SearchAction","target":{"@type":"EntryPoint","urlTemplate":"https:\/\/www.noticiasradioreflejos.com.ar\/2021\/?s={search_term_string}"},"query-input":{"@type":"PropertyValueSpecification","valueRequired":true,"valueName":"search_term_string"}}],"inLanguage":"es"},{"@type":"Person","@id":"https:\/\/www.noticiasradioreflejos.com.ar\/2021\/#\/schema\/person\/ad82545263dcc5ec0996818884fd5fb1","name":"Arnaldo Botto","image":{"@type":"ImageObject","inLanguage":"es","@id":"https:\/\/www.noticiasradioreflejos.com.ar\/2021\/#\/schema\/person\/image\/","url":"https:\/\/secure.gravatar.com\/avatar\/55cb5e37c1efa326397366e6974cb338056df65cb50e7d64d1cf314e87504837?s=96&d=mm&r=g","contentUrl":"https:\/\/secure.gravatar.com\/avatar\/55cb5e37c1efa326397366e6974cb338056df65cb50e7d64d1cf314e87504837?s=96&d=mm&r=g","caption":"Arnaldo Botto"},"url":"https:\/\/www.noticiasradioreflejos.com.ar\/2021\/author\/arnaldo\/"}]}},"_links":{"self":[{"href":"https:\/\/www.noticiasradioreflejos.com.ar\/2021\/wp-json\/wp\/v2\/posts\/53413","targetHints":{"allow":["GET"]}}],"collection":[{"href":"https:\/\/www.noticiasradioreflejos.com.ar\/2021\/wp-json\/wp\/v2\/posts"}],"about":[{"href":"https:\/\/www.noticiasradioreflejos.com.ar\/2021\/wp-json\/wp\/v2\/types\/post"}],"author":[{"embeddable":true,"href":"https:\/\/www.noticiasradioreflejos.com.ar\/2021\/wp-json\/wp\/v2\/users\/3"}],"replies":[{"embeddable":true,"href":"https:\/\/www.noticiasradioreflejos.com.ar\/2021\/wp-json\/wp\/v2\/comments?post=53413"}],"version-history":[{"count":0,"href":"https:\/\/www.noticiasradioreflejos.com.ar\/2021\/wp-json\/wp\/v2\/posts\/53413\/revisions"}],"wp:attachment":[{"href":"https:\/\/www.noticiasradioreflejos.com.ar\/2021\/wp-json\/wp\/v2\/media?parent=53413"}],"wp:term":[{"taxonomy":"category","embeddable":true,"href":"https:\/\/www.noticiasradioreflejos.com.ar\/2021\/wp-json\/wp\/v2\/categories?post=53413"},{"taxonomy":"post_tag","embeddable":true,"href":"https:\/\/www.noticiasradioreflejos.com.ar\/2021\/wp-json\/wp\/v2\/tags?post=53413"}],"curies":[{"name":"wp","href":"https:\/\/api.w.org\/{rel}","templated":true}]}}