{"id":53397,"date":"2021-03-05T09:53:46","date_gmt":"2021-03-05T12:53:46","guid":{"rendered":"http:\/\/www.noticiasradioreflejos.com.ar\/noticias\/?p=53397"},"modified":"2021-03-05T09:53:46","modified_gmt":"2021-03-05T12:53:46","slug":"comienzan-a-construir-el-primero-de-los-puentes-en-la-autopista-bahia-tornquist","status":"publish","type":"post","link":"https:\/\/www.noticiasradioreflejos.com.ar\/2021\/comienzan-a-construir-el-primero-de-los-puentes-en-la-autopista-bahia-tornquist\/","title":{"rendered":"Comienzan a construir el primero de los puentes en la autopista Bah\u00eda-Tornquist"},"content":{"rendered":"<p>Lo confirm\u00f3 el jefe de Vialidad Nacional en la regi\u00f3n, Gustavo Trankels. En las \u00faltimas horas se inici\u00f3 el montaje de las vigas sobre la Ruta 33.<!--more--><\/p>\n<p>El jefe del 19\u00b0 Distrito de Vialidad Nacional, Gustavo Trankels, confirm\u00f3 esta ma\u00f1ana mediante su cuenta personal de la red social Twitter que ya se comenz\u00f3 con la construcci\u00f3n del primero de los puentes previstos en la autopista que une las ciudades de Bah\u00eda Blanca y Tornquist, por la Ruta Nacional N\u00ba33.<\/p>\n<figure class=\"wp-block-embed aligncenter is-type-rich is-provider-twitter wp-block-embed-twitter\">\n<div class=\"wp-block-embed__wrapper\">\n<div class=\"twitter-tweet twitter-tweet-rendered\"><iframe loading=\"lazy\" id=\"twitter-widget-0\" class=\"\" title=\"Twitter Tweet\" src=\"https:\/\/platform.twitter.com\/embed\/Tweet.html?dnt=true&amp;embedId=twitter-widget-0&amp;frame=false&amp;hideCard=false&amp;hideThread=false&amp;id=1367773684975419395&amp;lang=es&amp;origin=https%3A%2F%2Fwww.labrujula24.com%2Fnotas%2F2021%2F03%2F05%2Fcomenzo-la-construccion-del-primer-puente-en-la-autopista-bahia-blanca-tornquist-n111398%2F&amp;theme=light&amp;widgetsVersion=e1ffbdb%3A1614796141937&amp;width=550px\" width=\"300\" height=\"150\" frameborder=\"0\" scrolling=\"no\" allowfullscreen=\"allowfullscreen\" data-tweet-id=\"1367773684975419395\"><\/iframe><\/div>\n<\/div>\n<\/figure>\n<p>En las \u00faltimas horas se inici\u00f3 el montaje de las primeras vigas lo que configura un importante avance en la obra que se encuentra en un tramo avanzado a partir del proyecto inicial que incluy\u00f3 el traslado del material en un operativo llevado adelante el mi\u00e9rcoles.<\/p>\n<div class=\"code-block code-block-11\"><\/div>\n<figure class=\"wp-block-image size-large\"><img loading=\"lazy\" decoding=\"async\" class=\"wp-image-111400\" src=\"https:\/\/www.labrujula24.com\/wp-content\/uploads\/2021\/03\/viga.jpg\" sizes=\"auto, (max-width: 1032px) 100vw, 1032px\" srcset=\"https:\/\/www.labrujula24.com\/wp-content\/uploads\/2021\/03\/viga.jpg 1032w, https:\/\/www.labrujula24.com\/wp-content\/uploads\/2021\/03\/viga-768x493.jpg 768w\" alt=\"\" width=\"1032\" height=\"663\" \/><\/figure>\n<p>\u201cEs la conexi\u00f3n de las rutas m\u00e1s importantes del sur de la provincia porque enlaza dos de los puertos m\u00e1s importantes del pa\u00eds, por donde se exporta gran parte de la producci\u00f3n de granos, industrial y energ\u00e9tica de la argentina. Esta autopista convertir\u00e1 a Bah\u00eda Blanca en un polo productivo regional a trav\u00e9s del cual partir\u00e1 gran parte de las exportaciones nacionales hacia el exterior\u201d, hab\u00eda manifestado tiempo atr\u00e1s Gustavo Arrieta, administrador de Vialidad Nacional.<\/p>\n<figure class=\"wp-block-image size-large\"><img loading=\"lazy\" decoding=\"async\" class=\"wp-image-111401\" src=\"https:\/\/www.labrujula24.com\/wp-content\/uploads\/2021\/03\/viga1.jpg\" sizes=\"auto, (max-width: 1280px) 100vw, 1280px\" srcset=\"https:\/\/www.labrujula24.com\/wp-content\/uploads\/2021\/03\/viga1.jpg 1280w, https:\/\/www.labrujula24.com\/wp-content\/uploads\/2021\/03\/viga1-768x512.jpg 768w\" alt=\"\" width=\"1280\" height=\"853\" \/><\/figure>\n<p>La esperada y necesaria obra entre Bah\u00eda Blanca y Tornquist potenciara el tr\u00e1nsito y la seguridad vial en una de las v\u00edas de comunicaci\u00f3n m\u00e1s importantes del sur de la provincia de Buenos Aires hacia el puerto de Rosario, pasando por las localidades del corredor productivo agr\u00edcola y ganadero, uni\u00e9ndolo con el puerto de Ingeniero White. El proyecto abarca un tramo de 33 km y mejorar\u00e1 las condiciones de circulaci\u00f3n de m\u00e1s de 4.500 usuarios por d\u00eda.<\/p>\n","protected":false},"excerpt":{"rendered":"<p>Lo confirm\u00f3 el jefe de Vialidad Nacional en la regi\u00f3n, Gustavo Trankels. En las \u00faltimas horas se inici\u00f3 el montaje de las vigas sobre la Ruta 33.<\/p>\n","protected":false},"author":3,"featured_media":0,"comment_status":"closed","ping_status":"open","sticky":false,"template":"","format":"standard","meta":{"footnotes":""},"categories":[24,26],"tags":[],"class_list":["post-53397","post","type-post","status-publish","format-standard","hentry","category-politica","category-sociedad"],"yoast_head":"<!-- This site is optimized with the Yoast SEO plugin v25.9 - https:\/\/yoast.com\/wordpress\/plugins\/seo\/ -->\n<title>Comienzan a construir el primero de los puentes en la autopista Bah\u00eda-Tornquist - Noticias Radio Reflejos<\/title>\n<meta name=\"robots\" content=\"index, follow, max-snippet:-1, max-image-preview:large, max-video-preview:-1\" \/>\n<link rel=\"canonical\" href=\"https:\/\/www.noticiasradioreflejos.com.ar\/2021\/comienzan-a-construir-el-primero-de-los-puentes-en-la-autopista-bahia-tornquist\/\" \/>\n<meta property=\"og:locale\" content=\"es_ES\" \/>\n<meta property=\"og:type\" content=\"article\" \/>\n<meta property=\"og:title\" content=\"Comienzan a construir el primero de los puentes en la autopista Bah\u00eda-Tornquist - Noticias Radio Reflejos\" \/>\n<meta property=\"og:description\" content=\"Lo confirm\u00f3 el jefe de Vialidad Nacional en la regi\u00f3n, Gustavo Trankels. En las \u00faltimas horas se inici\u00f3 el montaje de las vigas sobre la Ruta 33.\" \/>\n<meta property=\"og:url\" content=\"https:\/\/www.noticiasradioreflejos.com.ar\/2021\/comienzan-a-construir-el-primero-de-los-puentes-en-la-autopista-bahia-tornquist\/\" \/>\n<meta property=\"og:site_name\" content=\"Noticias Radio Reflejos\" \/>\n<meta property=\"article:published_time\" content=\"2021-03-05T12:53:46+00:00\" \/>\n<meta property=\"og:image\" content=\"https:\/\/www.noticiasradioreflejos.com.ar\/2021\/wp-content\/uploads\/2021\/07\/logosol300x200.png\" \/>\n\t<meta property=\"og:image:width\" content=\"300\" \/>\n\t<meta property=\"og:image:height\" content=\"200\" \/>\n\t<meta property=\"og:image:type\" content=\"image\/png\" \/>\n<meta name=\"author\" content=\"Arnaldo Botto\" \/>\n<meta name=\"twitter:card\" content=\"summary_large_image\" \/>\n<script type=\"application\/ld+json\" class=\"yoast-schema-graph\">{\"@context\":\"https:\/\/schema.org\",\"@graph\":[{\"@type\":\"WebPage\",\"@id\":\"https:\/\/www.noticiasradioreflejos.com.ar\/2021\/comienzan-a-construir-el-primero-de-los-puentes-en-la-autopista-bahia-tornquist\/\",\"url\":\"https:\/\/www.noticiasradioreflejos.com.ar\/2021\/comienzan-a-construir-el-primero-de-los-puentes-en-la-autopista-bahia-tornquist\/\",\"name\":\"Comienzan a construir el primero de los puentes en la autopista Bah\u00eda-Tornquist - Noticias Radio Reflejos\",\"isPartOf\":{\"@id\":\"https:\/\/www.noticiasradioreflejos.com.ar\/2021\/#website\"},\"primaryImageOfPage\":{\"@id\":\"https:\/\/www.noticiasradioreflejos.com.ar\/2021\/comienzan-a-construir-el-primero-de-los-puentes-en-la-autopista-bahia-tornquist\/#primaryimage\"},\"image\":{\"@id\":\"https:\/\/www.noticiasradioreflejos.com.ar\/2021\/comienzan-a-construir-el-primero-de-los-puentes-en-la-autopista-bahia-tornquist\/#primaryimage\"},\"thumbnailUrl\":\"https:\/\/www.labrujula24.com\/wp-content\/uploads\/2021\/03\/viga.jpg\",\"datePublished\":\"2021-03-05T12:53:46+00:00\",\"author\":{\"@id\":\"https:\/\/www.noticiasradioreflejos.com.ar\/2021\/#\/schema\/person\/ad82545263dcc5ec0996818884fd5fb1\"},\"breadcrumb\":{\"@id\":\"https:\/\/www.noticiasradioreflejos.com.ar\/2021\/comienzan-a-construir-el-primero-de-los-puentes-en-la-autopista-bahia-tornquist\/#breadcrumb\"},\"inLanguage\":\"es\",\"potentialAction\":[{\"@type\":\"ReadAction\",\"target\":[\"https:\/\/www.noticiasradioreflejos.com.ar\/2021\/comienzan-a-construir-el-primero-de-los-puentes-en-la-autopista-bahia-tornquist\/\"]}]},{\"@type\":\"ImageObject\",\"inLanguage\":\"es\",\"@id\":\"https:\/\/www.noticiasradioreflejos.com.ar\/2021\/comienzan-a-construir-el-primero-de-los-puentes-en-la-autopista-bahia-tornquist\/#primaryimage\",\"url\":\"https:\/\/www.labrujula24.com\/wp-content\/uploads\/2021\/03\/viga.jpg\",\"contentUrl\":\"https:\/\/www.labrujula24.com\/wp-content\/uploads\/2021\/03\/viga.jpg\"},{\"@type\":\"BreadcrumbList\",\"@id\":\"https:\/\/www.noticiasradioreflejos.com.ar\/2021\/comienzan-a-construir-el-primero-de-los-puentes-en-la-autopista-bahia-tornquist\/#breadcrumb\",\"itemListElement\":[{\"@type\":\"ListItem\",\"position\":1,\"name\":\"Portada\",\"item\":\"https:\/\/www.noticiasradioreflejos.com.ar\/2021\/\"},{\"@type\":\"ListItem\",\"position\":2,\"name\":\"Comienzan a construir el primero de los puentes en la autopista Bah\u00eda-Tornquist\"}]},{\"@type\":\"WebSite\",\"@id\":\"https:\/\/www.noticiasradioreflejos.com.ar\/2021\/#website\",\"url\":\"https:\/\/www.noticiasradioreflejos.com.ar\/2021\/\",\"name\":\"Noticias Radio Reflejos\",\"description\":\"Las noticias de mi comarca\",\"potentialAction\":[{\"@type\":\"SearchAction\",\"target\":{\"@type\":\"EntryPoint\",\"urlTemplate\":\"https:\/\/www.noticiasradioreflejos.com.ar\/2021\/?s={search_term_string}\"},\"query-input\":{\"@type\":\"PropertyValueSpecification\",\"valueRequired\":true,\"valueName\":\"search_term_string\"}}],\"inLanguage\":\"es\"},{\"@type\":\"Person\",\"@id\":\"https:\/\/www.noticiasradioreflejos.com.ar\/2021\/#\/schema\/person\/ad82545263dcc5ec0996818884fd5fb1\",\"name\":\"Arnaldo Botto\",\"image\":{\"@type\":\"ImageObject\",\"inLanguage\":\"es\",\"@id\":\"https:\/\/www.noticiasradioreflejos.com.ar\/2021\/#\/schema\/person\/image\/\",\"url\":\"https:\/\/secure.gravatar.com\/avatar\/55cb5e37c1efa326397366e6974cb338056df65cb50e7d64d1cf314e87504837?s=96&d=mm&r=g\",\"contentUrl\":\"https:\/\/secure.gravatar.com\/avatar\/55cb5e37c1efa326397366e6974cb338056df65cb50e7d64d1cf314e87504837?s=96&d=mm&r=g\",\"caption\":\"Arnaldo Botto\"},\"url\":\"https:\/\/www.noticiasradioreflejos.com.ar\/2021\/author\/arnaldo\/\"}]}<\/script>\n<!-- \/ Yoast SEO plugin. -->","yoast_head_json":{"title":"Comienzan a construir el primero de los puentes en la autopista Bah\u00eda-Tornquist - Noticias Radio Reflejos","robots":{"index":"index","follow":"follow","max-snippet":"max-snippet:-1","max-image-preview":"max-image-preview:large","max-video-preview":"max-video-preview:-1"},"canonical":"https:\/\/www.noticiasradioreflejos.com.ar\/2021\/comienzan-a-construir-el-primero-de-los-puentes-en-la-autopista-bahia-tornquist\/","og_locale":"es_ES","og_type":"article","og_title":"Comienzan a construir el primero de los puentes en la autopista Bah\u00eda-Tornquist - Noticias Radio Reflejos","og_description":"Lo confirm\u00f3 el jefe de Vialidad Nacional en la regi\u00f3n, Gustavo Trankels. En las \u00faltimas horas se inici\u00f3 el montaje de las vigas sobre la Ruta 33.","og_url":"https:\/\/www.noticiasradioreflejos.com.ar\/2021\/comienzan-a-construir-el-primero-de-los-puentes-en-la-autopista-bahia-tornquist\/","og_site_name":"Noticias Radio Reflejos","article_published_time":"2021-03-05T12:53:46+00:00","og_image":[{"width":300,"height":200,"url":"https:\/\/www.noticiasradioreflejos.com.ar\/2021\/wp-content\/uploads\/2021\/07\/logosol300x200.png","type":"image\/png"}],"author":"Arnaldo Botto","twitter_card":"summary_large_image","schema":{"@context":"https:\/\/schema.org","@graph":[{"@type":"WebPage","@id":"https:\/\/www.noticiasradioreflejos.com.ar\/2021\/comienzan-a-construir-el-primero-de-los-puentes-en-la-autopista-bahia-tornquist\/","url":"https:\/\/www.noticiasradioreflejos.com.ar\/2021\/comienzan-a-construir-el-primero-de-los-puentes-en-la-autopista-bahia-tornquist\/","name":"Comienzan a construir el primero de los puentes en la autopista Bah\u00eda-Tornquist - Noticias Radio Reflejos","isPartOf":{"@id":"https:\/\/www.noticiasradioreflejos.com.ar\/2021\/#website"},"primaryImageOfPage":{"@id":"https:\/\/www.noticiasradioreflejos.com.ar\/2021\/comienzan-a-construir-el-primero-de-los-puentes-en-la-autopista-bahia-tornquist\/#primaryimage"},"image":{"@id":"https:\/\/www.noticiasradioreflejos.com.ar\/2021\/comienzan-a-construir-el-primero-de-los-puentes-en-la-autopista-bahia-tornquist\/#primaryimage"},"thumbnailUrl":"https:\/\/www.labrujula24.com\/wp-content\/uploads\/2021\/03\/viga.jpg","datePublished":"2021-03-05T12:53:46+00:00","author":{"@id":"https:\/\/www.noticiasradioreflejos.com.ar\/2021\/#\/schema\/person\/ad82545263dcc5ec0996818884fd5fb1"},"breadcrumb":{"@id":"https:\/\/www.noticiasradioreflejos.com.ar\/2021\/comienzan-a-construir-el-primero-de-los-puentes-en-la-autopista-bahia-tornquist\/#breadcrumb"},"inLanguage":"es","potentialAction":[{"@type":"ReadAction","target":["https:\/\/www.noticiasradioreflejos.com.ar\/2021\/comienzan-a-construir-el-primero-de-los-puentes-en-la-autopista-bahia-tornquist\/"]}]},{"@type":"ImageObject","inLanguage":"es","@id":"https:\/\/www.noticiasradioreflejos.com.ar\/2021\/comienzan-a-construir-el-primero-de-los-puentes-en-la-autopista-bahia-tornquist\/#primaryimage","url":"https:\/\/www.labrujula24.com\/wp-content\/uploads\/2021\/03\/viga.jpg","contentUrl":"https:\/\/www.labrujula24.com\/wp-content\/uploads\/2021\/03\/viga.jpg"},{"@type":"BreadcrumbList","@id":"https:\/\/www.noticiasradioreflejos.com.ar\/2021\/comienzan-a-construir-el-primero-de-los-puentes-en-la-autopista-bahia-tornquist\/#breadcrumb","itemListElement":[{"@type":"ListItem","position":1,"name":"Portada","item":"https:\/\/www.noticiasradioreflejos.com.ar\/2021\/"},{"@type":"ListItem","position":2,"name":"Comienzan a construir el primero de los puentes en la autopista Bah\u00eda-Tornquist"}]},{"@type":"WebSite","@id":"https:\/\/www.noticiasradioreflejos.com.ar\/2021\/#website","url":"https:\/\/www.noticiasradioreflejos.com.ar\/2021\/","name":"Noticias Radio Reflejos","description":"Las noticias de mi comarca","potentialAction":[{"@type":"SearchAction","target":{"@type":"EntryPoint","urlTemplate":"https:\/\/www.noticiasradioreflejos.com.ar\/2021\/?s={search_term_string}"},"query-input":{"@type":"PropertyValueSpecification","valueRequired":true,"valueName":"search_term_string"}}],"inLanguage":"es"},{"@type":"Person","@id":"https:\/\/www.noticiasradioreflejos.com.ar\/2021\/#\/schema\/person\/ad82545263dcc5ec0996818884fd5fb1","name":"Arnaldo Botto","image":{"@type":"ImageObject","inLanguage":"es","@id":"https:\/\/www.noticiasradioreflejos.com.ar\/2021\/#\/schema\/person\/image\/","url":"https:\/\/secure.gravatar.com\/avatar\/55cb5e37c1efa326397366e6974cb338056df65cb50e7d64d1cf314e87504837?s=96&d=mm&r=g","contentUrl":"https:\/\/secure.gravatar.com\/avatar\/55cb5e37c1efa326397366e6974cb338056df65cb50e7d64d1cf314e87504837?s=96&d=mm&r=g","caption":"Arnaldo Botto"},"url":"https:\/\/www.noticiasradioreflejos.com.ar\/2021\/author\/arnaldo\/"}]}},"_links":{"self":[{"href":"https:\/\/www.noticiasradioreflejos.com.ar\/2021\/wp-json\/wp\/v2\/posts\/53397","targetHints":{"allow":["GET"]}}],"collection":[{"href":"https:\/\/www.noticiasradioreflejos.com.ar\/2021\/wp-json\/wp\/v2\/posts"}],"about":[{"href":"https:\/\/www.noticiasradioreflejos.com.ar\/2021\/wp-json\/wp\/v2\/types\/post"}],"author":[{"embeddable":true,"href":"https:\/\/www.noticiasradioreflejos.com.ar\/2021\/wp-json\/wp\/v2\/users\/3"}],"replies":[{"embeddable":true,"href":"https:\/\/www.noticiasradioreflejos.com.ar\/2021\/wp-json\/wp\/v2\/comments?post=53397"}],"version-history":[{"count":0,"href":"https:\/\/www.noticiasradioreflejos.com.ar\/2021\/wp-json\/wp\/v2\/posts\/53397\/revisions"}],"wp:attachment":[{"href":"https:\/\/www.noticiasradioreflejos.com.ar\/2021\/wp-json\/wp\/v2\/media?parent=53397"}],"wp:term":[{"taxonomy":"category","embeddable":true,"href":"https:\/\/www.noticiasradioreflejos.com.ar\/2021\/wp-json\/wp\/v2\/categories?post=53397"},{"taxonomy":"post_tag","embeddable":true,"href":"https:\/\/www.noticiasradioreflejos.com.ar\/2021\/wp-json\/wp\/v2\/tags?post=53397"}],"curies":[{"name":"wp","href":"https:\/\/api.w.org\/{rel}","templated":true}]}}