{"id":53388,"date":"2021-03-05T08:49:37","date_gmt":"2021-03-05T11:49:37","guid":{"rendered":"http:\/\/www.noticiasradioreflejos.com.ar\/noticias\/?p=53388"},"modified":"2021-03-05T08:49:37","modified_gmt":"2021-03-05T11:49:37","slug":"tornquist-un-menor-resulto-herido-al-chocar-con-su-moto-contra-una-camioneta","status":"publish","type":"post","link":"https:\/\/www.noticiasradioreflejos.com.ar\/2021\/tornquist-un-menor-resulto-herido-al-chocar-con-su-moto-contra-una-camioneta\/","title":{"rendered":"Tornquist: Un menor result\u00f3 herido al chocar con su moto contra una camioneta"},"content":{"rendered":"<p>Ocurri\u00f3 este jueves pasadas las 21 hs frente al Banco Provincia<!--more--><\/p>\n<p><a data-flickr-embed=\"true\" href=\"https:\/\/www.flickr.com\/photos\/182279889@N02\/51005768591\/in\/dateposted-public\/\" title=\"whatsapp-image-20210304-at-9.23.47-pm.jpeg_1280\"><img loading=\"lazy\" decoding=\"async\" src=\"https:\/\/live.staticflickr.com\/65535\/51005768591_2568c52f76_c.jpg\" width=\"800\" height=\"600\" alt=\"whatsapp-image-20210304-at-9.23.47-pm.jpeg_1280\"><\/a><script async src=\"\/\/embedr.flickr.com\/assets\/client-code.js\" charset=\"utf-8\"><\/script><\/p>\n<p>Un accidente de tr\u00e1nsito se produjo este jueves pasadas las 21 hs en la intersecci\u00f3n de la Avenida 9 de Julio y calle Mitre de Tornquist.<br \/>\nAll\u00ed, un motociclista que circulaba por Mitre, impact\u00f3 a una camioneta Nissan dominio AWR396, que lo hac\u00eda por la avenida y era conducida por Jos\u00e9 Pedro Stacco.<\/p>\n<p><a data-flickr-embed=\"true\" href=\"https:\/\/www.flickr.com\/photos\/182279889@N02\/51005878992\/in\/dateposted-public\/\" title=\"whatsapp-image-20210304-at-9.23.46-pm.jpeg_1280\"><img loading=\"lazy\" decoding=\"async\" src=\"https:\/\/live.staticflickr.com\/65535\/51005878992_03b4cbc883_c.jpg\" width=\"800\" height=\"600\" alt=\"whatsapp-image-20210304-at-9.23.46-pm.jpeg_1280\"><\/a><script async src=\"\/\/embedr.flickr.com\/assets\/client-code.js\" charset=\"utf-8\"><\/script><\/p>\n<p>El conductor del rodado menor, un joven, fue trasladado con heridas al Hospital Municipal, mientras que Stacco se encontraba en el habit\u00e1culo cuando arribaron los bomberos y tambi\u00e9n fue llevado al nosocomio por precauci\u00f3n.<\/p>\n<p>Adem\u00e1s de los servidores p\u00fablicos, en el lugar trabaj\u00f3 personal de salud y polic\u00eda comunal.<\/p>\n","protected":false},"excerpt":{"rendered":"<p>Ocurri\u00f3 este jueves pasadas las 21 hs frente al Banco Provincia<\/p>\n","protected":false},"author":3,"featured_media":0,"comment_status":"closed","ping_status":"open","sticky":false,"template":"","format":"standard","meta":{"footnotes":""},"categories":[29],"tags":[],"class_list":["post-53388","post","type-post","status-publish","format-standard","hentry","category-policiales"],"yoast_head":"<!-- This site is optimized with the Yoast SEO plugin v25.9 - https:\/\/yoast.com\/wordpress\/plugins\/seo\/ -->\n<title>Tornquist: Un menor result\u00f3 herido al chocar con su moto contra una camioneta - Noticias Radio Reflejos<\/title>\n<meta name=\"robots\" content=\"index, follow, max-snippet:-1, max-image-preview:large, max-video-preview:-1\" \/>\n<link rel=\"canonical\" href=\"https:\/\/www.noticiasradioreflejos.com.ar\/2021\/tornquist-un-menor-resulto-herido-al-chocar-con-su-moto-contra-una-camioneta\/\" \/>\n<meta property=\"og:locale\" content=\"es_ES\" \/>\n<meta property=\"og:type\" content=\"article\" \/>\n<meta property=\"og:title\" content=\"Tornquist: Un menor result\u00f3 herido al chocar con su moto contra una camioneta - Noticias Radio Reflejos\" \/>\n<meta property=\"og:description\" content=\"Ocurri\u00f3 este jueves pasadas las 21 hs frente al Banco Provincia\" \/>\n<meta property=\"og:url\" content=\"https:\/\/www.noticiasradioreflejos.com.ar\/2021\/tornquist-un-menor-resulto-herido-al-chocar-con-su-moto-contra-una-camioneta\/\" \/>\n<meta property=\"og:site_name\" content=\"Noticias Radio Reflejos\" \/>\n<meta property=\"article:published_time\" content=\"2021-03-05T11:49:37+00:00\" \/>\n<meta property=\"og:image\" content=\"https:\/\/live.staticflickr.com\/65535\/51005768591_2568c52f76_c.jpg\" \/>\n<meta name=\"author\" content=\"Arnaldo Botto\" \/>\n<meta name=\"twitter:card\" content=\"summary_large_image\" \/>\n<script type=\"application\/ld+json\" class=\"yoast-schema-graph\">{\"@context\":\"https:\/\/schema.org\",\"@graph\":[{\"@type\":\"WebPage\",\"@id\":\"https:\/\/www.noticiasradioreflejos.com.ar\/2021\/tornquist-un-menor-resulto-herido-al-chocar-con-su-moto-contra-una-camioneta\/\",\"url\":\"https:\/\/www.noticiasradioreflejos.com.ar\/2021\/tornquist-un-menor-resulto-herido-al-chocar-con-su-moto-contra-una-camioneta\/\",\"name\":\"Tornquist: Un menor result\u00f3 herido al chocar con su moto contra una camioneta - Noticias Radio Reflejos\",\"isPartOf\":{\"@id\":\"https:\/\/www.noticiasradioreflejos.com.ar\/2021\/#website\"},\"primaryImageOfPage\":{\"@id\":\"https:\/\/www.noticiasradioreflejos.com.ar\/2021\/tornquist-un-menor-resulto-herido-al-chocar-con-su-moto-contra-una-camioneta\/#primaryimage\"},\"image\":{\"@id\":\"https:\/\/www.noticiasradioreflejos.com.ar\/2021\/tornquist-un-menor-resulto-herido-al-chocar-con-su-moto-contra-una-camioneta\/#primaryimage\"},\"thumbnailUrl\":\"https:\/\/live.staticflickr.com\/65535\/51005768591_2568c52f76_c.jpg\",\"datePublished\":\"2021-03-05T11:49:37+00:00\",\"author\":{\"@id\":\"https:\/\/www.noticiasradioreflejos.com.ar\/2021\/#\/schema\/person\/ad82545263dcc5ec0996818884fd5fb1\"},\"breadcrumb\":{\"@id\":\"https:\/\/www.noticiasradioreflejos.com.ar\/2021\/tornquist-un-menor-resulto-herido-al-chocar-con-su-moto-contra-una-camioneta\/#breadcrumb\"},\"inLanguage\":\"es\",\"potentialAction\":[{\"@type\":\"ReadAction\",\"target\":[\"https:\/\/www.noticiasradioreflejos.com.ar\/2021\/tornquist-un-menor-resulto-herido-al-chocar-con-su-moto-contra-una-camioneta\/\"]}]},{\"@type\":\"ImageObject\",\"inLanguage\":\"es\",\"@id\":\"https:\/\/www.noticiasradioreflejos.com.ar\/2021\/tornquist-un-menor-resulto-herido-al-chocar-con-su-moto-contra-una-camioneta\/#primaryimage\",\"url\":\"https:\/\/live.staticflickr.com\/65535\/51005768591_2568c52f76_c.jpg\",\"contentUrl\":\"https:\/\/live.staticflickr.com\/65535\/51005768591_2568c52f76_c.jpg\"},{\"@type\":\"BreadcrumbList\",\"@id\":\"https:\/\/www.noticiasradioreflejos.com.ar\/2021\/tornquist-un-menor-resulto-herido-al-chocar-con-su-moto-contra-una-camioneta\/#breadcrumb\",\"itemListElement\":[{\"@type\":\"ListItem\",\"position\":1,\"name\":\"Portada\",\"item\":\"https:\/\/www.noticiasradioreflejos.com.ar\/2021\/\"},{\"@type\":\"ListItem\",\"position\":2,\"name\":\"Tornquist: Un menor result\u00f3 herido al chocar con su moto contra una camioneta\"}]},{\"@type\":\"WebSite\",\"@id\":\"https:\/\/www.noticiasradioreflejos.com.ar\/2021\/#website\",\"url\":\"https:\/\/www.noticiasradioreflejos.com.ar\/2021\/\",\"name\":\"Noticias Radio Reflejos\",\"description\":\"Las noticias de mi comarca\",\"potentialAction\":[{\"@type\":\"SearchAction\",\"target\":{\"@type\":\"EntryPoint\",\"urlTemplate\":\"https:\/\/www.noticiasradioreflejos.com.ar\/2021\/?s={search_term_string}\"},\"query-input\":{\"@type\":\"PropertyValueSpecification\",\"valueRequired\":true,\"valueName\":\"search_term_string\"}}],\"inLanguage\":\"es\"},{\"@type\":\"Person\",\"@id\":\"https:\/\/www.noticiasradioreflejos.com.ar\/2021\/#\/schema\/person\/ad82545263dcc5ec0996818884fd5fb1\",\"name\":\"Arnaldo Botto\",\"image\":{\"@type\":\"ImageObject\",\"inLanguage\":\"es\",\"@id\":\"https:\/\/www.noticiasradioreflejos.com.ar\/2021\/#\/schema\/person\/image\/\",\"url\":\"https:\/\/secure.gravatar.com\/avatar\/55cb5e37c1efa326397366e6974cb338056df65cb50e7d64d1cf314e87504837?s=96&d=mm&r=g\",\"contentUrl\":\"https:\/\/secure.gravatar.com\/avatar\/55cb5e37c1efa326397366e6974cb338056df65cb50e7d64d1cf314e87504837?s=96&d=mm&r=g\",\"caption\":\"Arnaldo Botto\"},\"url\":\"https:\/\/www.noticiasradioreflejos.com.ar\/2021\/author\/arnaldo\/\"}]}<\/script>\n<!-- \/ Yoast SEO plugin. -->","yoast_head_json":{"title":"Tornquist: Un menor result\u00f3 herido al chocar con su moto contra una camioneta - Noticias Radio Reflejos","robots":{"index":"index","follow":"follow","max-snippet":"max-snippet:-1","max-image-preview":"max-image-preview:large","max-video-preview":"max-video-preview:-1"},"canonical":"https:\/\/www.noticiasradioreflejos.com.ar\/2021\/tornquist-un-menor-resulto-herido-al-chocar-con-su-moto-contra-una-camioneta\/","og_locale":"es_ES","og_type":"article","og_title":"Tornquist: Un menor result\u00f3 herido al chocar con su moto contra una camioneta - Noticias Radio Reflejos","og_description":"Ocurri\u00f3 este jueves pasadas las 21 hs frente al Banco Provincia","og_url":"https:\/\/www.noticiasradioreflejos.com.ar\/2021\/tornquist-un-menor-resulto-herido-al-chocar-con-su-moto-contra-una-camioneta\/","og_site_name":"Noticias Radio Reflejos","article_published_time":"2021-03-05T11:49:37+00:00","og_image":[{"url":"https:\/\/live.staticflickr.com\/65535\/51005768591_2568c52f76_c.jpg","type":"","width":"","height":""}],"author":"Arnaldo Botto","twitter_card":"summary_large_image","schema":{"@context":"https:\/\/schema.org","@graph":[{"@type":"WebPage","@id":"https:\/\/www.noticiasradioreflejos.com.ar\/2021\/tornquist-un-menor-resulto-herido-al-chocar-con-su-moto-contra-una-camioneta\/","url":"https:\/\/www.noticiasradioreflejos.com.ar\/2021\/tornquist-un-menor-resulto-herido-al-chocar-con-su-moto-contra-una-camioneta\/","name":"Tornquist: Un menor result\u00f3 herido al chocar con su moto contra una camioneta - Noticias Radio Reflejos","isPartOf":{"@id":"https:\/\/www.noticiasradioreflejos.com.ar\/2021\/#website"},"primaryImageOfPage":{"@id":"https:\/\/www.noticiasradioreflejos.com.ar\/2021\/tornquist-un-menor-resulto-herido-al-chocar-con-su-moto-contra-una-camioneta\/#primaryimage"},"image":{"@id":"https:\/\/www.noticiasradioreflejos.com.ar\/2021\/tornquist-un-menor-resulto-herido-al-chocar-con-su-moto-contra-una-camioneta\/#primaryimage"},"thumbnailUrl":"https:\/\/live.staticflickr.com\/65535\/51005768591_2568c52f76_c.jpg","datePublished":"2021-03-05T11:49:37+00:00","author":{"@id":"https:\/\/www.noticiasradioreflejos.com.ar\/2021\/#\/schema\/person\/ad82545263dcc5ec0996818884fd5fb1"},"breadcrumb":{"@id":"https:\/\/www.noticiasradioreflejos.com.ar\/2021\/tornquist-un-menor-resulto-herido-al-chocar-con-su-moto-contra-una-camioneta\/#breadcrumb"},"inLanguage":"es","potentialAction":[{"@type":"ReadAction","target":["https:\/\/www.noticiasradioreflejos.com.ar\/2021\/tornquist-un-menor-resulto-herido-al-chocar-con-su-moto-contra-una-camioneta\/"]}]},{"@type":"ImageObject","inLanguage":"es","@id":"https:\/\/www.noticiasradioreflejos.com.ar\/2021\/tornquist-un-menor-resulto-herido-al-chocar-con-su-moto-contra-una-camioneta\/#primaryimage","url":"https:\/\/live.staticflickr.com\/65535\/51005768591_2568c52f76_c.jpg","contentUrl":"https:\/\/live.staticflickr.com\/65535\/51005768591_2568c52f76_c.jpg"},{"@type":"BreadcrumbList","@id":"https:\/\/www.noticiasradioreflejos.com.ar\/2021\/tornquist-un-menor-resulto-herido-al-chocar-con-su-moto-contra-una-camioneta\/#breadcrumb","itemListElement":[{"@type":"ListItem","position":1,"name":"Portada","item":"https:\/\/www.noticiasradioreflejos.com.ar\/2021\/"},{"@type":"ListItem","position":2,"name":"Tornquist: Un menor result\u00f3 herido al chocar con su moto contra una camioneta"}]},{"@type":"WebSite","@id":"https:\/\/www.noticiasradioreflejos.com.ar\/2021\/#website","url":"https:\/\/www.noticiasradioreflejos.com.ar\/2021\/","name":"Noticias Radio Reflejos","description":"Las noticias de mi comarca","potentialAction":[{"@type":"SearchAction","target":{"@type":"EntryPoint","urlTemplate":"https:\/\/www.noticiasradioreflejos.com.ar\/2021\/?s={search_term_string}"},"query-input":{"@type":"PropertyValueSpecification","valueRequired":true,"valueName":"search_term_string"}}],"inLanguage":"es"},{"@type":"Person","@id":"https:\/\/www.noticiasradioreflejos.com.ar\/2021\/#\/schema\/person\/ad82545263dcc5ec0996818884fd5fb1","name":"Arnaldo Botto","image":{"@type":"ImageObject","inLanguage":"es","@id":"https:\/\/www.noticiasradioreflejos.com.ar\/2021\/#\/schema\/person\/image\/","url":"https:\/\/secure.gravatar.com\/avatar\/55cb5e37c1efa326397366e6974cb338056df65cb50e7d64d1cf314e87504837?s=96&d=mm&r=g","contentUrl":"https:\/\/secure.gravatar.com\/avatar\/55cb5e37c1efa326397366e6974cb338056df65cb50e7d64d1cf314e87504837?s=96&d=mm&r=g","caption":"Arnaldo Botto"},"url":"https:\/\/www.noticiasradioreflejos.com.ar\/2021\/author\/arnaldo\/"}]}},"_links":{"self":[{"href":"https:\/\/www.noticiasradioreflejos.com.ar\/2021\/wp-json\/wp\/v2\/posts\/53388","targetHints":{"allow":["GET"]}}],"collection":[{"href":"https:\/\/www.noticiasradioreflejos.com.ar\/2021\/wp-json\/wp\/v2\/posts"}],"about":[{"href":"https:\/\/www.noticiasradioreflejos.com.ar\/2021\/wp-json\/wp\/v2\/types\/post"}],"author":[{"embeddable":true,"href":"https:\/\/www.noticiasradioreflejos.com.ar\/2021\/wp-json\/wp\/v2\/users\/3"}],"replies":[{"embeddable":true,"href":"https:\/\/www.noticiasradioreflejos.com.ar\/2021\/wp-json\/wp\/v2\/comments?post=53388"}],"version-history":[{"count":0,"href":"https:\/\/www.noticiasradioreflejos.com.ar\/2021\/wp-json\/wp\/v2\/posts\/53388\/revisions"}],"wp:attachment":[{"href":"https:\/\/www.noticiasradioreflejos.com.ar\/2021\/wp-json\/wp\/v2\/media?parent=53388"}],"wp:term":[{"taxonomy":"category","embeddable":true,"href":"https:\/\/www.noticiasradioreflejos.com.ar\/2021\/wp-json\/wp\/v2\/categories?post=53388"},{"taxonomy":"post_tag","embeddable":true,"href":"https:\/\/www.noticiasradioreflejos.com.ar\/2021\/wp-json\/wp\/v2\/tags?post=53388"}],"curies":[{"name":"wp","href":"https:\/\/api.w.org\/{rel}","templated":true}]}}