{"id":53384,"date":"2021-03-05T08:37:44","date_gmt":"2021-03-05T11:37:44","guid":{"rendered":"http:\/\/www.noticiasradioreflejos.com.ar\/noticias\/?p=53384"},"modified":"2021-03-05T08:37:44","modified_gmt":"2021-03-05T11:37:44","slug":"sobre-seguridad-en-tornquist-hay-una-investigacion-muy-avanzada-prolija-y-estamos-convencidos-de-que-habra-noticias-favorables","status":"publish","type":"post","link":"https:\/\/www.noticiasradioreflejos.com.ar\/2021\/sobre-seguridad-en-tornquist-hay-una-investigacion-muy-avanzada-prolija-y-estamos-convencidos-de-que-habra-noticias-favorables\/","title":{"rendered":"Sobre Seguridad en Tornquist: \u00abhay una investigaci\u00f3n muy avanzada, prolija y estamos convencidos de que habr\u00e1 noticias favorables\u201d"},"content":{"rendered":"<p>Lo adelant\u00f3 el Secretario de Gobierno y Seguridad, Ezequiel Gabella.<!--more--><\/p>\n<p>En el marco de varios hechos delictivos que han ocurrido en el \u00faltimo mes en la localidad de Tornquist y ante la preocupaci\u00f3n creciente de los vecinos, Ezequiel Gabella, Secretario de Gobierno y Seguridad de la Municipalidad brind\u00f3 explicaciones a este medio sobre las distintas inquietudes que se han presentado.<\/p>\n<p>Gabella explic\u00f3 que los recientes delitos parecer\u00edan indicar una ola de inseguridad, aunque esto no ser\u00eda as\u00ed: \u201cAcostumbrados al ritmo que impuso la pandemia con el confinamiento, el porcentaje de la actividad delictiva se encontraba en una baja con niveles hist\u00f3ricos y con la vuelta de la normalidad, estos hechos volvieron a surgir\u201d.<\/p>\n<p>Asimismo, hablo de un \u201cmal acostumbramiento\u201d por parte de la poblaci\u00f3n ya que \u201chac\u00eda mucho tiempo que no se hablaba de inseguridad\u201d y que \u201ccon la normalidad vuelven los amigos de lo ajeno que nos roban la tranquilidad\u201d.<\/p>\n<p>En cuanto a la modalidad de los mismos, Gabella destac\u00f3 que \u201cen ning\u00fan caso existi\u00f3 el uso de la fuerza contra otras personas\u201d, por lo que se tratar\u00eda de hurtos. De los cuatro hechos acontecidos, solamente uno no present\u00f3 la denuncia correspondiente, por lo que se recuerda la importancia de comunicar la situaci\u00f3n a la polic\u00eda para que esta pueda realizar las respectivas averiguaciones.<\/p>\n<p>\u201cLa tranquilidad que le queremos llevar a la gente es que sepan que est\u00e1 trabajando seriamente y hay una investigaci\u00f3n muy avanzada, prolija y estamos convencidos de que habr\u00e1 noticias favorables\u201d, afirm\u00f3. Se cree que no se tratar\u00edan de casos aislados, sino que existir\u00eda una correlaci\u00f3n en los mismos, por lo cual, se estima que las averiguaciones ayuden a determinar el paradero de los involucrados.<\/p>\n<p>\u201cEl \u00edndice de esclarecimientos que hemos tenido en el distrito en los \u00faltimos cuatro a\u00f1os es alt\u00edsimo porque se lleva a cabo un muy buen trabajo desde la polic\u00eda\u201d, expres\u00f3.<\/p>\n<p>Admitiendo que al momento se encuentra a la espera de mayor informaci\u00f3n, solo \u201cser\u00e1 cuesti\u00f3n de horas para el esclarecimiento\u201d: \u201cLa sociedad pretende respuestas r\u00e1pidas y los tiempos de una investigaci\u00f3n policial no condice con ese ritmo\u201d, sostuvo, ya que \u201csi brindamos m\u00e1s datos de los que corresponden corremos el riesgo de alertar a los malvivientes, por ese motivo se maneja con hermetismo, pero no cabe duda que se esperan noticias en breve\u201d.<\/p>\n<p><iframe loading=\"lazy\" width=\"100%\" height=\"166\" scrolling=\"no\" frameborder=\"no\" allow=\"autoplay\" src=\"https:\/\/w.soundcloud.com\/player\/?url=https%3A\/\/api.soundcloud.com\/tracks\/999094600&#038;color=%23ff5500&#038;auto_play=false&#038;hide_related=false&#038;show_comments=true&#038;show_user=true&#038;show_reposts=false&#038;show_teaser=true\"><\/iframe><\/p>\n<div style=\"font-size: 10px; color: #cccccc;line-break: anywhere;word-break: normal;overflow: hidden;white-space: nowrap;text-overflow: ellipsis; font-family: Interstate,Lucida Grande,Lucida Sans Unicode,Lucida Sans,Garuda,Verdana,Tahoma,sans-serif;font-weight: 100;\"><a href=\"https:\/\/soundcloud.com\/fmreflejos-103-7\" title=\"fmreflejos 103.7\" target=\"_blank\" style=\"color: #cccccc; text-decoration: none;\" rel=\"noopener\">fmreflejos 103.7<\/a> \u00b7 <a href=\"https:\/\/soundcloud.com\/fmreflejos-103-7\/gabella-hechos-delictivos-en-tornquist\" title=\"Gabella - Hechos Delictivos En Tornquist\" target=\"_blank\" style=\"color: #cccccc; text-decoration: none;\" rel=\"noopener\">Gabella &#8211; Hechos Delictivos En Tornquist<\/a><\/div>\n<p><strong>Gentileza Noticas Tornquist<\/strong><\/p>\n<p>&nbsp;<\/p>\n<p>&nbsp;<\/p>\n","protected":false},"excerpt":{"rendered":"<p>Lo adelant\u00f3 el Secretario de Gobierno y Seguridad, Ezequiel Gabella.<\/p>\n","protected":false},"author":3,"featured_media":0,"comment_status":"closed","ping_status":"open","sticky":false,"template":"","format":"standard","meta":{"footnotes":""},"categories":[28,29],"tags":[],"class_list":["post-53384","post","type-post","status-publish","format-standard","hentry","category-municipales","category-policiales"],"yoast_head":"<!-- This site is optimized with the Yoast SEO plugin v25.9 - https:\/\/yoast.com\/wordpress\/plugins\/seo\/ -->\n<title>Sobre Seguridad en Tornquist: &quot;hay una investigaci\u00f3n muy avanzada, prolija y estamos convencidos de que habr\u00e1 noticias favorables\u201d - Noticias Radio Reflejos<\/title>\n<meta name=\"robots\" content=\"index, follow, max-snippet:-1, max-image-preview:large, max-video-preview:-1\" \/>\n<link rel=\"canonical\" href=\"https:\/\/www.noticiasradioreflejos.com.ar\/2021\/sobre-seguridad-en-tornquist-hay-una-investigacion-muy-avanzada-prolija-y-estamos-convencidos-de-que-habra-noticias-favorables\/\" \/>\n<meta property=\"og:locale\" content=\"es_ES\" \/>\n<meta property=\"og:type\" content=\"article\" \/>\n<meta property=\"og:title\" content=\"Sobre Seguridad en Tornquist: &quot;hay una investigaci\u00f3n muy avanzada, prolija y estamos convencidos de que habr\u00e1 noticias favorables\u201d - Noticias Radio Reflejos\" \/>\n<meta property=\"og:description\" content=\"Lo adelant\u00f3 el Secretario de Gobierno y Seguridad, Ezequiel Gabella.\" \/>\n<meta property=\"og:url\" content=\"https:\/\/www.noticiasradioreflejos.com.ar\/2021\/sobre-seguridad-en-tornquist-hay-una-investigacion-muy-avanzada-prolija-y-estamos-convencidos-de-que-habra-noticias-favorables\/\" \/>\n<meta property=\"og:site_name\" content=\"Noticias Radio Reflejos\" \/>\n<meta property=\"article:published_time\" content=\"2021-03-05T11:37:44+00:00\" \/>\n<meta property=\"og:image\" content=\"https:\/\/www.noticiasradioreflejos.com.ar\/2021\/wp-content\/uploads\/2021\/07\/logosol300x200.png\" \/>\n\t<meta property=\"og:image:width\" content=\"300\" \/>\n\t<meta property=\"og:image:height\" content=\"200\" \/>\n\t<meta property=\"og:image:type\" content=\"image\/png\" \/>\n<meta name=\"author\" content=\"Arnaldo Botto\" \/>\n<meta name=\"twitter:card\" content=\"summary_large_image\" \/>\n<script type=\"application\/ld+json\" class=\"yoast-schema-graph\">{\"@context\":\"https:\/\/schema.org\",\"@graph\":[{\"@type\":\"WebPage\",\"@id\":\"https:\/\/www.noticiasradioreflejos.com.ar\/2021\/sobre-seguridad-en-tornquist-hay-una-investigacion-muy-avanzada-prolija-y-estamos-convencidos-de-que-habra-noticias-favorables\/\",\"url\":\"https:\/\/www.noticiasradioreflejos.com.ar\/2021\/sobre-seguridad-en-tornquist-hay-una-investigacion-muy-avanzada-prolija-y-estamos-convencidos-de-que-habra-noticias-favorables\/\",\"name\":\"Sobre Seguridad en Tornquist: \\\"hay una investigaci\u00f3n muy avanzada, prolija y estamos convencidos de que habr\u00e1 noticias favorables\u201d - Noticias Radio Reflejos\",\"isPartOf\":{\"@id\":\"https:\/\/www.noticiasradioreflejos.com.ar\/2021\/#website\"},\"datePublished\":\"2021-03-05T11:37:44+00:00\",\"author\":{\"@id\":\"https:\/\/www.noticiasradioreflejos.com.ar\/2021\/#\/schema\/person\/ad82545263dcc5ec0996818884fd5fb1\"},\"breadcrumb\":{\"@id\":\"https:\/\/www.noticiasradioreflejos.com.ar\/2021\/sobre-seguridad-en-tornquist-hay-una-investigacion-muy-avanzada-prolija-y-estamos-convencidos-de-que-habra-noticias-favorables\/#breadcrumb\"},\"inLanguage\":\"es\",\"potentialAction\":[{\"@type\":\"ReadAction\",\"target\":[\"https:\/\/www.noticiasradioreflejos.com.ar\/2021\/sobre-seguridad-en-tornquist-hay-una-investigacion-muy-avanzada-prolija-y-estamos-convencidos-de-que-habra-noticias-favorables\/\"]}]},{\"@type\":\"BreadcrumbList\",\"@id\":\"https:\/\/www.noticiasradioreflejos.com.ar\/2021\/sobre-seguridad-en-tornquist-hay-una-investigacion-muy-avanzada-prolija-y-estamos-convencidos-de-que-habra-noticias-favorables\/#breadcrumb\",\"itemListElement\":[{\"@type\":\"ListItem\",\"position\":1,\"name\":\"Portada\",\"item\":\"https:\/\/www.noticiasradioreflejos.com.ar\/2021\/\"},{\"@type\":\"ListItem\",\"position\":2,\"name\":\"Sobre Seguridad en Tornquist: \u00abhay una investigaci\u00f3n muy avanzada, prolija y estamos convencidos de que habr\u00e1 noticias favorables\u201d\"}]},{\"@type\":\"WebSite\",\"@id\":\"https:\/\/www.noticiasradioreflejos.com.ar\/2021\/#website\",\"url\":\"https:\/\/www.noticiasradioreflejos.com.ar\/2021\/\",\"name\":\"Noticias Radio Reflejos\",\"description\":\"Las noticias de mi comarca\",\"potentialAction\":[{\"@type\":\"SearchAction\",\"target\":{\"@type\":\"EntryPoint\",\"urlTemplate\":\"https:\/\/www.noticiasradioreflejos.com.ar\/2021\/?s={search_term_string}\"},\"query-input\":{\"@type\":\"PropertyValueSpecification\",\"valueRequired\":true,\"valueName\":\"search_term_string\"}}],\"inLanguage\":\"es\"},{\"@type\":\"Person\",\"@id\":\"https:\/\/www.noticiasradioreflejos.com.ar\/2021\/#\/schema\/person\/ad82545263dcc5ec0996818884fd5fb1\",\"name\":\"Arnaldo Botto\",\"image\":{\"@type\":\"ImageObject\",\"inLanguage\":\"es\",\"@id\":\"https:\/\/www.noticiasradioreflejos.com.ar\/2021\/#\/schema\/person\/image\/\",\"url\":\"https:\/\/secure.gravatar.com\/avatar\/55cb5e37c1efa326397366e6974cb338056df65cb50e7d64d1cf314e87504837?s=96&d=mm&r=g\",\"contentUrl\":\"https:\/\/secure.gravatar.com\/avatar\/55cb5e37c1efa326397366e6974cb338056df65cb50e7d64d1cf314e87504837?s=96&d=mm&r=g\",\"caption\":\"Arnaldo Botto\"},\"url\":\"https:\/\/www.noticiasradioreflejos.com.ar\/2021\/author\/arnaldo\/\"}]}<\/script>\n<!-- \/ Yoast SEO plugin. -->","yoast_head_json":{"title":"Sobre Seguridad en Tornquist: \"hay una investigaci\u00f3n muy avanzada, prolija y estamos convencidos de que habr\u00e1 noticias favorables\u201d - Noticias Radio Reflejos","robots":{"index":"index","follow":"follow","max-snippet":"max-snippet:-1","max-image-preview":"max-image-preview:large","max-video-preview":"max-video-preview:-1"},"canonical":"https:\/\/www.noticiasradioreflejos.com.ar\/2021\/sobre-seguridad-en-tornquist-hay-una-investigacion-muy-avanzada-prolija-y-estamos-convencidos-de-que-habra-noticias-favorables\/","og_locale":"es_ES","og_type":"article","og_title":"Sobre Seguridad en Tornquist: \"hay una investigaci\u00f3n muy avanzada, prolija y estamos convencidos de que habr\u00e1 noticias favorables\u201d - Noticias Radio Reflejos","og_description":"Lo adelant\u00f3 el Secretario de Gobierno y Seguridad, Ezequiel Gabella.","og_url":"https:\/\/www.noticiasradioreflejos.com.ar\/2021\/sobre-seguridad-en-tornquist-hay-una-investigacion-muy-avanzada-prolija-y-estamos-convencidos-de-que-habra-noticias-favorables\/","og_site_name":"Noticias Radio Reflejos","article_published_time":"2021-03-05T11:37:44+00:00","og_image":[{"width":300,"height":200,"url":"https:\/\/www.noticiasradioreflejos.com.ar\/2021\/wp-content\/uploads\/2021\/07\/logosol300x200.png","type":"image\/png"}],"author":"Arnaldo Botto","twitter_card":"summary_large_image","schema":{"@context":"https:\/\/schema.org","@graph":[{"@type":"WebPage","@id":"https:\/\/www.noticiasradioreflejos.com.ar\/2021\/sobre-seguridad-en-tornquist-hay-una-investigacion-muy-avanzada-prolija-y-estamos-convencidos-de-que-habra-noticias-favorables\/","url":"https:\/\/www.noticiasradioreflejos.com.ar\/2021\/sobre-seguridad-en-tornquist-hay-una-investigacion-muy-avanzada-prolija-y-estamos-convencidos-de-que-habra-noticias-favorables\/","name":"Sobre Seguridad en Tornquist: \"hay una investigaci\u00f3n muy avanzada, prolija y estamos convencidos de que habr\u00e1 noticias favorables\u201d - Noticias Radio Reflejos","isPartOf":{"@id":"https:\/\/www.noticiasradioreflejos.com.ar\/2021\/#website"},"datePublished":"2021-03-05T11:37:44+00:00","author":{"@id":"https:\/\/www.noticiasradioreflejos.com.ar\/2021\/#\/schema\/person\/ad82545263dcc5ec0996818884fd5fb1"},"breadcrumb":{"@id":"https:\/\/www.noticiasradioreflejos.com.ar\/2021\/sobre-seguridad-en-tornquist-hay-una-investigacion-muy-avanzada-prolija-y-estamos-convencidos-de-que-habra-noticias-favorables\/#breadcrumb"},"inLanguage":"es","potentialAction":[{"@type":"ReadAction","target":["https:\/\/www.noticiasradioreflejos.com.ar\/2021\/sobre-seguridad-en-tornquist-hay-una-investigacion-muy-avanzada-prolija-y-estamos-convencidos-de-que-habra-noticias-favorables\/"]}]},{"@type":"BreadcrumbList","@id":"https:\/\/www.noticiasradioreflejos.com.ar\/2021\/sobre-seguridad-en-tornquist-hay-una-investigacion-muy-avanzada-prolija-y-estamos-convencidos-de-que-habra-noticias-favorables\/#breadcrumb","itemListElement":[{"@type":"ListItem","position":1,"name":"Portada","item":"https:\/\/www.noticiasradioreflejos.com.ar\/2021\/"},{"@type":"ListItem","position":2,"name":"Sobre Seguridad en Tornquist: \u00abhay una investigaci\u00f3n muy avanzada, prolija y estamos convencidos de que habr\u00e1 noticias favorables\u201d"}]},{"@type":"WebSite","@id":"https:\/\/www.noticiasradioreflejos.com.ar\/2021\/#website","url":"https:\/\/www.noticiasradioreflejos.com.ar\/2021\/","name":"Noticias Radio Reflejos","description":"Las noticias de mi comarca","potentialAction":[{"@type":"SearchAction","target":{"@type":"EntryPoint","urlTemplate":"https:\/\/www.noticiasradioreflejos.com.ar\/2021\/?s={search_term_string}"},"query-input":{"@type":"PropertyValueSpecification","valueRequired":true,"valueName":"search_term_string"}}],"inLanguage":"es"},{"@type":"Person","@id":"https:\/\/www.noticiasradioreflejos.com.ar\/2021\/#\/schema\/person\/ad82545263dcc5ec0996818884fd5fb1","name":"Arnaldo Botto","image":{"@type":"ImageObject","inLanguage":"es","@id":"https:\/\/www.noticiasradioreflejos.com.ar\/2021\/#\/schema\/person\/image\/","url":"https:\/\/secure.gravatar.com\/avatar\/55cb5e37c1efa326397366e6974cb338056df65cb50e7d64d1cf314e87504837?s=96&d=mm&r=g","contentUrl":"https:\/\/secure.gravatar.com\/avatar\/55cb5e37c1efa326397366e6974cb338056df65cb50e7d64d1cf314e87504837?s=96&d=mm&r=g","caption":"Arnaldo Botto"},"url":"https:\/\/www.noticiasradioreflejos.com.ar\/2021\/author\/arnaldo\/"}]}},"_links":{"self":[{"href":"https:\/\/www.noticiasradioreflejos.com.ar\/2021\/wp-json\/wp\/v2\/posts\/53384","targetHints":{"allow":["GET"]}}],"collection":[{"href":"https:\/\/www.noticiasradioreflejos.com.ar\/2021\/wp-json\/wp\/v2\/posts"}],"about":[{"href":"https:\/\/www.noticiasradioreflejos.com.ar\/2021\/wp-json\/wp\/v2\/types\/post"}],"author":[{"embeddable":true,"href":"https:\/\/www.noticiasradioreflejos.com.ar\/2021\/wp-json\/wp\/v2\/users\/3"}],"replies":[{"embeddable":true,"href":"https:\/\/www.noticiasradioreflejos.com.ar\/2021\/wp-json\/wp\/v2\/comments?post=53384"}],"version-history":[{"count":0,"href":"https:\/\/www.noticiasradioreflejos.com.ar\/2021\/wp-json\/wp\/v2\/posts\/53384\/revisions"}],"wp:attachment":[{"href":"https:\/\/www.noticiasradioreflejos.com.ar\/2021\/wp-json\/wp\/v2\/media?parent=53384"}],"wp:term":[{"taxonomy":"category","embeddable":true,"href":"https:\/\/www.noticiasradioreflejos.com.ar\/2021\/wp-json\/wp\/v2\/categories?post=53384"},{"taxonomy":"post_tag","embeddable":true,"href":"https:\/\/www.noticiasradioreflejos.com.ar\/2021\/wp-json\/wp\/v2\/tags?post=53384"}],"curies":[{"name":"wp","href":"https:\/\/api.w.org\/{rel}","templated":true}]}}