{"id":5338,"date":"2016-12-30T11:52:01","date_gmt":"2016-12-30T11:52:01","guid":{"rendered":"http:\/\/noticiasradioreflejos.com.ar\/noticias\/?p=5338"},"modified":"2016-12-30T11:52:01","modified_gmt":"2016-12-30T11:52:01","slug":"mensaje-de-fin-de-ano","status":"publish","type":"post","link":"https:\/\/www.noticiasradioreflejos.com.ar\/2021\/mensaje-de-fin-de-ano\/","title":{"rendered":"Mensaje de fin de a\u00f1o"},"content":{"rendered":"<p>Frente Popular 25 de febrero<br \/>\nDIF\u00cdCIL LA REALIDAD PERO HAY PUEBLO, ALEGR\u00cdA\u00a0 Y ESPERANZA<br \/>\nEl final de \u00a02016 ya est\u00e1 aqu\u00ed, quedan por \u00a0transitar apenas horas de los 366\u00a0 de este a\u00f1o bisiesto que (nos ha tra\u00eddo numerosas penas en su transcurrir y pocas alegr\u00edas y desde el cual se hace dif\u00edcil la esperanza)\u00a0no nos ha privado de una sola pena en su transcurrir; un a\u00f1o ya desde que comenz\u00f3 la odisea de los hechos que contradicen los discursos, con absoluto cinismo y\u00a0 total hipocres\u00eda.<!--more--><br \/>\nNo hab\u00edan pasado los primeros doce d\u00edas cuando ya qued\u00f3\u00a0bien claro el dise\u00f1o,\u00a0el tantas veces nombrado modelo neoliberal mostraba en escena\u00a0\u00a0qui\u00e9nes son \u00a0los verdaderos due\u00f1os\u00a0 y qui\u00e9nes volvieron a ser los excluidos del pa\u00eds.\u00a0Nuestro pa\u00eds\u00a0comenzaba a ser gobernado\u00a0por gerentes que deb\u00edan cumplir\u00a0el mandato de<strong>\u00a0<\/strong>borrar de la faz de la tierra toda restauraci\u00f3n de derechos, los avances contra la pobreza \u00a0o el buen empleo de la inteligencia en beneficio de la sociedad.<br \/>\nLa derecha olig\u00e1rquica \u2013 neo liberal &#8211; hab\u00eda llegado al gobierno \u00a0enga\u00f1ando al electorado\u00a0con\u00a0un mensaje de alegr\u00eda, desarrollo para todos y unidad con orden y paz; propuestas que, a poco de andar se fueron desvaneciendo como el salario de nuestros bolsillos y aparecieron las verdaderas intenciones del actual gobierno\u00a0montadas sobre\u00a0la matriz autoritaria\u00a0 que pervive en nuestra idiosincrasia\u00a0 modelada en funci\u00f3n de los mensajes ancestrales, no siempre democr\u00e1ticos, no siempre justos, \u00a0casi siempre determinantes y que est\u00e1n presentes todav\u00eda hoy, pasada m\u00e1s de una d\u00e9cada y media del siglo XXI.<br \/>\nLos agro\u00a0exportadores primero, despu\u00e9s las mineras y un poco m\u00e1s tarde las empresas el\u00e9ctricas, recibieron una descomunal transferencia de riqueza mientras se tritur\u00f3 sin piedad \u00a0el salario de los trabajadores; a puro mandoble de decretos se pisote\u00f3 la constituci\u00f3n, el poder judicial, de rodillas, se puso al servicio de los intereses del relato de los vencedores como lo hizo siempre, tambi\u00e9n en los per\u00edodos de gobiernos de facto. Sin respeto por la independencia de poderes,\u00a0toda\u00a0ley que fuera promulgada en favor de las mayor\u00edas fue atacada por el veto presidencial.<br \/>\nLos representantes del pueblo\u00a0en el poder legislativo\u00a0no hallaron la energ\u00eda que hizo falta o se acomodaron a los nuevos tiempos, no encontrando \u00a0c\u00f3mo \u00a0oponerse a los atropellos como si se les hubiera borrado de la memoria el peligro que \u00e9stos entra\u00f1an.<br \/>\nSin ning\u00fan pudor, haciendo gala de una moralidad\u00a0de la que carecen,\u00a0\u00a0se nos aleccion\u00f3 sobre nuestros deberes al mismo tiempo que se conculcaban nuestros derechos, con el m\u00e1s completo desprecio por nuestros\u00a0ideales y de su incidencia en los actos que beneficiaron a la naci\u00f3n.<br \/>\nUn nuevo elemento hace su aparici\u00f3n y es la correlaci\u00f3n sin tapujos del partido judicial, un Poder Judicial que es brazo ejecutor de los deseos y necesidades de la administraci\u00f3n, escandalizando hasta a los propios miembros del actual gobierno o sus socios pol\u00edticos que a\u00fan conservan algo de sentido com\u00fan.\u00a0Milagro Sala sigue presa en la Jujuy \u00a0gobernada por la arbitrariedad, como bot\u00f3n de muestra del estado de derecho avasallado por\u00a0\u00a0una pol\u00edtica negatoria de los derechos humanos m\u00e1s elementales, en particular si se trata de reprimir\u00a0 y judicializar la protesta social;\u00a0Cristina Fernandez, que reclamo una auditor\u00eda a toda la obra p\u00fablica, \u00a0est\u00e1 procesada por las dudas y Baez por un mont\u00f3n de delitos que tal como las excavaciones no llegaran a nada. En nombre de la justicia<strong>,\u00a0<\/strong>se ensa\u00f1an con\u00a0obscenidad descarada\u00a0para disciplinar a los que piensan diferente con oscuras intenciones de proscripci\u00f3n en las pr\u00f3ximas elecciones, repitiendo hechos que la historia certifica.<br \/>\nLo que si es cierto es que como siempre s\u00f3lo as\u00ed se distrae a la opini\u00f3n p\u00fablica de los tarifazos impagables, de los\u00a0miles de despidos,\u00a0la destrucci\u00f3n de la industria nacional y las econom\u00edas regionales; de la precarizaci\u00f3n de las fuentes laborales, de la falta de posibilidades que acorralan a las familias; la ni\u00f1ez \u00a0desprotegida; los inmigrantes de los pa\u00edses hermanos estigmatizados y perseguidos;\u00a0y de tantos otros rostros de un pa\u00eds que se achica\u00a0para muchos y se agranda para pocos.<br \/>\nLa ley de Medios ya no existe y\u00a0se profundiz\u00f3 la concentraci\u00f3n el mayor poder comunicacional del pa\u00eds en quienes \u00a0hoy nos imponen \u00a0su propio Ministro de Econom\u00eda.\u00a0ARSAT, YPF;\u00a0 CONICET,\u00a0ANSES, \u00a0PAMI desfinanciados,\u00a0la soberan\u00eda satelital abortada, \u00a0<strong>\u00a0<\/strong>la investigaci\u00f3n cient\u00edfica recortada y una pol\u00edtica exterior vergonzante sobre todo en materia de la soberan\u00eda sobre las islas Malvinas.<br \/>\nLa persona que hoy pierde su\u00a0 mirada en la pantalla que no le cuenta nada de la cruda realidad que la lastima y\u00a0 espera que, por fin, un cliente entre a comprar es la misma que hasta el a\u00f1o pasado transpiraba odio por culpa de la cadena nacional mientras vend\u00eda bollos a manos llenas.<br \/>\nEl trabajo de marketing les sali\u00f3 perfecto\u00a0y el blindaje medi\u00e1tico que protege al modelo es muy eficiente.\u00a0Las personas comunes \u00a0&#8211;\u00a0 en\u00a0 general &#8211; creen en ellos de buena fe, concentradas en mantenerse en equilibrio sobre el andamiaje de su vivir y,\u00a0miran hacia otro lado pretextando indiferencia; \u00a0envisten de autoridad sin l\u00edmites al autoritario, delegan sus deberes en manos del que detenta el poder, reclaman\u00a0 en las ventanillas equivocadas, patean la pelota afuera y bien lejos, sue\u00f1an con que s\u00f3lo los otros sean las v\u00edctimas, se niegan a admitir que no son m\u00e1s que un recurso sin advertir que contribuyen a\u00a0la indignidad de la explotaci\u00f3n de su esfuerzo y que, en cuanto menos lo esperen, estar\u00e1n \u00a0otra vez en un pa\u00eds de desocupados, denegados, aterrados, con la realidad haciendo estallar los muros y exponiendo las miserias a la vista de todos.<br \/>\nPero ya lo sab\u00edamos, a los militantes del proyecto nacional, popular y democr\u00e1tico no nos sorprende porque\u00a0 nunca nos\u00a0 llamamos a enga\u00f1o, este a\u00f1o pas\u00f3 seg\u00fan lo planificado \u00a0y es lo que seguir\u00e1 pasando corregido y aumentado si no asumimos que,\u00a0para avanzar en la construcci\u00f3n de la democracia sobre una base firme, es imprescindible no perder de vista lo que realmente importa, o sea el fortalecimiento del estado de derecho, la independencia de los poderes, el respeto por las libertades de los ciudadanos de \u00a0una rep\u00fablica consolidada.<br \/>\nEl desaf\u00edo es enorme; la realidad tan dif\u00edcil nos confirma en nuestra convicci\u00f3n\u00a0y\u00a0\u00a0nos estimula\u00a0 a\u00a0juntar\u00a0 la energ\u00eda que nos \u00a0haga fuerte en la diversidad, en lo solidario, en la\u00a0 cooperaci\u00f3n, en la alegr\u00eda y en la esperanza m\u00e1s all\u00e1 de las dificultades, sin perder de vista que el objetivo es vivir con dignidad en la patria que so\u00f1amos.<\/p>\n","protected":false},"excerpt":{"rendered":"<p>Frente Popular 25 de febrero DIF\u00cdCIL LA REALIDAD PERO HAY PUEBLO, ALEGR\u00cdA\u00a0 Y ESPERANZA El final de \u00a02016 ya est\u00e1 aqu\u00ed, quedan por \u00a0transitar apenas horas de los 366\u00a0 de este a\u00f1o bisiesto que (nos ha tra\u00eddo numerosas penas en su transcurrir y pocas alegr\u00edas y desde el cual se hace dif\u00edcil la esperanza)\u00a0no nos [&hellip;]<\/p>\n","protected":false},"author":3,"featured_media":0,"comment_status":"closed","ping_status":"open","sticky":false,"template":"","format":"standard","meta":{"footnotes":""},"categories":[24],"tags":[],"class_list":["post-5338","post","type-post","status-publish","format-standard","hentry","category-politica"],"yoast_head":"<!-- This site is optimized with the Yoast SEO plugin v25.9 - https:\/\/yoast.com\/wordpress\/plugins\/seo\/ -->\n<title>Mensaje de fin de a\u00f1o - Noticias Radio Reflejos<\/title>\n<meta name=\"robots\" content=\"index, follow, max-snippet:-1, max-image-preview:large, max-video-preview:-1\" \/>\n<link rel=\"canonical\" href=\"https:\/\/www.noticiasradioreflejos.com.ar\/2021\/mensaje-de-fin-de-ano\/\" \/>\n<meta property=\"og:locale\" content=\"es_ES\" \/>\n<meta property=\"og:type\" content=\"article\" \/>\n<meta property=\"og:title\" content=\"Mensaje de fin de a\u00f1o - Noticias Radio Reflejos\" \/>\n<meta property=\"og:description\" content=\"Frente Popular 25 de febrero DIF\u00cdCIL LA REALIDAD PERO HAY PUEBLO, ALEGR\u00cdA\u00a0 Y ESPERANZA El final de \u00a02016 ya est\u00e1 aqu\u00ed, quedan por \u00a0transitar apenas horas de los 366\u00a0 de este a\u00f1o bisiesto que (nos ha tra\u00eddo numerosas penas en su transcurrir y pocas alegr\u00edas y desde el cual se hace dif\u00edcil la esperanza)\u00a0no nos [&hellip;]\" \/>\n<meta property=\"og:url\" content=\"https:\/\/www.noticiasradioreflejos.com.ar\/2021\/mensaje-de-fin-de-ano\/\" \/>\n<meta property=\"og:site_name\" content=\"Noticias Radio Reflejos\" \/>\n<meta property=\"article:published_time\" content=\"2016-12-30T11:52:01+00:00\" \/>\n<meta property=\"og:image\" content=\"https:\/\/www.noticiasradioreflejos.com.ar\/2021\/wp-content\/uploads\/2021\/07\/logosol300x200.png\" \/>\n\t<meta property=\"og:image:width\" content=\"300\" \/>\n\t<meta property=\"og:image:height\" content=\"200\" \/>\n\t<meta property=\"og:image:type\" content=\"image\/png\" \/>\n<meta name=\"author\" content=\"Arnaldo Botto\" \/>\n<meta name=\"twitter:card\" content=\"summary_large_image\" \/>\n<script type=\"application\/ld+json\" class=\"yoast-schema-graph\">{\"@context\":\"https:\/\/schema.org\",\"@graph\":[{\"@type\":\"WebPage\",\"@id\":\"https:\/\/www.noticiasradioreflejos.com.ar\/2021\/mensaje-de-fin-de-ano\/\",\"url\":\"https:\/\/www.noticiasradioreflejos.com.ar\/2021\/mensaje-de-fin-de-ano\/\",\"name\":\"Mensaje de fin de a\u00f1o - Noticias Radio Reflejos\",\"isPartOf\":{\"@id\":\"https:\/\/www.noticiasradioreflejos.com.ar\/2021\/#website\"},\"datePublished\":\"2016-12-30T11:52:01+00:00\",\"author\":{\"@id\":\"https:\/\/www.noticiasradioreflejos.com.ar\/2021\/#\/schema\/person\/ad82545263dcc5ec0996818884fd5fb1\"},\"breadcrumb\":{\"@id\":\"https:\/\/www.noticiasradioreflejos.com.ar\/2021\/mensaje-de-fin-de-ano\/#breadcrumb\"},\"inLanguage\":\"es\",\"potentialAction\":[{\"@type\":\"ReadAction\",\"target\":[\"https:\/\/www.noticiasradioreflejos.com.ar\/2021\/mensaje-de-fin-de-ano\/\"]}]},{\"@type\":\"BreadcrumbList\",\"@id\":\"https:\/\/www.noticiasradioreflejos.com.ar\/2021\/mensaje-de-fin-de-ano\/#breadcrumb\",\"itemListElement\":[{\"@type\":\"ListItem\",\"position\":1,\"name\":\"Portada\",\"item\":\"https:\/\/www.noticiasradioreflejos.com.ar\/2021\/\"},{\"@type\":\"ListItem\",\"position\":2,\"name\":\"Mensaje de fin de a\u00f1o\"}]},{\"@type\":\"WebSite\",\"@id\":\"https:\/\/www.noticiasradioreflejos.com.ar\/2021\/#website\",\"url\":\"https:\/\/www.noticiasradioreflejos.com.ar\/2021\/\",\"name\":\"Noticias Radio Reflejos\",\"description\":\"Las noticias de mi comarca\",\"potentialAction\":[{\"@type\":\"SearchAction\",\"target\":{\"@type\":\"EntryPoint\",\"urlTemplate\":\"https:\/\/www.noticiasradioreflejos.com.ar\/2021\/?s={search_term_string}\"},\"query-input\":{\"@type\":\"PropertyValueSpecification\",\"valueRequired\":true,\"valueName\":\"search_term_string\"}}],\"inLanguage\":\"es\"},{\"@type\":\"Person\",\"@id\":\"https:\/\/www.noticiasradioreflejos.com.ar\/2021\/#\/schema\/person\/ad82545263dcc5ec0996818884fd5fb1\",\"name\":\"Arnaldo Botto\",\"image\":{\"@type\":\"ImageObject\",\"inLanguage\":\"es\",\"@id\":\"https:\/\/www.noticiasradioreflejos.com.ar\/2021\/#\/schema\/person\/image\/\",\"url\":\"https:\/\/secure.gravatar.com\/avatar\/55cb5e37c1efa326397366e6974cb338056df65cb50e7d64d1cf314e87504837?s=96&d=mm&r=g\",\"contentUrl\":\"https:\/\/secure.gravatar.com\/avatar\/55cb5e37c1efa326397366e6974cb338056df65cb50e7d64d1cf314e87504837?s=96&d=mm&r=g\",\"caption\":\"Arnaldo Botto\"},\"url\":\"https:\/\/www.noticiasradioreflejos.com.ar\/2021\/author\/arnaldo\/\"}]}<\/script>\n<!-- \/ Yoast SEO plugin. -->","yoast_head_json":{"title":"Mensaje de fin de a\u00f1o - Noticias Radio Reflejos","robots":{"index":"index","follow":"follow","max-snippet":"max-snippet:-1","max-image-preview":"max-image-preview:large","max-video-preview":"max-video-preview:-1"},"canonical":"https:\/\/www.noticiasradioreflejos.com.ar\/2021\/mensaje-de-fin-de-ano\/","og_locale":"es_ES","og_type":"article","og_title":"Mensaje de fin de a\u00f1o - Noticias Radio Reflejos","og_description":"Frente Popular 25 de febrero DIF\u00cdCIL LA REALIDAD PERO HAY PUEBLO, ALEGR\u00cdA\u00a0 Y ESPERANZA El final de \u00a02016 ya est\u00e1 aqu\u00ed, quedan por \u00a0transitar apenas horas de los 366\u00a0 de este a\u00f1o bisiesto que (nos ha tra\u00eddo numerosas penas en su transcurrir y pocas alegr\u00edas y desde el cual se hace dif\u00edcil la esperanza)\u00a0no nos [&hellip;]","og_url":"https:\/\/www.noticiasradioreflejos.com.ar\/2021\/mensaje-de-fin-de-ano\/","og_site_name":"Noticias Radio Reflejos","article_published_time":"2016-12-30T11:52:01+00:00","og_image":[{"width":300,"height":200,"url":"https:\/\/www.noticiasradioreflejos.com.ar\/2021\/wp-content\/uploads\/2021\/07\/logosol300x200.png","type":"image\/png"}],"author":"Arnaldo Botto","twitter_card":"summary_large_image","schema":{"@context":"https:\/\/schema.org","@graph":[{"@type":"WebPage","@id":"https:\/\/www.noticiasradioreflejos.com.ar\/2021\/mensaje-de-fin-de-ano\/","url":"https:\/\/www.noticiasradioreflejos.com.ar\/2021\/mensaje-de-fin-de-ano\/","name":"Mensaje de fin de a\u00f1o - Noticias Radio Reflejos","isPartOf":{"@id":"https:\/\/www.noticiasradioreflejos.com.ar\/2021\/#website"},"datePublished":"2016-12-30T11:52:01+00:00","author":{"@id":"https:\/\/www.noticiasradioreflejos.com.ar\/2021\/#\/schema\/person\/ad82545263dcc5ec0996818884fd5fb1"},"breadcrumb":{"@id":"https:\/\/www.noticiasradioreflejos.com.ar\/2021\/mensaje-de-fin-de-ano\/#breadcrumb"},"inLanguage":"es","potentialAction":[{"@type":"ReadAction","target":["https:\/\/www.noticiasradioreflejos.com.ar\/2021\/mensaje-de-fin-de-ano\/"]}]},{"@type":"BreadcrumbList","@id":"https:\/\/www.noticiasradioreflejos.com.ar\/2021\/mensaje-de-fin-de-ano\/#breadcrumb","itemListElement":[{"@type":"ListItem","position":1,"name":"Portada","item":"https:\/\/www.noticiasradioreflejos.com.ar\/2021\/"},{"@type":"ListItem","position":2,"name":"Mensaje de fin de a\u00f1o"}]},{"@type":"WebSite","@id":"https:\/\/www.noticiasradioreflejos.com.ar\/2021\/#website","url":"https:\/\/www.noticiasradioreflejos.com.ar\/2021\/","name":"Noticias Radio Reflejos","description":"Las noticias de mi comarca","potentialAction":[{"@type":"SearchAction","target":{"@type":"EntryPoint","urlTemplate":"https:\/\/www.noticiasradioreflejos.com.ar\/2021\/?s={search_term_string}"},"query-input":{"@type":"PropertyValueSpecification","valueRequired":true,"valueName":"search_term_string"}}],"inLanguage":"es"},{"@type":"Person","@id":"https:\/\/www.noticiasradioreflejos.com.ar\/2021\/#\/schema\/person\/ad82545263dcc5ec0996818884fd5fb1","name":"Arnaldo Botto","image":{"@type":"ImageObject","inLanguage":"es","@id":"https:\/\/www.noticiasradioreflejos.com.ar\/2021\/#\/schema\/person\/image\/","url":"https:\/\/secure.gravatar.com\/avatar\/55cb5e37c1efa326397366e6974cb338056df65cb50e7d64d1cf314e87504837?s=96&d=mm&r=g","contentUrl":"https:\/\/secure.gravatar.com\/avatar\/55cb5e37c1efa326397366e6974cb338056df65cb50e7d64d1cf314e87504837?s=96&d=mm&r=g","caption":"Arnaldo Botto"},"url":"https:\/\/www.noticiasradioreflejos.com.ar\/2021\/author\/arnaldo\/"}]}},"_links":{"self":[{"href":"https:\/\/www.noticiasradioreflejos.com.ar\/2021\/wp-json\/wp\/v2\/posts\/5338","targetHints":{"allow":["GET"]}}],"collection":[{"href":"https:\/\/www.noticiasradioreflejos.com.ar\/2021\/wp-json\/wp\/v2\/posts"}],"about":[{"href":"https:\/\/www.noticiasradioreflejos.com.ar\/2021\/wp-json\/wp\/v2\/types\/post"}],"author":[{"embeddable":true,"href":"https:\/\/www.noticiasradioreflejos.com.ar\/2021\/wp-json\/wp\/v2\/users\/3"}],"replies":[{"embeddable":true,"href":"https:\/\/www.noticiasradioreflejos.com.ar\/2021\/wp-json\/wp\/v2\/comments?post=5338"}],"version-history":[{"count":0,"href":"https:\/\/www.noticiasradioreflejos.com.ar\/2021\/wp-json\/wp\/v2\/posts\/5338\/revisions"}],"wp:attachment":[{"href":"https:\/\/www.noticiasradioreflejos.com.ar\/2021\/wp-json\/wp\/v2\/media?parent=5338"}],"wp:term":[{"taxonomy":"category","embeddable":true,"href":"https:\/\/www.noticiasradioreflejos.com.ar\/2021\/wp-json\/wp\/v2\/categories?post=5338"},{"taxonomy":"post_tag","embeddable":true,"href":"https:\/\/www.noticiasradioreflejos.com.ar\/2021\/wp-json\/wp\/v2\/tags?post=5338"}],"curies":[{"name":"wp","href":"https:\/\/api.w.org\/{rel}","templated":true}]}}