{"id":53365,"date":"2021-03-04T18:03:25","date_gmt":"2021-03-04T21:03:25","guid":{"rendered":"http:\/\/www.noticiasradioreflejos.com.ar\/noticias\/?p=53365"},"modified":"2021-03-04T18:03:25","modified_gmt":"2021-03-04T21:03:25","slug":"sostenida-por-tres-pilares-fundamentales-el-arte-el-cooperativismo-y-la-educacion-ambiental-nacio-en-la-comarca-una-nueva-forma-experiencia-educativa","status":"publish","type":"post","link":"https:\/\/www.noticiasradioreflejos.com.ar\/2021\/sostenida-por-tres-pilares-fundamentales-el-arte-el-cooperativismo-y-la-educacion-ambiental-nacio-en-la-comarca-una-nueva-forma-experiencia-educativa\/","title":{"rendered":"Sostenida por tres pilares fundamentales: el arte, el cooperativismo y la educaci\u00f3n ambiental, naci\u00f3 en la comarca una nueva forma experiencia educativa."},"content":{"rendered":"<p><strong>\u00abEl Junquero\u00bb<\/strong> es una experiencia educativa con una propuesta pedag\u00f3gica alternativa. Esta ma\u00f1ana conversamos con <strong>Samanta Cairo<\/strong>, perteneciente a la instituci\u00f3n de Villa La Arcadia, quien nos presenta a este interesante proyecto y lo desarrolla.<!--more--><\/p>\n<p><a title=\"el Junquero (2)\" href=\"https:\/\/www.flickr.com\/photos\/182279889@N02\/51003500668\/in\/dateposted-public\/\" data-flickr-embed=\"true\"><img loading=\"lazy\" decoding=\"async\" src=\"https:\/\/live.staticflickr.com\/65535\/51003500668_57edc823f1_c.jpg\" alt=\"el Junquero (2)\" width=\"800\" height=\"593\" \/><\/a><script src=\"\/\/embedr.flickr.com\/assets\/client-code.js\" async=\"\" charset=\"utf-8\"><\/script><\/p>\n<p><strong>El Junquero<\/strong> nace por un grupo de padres especialistas en educaci\u00f3n, preocupados por generar un nuevo proyecto de educaci\u00f3n, una alternativa. \u00abPara hacer nuestro propio proyecto visitamos un mont\u00f3n de experiencias educativas en el pa\u00eds, con diferentes pedagog\u00edas y distintos tipos de gesti\u00f3n\u00bb desarroll\u00f3 Samanta. \u00abNos quisimos nutrir de todas estas experiencias alternativas que hay en todo el pa\u00eds, y, realmente, no hay dos iguales. Son experiencias adaptadas a las necesidades locales\u00bb continu\u00f3.<\/p>\n<p><a title=\"el Junquero (7)\" href=\"https:\/\/www.flickr.com\/photos\/182279889@N02\/51003500478\/in\/dateposted-public\/\" data-flickr-embed=\"true\"><img loading=\"lazy\" decoding=\"async\" src=\"https:\/\/live.staticflickr.com\/65535\/51003500478_dfcda50841_c.jpg\" alt=\"el Junquero (7)\" width=\"800\" height=\"800\" \/><\/a><script src=\"\/\/embedr.flickr.com\/assets\/client-code.js\" async=\"\" charset=\"utf-8\"><\/script><\/p>\n<p>\u00abNo somos escuela libre. Nosotros trabajamos con los lineamientos curriculares de la Provincia de Buenos Aires\u00bb mencion\u00f3 Samanta al resaltar que muchas personas les consultan si en la escuela los ni\u00f1os y ni\u00f1as aprenden los que quieren. \u00abEl nene aprende lo mismo que aprende en cualquier escuela de la Provincia, lo que cambia en la forma y en la adecuaci\u00f3n de esos contenidos en el contexto local, en la cantidad de nenes, en el espacio, en c\u00f3mo evaluamos, etc.\u00bb sigui\u00f3 explicando.<\/p>\n<p><a title=\"el Junquero (4)\" href=\"https:\/\/www.flickr.com\/photos\/182279889@N02\/51004203171\/in\/dateposted-public\/\" data-flickr-embed=\"true\"><img loading=\"lazy\" decoding=\"async\" src=\"https:\/\/live.staticflickr.com\/65535\/51004203171_8b6fa985d6_c.jpg\" alt=\"el Junquero (4)\" width=\"800\" height=\"800\" \/><\/a><script src=\"\/\/embedr.flickr.com\/assets\/client-code.js\" async=\"\" charset=\"utf-8\"><\/script><\/p>\n<p>Samanta coment\u00f3 que, en este momento, <strong>El Junquero<\/strong> todav\u00eda no acredita como escuela, pero que se est\u00e1 tramitando con el Municipio de Coronel Suarez. Esto quiere decir, que al mandar a los ni\u00f1os al <strong>Junquero<\/strong> no reciben un certificado de alumno regular. \u00abEsto es importante que lo sepan\u00bb resalt\u00f3 Samanta.<\/p>\n<p>\u00abTenemos un crecimiento vegetativo, que significa un a\u00f1o por Ciclo Lectivo\u00bb explic\u00f3 Samanta haciendo referencia a los cursos habilitados que hay en la instituci\u00f3n educativa, comprendiendo primer y segundo a\u00f1o de primaria hasta el momento.<\/p>\n<p><a title=\"el Junquero (5)\" href=\"https:\/\/www.flickr.com\/photos\/182279889@N02\/51003500558\/in\/dateposted-public\/\" data-flickr-embed=\"true\"><img loading=\"lazy\" decoding=\"async\" src=\"https:\/\/live.staticflickr.com\/65535\/51003500558_34e0321bfb_c.jpg\" alt=\"el Junquero (5)\" width=\"800\" height=\"800\" \/><\/a><script src=\"\/\/embedr.flickr.com\/assets\/client-code.js\" async=\"\" charset=\"utf-8\"><\/script><\/p>\n<p>\u00abTrabajamos en horizontalidad entre docentes, especialistas en educaci\u00f3n y las familias. Ac\u00e1 las decisiones se toman en conjunto\u00bb explic\u00f3 el m\u00e9todo de trabajo que se aborda en la instituci\u00f3n educativa. El equipo pedag\u00f3gico est\u00e1 formado por dos docentes, dos m\u00e1s que est\u00e1n aportando desde la virtualidad m\u00e1s todo un grupo de especialistas del distrito.<\/p>\n<p><a title=\"el Junquero (6)\" href=\"https:\/\/www.flickr.com\/photos\/182279889@N02\/51004315572\/in\/dateposted-public\/\" data-flickr-embed=\"true\"><img loading=\"lazy\" decoding=\"async\" src=\"https:\/\/live.staticflickr.com\/65535\/51004315572_61496bf7cb_c.jpg\" alt=\"el Junquero (6)\" width=\"800\" height=\"800\" \/><\/a><script src=\"\/\/embedr.flickr.com\/assets\/client-code.js\" async=\"\" charset=\"utf-8\"><\/script><\/p>\n<p>La presencialidad en <strong>el Junquero<\/strong> es de Lunes a Viernes por las tardes, desde las 13 hasta las 17hs.<\/p>\n<p>\u00abNos gusta pensar <strong>al Junquero<\/strong> como un nido formado por muchos juncos que somos las familias y los docentes. Con una propuesta innovadora y \u00fanica en la regi\u00f3n atravesada por tres ejes: el arte, la educaci\u00f3n ambiental y el cooperativismo\u00bb describi\u00f3 finalmente al proyecto.<\/p>\n<p>Nota completa a continuaci\u00f3n:<br \/>\n <iframe loading=\"lazy\" src=\"https:\/\/w.soundcloud.com\/player\/?url=https%3A\/\/api.soundcloud.com\/tracks\/998457052&amp;color=%23ff5500&amp;auto_play=false&amp;hide_related=false&amp;show_comments=true&amp;show_user=true&amp;show_reposts=false&amp;show_teaser=true\" width=\"100%\" height=\"166\" frameborder=\"no\" scrolling=\"no\"><\/iframe><\/p>\n<div style=\"font-size: 10px; color: #cccccc; line-break: anywhere; word-break: normal; overflow: hidden; white-space: nowrap; text-overflow: ellipsis; font-family: Interstate,Lucida Grande,Lucida Sans Unicode,Lucida Sans,Garuda,Verdana,Tahoma,sans-serif; font-weight: 100;\"><a style=\"color: #cccccc; text-decoration: none;\" title=\"fmreflejos 103.7\" href=\"https:\/\/soundcloud.com\/fmreflejos-103-7\" target=\"_blank\" rel=\"noopener\">fmreflejos 103.7<\/a> \u00b7 <a style=\"color: #cccccc; text-decoration: none;\" title=\"Nota Samanta EL JUNQUERO\" href=\"https:\/\/soundcloud.com\/fmreflejos-103-7\/nota-samanta-el-junquero\" target=\"_blank\" rel=\"noopener\">Nota Samanta EL JUNQUERO<\/a><\/div>\n<p><a title=\"el Junquero (3)\" href=\"https:\/\/www.flickr.com\/photos\/182279889@N02\/51003500628\/in\/dateposted-public\/\" data-flickr-embed=\"true\"><img loading=\"lazy\" decoding=\"async\" src=\"https:\/\/live.staticflickr.com\/65535\/51003500628_94174f439f_c.jpg\" alt=\"el Junquero (3)\" width=\"800\" height=\"800\" \/><\/a><script src=\"\/\/embedr.flickr.com\/assets\/client-code.js\" async=\"\" charset=\"utf-8\"><\/script><\/p>\n<p><a title=\"el Junquero (8)\" href=\"https:\/\/www.flickr.com\/photos\/182279889@N02\/51004203046\/in\/dateposted-public\/\" data-flickr-embed=\"true\"><img loading=\"lazy\" decoding=\"async\" src=\"https:\/\/live.staticflickr.com\/65535\/51004203046_c5380a0782_c.jpg\" alt=\"el Junquero (8)\" width=\"800\" height=\"800\" \/><\/a><script src=\"\/\/embedr.flickr.com\/assets\/client-code.js\" async=\"\" charset=\"utf-8\"><\/script><\/p>\n","protected":false},"excerpt":{"rendered":"<p>\u00abEl Junquero\u00bb es una experiencia educativa con una propuesta pedag\u00f3gica alternativa. Esta ma\u00f1ana conversamos con Samanta Cairo, perteneciente a la instituci\u00f3n de Villa La Arcadia, quien nos presenta a este interesante proyecto y lo desarrolla.<\/p>\n","protected":false},"author":3,"featured_media":0,"comment_status":"closed","ping_status":"open","sticky":false,"template":"","format":"standard","meta":{"footnotes":""},"categories":[34],"tags":[],"class_list":["post-53365","post","type-post","status-publish","format-standard","hentry","category-educacion"],"yoast_head":"<!-- This site is optimized with the Yoast SEO plugin v25.9 - https:\/\/yoast.com\/wordpress\/plugins\/seo\/ -->\n<title>Sostenida por tres pilares fundamentales: el arte, el cooperativismo y la educaci\u00f3n ambiental, naci\u00f3 en la comarca una nueva forma experiencia educativa. - Noticias Radio Reflejos<\/title>\n<meta name=\"robots\" content=\"index, follow, max-snippet:-1, max-image-preview:large, max-video-preview:-1\" \/>\n<link rel=\"canonical\" href=\"https:\/\/www.noticiasradioreflejos.com.ar\/2021\/sostenida-por-tres-pilares-fundamentales-el-arte-el-cooperativismo-y-la-educacion-ambiental-nacio-en-la-comarca-una-nueva-forma-experiencia-educativa\/\" \/>\n<meta property=\"og:locale\" content=\"es_ES\" \/>\n<meta property=\"og:type\" content=\"article\" \/>\n<meta property=\"og:title\" content=\"Sostenida por tres pilares fundamentales: el arte, el cooperativismo y la educaci\u00f3n ambiental, naci\u00f3 en la comarca una nueva forma experiencia educativa. - Noticias Radio Reflejos\" \/>\n<meta property=\"og:description\" content=\"\u00abEl Junquero\u00bb es una experiencia educativa con una propuesta pedag\u00f3gica alternativa. Esta ma\u00f1ana conversamos con Samanta Cairo, perteneciente a la instituci\u00f3n de Villa La Arcadia, quien nos presenta a este interesante proyecto y lo desarrolla.\" \/>\n<meta property=\"og:url\" content=\"https:\/\/www.noticiasradioreflejos.com.ar\/2021\/sostenida-por-tres-pilares-fundamentales-el-arte-el-cooperativismo-y-la-educacion-ambiental-nacio-en-la-comarca-una-nueva-forma-experiencia-educativa\/\" \/>\n<meta property=\"og:site_name\" content=\"Noticias Radio Reflejos\" \/>\n<meta property=\"article:published_time\" content=\"2021-03-04T21:03:25+00:00\" \/>\n<meta property=\"og:image\" content=\"https:\/\/live.staticflickr.com\/65535\/51003500668_57edc823f1_c.jpg\" \/>\n<meta name=\"author\" content=\"Arnaldo Botto\" \/>\n<meta name=\"twitter:card\" content=\"summary_large_image\" \/>\n<script type=\"application\/ld+json\" class=\"yoast-schema-graph\">{\"@context\":\"https:\/\/schema.org\",\"@graph\":[{\"@type\":\"WebPage\",\"@id\":\"https:\/\/www.noticiasradioreflejos.com.ar\/2021\/sostenida-por-tres-pilares-fundamentales-el-arte-el-cooperativismo-y-la-educacion-ambiental-nacio-en-la-comarca-una-nueva-forma-experiencia-educativa\/\",\"url\":\"https:\/\/www.noticiasradioreflejos.com.ar\/2021\/sostenida-por-tres-pilares-fundamentales-el-arte-el-cooperativismo-y-la-educacion-ambiental-nacio-en-la-comarca-una-nueva-forma-experiencia-educativa\/\",\"name\":\"Sostenida por tres pilares fundamentales: el arte, el cooperativismo y la educaci\u00f3n ambiental, naci\u00f3 en la comarca una nueva forma experiencia educativa. - Noticias Radio Reflejos\",\"isPartOf\":{\"@id\":\"https:\/\/www.noticiasradioreflejos.com.ar\/2021\/#website\"},\"primaryImageOfPage\":{\"@id\":\"https:\/\/www.noticiasradioreflejos.com.ar\/2021\/sostenida-por-tres-pilares-fundamentales-el-arte-el-cooperativismo-y-la-educacion-ambiental-nacio-en-la-comarca-una-nueva-forma-experiencia-educativa\/#primaryimage\"},\"image\":{\"@id\":\"https:\/\/www.noticiasradioreflejos.com.ar\/2021\/sostenida-por-tres-pilares-fundamentales-el-arte-el-cooperativismo-y-la-educacion-ambiental-nacio-en-la-comarca-una-nueva-forma-experiencia-educativa\/#primaryimage\"},\"thumbnailUrl\":\"https:\/\/live.staticflickr.com\/65535\/51003500668_57edc823f1_c.jpg\",\"datePublished\":\"2021-03-04T21:03:25+00:00\",\"author\":{\"@id\":\"https:\/\/www.noticiasradioreflejos.com.ar\/2021\/#\/schema\/person\/ad82545263dcc5ec0996818884fd5fb1\"},\"breadcrumb\":{\"@id\":\"https:\/\/www.noticiasradioreflejos.com.ar\/2021\/sostenida-por-tres-pilares-fundamentales-el-arte-el-cooperativismo-y-la-educacion-ambiental-nacio-en-la-comarca-una-nueva-forma-experiencia-educativa\/#breadcrumb\"},\"inLanguage\":\"es\",\"potentialAction\":[{\"@type\":\"ReadAction\",\"target\":[\"https:\/\/www.noticiasradioreflejos.com.ar\/2021\/sostenida-por-tres-pilares-fundamentales-el-arte-el-cooperativismo-y-la-educacion-ambiental-nacio-en-la-comarca-una-nueva-forma-experiencia-educativa\/\"]}]},{\"@type\":\"ImageObject\",\"inLanguage\":\"es\",\"@id\":\"https:\/\/www.noticiasradioreflejos.com.ar\/2021\/sostenida-por-tres-pilares-fundamentales-el-arte-el-cooperativismo-y-la-educacion-ambiental-nacio-en-la-comarca-una-nueva-forma-experiencia-educativa\/#primaryimage\",\"url\":\"https:\/\/live.staticflickr.com\/65535\/51003500668_57edc823f1_c.jpg\",\"contentUrl\":\"https:\/\/live.staticflickr.com\/65535\/51003500668_57edc823f1_c.jpg\"},{\"@type\":\"BreadcrumbList\",\"@id\":\"https:\/\/www.noticiasradioreflejos.com.ar\/2021\/sostenida-por-tres-pilares-fundamentales-el-arte-el-cooperativismo-y-la-educacion-ambiental-nacio-en-la-comarca-una-nueva-forma-experiencia-educativa\/#breadcrumb\",\"itemListElement\":[{\"@type\":\"ListItem\",\"position\":1,\"name\":\"Portada\",\"item\":\"https:\/\/www.noticiasradioreflejos.com.ar\/2021\/\"},{\"@type\":\"ListItem\",\"position\":2,\"name\":\"Sostenida por tres pilares fundamentales: el arte, el cooperativismo y la educaci\u00f3n ambiental, naci\u00f3 en la comarca una nueva forma experiencia educativa.\"}]},{\"@type\":\"WebSite\",\"@id\":\"https:\/\/www.noticiasradioreflejos.com.ar\/2021\/#website\",\"url\":\"https:\/\/www.noticiasradioreflejos.com.ar\/2021\/\",\"name\":\"Noticias Radio Reflejos\",\"description\":\"Las noticias de mi comarca\",\"potentialAction\":[{\"@type\":\"SearchAction\",\"target\":{\"@type\":\"EntryPoint\",\"urlTemplate\":\"https:\/\/www.noticiasradioreflejos.com.ar\/2021\/?s={search_term_string}\"},\"query-input\":{\"@type\":\"PropertyValueSpecification\",\"valueRequired\":true,\"valueName\":\"search_term_string\"}}],\"inLanguage\":\"es\"},{\"@type\":\"Person\",\"@id\":\"https:\/\/www.noticiasradioreflejos.com.ar\/2021\/#\/schema\/person\/ad82545263dcc5ec0996818884fd5fb1\",\"name\":\"Arnaldo Botto\",\"image\":{\"@type\":\"ImageObject\",\"inLanguage\":\"es\",\"@id\":\"https:\/\/www.noticiasradioreflejos.com.ar\/2021\/#\/schema\/person\/image\/\",\"url\":\"https:\/\/secure.gravatar.com\/avatar\/55cb5e37c1efa326397366e6974cb338056df65cb50e7d64d1cf314e87504837?s=96&d=mm&r=g\",\"contentUrl\":\"https:\/\/secure.gravatar.com\/avatar\/55cb5e37c1efa326397366e6974cb338056df65cb50e7d64d1cf314e87504837?s=96&d=mm&r=g\",\"caption\":\"Arnaldo Botto\"},\"url\":\"https:\/\/www.noticiasradioreflejos.com.ar\/2021\/author\/arnaldo\/\"}]}<\/script>\n<!-- \/ Yoast SEO plugin. -->","yoast_head_json":{"title":"Sostenida por tres pilares fundamentales: el arte, el cooperativismo y la educaci\u00f3n ambiental, naci\u00f3 en la comarca una nueva forma experiencia educativa. - Noticias Radio Reflejos","robots":{"index":"index","follow":"follow","max-snippet":"max-snippet:-1","max-image-preview":"max-image-preview:large","max-video-preview":"max-video-preview:-1"},"canonical":"https:\/\/www.noticiasradioreflejos.com.ar\/2021\/sostenida-por-tres-pilares-fundamentales-el-arte-el-cooperativismo-y-la-educacion-ambiental-nacio-en-la-comarca-una-nueva-forma-experiencia-educativa\/","og_locale":"es_ES","og_type":"article","og_title":"Sostenida por tres pilares fundamentales: el arte, el cooperativismo y la educaci\u00f3n ambiental, naci\u00f3 en la comarca una nueva forma experiencia educativa. - Noticias Radio Reflejos","og_description":"\u00abEl Junquero\u00bb es una experiencia educativa con una propuesta pedag\u00f3gica alternativa. Esta ma\u00f1ana conversamos con Samanta Cairo, perteneciente a la instituci\u00f3n de Villa La Arcadia, quien nos presenta a este interesante proyecto y lo desarrolla.","og_url":"https:\/\/www.noticiasradioreflejos.com.ar\/2021\/sostenida-por-tres-pilares-fundamentales-el-arte-el-cooperativismo-y-la-educacion-ambiental-nacio-en-la-comarca-una-nueva-forma-experiencia-educativa\/","og_site_name":"Noticias Radio Reflejos","article_published_time":"2021-03-04T21:03:25+00:00","og_image":[{"url":"https:\/\/live.staticflickr.com\/65535\/51003500668_57edc823f1_c.jpg","type":"","width":"","height":""}],"author":"Arnaldo Botto","twitter_card":"summary_large_image","schema":{"@context":"https:\/\/schema.org","@graph":[{"@type":"WebPage","@id":"https:\/\/www.noticiasradioreflejos.com.ar\/2021\/sostenida-por-tres-pilares-fundamentales-el-arte-el-cooperativismo-y-la-educacion-ambiental-nacio-en-la-comarca-una-nueva-forma-experiencia-educativa\/","url":"https:\/\/www.noticiasradioreflejos.com.ar\/2021\/sostenida-por-tres-pilares-fundamentales-el-arte-el-cooperativismo-y-la-educacion-ambiental-nacio-en-la-comarca-una-nueva-forma-experiencia-educativa\/","name":"Sostenida por tres pilares fundamentales: el arte, el cooperativismo y la educaci\u00f3n ambiental, naci\u00f3 en la comarca una nueva forma experiencia educativa. - Noticias Radio Reflejos","isPartOf":{"@id":"https:\/\/www.noticiasradioreflejos.com.ar\/2021\/#website"},"primaryImageOfPage":{"@id":"https:\/\/www.noticiasradioreflejos.com.ar\/2021\/sostenida-por-tres-pilares-fundamentales-el-arte-el-cooperativismo-y-la-educacion-ambiental-nacio-en-la-comarca-una-nueva-forma-experiencia-educativa\/#primaryimage"},"image":{"@id":"https:\/\/www.noticiasradioreflejos.com.ar\/2021\/sostenida-por-tres-pilares-fundamentales-el-arte-el-cooperativismo-y-la-educacion-ambiental-nacio-en-la-comarca-una-nueva-forma-experiencia-educativa\/#primaryimage"},"thumbnailUrl":"https:\/\/live.staticflickr.com\/65535\/51003500668_57edc823f1_c.jpg","datePublished":"2021-03-04T21:03:25+00:00","author":{"@id":"https:\/\/www.noticiasradioreflejos.com.ar\/2021\/#\/schema\/person\/ad82545263dcc5ec0996818884fd5fb1"},"breadcrumb":{"@id":"https:\/\/www.noticiasradioreflejos.com.ar\/2021\/sostenida-por-tres-pilares-fundamentales-el-arte-el-cooperativismo-y-la-educacion-ambiental-nacio-en-la-comarca-una-nueva-forma-experiencia-educativa\/#breadcrumb"},"inLanguage":"es","potentialAction":[{"@type":"ReadAction","target":["https:\/\/www.noticiasradioreflejos.com.ar\/2021\/sostenida-por-tres-pilares-fundamentales-el-arte-el-cooperativismo-y-la-educacion-ambiental-nacio-en-la-comarca-una-nueva-forma-experiencia-educativa\/"]}]},{"@type":"ImageObject","inLanguage":"es","@id":"https:\/\/www.noticiasradioreflejos.com.ar\/2021\/sostenida-por-tres-pilares-fundamentales-el-arte-el-cooperativismo-y-la-educacion-ambiental-nacio-en-la-comarca-una-nueva-forma-experiencia-educativa\/#primaryimage","url":"https:\/\/live.staticflickr.com\/65535\/51003500668_57edc823f1_c.jpg","contentUrl":"https:\/\/live.staticflickr.com\/65535\/51003500668_57edc823f1_c.jpg"},{"@type":"BreadcrumbList","@id":"https:\/\/www.noticiasradioreflejos.com.ar\/2021\/sostenida-por-tres-pilares-fundamentales-el-arte-el-cooperativismo-y-la-educacion-ambiental-nacio-en-la-comarca-una-nueva-forma-experiencia-educativa\/#breadcrumb","itemListElement":[{"@type":"ListItem","position":1,"name":"Portada","item":"https:\/\/www.noticiasradioreflejos.com.ar\/2021\/"},{"@type":"ListItem","position":2,"name":"Sostenida por tres pilares fundamentales: el arte, el cooperativismo y la educaci\u00f3n ambiental, naci\u00f3 en la comarca una nueva forma experiencia educativa."}]},{"@type":"WebSite","@id":"https:\/\/www.noticiasradioreflejos.com.ar\/2021\/#website","url":"https:\/\/www.noticiasradioreflejos.com.ar\/2021\/","name":"Noticias Radio Reflejos","description":"Las noticias de mi comarca","potentialAction":[{"@type":"SearchAction","target":{"@type":"EntryPoint","urlTemplate":"https:\/\/www.noticiasradioreflejos.com.ar\/2021\/?s={search_term_string}"},"query-input":{"@type":"PropertyValueSpecification","valueRequired":true,"valueName":"search_term_string"}}],"inLanguage":"es"},{"@type":"Person","@id":"https:\/\/www.noticiasradioreflejos.com.ar\/2021\/#\/schema\/person\/ad82545263dcc5ec0996818884fd5fb1","name":"Arnaldo Botto","image":{"@type":"ImageObject","inLanguage":"es","@id":"https:\/\/www.noticiasradioreflejos.com.ar\/2021\/#\/schema\/person\/image\/","url":"https:\/\/secure.gravatar.com\/avatar\/55cb5e37c1efa326397366e6974cb338056df65cb50e7d64d1cf314e87504837?s=96&d=mm&r=g","contentUrl":"https:\/\/secure.gravatar.com\/avatar\/55cb5e37c1efa326397366e6974cb338056df65cb50e7d64d1cf314e87504837?s=96&d=mm&r=g","caption":"Arnaldo Botto"},"url":"https:\/\/www.noticiasradioreflejos.com.ar\/2021\/author\/arnaldo\/"}]}},"_links":{"self":[{"href":"https:\/\/www.noticiasradioreflejos.com.ar\/2021\/wp-json\/wp\/v2\/posts\/53365","targetHints":{"allow":["GET"]}}],"collection":[{"href":"https:\/\/www.noticiasradioreflejos.com.ar\/2021\/wp-json\/wp\/v2\/posts"}],"about":[{"href":"https:\/\/www.noticiasradioreflejos.com.ar\/2021\/wp-json\/wp\/v2\/types\/post"}],"author":[{"embeddable":true,"href":"https:\/\/www.noticiasradioreflejos.com.ar\/2021\/wp-json\/wp\/v2\/users\/3"}],"replies":[{"embeddable":true,"href":"https:\/\/www.noticiasradioreflejos.com.ar\/2021\/wp-json\/wp\/v2\/comments?post=53365"}],"version-history":[{"count":0,"href":"https:\/\/www.noticiasradioreflejos.com.ar\/2021\/wp-json\/wp\/v2\/posts\/53365\/revisions"}],"wp:attachment":[{"href":"https:\/\/www.noticiasradioreflejos.com.ar\/2021\/wp-json\/wp\/v2\/media?parent=53365"}],"wp:term":[{"taxonomy":"category","embeddable":true,"href":"https:\/\/www.noticiasradioreflejos.com.ar\/2021\/wp-json\/wp\/v2\/categories?post=53365"},{"taxonomy":"post_tag","embeddable":true,"href":"https:\/\/www.noticiasradioreflejos.com.ar\/2021\/wp-json\/wp\/v2\/tags?post=53365"}],"curies":[{"name":"wp","href":"https:\/\/api.w.org\/{rel}","templated":true}]}}