{"id":53351,"date":"2021-03-04T11:39:33","date_gmt":"2021-03-04T14:39:33","guid":{"rendered":"http:\/\/www.noticiasradioreflejos.com.ar\/noticias\/?p=53351"},"modified":"2021-03-04T11:39:33","modified_gmt":"2021-03-04T14:39:33","slug":"el-estadio-unico-de-santiago-del-estero-se-inaugura-con-la-final-de-la-supercopa-argentina","status":"publish","type":"post","link":"https:\/\/www.noticiasradioreflejos.com.ar\/2021\/el-estadio-unico-de-santiago-del-estero-se-inaugura-con-la-final-de-la-supercopa-argentina\/","title":{"rendered":"El Estadio \u00danico de Santiago del Estero se inaugura con la final de la Supercopa Argentina"},"content":{"rendered":"<p>Para las autoridades que acudieron a la provincia norte\u00f1a, de cara a la definici\u00f3n del la Supercopa Argentina, es una \u00abobra magn\u00e1nima y fabulosa, merecida para todos los santiague\u00f1os, para los futboleros y argentinos\u00bb.<!--more--><\/p>\n<div class=\"main-content-block\">\n<div class=\"main-box clearfix\">\n<div class=\"wrapper-main-section clearfix\">\n<div class=\"wrapper-editable-content\">\n<div class=\"editable-content clearfix\">\n<div id=\"image\" class=\"image\">\n<p><img decoding=\"async\" title=\"El estadio santigue\u00f1o ser\u00e1 inaugurado con el duelo entre Racing y River por la Supercopa Argentina\" src=\"https:\/\/www.telam.com.ar\/advf\/imagenes\/editadas\/603ff571bc1cd_1004x564.jpg\" alt=\"El estadio santigue\u00f1o ser\u00e1 inaugurado con el duelo entre Racing y River por la Supercopa Argentina\" \/><\/p>\n<div class=\"epigrafe\">El estadio santigue\u00f1o ser\u00e1 inaugurado con el duelo entre Racing y River por la Supercopa Argentina<\/div>\n<\/div>\n<p>La Supercopa Argentina que enfrentar\u00e1 esta noche a River y Racing en el Estadio \u00danico \u00abMadre de Ciudades\u00bb, en Santiago del Estero, genera gran expectativa no s\u00f3lo por lo que significa el partido en s\u00ed, sino porque ser\u00e1 la noche inaugural de un escenario que fue calificado por las m\u00e1ximas autoridades del f\u00fatbol como \u00abuna obra impresionante y fabulosa\u00bb por sus modernas instalaciones.<\/p>\n<p>Si bien el partido est\u00e1 previsto para las 22.10, los jugadores de ambos equipos, que llegan esta noche a la provincia santiague\u00f1a, estar\u00e1n a las 20 en el Estadio \u00danico, cuando se llevar\u00e1 a cabo la inauguraci\u00f3n de las instalaciones con la presencia de autoridades provinciales y nacionales, seg\u00fan indicaron los organizadores.<\/p>\n<p>El coordinador General de prensa de la Copa Argentina, Leonardo Gallego, ya se encuentra en Santiago del Estero y en di\u00e1logo con los medios no dud\u00f3 en resaltar \u00ablo que es esta obra magn\u00e1nima y fabulosa, merecida para todos los santiague\u00f1os, para los futboleros y argentinos\u00bb.<\/p>\n<p>De esa forma remarc\u00f3 que con este partido se podr\u00e1 \u00abreflejar esta maravillosa obra que es el Estadio \u00danico de Santiago del Estero en un partido que se ver\u00e1 en todo el continente\u00bb.<\/p>\n<p>\u00abConociendo muchos estadios, este est\u00e1 a la altura de los mejores de Am\u00e9rica\u00bb, dijo e incluso consider\u00f3 que \u00aben Argentina no s\u00e9 cu\u00e1l le puede competir, por lo que tiene que ser un orgullo para todos los santiague\u00f1os que su estadio pueda verse en todo el mundo\u00bb.<\/p>\n<p>A la vez puntualiz\u00f3: \u00abLa idea de la federalizaci\u00f3n del f\u00fatbol y el esp\u00edritu de la Copa Argentina y Supercopa es jugar en todo el pa\u00eds, y para eso necesitamos que est\u00e9n dadas las condiciones de infraestructura, requisitos que Santiago cumple\u00bb.<\/p>\n<div class=\"galleria-image-nav\"><\/div>\n<div class=\"galleria-progress\"><\/div>\n<\/div>\n<div class=\"galleria-thumbnails-container\">\n<div class=\"galleria-thumbnails-list\">\n<div class=\"galleria-thumbnails\">\n<div class=\"galleria-image active\"><img loading=\"lazy\" decoding=\"async\" src=\"https:\/\/www.telam.com.ar\/advf\/imagenes\/editadas\/603ff605d750d_686x386.jpg\" width=\"870\" height=\"490\" \/><\/div>\n<div class=\"galleria-image\"><img loading=\"lazy\" decoding=\"async\" src=\"https:\/\/www.telam.com.ar\/advf\/imagenes\/editadas\/603ff5fabef25_686x386.jpg\" width=\"870\" height=\"490\" \/><\/div>\n<div class=\"galleria-image\"><img loading=\"lazy\" decoding=\"async\" src=\"https:\/\/www.telam.com.ar\/advf\/imagenes\/editadas\/603ff5ef63cd9_686x386.jpg\" width=\"870\" height=\"490\" \/><\/div>\n<div class=\"galleria-image\"><img loading=\"lazy\" decoding=\"async\" src=\"https:\/\/www.telam.com.ar\/advf\/imagenes\/editadas\/603ff571bc1cd_686x386.jpg\" width=\"870\" height=\"490\" \/><\/div>\n<p>Asimismo coment\u00f3 que \u00abel acto de habilitaci\u00f3n del estadio ser\u00e1 20.45 en la entrada principal y luego est\u00e1 previsto un lindo show de luces y otras sorpresas que la gente podr\u00e1 disfrutar por la TV\u00bb.<\/p>\n<p>Tanto River como Racing arribar\u00e1n hoy a la provincia. El \u00abMillonario\u00bb se hospedar\u00e1 en un hotel de la ciudad de Las Termas de R\u00edo Hondo, mientras que \u00abLa Academia\u00bb lo har\u00e1 en la ciudad de La Banda.<\/p>\n<p>Mientras que la llegada de ambos gener\u00f3 gran entusiasmo en los hinchas. Por un lado los fan\u00e1ticos de River anunciaron por las redes sociales que acompa\u00f1ar\u00e1n al plantel ma\u00f1ana por la tarde desde la localidad de San Marcos para aguardar el paso del colectivo que trasladar\u00e1 al plantel, para sumarse a una gran caravana hasta antes de llegar al Estadio \u00danico.<\/p>\n<p>Mientras que los hinchas de \u00abLa Academia\u00bb se autoconvocaron hoy en el aeropuerto local Vicecomodoro \u00c1ngel de la Paz Aragon\u00e9s desde las 17.30 para recibir al equipo.<\/p>\n<\/div>\n<\/div>\n<\/div>\n<\/div>\n<\/div>\n<\/div>\n<\/div>\n","protected":false},"excerpt":{"rendered":"<p>Para las autoridades que acudieron a la provincia norte\u00f1a, de cara a la definici\u00f3n del la Supercopa Argentina, es una \u00abobra magn\u00e1nima y fabulosa, merecida para todos los santiague\u00f1os, para los futboleros y argentinos\u00bb.<\/p>\n","protected":false},"author":3,"featured_media":0,"comment_status":"closed","ping_status":"open","sticky":false,"template":"","format":"standard","meta":{"footnotes":""},"categories":[27,26],"tags":[],"class_list":["post-53351","post","type-post","status-publish","format-standard","hentry","category-deportes","category-sociedad"],"yoast_head":"<!-- This site is optimized with the Yoast SEO plugin v25.9 - https:\/\/yoast.com\/wordpress\/plugins\/seo\/ -->\n<title>El Estadio \u00danico de Santiago del Estero se inaugura con la final de la Supercopa Argentina - Noticias Radio Reflejos<\/title>\n<meta name=\"robots\" content=\"index, follow, max-snippet:-1, max-image-preview:large, max-video-preview:-1\" \/>\n<link rel=\"canonical\" href=\"https:\/\/www.noticiasradioreflejos.com.ar\/2021\/el-estadio-unico-de-santiago-del-estero-se-inaugura-con-la-final-de-la-supercopa-argentina\/\" \/>\n<meta property=\"og:locale\" content=\"es_ES\" \/>\n<meta property=\"og:type\" content=\"article\" \/>\n<meta property=\"og:title\" content=\"El Estadio \u00danico de Santiago del Estero se inaugura con la final de la Supercopa Argentina - Noticias Radio Reflejos\" \/>\n<meta property=\"og:description\" content=\"Para las autoridades que acudieron a la provincia norte\u00f1a, de cara a la definici\u00f3n del la Supercopa Argentina, es una \u00abobra magn\u00e1nima y fabulosa, merecida para todos los santiague\u00f1os, para los futboleros y argentinos\u00bb.\" \/>\n<meta property=\"og:url\" content=\"https:\/\/www.noticiasradioreflejos.com.ar\/2021\/el-estadio-unico-de-santiago-del-estero-se-inaugura-con-la-final-de-la-supercopa-argentina\/\" \/>\n<meta property=\"og:site_name\" content=\"Noticias Radio Reflejos\" \/>\n<meta property=\"article:published_time\" content=\"2021-03-04T14:39:33+00:00\" \/>\n<meta property=\"og:image\" content=\"https:\/\/www.telam.com.ar\/advf\/imagenes\/editadas\/603ff571bc1cd_1004x564.jpg\" \/>\n<meta name=\"author\" content=\"Arnaldo Botto\" \/>\n<meta name=\"twitter:card\" content=\"summary_large_image\" \/>\n<script type=\"application\/ld+json\" class=\"yoast-schema-graph\">{\"@context\":\"https:\/\/schema.org\",\"@graph\":[{\"@type\":\"WebPage\",\"@id\":\"https:\/\/www.noticiasradioreflejos.com.ar\/2021\/el-estadio-unico-de-santiago-del-estero-se-inaugura-con-la-final-de-la-supercopa-argentina\/\",\"url\":\"https:\/\/www.noticiasradioreflejos.com.ar\/2021\/el-estadio-unico-de-santiago-del-estero-se-inaugura-con-la-final-de-la-supercopa-argentina\/\",\"name\":\"El Estadio \u00danico de Santiago del Estero se inaugura con la final de la Supercopa Argentina - Noticias Radio Reflejos\",\"isPartOf\":{\"@id\":\"https:\/\/www.noticiasradioreflejos.com.ar\/2021\/#website\"},\"primaryImageOfPage\":{\"@id\":\"https:\/\/www.noticiasradioreflejos.com.ar\/2021\/el-estadio-unico-de-santiago-del-estero-se-inaugura-con-la-final-de-la-supercopa-argentina\/#primaryimage\"},\"image\":{\"@id\":\"https:\/\/www.noticiasradioreflejos.com.ar\/2021\/el-estadio-unico-de-santiago-del-estero-se-inaugura-con-la-final-de-la-supercopa-argentina\/#primaryimage\"},\"thumbnailUrl\":\"https:\/\/www.telam.com.ar\/advf\/imagenes\/editadas\/603ff571bc1cd_1004x564.jpg\",\"datePublished\":\"2021-03-04T14:39:33+00:00\",\"author\":{\"@id\":\"https:\/\/www.noticiasradioreflejos.com.ar\/2021\/#\/schema\/person\/ad82545263dcc5ec0996818884fd5fb1\"},\"breadcrumb\":{\"@id\":\"https:\/\/www.noticiasradioreflejos.com.ar\/2021\/el-estadio-unico-de-santiago-del-estero-se-inaugura-con-la-final-de-la-supercopa-argentina\/#breadcrumb\"},\"inLanguage\":\"es\",\"potentialAction\":[{\"@type\":\"ReadAction\",\"target\":[\"https:\/\/www.noticiasradioreflejos.com.ar\/2021\/el-estadio-unico-de-santiago-del-estero-se-inaugura-con-la-final-de-la-supercopa-argentina\/\"]}]},{\"@type\":\"ImageObject\",\"inLanguage\":\"es\",\"@id\":\"https:\/\/www.noticiasradioreflejos.com.ar\/2021\/el-estadio-unico-de-santiago-del-estero-se-inaugura-con-la-final-de-la-supercopa-argentina\/#primaryimage\",\"url\":\"https:\/\/www.telam.com.ar\/advf\/imagenes\/editadas\/603ff571bc1cd_1004x564.jpg\",\"contentUrl\":\"https:\/\/www.telam.com.ar\/advf\/imagenes\/editadas\/603ff571bc1cd_1004x564.jpg\"},{\"@type\":\"BreadcrumbList\",\"@id\":\"https:\/\/www.noticiasradioreflejos.com.ar\/2021\/el-estadio-unico-de-santiago-del-estero-se-inaugura-con-la-final-de-la-supercopa-argentina\/#breadcrumb\",\"itemListElement\":[{\"@type\":\"ListItem\",\"position\":1,\"name\":\"Portada\",\"item\":\"https:\/\/www.noticiasradioreflejos.com.ar\/2021\/\"},{\"@type\":\"ListItem\",\"position\":2,\"name\":\"El Estadio \u00danico de Santiago del Estero se inaugura con la final de la Supercopa Argentina\"}]},{\"@type\":\"WebSite\",\"@id\":\"https:\/\/www.noticiasradioreflejos.com.ar\/2021\/#website\",\"url\":\"https:\/\/www.noticiasradioreflejos.com.ar\/2021\/\",\"name\":\"Noticias Radio Reflejos\",\"description\":\"Las noticias de mi comarca\",\"potentialAction\":[{\"@type\":\"SearchAction\",\"target\":{\"@type\":\"EntryPoint\",\"urlTemplate\":\"https:\/\/www.noticiasradioreflejos.com.ar\/2021\/?s={search_term_string}\"},\"query-input\":{\"@type\":\"PropertyValueSpecification\",\"valueRequired\":true,\"valueName\":\"search_term_string\"}}],\"inLanguage\":\"es\"},{\"@type\":\"Person\",\"@id\":\"https:\/\/www.noticiasradioreflejos.com.ar\/2021\/#\/schema\/person\/ad82545263dcc5ec0996818884fd5fb1\",\"name\":\"Arnaldo Botto\",\"image\":{\"@type\":\"ImageObject\",\"inLanguage\":\"es\",\"@id\":\"https:\/\/www.noticiasradioreflejos.com.ar\/2021\/#\/schema\/person\/image\/\",\"url\":\"https:\/\/secure.gravatar.com\/avatar\/55cb5e37c1efa326397366e6974cb338056df65cb50e7d64d1cf314e87504837?s=96&d=mm&r=g\",\"contentUrl\":\"https:\/\/secure.gravatar.com\/avatar\/55cb5e37c1efa326397366e6974cb338056df65cb50e7d64d1cf314e87504837?s=96&d=mm&r=g\",\"caption\":\"Arnaldo Botto\"},\"url\":\"https:\/\/www.noticiasradioreflejos.com.ar\/2021\/author\/arnaldo\/\"}]}<\/script>\n<!-- \/ Yoast SEO plugin. -->","yoast_head_json":{"title":"El Estadio \u00danico de Santiago del Estero se inaugura con la final de la Supercopa Argentina - Noticias Radio Reflejos","robots":{"index":"index","follow":"follow","max-snippet":"max-snippet:-1","max-image-preview":"max-image-preview:large","max-video-preview":"max-video-preview:-1"},"canonical":"https:\/\/www.noticiasradioreflejos.com.ar\/2021\/el-estadio-unico-de-santiago-del-estero-se-inaugura-con-la-final-de-la-supercopa-argentina\/","og_locale":"es_ES","og_type":"article","og_title":"El Estadio \u00danico de Santiago del Estero se inaugura con la final de la Supercopa Argentina - Noticias Radio Reflejos","og_description":"Para las autoridades que acudieron a la provincia norte\u00f1a, de cara a la definici\u00f3n del la Supercopa Argentina, es una \u00abobra magn\u00e1nima y fabulosa, merecida para todos los santiague\u00f1os, para los futboleros y argentinos\u00bb.","og_url":"https:\/\/www.noticiasradioreflejos.com.ar\/2021\/el-estadio-unico-de-santiago-del-estero-se-inaugura-con-la-final-de-la-supercopa-argentina\/","og_site_name":"Noticias Radio Reflejos","article_published_time":"2021-03-04T14:39:33+00:00","og_image":[{"url":"https:\/\/www.telam.com.ar\/advf\/imagenes\/editadas\/603ff571bc1cd_1004x564.jpg","type":"","width":"","height":""}],"author":"Arnaldo Botto","twitter_card":"summary_large_image","schema":{"@context":"https:\/\/schema.org","@graph":[{"@type":"WebPage","@id":"https:\/\/www.noticiasradioreflejos.com.ar\/2021\/el-estadio-unico-de-santiago-del-estero-se-inaugura-con-la-final-de-la-supercopa-argentina\/","url":"https:\/\/www.noticiasradioreflejos.com.ar\/2021\/el-estadio-unico-de-santiago-del-estero-se-inaugura-con-la-final-de-la-supercopa-argentina\/","name":"El Estadio \u00danico de Santiago del Estero se inaugura con la final de la Supercopa Argentina - Noticias Radio Reflejos","isPartOf":{"@id":"https:\/\/www.noticiasradioreflejos.com.ar\/2021\/#website"},"primaryImageOfPage":{"@id":"https:\/\/www.noticiasradioreflejos.com.ar\/2021\/el-estadio-unico-de-santiago-del-estero-se-inaugura-con-la-final-de-la-supercopa-argentina\/#primaryimage"},"image":{"@id":"https:\/\/www.noticiasradioreflejos.com.ar\/2021\/el-estadio-unico-de-santiago-del-estero-se-inaugura-con-la-final-de-la-supercopa-argentina\/#primaryimage"},"thumbnailUrl":"https:\/\/www.telam.com.ar\/advf\/imagenes\/editadas\/603ff571bc1cd_1004x564.jpg","datePublished":"2021-03-04T14:39:33+00:00","author":{"@id":"https:\/\/www.noticiasradioreflejos.com.ar\/2021\/#\/schema\/person\/ad82545263dcc5ec0996818884fd5fb1"},"breadcrumb":{"@id":"https:\/\/www.noticiasradioreflejos.com.ar\/2021\/el-estadio-unico-de-santiago-del-estero-se-inaugura-con-la-final-de-la-supercopa-argentina\/#breadcrumb"},"inLanguage":"es","potentialAction":[{"@type":"ReadAction","target":["https:\/\/www.noticiasradioreflejos.com.ar\/2021\/el-estadio-unico-de-santiago-del-estero-se-inaugura-con-la-final-de-la-supercopa-argentina\/"]}]},{"@type":"ImageObject","inLanguage":"es","@id":"https:\/\/www.noticiasradioreflejos.com.ar\/2021\/el-estadio-unico-de-santiago-del-estero-se-inaugura-con-la-final-de-la-supercopa-argentina\/#primaryimage","url":"https:\/\/www.telam.com.ar\/advf\/imagenes\/editadas\/603ff571bc1cd_1004x564.jpg","contentUrl":"https:\/\/www.telam.com.ar\/advf\/imagenes\/editadas\/603ff571bc1cd_1004x564.jpg"},{"@type":"BreadcrumbList","@id":"https:\/\/www.noticiasradioreflejos.com.ar\/2021\/el-estadio-unico-de-santiago-del-estero-se-inaugura-con-la-final-de-la-supercopa-argentina\/#breadcrumb","itemListElement":[{"@type":"ListItem","position":1,"name":"Portada","item":"https:\/\/www.noticiasradioreflejos.com.ar\/2021\/"},{"@type":"ListItem","position":2,"name":"El Estadio \u00danico de Santiago del Estero se inaugura con la final de la Supercopa Argentina"}]},{"@type":"WebSite","@id":"https:\/\/www.noticiasradioreflejos.com.ar\/2021\/#website","url":"https:\/\/www.noticiasradioreflejos.com.ar\/2021\/","name":"Noticias Radio Reflejos","description":"Las noticias de mi comarca","potentialAction":[{"@type":"SearchAction","target":{"@type":"EntryPoint","urlTemplate":"https:\/\/www.noticiasradioreflejos.com.ar\/2021\/?s={search_term_string}"},"query-input":{"@type":"PropertyValueSpecification","valueRequired":true,"valueName":"search_term_string"}}],"inLanguage":"es"},{"@type":"Person","@id":"https:\/\/www.noticiasradioreflejos.com.ar\/2021\/#\/schema\/person\/ad82545263dcc5ec0996818884fd5fb1","name":"Arnaldo Botto","image":{"@type":"ImageObject","inLanguage":"es","@id":"https:\/\/www.noticiasradioreflejos.com.ar\/2021\/#\/schema\/person\/image\/","url":"https:\/\/secure.gravatar.com\/avatar\/55cb5e37c1efa326397366e6974cb338056df65cb50e7d64d1cf314e87504837?s=96&d=mm&r=g","contentUrl":"https:\/\/secure.gravatar.com\/avatar\/55cb5e37c1efa326397366e6974cb338056df65cb50e7d64d1cf314e87504837?s=96&d=mm&r=g","caption":"Arnaldo Botto"},"url":"https:\/\/www.noticiasradioreflejos.com.ar\/2021\/author\/arnaldo\/"}]}},"_links":{"self":[{"href":"https:\/\/www.noticiasradioreflejos.com.ar\/2021\/wp-json\/wp\/v2\/posts\/53351","targetHints":{"allow":["GET"]}}],"collection":[{"href":"https:\/\/www.noticiasradioreflejos.com.ar\/2021\/wp-json\/wp\/v2\/posts"}],"about":[{"href":"https:\/\/www.noticiasradioreflejos.com.ar\/2021\/wp-json\/wp\/v2\/types\/post"}],"author":[{"embeddable":true,"href":"https:\/\/www.noticiasradioreflejos.com.ar\/2021\/wp-json\/wp\/v2\/users\/3"}],"replies":[{"embeddable":true,"href":"https:\/\/www.noticiasradioreflejos.com.ar\/2021\/wp-json\/wp\/v2\/comments?post=53351"}],"version-history":[{"count":0,"href":"https:\/\/www.noticiasradioreflejos.com.ar\/2021\/wp-json\/wp\/v2\/posts\/53351\/revisions"}],"wp:attachment":[{"href":"https:\/\/www.noticiasradioreflejos.com.ar\/2021\/wp-json\/wp\/v2\/media?parent=53351"}],"wp:term":[{"taxonomy":"category","embeddable":true,"href":"https:\/\/www.noticiasradioreflejos.com.ar\/2021\/wp-json\/wp\/v2\/categories?post=53351"},{"taxonomy":"post_tag","embeddable":true,"href":"https:\/\/www.noticiasradioreflejos.com.ar\/2021\/wp-json\/wp\/v2\/tags?post=53351"}],"curies":[{"name":"wp","href":"https:\/\/api.w.org\/{rel}","templated":true}]}}