{"id":53346,"date":"2021-03-04T11:01:43","date_gmt":"2021-03-04T14:01:43","guid":{"rendered":"http:\/\/www.noticiasradioreflejos.com.ar\/noticias\/?p=53346"},"modified":"2021-03-04T11:01:43","modified_gmt":"2021-03-04T14:01:43","slug":"rodolfo-ranni-y-viviana-saccone-llegan-a-tornquist-con-divino-divorcio","status":"publish","type":"post","link":"https:\/\/www.noticiasradioreflejos.com.ar\/2021\/rodolfo-ranni-y-viviana-saccone-llegan-a-tornquist-con-divino-divorcio\/","title":{"rendered":"Rodolfo Ranni y Viviana Saccone llegan a Tornquist con \u2018Divino Divorcio\u2019"},"content":{"rendered":"<p>El domingo 21 de marzo a partir de las 20 hs en el Teatro Municipal \u2018Rodolfo Funke\u2019, se presentar\u00e1 la comedia \u2018Divino Divorcio\u2019, protagonizada por los reconocidos actores Rodolfo Ranni y Viviana Saccone.<!--more--><\/p>\n<p>La obra, escrita por Alfredo Allende, dirigida por Alberto Lecchi y producida por Dami\u00e1n Sequeira, tuvo cinco nominaciones en los Premios Carlos 2021 y obtuvo el premio al mejor actor protag\u00f3nico.<br \/>\nLas entradas estar\u00e1n a la venta en los pr\u00f3ximos d\u00edas en el teatro, de lunes a viernes (excepto feriados) de 16 a 20 hs.<br \/>\nSinopsis de la obra<br \/>\nUna pareja con muchos a\u00f1os de matrimonio a cuestas, llega a su ansiado final y decide celebrarlo a todo trapo con una gran fiesta de divorcio. Para eso contratan a un \u201cdivorce-planner\u201d y arman una lista imposible de invitados: el sacerdote que los cas\u00f3, los abogados de ambos esposos, los detectives privados del pasado, los amantes de cada uno y los bomberos que alguna vez debieron controlar las llamas de tanta pasi\u00f3n. Inevitablemente son las caras de una misma moneda: el matrimonio.<br \/>\nEn esta comedia, como en la vida, la felicidad conyugal parece estar al alcance de la mano. Sin embargo, la receta permanece bien escondida. Coraje, habr\u00e1 que seguir buscando\u2026 \u00a1Nos vemos en la fiesta!<\/p>\n<p><a href=\"http:\/\/www.noticiasradioreflejos.com.ar\/noticias\/wp-content\/uploads\/2021\/03\/Divino-Divorcio.jpg\"><img loading=\"lazy\" decoding=\"async\" class=\"aligncenter size-large wp-image-53347\" src=\"http:\/\/www.noticiasradioreflejos.com.ar\/noticias\/wp-content\/uploads\/2021\/03\/Divino-Divorcio-1024x804.jpg\" alt=\"Divino Divorcio\" width=\"1024\" height=\"804\" \/><\/a><\/p>\n","protected":false},"excerpt":{"rendered":"<p>El domingo 21 de marzo a partir de las 20 hs en el Teatro Municipal \u2018Rodolfo Funke\u2019, se presentar\u00e1 la comedia \u2018Divino Divorcio\u2019, protagonizada por los reconocidos actores Rodolfo Ranni y Viviana Saccone.<\/p>\n","protected":false},"author":3,"featured_media":5280,"comment_status":"closed","ping_status":"open","sticky":false,"template":"","format":"standard","meta":{"footnotes":""},"categories":[35],"tags":[],"class_list":["post-53346","post","type-post","status-publish","format-standard","has-post-thumbnail","hentry","category-cultura"],"yoast_head":"<!-- This site is optimized with the Yoast SEO plugin v25.9 - https:\/\/yoast.com\/wordpress\/plugins\/seo\/ -->\n<title>Rodolfo Ranni y Viviana Saccone llegan a Tornquist con \u2018Divino Divorcio\u2019 - Noticias Radio Reflejos<\/title>\n<meta name=\"robots\" content=\"index, follow, max-snippet:-1, max-image-preview:large, max-video-preview:-1\" \/>\n<link rel=\"canonical\" href=\"https:\/\/www.noticiasradioreflejos.com.ar\/2021\/rodolfo-ranni-y-viviana-saccone-llegan-a-tornquist-con-divino-divorcio\/\" \/>\n<meta property=\"og:locale\" content=\"es_ES\" \/>\n<meta property=\"og:type\" content=\"article\" \/>\n<meta property=\"og:title\" content=\"Rodolfo Ranni y Viviana Saccone llegan a Tornquist con \u2018Divino Divorcio\u2019 - Noticias Radio Reflejos\" \/>\n<meta property=\"og:description\" content=\"El domingo 21 de marzo a partir de las 20 hs en el Teatro Municipal \u2018Rodolfo Funke\u2019, se presentar\u00e1 la comedia \u2018Divino Divorcio\u2019, protagonizada por los reconocidos actores Rodolfo Ranni y Viviana Saccone.\" \/>\n<meta property=\"og:url\" content=\"https:\/\/www.noticiasradioreflejos.com.ar\/2021\/rodolfo-ranni-y-viviana-saccone-llegan-a-tornquist-con-divino-divorcio\/\" \/>\n<meta property=\"og:site_name\" content=\"Noticias Radio Reflejos\" \/>\n<meta property=\"article:published_time\" content=\"2021-03-04T14:01:43+00:00\" \/>\n<meta property=\"og:image\" content=\"https:\/\/www.noticiasradioreflejos.com.ar\/2021\/wp-content\/uploads\/2016\/12\/Teatro-Rodolfo-Funke-Tornquist.jpg\" \/>\n\t<meta property=\"og:image:width\" content=\"619\" \/>\n\t<meta property=\"og:image:height\" content=\"432\" \/>\n\t<meta property=\"og:image:type\" content=\"image\/jpeg\" \/>\n<meta name=\"author\" content=\"Arnaldo Botto\" \/>\n<meta name=\"twitter:card\" content=\"summary_large_image\" \/>\n<script type=\"application\/ld+json\" class=\"yoast-schema-graph\">{\"@context\":\"https:\/\/schema.org\",\"@graph\":[{\"@type\":\"WebPage\",\"@id\":\"https:\/\/www.noticiasradioreflejos.com.ar\/2021\/rodolfo-ranni-y-viviana-saccone-llegan-a-tornquist-con-divino-divorcio\/\",\"url\":\"https:\/\/www.noticiasradioreflejos.com.ar\/2021\/rodolfo-ranni-y-viviana-saccone-llegan-a-tornquist-con-divino-divorcio\/\",\"name\":\"Rodolfo Ranni y Viviana Saccone llegan a Tornquist con \u2018Divino Divorcio\u2019 - Noticias Radio Reflejos\",\"isPartOf\":{\"@id\":\"https:\/\/www.noticiasradioreflejos.com.ar\/2021\/#website\"},\"primaryImageOfPage\":{\"@id\":\"https:\/\/www.noticiasradioreflejos.com.ar\/2021\/rodolfo-ranni-y-viviana-saccone-llegan-a-tornquist-con-divino-divorcio\/#primaryimage\"},\"image\":{\"@id\":\"https:\/\/www.noticiasradioreflejos.com.ar\/2021\/rodolfo-ranni-y-viviana-saccone-llegan-a-tornquist-con-divino-divorcio\/#primaryimage\"},\"thumbnailUrl\":\"https:\/\/www.noticiasradioreflejos.com.ar\/2021\/wp-content\/uploads\/2016\/12\/Teatro-Rodolfo-Funke-Tornquist.jpg\",\"datePublished\":\"2021-03-04T14:01:43+00:00\",\"author\":{\"@id\":\"https:\/\/www.noticiasradioreflejos.com.ar\/2021\/#\/schema\/person\/ad82545263dcc5ec0996818884fd5fb1\"},\"breadcrumb\":{\"@id\":\"https:\/\/www.noticiasradioreflejos.com.ar\/2021\/rodolfo-ranni-y-viviana-saccone-llegan-a-tornquist-con-divino-divorcio\/#breadcrumb\"},\"inLanguage\":\"es\",\"potentialAction\":[{\"@type\":\"ReadAction\",\"target\":[\"https:\/\/www.noticiasradioreflejos.com.ar\/2021\/rodolfo-ranni-y-viviana-saccone-llegan-a-tornquist-con-divino-divorcio\/\"]}]},{\"@type\":\"ImageObject\",\"inLanguage\":\"es\",\"@id\":\"https:\/\/www.noticiasradioreflejos.com.ar\/2021\/rodolfo-ranni-y-viviana-saccone-llegan-a-tornquist-con-divino-divorcio\/#primaryimage\",\"url\":\"https:\/\/www.noticiasradioreflejos.com.ar\/2021\/wp-content\/uploads\/2016\/12\/Teatro-Rodolfo-Funke-Tornquist.jpg\",\"contentUrl\":\"https:\/\/www.noticiasradioreflejos.com.ar\/2021\/wp-content\/uploads\/2016\/12\/Teatro-Rodolfo-Funke-Tornquist.jpg\",\"width\":619,\"height\":432},{\"@type\":\"BreadcrumbList\",\"@id\":\"https:\/\/www.noticiasradioreflejos.com.ar\/2021\/rodolfo-ranni-y-viviana-saccone-llegan-a-tornquist-con-divino-divorcio\/#breadcrumb\",\"itemListElement\":[{\"@type\":\"ListItem\",\"position\":1,\"name\":\"Portada\",\"item\":\"https:\/\/www.noticiasradioreflejos.com.ar\/2021\/\"},{\"@type\":\"ListItem\",\"position\":2,\"name\":\"Rodolfo Ranni y Viviana Saccone llegan a Tornquist con \u2018Divino Divorcio\u2019\"}]},{\"@type\":\"WebSite\",\"@id\":\"https:\/\/www.noticiasradioreflejos.com.ar\/2021\/#website\",\"url\":\"https:\/\/www.noticiasradioreflejos.com.ar\/2021\/\",\"name\":\"Noticias Radio Reflejos\",\"description\":\"Las noticias de mi comarca\",\"potentialAction\":[{\"@type\":\"SearchAction\",\"target\":{\"@type\":\"EntryPoint\",\"urlTemplate\":\"https:\/\/www.noticiasradioreflejos.com.ar\/2021\/?s={search_term_string}\"},\"query-input\":{\"@type\":\"PropertyValueSpecification\",\"valueRequired\":true,\"valueName\":\"search_term_string\"}}],\"inLanguage\":\"es\"},{\"@type\":\"Person\",\"@id\":\"https:\/\/www.noticiasradioreflejos.com.ar\/2021\/#\/schema\/person\/ad82545263dcc5ec0996818884fd5fb1\",\"name\":\"Arnaldo Botto\",\"image\":{\"@type\":\"ImageObject\",\"inLanguage\":\"es\",\"@id\":\"https:\/\/www.noticiasradioreflejos.com.ar\/2021\/#\/schema\/person\/image\/\",\"url\":\"https:\/\/secure.gravatar.com\/avatar\/55cb5e37c1efa326397366e6974cb338056df65cb50e7d64d1cf314e87504837?s=96&d=mm&r=g\",\"contentUrl\":\"https:\/\/secure.gravatar.com\/avatar\/55cb5e37c1efa326397366e6974cb338056df65cb50e7d64d1cf314e87504837?s=96&d=mm&r=g\",\"caption\":\"Arnaldo Botto\"},\"url\":\"https:\/\/www.noticiasradioreflejos.com.ar\/2021\/author\/arnaldo\/\"}]}<\/script>\n<!-- \/ Yoast SEO plugin. -->","yoast_head_json":{"title":"Rodolfo Ranni y Viviana Saccone llegan a Tornquist con \u2018Divino Divorcio\u2019 - Noticias Radio Reflejos","robots":{"index":"index","follow":"follow","max-snippet":"max-snippet:-1","max-image-preview":"max-image-preview:large","max-video-preview":"max-video-preview:-1"},"canonical":"https:\/\/www.noticiasradioreflejos.com.ar\/2021\/rodolfo-ranni-y-viviana-saccone-llegan-a-tornquist-con-divino-divorcio\/","og_locale":"es_ES","og_type":"article","og_title":"Rodolfo Ranni y Viviana Saccone llegan a Tornquist con \u2018Divino Divorcio\u2019 - Noticias Radio Reflejos","og_description":"El domingo 21 de marzo a partir de las 20 hs en el Teatro Municipal \u2018Rodolfo Funke\u2019, se presentar\u00e1 la comedia \u2018Divino Divorcio\u2019, protagonizada por los reconocidos actores Rodolfo Ranni y Viviana Saccone.","og_url":"https:\/\/www.noticiasradioreflejos.com.ar\/2021\/rodolfo-ranni-y-viviana-saccone-llegan-a-tornquist-con-divino-divorcio\/","og_site_name":"Noticias Radio Reflejos","article_published_time":"2021-03-04T14:01:43+00:00","og_image":[{"width":619,"height":432,"url":"https:\/\/www.noticiasradioreflejos.com.ar\/2021\/wp-content\/uploads\/2016\/12\/Teatro-Rodolfo-Funke-Tornquist.jpg","type":"image\/jpeg"}],"author":"Arnaldo Botto","twitter_card":"summary_large_image","schema":{"@context":"https:\/\/schema.org","@graph":[{"@type":"WebPage","@id":"https:\/\/www.noticiasradioreflejos.com.ar\/2021\/rodolfo-ranni-y-viviana-saccone-llegan-a-tornquist-con-divino-divorcio\/","url":"https:\/\/www.noticiasradioreflejos.com.ar\/2021\/rodolfo-ranni-y-viviana-saccone-llegan-a-tornquist-con-divino-divorcio\/","name":"Rodolfo Ranni y Viviana Saccone llegan a Tornquist con \u2018Divino Divorcio\u2019 - Noticias Radio Reflejos","isPartOf":{"@id":"https:\/\/www.noticiasradioreflejos.com.ar\/2021\/#website"},"primaryImageOfPage":{"@id":"https:\/\/www.noticiasradioreflejos.com.ar\/2021\/rodolfo-ranni-y-viviana-saccone-llegan-a-tornquist-con-divino-divorcio\/#primaryimage"},"image":{"@id":"https:\/\/www.noticiasradioreflejos.com.ar\/2021\/rodolfo-ranni-y-viviana-saccone-llegan-a-tornquist-con-divino-divorcio\/#primaryimage"},"thumbnailUrl":"https:\/\/www.noticiasradioreflejos.com.ar\/2021\/wp-content\/uploads\/2016\/12\/Teatro-Rodolfo-Funke-Tornquist.jpg","datePublished":"2021-03-04T14:01:43+00:00","author":{"@id":"https:\/\/www.noticiasradioreflejos.com.ar\/2021\/#\/schema\/person\/ad82545263dcc5ec0996818884fd5fb1"},"breadcrumb":{"@id":"https:\/\/www.noticiasradioreflejos.com.ar\/2021\/rodolfo-ranni-y-viviana-saccone-llegan-a-tornquist-con-divino-divorcio\/#breadcrumb"},"inLanguage":"es","potentialAction":[{"@type":"ReadAction","target":["https:\/\/www.noticiasradioreflejos.com.ar\/2021\/rodolfo-ranni-y-viviana-saccone-llegan-a-tornquist-con-divino-divorcio\/"]}]},{"@type":"ImageObject","inLanguage":"es","@id":"https:\/\/www.noticiasradioreflejos.com.ar\/2021\/rodolfo-ranni-y-viviana-saccone-llegan-a-tornquist-con-divino-divorcio\/#primaryimage","url":"https:\/\/www.noticiasradioreflejos.com.ar\/2021\/wp-content\/uploads\/2016\/12\/Teatro-Rodolfo-Funke-Tornquist.jpg","contentUrl":"https:\/\/www.noticiasradioreflejos.com.ar\/2021\/wp-content\/uploads\/2016\/12\/Teatro-Rodolfo-Funke-Tornquist.jpg","width":619,"height":432},{"@type":"BreadcrumbList","@id":"https:\/\/www.noticiasradioreflejos.com.ar\/2021\/rodolfo-ranni-y-viviana-saccone-llegan-a-tornquist-con-divino-divorcio\/#breadcrumb","itemListElement":[{"@type":"ListItem","position":1,"name":"Portada","item":"https:\/\/www.noticiasradioreflejos.com.ar\/2021\/"},{"@type":"ListItem","position":2,"name":"Rodolfo Ranni y Viviana Saccone llegan a Tornquist con \u2018Divino Divorcio\u2019"}]},{"@type":"WebSite","@id":"https:\/\/www.noticiasradioreflejos.com.ar\/2021\/#website","url":"https:\/\/www.noticiasradioreflejos.com.ar\/2021\/","name":"Noticias Radio Reflejos","description":"Las noticias de mi comarca","potentialAction":[{"@type":"SearchAction","target":{"@type":"EntryPoint","urlTemplate":"https:\/\/www.noticiasradioreflejos.com.ar\/2021\/?s={search_term_string}"},"query-input":{"@type":"PropertyValueSpecification","valueRequired":true,"valueName":"search_term_string"}}],"inLanguage":"es"},{"@type":"Person","@id":"https:\/\/www.noticiasradioreflejos.com.ar\/2021\/#\/schema\/person\/ad82545263dcc5ec0996818884fd5fb1","name":"Arnaldo Botto","image":{"@type":"ImageObject","inLanguage":"es","@id":"https:\/\/www.noticiasradioreflejos.com.ar\/2021\/#\/schema\/person\/image\/","url":"https:\/\/secure.gravatar.com\/avatar\/55cb5e37c1efa326397366e6974cb338056df65cb50e7d64d1cf314e87504837?s=96&d=mm&r=g","contentUrl":"https:\/\/secure.gravatar.com\/avatar\/55cb5e37c1efa326397366e6974cb338056df65cb50e7d64d1cf314e87504837?s=96&d=mm&r=g","caption":"Arnaldo Botto"},"url":"https:\/\/www.noticiasradioreflejos.com.ar\/2021\/author\/arnaldo\/"}]}},"_links":{"self":[{"href":"https:\/\/www.noticiasradioreflejos.com.ar\/2021\/wp-json\/wp\/v2\/posts\/53346","targetHints":{"allow":["GET"]}}],"collection":[{"href":"https:\/\/www.noticiasradioreflejos.com.ar\/2021\/wp-json\/wp\/v2\/posts"}],"about":[{"href":"https:\/\/www.noticiasradioreflejos.com.ar\/2021\/wp-json\/wp\/v2\/types\/post"}],"author":[{"embeddable":true,"href":"https:\/\/www.noticiasradioreflejos.com.ar\/2021\/wp-json\/wp\/v2\/users\/3"}],"replies":[{"embeddable":true,"href":"https:\/\/www.noticiasradioreflejos.com.ar\/2021\/wp-json\/wp\/v2\/comments?post=53346"}],"version-history":[{"count":0,"href":"https:\/\/www.noticiasradioreflejos.com.ar\/2021\/wp-json\/wp\/v2\/posts\/53346\/revisions"}],"wp:featuredmedia":[{"embeddable":true,"href":"https:\/\/www.noticiasradioreflejos.com.ar\/2021\/wp-json\/wp\/v2\/media\/5280"}],"wp:attachment":[{"href":"https:\/\/www.noticiasradioreflejos.com.ar\/2021\/wp-json\/wp\/v2\/media?parent=53346"}],"wp:term":[{"taxonomy":"category","embeddable":true,"href":"https:\/\/www.noticiasradioreflejos.com.ar\/2021\/wp-json\/wp\/v2\/categories?post=53346"},{"taxonomy":"post_tag","embeddable":true,"href":"https:\/\/www.noticiasradioreflejos.com.ar\/2021\/wp-json\/wp\/v2\/tags?post=53346"}],"curies":[{"name":"wp","href":"https:\/\/api.w.org\/{rel}","templated":true}]}}