{"id":53340,"date":"2021-03-04T08:56:59","date_gmt":"2021-03-04T11:56:59","guid":{"rendered":"http:\/\/www.noticiasradioreflejos.com.ar\/noticias\/?p=53340"},"modified":"2021-03-04T08:56:59","modified_gmt":"2021-03-04T11:56:59","slug":"primer-puesto-del-atleta-juan-manuel-rosas-en-la-edicion-10-desafio-pillahuinco","status":"publish","type":"post","link":"https:\/\/www.noticiasradioreflejos.com.ar\/2021\/primer-puesto-del-atleta-juan-manuel-rosas-en-la-edicion-10-desafio-pillahuinco\/","title":{"rendered":"Gran performance del atleta Juan Manuel Rosas en la 10\u00b0 edici\u00f3n \u00abDesaf\u00edo Pillahuinco\u00bb"},"content":{"rendered":"<p>Mas de 400 corredores, llegados de diferentes puntos de la regi\u00f3n, le dieron vida el pasado fin de semana a la d\u00e9cima edici\u00f3n del Desaf\u00edo Pillahuinco, llevada a cabo en el balneario municipal de Coronel Pringles.<!--more--><br \/>\nSobre la distancia de 15 kil\u00f3metros nos represento el atleta serrano Juan Rosas quien logr\u00f3 el primer puesto en su categor\u00eda (35 a 39 a\u00f1os) y finaliz\u00f3 en el puesto 13 de la general, empleando un tiempo de 1 hora, 5 minutos y 24 segundos en completar el trazado.<br \/>\nRosas comentaba a <strong><span style=\"color: #0000ff;\"><a href=\"https:\/\/deportornquist.com.ar\/gran-performance-del-serrano-juan-rosas-en-la-decima-edicion-del-desafio-pillahuinco\/?fbclid=IwAR1zV20wNCGK71bozEAkR9iJUm0GM5UgAfjakakifbNxj2NHtjyL6v2mOys\">Deportornquis<\/a>t<\/span><\/strong>: \u201cLa carrera fue dura, muy trabada. Mucho freno y arranque, varios cruces de arroyo\u201d.<\/p>\n<p><a title=\"156504845_488635535637202_4335503133055818647_n\" href=\"https:\/\/www.flickr.com\/photos\/182279889@N02\/51003010967\/in\/dateposted-public\/\" data-flickr-embed=\"true\"><img loading=\"lazy\" decoding=\"async\" src=\"https:\/\/live.staticflickr.com\/65535\/51003010967_b298275871_o.jpg\" alt=\"156504845_488635535637202_4335503133055818647_n\" width=\"460\" height=\"681\" \/><\/a><script src=\"\/\/embedr.flickr.com\/assets\/client-code.js\" async=\"\" charset=\"utf-8\"><\/script><\/p>\n<p>La fiesta fue completa ya que el clima acompa\u00f1o de principio a fin y un circuito del que todos quedaron encantados.<\/p>\n<p><b>Principales posiciones en las diferentes\u00a0<\/b><b>categor\u00edas<\/b><b>:<\/b><\/p>\n<p><strong>General 15K Femenina:<\/strong><\/p>\n<p>1\u00ba) Erica Mandrini (Tres Arroyos) 1 hora, 10 minutos, 38 segundos. 2\u00ba) Carolina Arrupe (Tres Arroyos); 3\u00ba) Gisela Ram\u00edrez (Mar del Plata).<\/p>\n<p><strong>General 15K Masculino:<\/strong><\/p>\n<p>1\u00ba) Lucas Machado (Bah\u00eda Blanca), 53 minutos, 37 segundos. 2\u00ba) Diego Maurelli (Tres Arroyos); 3\u00ba) Jerem\u00edas Ulibarre (Tres Arroyos).<\/p>\n<p><strong>General 7K Femenina:<\/strong><\/p>\n<p>1\u00ba) Constanza Garrido (Tres Arroyos) 35 minutos y 53 segundos. 2\u00ba) Priscila Rodr\u00edguez (Tres Arroyos), 3\u00ba) Mar\u00eda Pacheco (Olavarr\u00eda).<\/p>\n<p><strong>General 7K Masculino:<\/strong><\/p>\n<p>1\u00ba) Nahuel Gim\u00e9nez (Bah\u00eda Blanca), 31 minutos, 22 segundos.\u00a02\u00ba) Ger\u00f3nimo Baigorria (Benito Ju\u00e1rez), 3\u00ba) Nehuen Huerta (Bah\u00eda Blanca).<\/p>\n<p>Fotos gentileza eldiariodepringles.com.ar \/ Juan Rosas<\/p>\n<p>&nbsp;<\/p>\n","protected":false},"excerpt":{"rendered":"<p>Mas de 400 corredores, llegados de diferentes puntos de la regi\u00f3n, le dieron vida el pasado fin de semana a la d\u00e9cima edici\u00f3n del Desaf\u00edo Pillahuinco, llevada a cabo en el balneario municipal de Coronel Pringles.<\/p>\n","protected":false},"author":3,"featured_media":0,"comment_status":"closed","ping_status":"open","sticky":false,"template":"","format":"standard","meta":{"footnotes":""},"categories":[27],"tags":[],"class_list":["post-53340","post","type-post","status-publish","format-standard","hentry","category-deportes"],"yoast_head":"<!-- This site is optimized with the Yoast SEO plugin v25.9 - https:\/\/yoast.com\/wordpress\/plugins\/seo\/ -->\n<title>Gran performance del atleta Juan Manuel Rosas en la 10\u00b0 edici\u00f3n &quot;Desaf\u00edo Pillahuinco&quot; - Noticias Radio Reflejos<\/title>\n<meta name=\"robots\" content=\"index, follow, max-snippet:-1, max-image-preview:large, max-video-preview:-1\" \/>\n<link rel=\"canonical\" href=\"https:\/\/www.noticiasradioreflejos.com.ar\/2021\/primer-puesto-del-atleta-juan-manuel-rosas-en-la-edicion-10-desafio-pillahuinco\/\" \/>\n<meta property=\"og:locale\" content=\"es_ES\" \/>\n<meta property=\"og:type\" content=\"article\" \/>\n<meta property=\"og:title\" content=\"Gran performance del atleta Juan Manuel Rosas en la 10\u00b0 edici\u00f3n &quot;Desaf\u00edo Pillahuinco&quot; - Noticias Radio Reflejos\" \/>\n<meta property=\"og:description\" content=\"Mas de 400 corredores, llegados de diferentes puntos de la regi\u00f3n, le dieron vida el pasado fin de semana a la d\u00e9cima edici\u00f3n del Desaf\u00edo Pillahuinco, llevada a cabo en el balneario municipal de Coronel Pringles.\" \/>\n<meta property=\"og:url\" content=\"https:\/\/www.noticiasradioreflejos.com.ar\/2021\/primer-puesto-del-atleta-juan-manuel-rosas-en-la-edicion-10-desafio-pillahuinco\/\" \/>\n<meta property=\"og:site_name\" content=\"Noticias Radio Reflejos\" \/>\n<meta property=\"article:published_time\" content=\"2021-03-04T11:56:59+00:00\" \/>\n<meta property=\"og:image\" content=\"https:\/\/live.staticflickr.com\/65535\/51003010967_b298275871_o.jpg\" \/>\n<meta name=\"author\" content=\"Arnaldo Botto\" \/>\n<meta name=\"twitter:card\" content=\"summary_large_image\" \/>\n<script type=\"application\/ld+json\" class=\"yoast-schema-graph\">{\"@context\":\"https:\/\/schema.org\",\"@graph\":[{\"@type\":\"WebPage\",\"@id\":\"https:\/\/www.noticiasradioreflejos.com.ar\/2021\/primer-puesto-del-atleta-juan-manuel-rosas-en-la-edicion-10-desafio-pillahuinco\/\",\"url\":\"https:\/\/www.noticiasradioreflejos.com.ar\/2021\/primer-puesto-del-atleta-juan-manuel-rosas-en-la-edicion-10-desafio-pillahuinco\/\",\"name\":\"Gran performance del atleta Juan Manuel Rosas en la 10\u00b0 edici\u00f3n \\\"Desaf\u00edo Pillahuinco\\\" - Noticias Radio Reflejos\",\"isPartOf\":{\"@id\":\"https:\/\/www.noticiasradioreflejos.com.ar\/2021\/#website\"},\"primaryImageOfPage\":{\"@id\":\"https:\/\/www.noticiasradioreflejos.com.ar\/2021\/primer-puesto-del-atleta-juan-manuel-rosas-en-la-edicion-10-desafio-pillahuinco\/#primaryimage\"},\"image\":{\"@id\":\"https:\/\/www.noticiasradioreflejos.com.ar\/2021\/primer-puesto-del-atleta-juan-manuel-rosas-en-la-edicion-10-desafio-pillahuinco\/#primaryimage\"},\"thumbnailUrl\":\"https:\/\/live.staticflickr.com\/65535\/51003010967_b298275871_o.jpg\",\"datePublished\":\"2021-03-04T11:56:59+00:00\",\"author\":{\"@id\":\"https:\/\/www.noticiasradioreflejos.com.ar\/2021\/#\/schema\/person\/ad82545263dcc5ec0996818884fd5fb1\"},\"breadcrumb\":{\"@id\":\"https:\/\/www.noticiasradioreflejos.com.ar\/2021\/primer-puesto-del-atleta-juan-manuel-rosas-en-la-edicion-10-desafio-pillahuinco\/#breadcrumb\"},\"inLanguage\":\"es\",\"potentialAction\":[{\"@type\":\"ReadAction\",\"target\":[\"https:\/\/www.noticiasradioreflejos.com.ar\/2021\/primer-puesto-del-atleta-juan-manuel-rosas-en-la-edicion-10-desafio-pillahuinco\/\"]}]},{\"@type\":\"ImageObject\",\"inLanguage\":\"es\",\"@id\":\"https:\/\/www.noticiasradioreflejos.com.ar\/2021\/primer-puesto-del-atleta-juan-manuel-rosas-en-la-edicion-10-desafio-pillahuinco\/#primaryimage\",\"url\":\"https:\/\/live.staticflickr.com\/65535\/51003010967_b298275871_o.jpg\",\"contentUrl\":\"https:\/\/live.staticflickr.com\/65535\/51003010967_b298275871_o.jpg\"},{\"@type\":\"BreadcrumbList\",\"@id\":\"https:\/\/www.noticiasradioreflejos.com.ar\/2021\/primer-puesto-del-atleta-juan-manuel-rosas-en-la-edicion-10-desafio-pillahuinco\/#breadcrumb\",\"itemListElement\":[{\"@type\":\"ListItem\",\"position\":1,\"name\":\"Portada\",\"item\":\"https:\/\/www.noticiasradioreflejos.com.ar\/2021\/\"},{\"@type\":\"ListItem\",\"position\":2,\"name\":\"Gran performance del atleta Juan Manuel Rosas en la 10\u00b0 edici\u00f3n \u00abDesaf\u00edo Pillahuinco\u00bb\"}]},{\"@type\":\"WebSite\",\"@id\":\"https:\/\/www.noticiasradioreflejos.com.ar\/2021\/#website\",\"url\":\"https:\/\/www.noticiasradioreflejos.com.ar\/2021\/\",\"name\":\"Noticias Radio Reflejos\",\"description\":\"Las noticias de mi comarca\",\"potentialAction\":[{\"@type\":\"SearchAction\",\"target\":{\"@type\":\"EntryPoint\",\"urlTemplate\":\"https:\/\/www.noticiasradioreflejos.com.ar\/2021\/?s={search_term_string}\"},\"query-input\":{\"@type\":\"PropertyValueSpecification\",\"valueRequired\":true,\"valueName\":\"search_term_string\"}}],\"inLanguage\":\"es\"},{\"@type\":\"Person\",\"@id\":\"https:\/\/www.noticiasradioreflejos.com.ar\/2021\/#\/schema\/person\/ad82545263dcc5ec0996818884fd5fb1\",\"name\":\"Arnaldo Botto\",\"image\":{\"@type\":\"ImageObject\",\"inLanguage\":\"es\",\"@id\":\"https:\/\/www.noticiasradioreflejos.com.ar\/2021\/#\/schema\/person\/image\/\",\"url\":\"https:\/\/secure.gravatar.com\/avatar\/55cb5e37c1efa326397366e6974cb338056df65cb50e7d64d1cf314e87504837?s=96&d=mm&r=g\",\"contentUrl\":\"https:\/\/secure.gravatar.com\/avatar\/55cb5e37c1efa326397366e6974cb338056df65cb50e7d64d1cf314e87504837?s=96&d=mm&r=g\",\"caption\":\"Arnaldo Botto\"},\"url\":\"https:\/\/www.noticiasradioreflejos.com.ar\/2021\/author\/arnaldo\/\"}]}<\/script>\n<!-- \/ Yoast SEO plugin. -->","yoast_head_json":{"title":"Gran performance del atleta Juan Manuel Rosas en la 10\u00b0 edici\u00f3n \"Desaf\u00edo Pillahuinco\" - Noticias Radio Reflejos","robots":{"index":"index","follow":"follow","max-snippet":"max-snippet:-1","max-image-preview":"max-image-preview:large","max-video-preview":"max-video-preview:-1"},"canonical":"https:\/\/www.noticiasradioreflejos.com.ar\/2021\/primer-puesto-del-atleta-juan-manuel-rosas-en-la-edicion-10-desafio-pillahuinco\/","og_locale":"es_ES","og_type":"article","og_title":"Gran performance del atleta Juan Manuel Rosas en la 10\u00b0 edici\u00f3n \"Desaf\u00edo Pillahuinco\" - Noticias Radio Reflejos","og_description":"Mas de 400 corredores, llegados de diferentes puntos de la regi\u00f3n, le dieron vida el pasado fin de semana a la d\u00e9cima edici\u00f3n del Desaf\u00edo Pillahuinco, llevada a cabo en el balneario municipal de Coronel Pringles.","og_url":"https:\/\/www.noticiasradioreflejos.com.ar\/2021\/primer-puesto-del-atleta-juan-manuel-rosas-en-la-edicion-10-desafio-pillahuinco\/","og_site_name":"Noticias Radio Reflejos","article_published_time":"2021-03-04T11:56:59+00:00","og_image":[{"url":"https:\/\/live.staticflickr.com\/65535\/51003010967_b298275871_o.jpg","type":"","width":"","height":""}],"author":"Arnaldo Botto","twitter_card":"summary_large_image","schema":{"@context":"https:\/\/schema.org","@graph":[{"@type":"WebPage","@id":"https:\/\/www.noticiasradioreflejos.com.ar\/2021\/primer-puesto-del-atleta-juan-manuel-rosas-en-la-edicion-10-desafio-pillahuinco\/","url":"https:\/\/www.noticiasradioreflejos.com.ar\/2021\/primer-puesto-del-atleta-juan-manuel-rosas-en-la-edicion-10-desafio-pillahuinco\/","name":"Gran performance del atleta Juan Manuel Rosas en la 10\u00b0 edici\u00f3n \"Desaf\u00edo Pillahuinco\" - Noticias Radio Reflejos","isPartOf":{"@id":"https:\/\/www.noticiasradioreflejos.com.ar\/2021\/#website"},"primaryImageOfPage":{"@id":"https:\/\/www.noticiasradioreflejos.com.ar\/2021\/primer-puesto-del-atleta-juan-manuel-rosas-en-la-edicion-10-desafio-pillahuinco\/#primaryimage"},"image":{"@id":"https:\/\/www.noticiasradioreflejos.com.ar\/2021\/primer-puesto-del-atleta-juan-manuel-rosas-en-la-edicion-10-desafio-pillahuinco\/#primaryimage"},"thumbnailUrl":"https:\/\/live.staticflickr.com\/65535\/51003010967_b298275871_o.jpg","datePublished":"2021-03-04T11:56:59+00:00","author":{"@id":"https:\/\/www.noticiasradioreflejos.com.ar\/2021\/#\/schema\/person\/ad82545263dcc5ec0996818884fd5fb1"},"breadcrumb":{"@id":"https:\/\/www.noticiasradioreflejos.com.ar\/2021\/primer-puesto-del-atleta-juan-manuel-rosas-en-la-edicion-10-desafio-pillahuinco\/#breadcrumb"},"inLanguage":"es","potentialAction":[{"@type":"ReadAction","target":["https:\/\/www.noticiasradioreflejos.com.ar\/2021\/primer-puesto-del-atleta-juan-manuel-rosas-en-la-edicion-10-desafio-pillahuinco\/"]}]},{"@type":"ImageObject","inLanguage":"es","@id":"https:\/\/www.noticiasradioreflejos.com.ar\/2021\/primer-puesto-del-atleta-juan-manuel-rosas-en-la-edicion-10-desafio-pillahuinco\/#primaryimage","url":"https:\/\/live.staticflickr.com\/65535\/51003010967_b298275871_o.jpg","contentUrl":"https:\/\/live.staticflickr.com\/65535\/51003010967_b298275871_o.jpg"},{"@type":"BreadcrumbList","@id":"https:\/\/www.noticiasradioreflejos.com.ar\/2021\/primer-puesto-del-atleta-juan-manuel-rosas-en-la-edicion-10-desafio-pillahuinco\/#breadcrumb","itemListElement":[{"@type":"ListItem","position":1,"name":"Portada","item":"https:\/\/www.noticiasradioreflejos.com.ar\/2021\/"},{"@type":"ListItem","position":2,"name":"Gran performance del atleta Juan Manuel Rosas en la 10\u00b0 edici\u00f3n \u00abDesaf\u00edo Pillahuinco\u00bb"}]},{"@type":"WebSite","@id":"https:\/\/www.noticiasradioreflejos.com.ar\/2021\/#website","url":"https:\/\/www.noticiasradioreflejos.com.ar\/2021\/","name":"Noticias Radio Reflejos","description":"Las noticias de mi comarca","potentialAction":[{"@type":"SearchAction","target":{"@type":"EntryPoint","urlTemplate":"https:\/\/www.noticiasradioreflejos.com.ar\/2021\/?s={search_term_string}"},"query-input":{"@type":"PropertyValueSpecification","valueRequired":true,"valueName":"search_term_string"}}],"inLanguage":"es"},{"@type":"Person","@id":"https:\/\/www.noticiasradioreflejos.com.ar\/2021\/#\/schema\/person\/ad82545263dcc5ec0996818884fd5fb1","name":"Arnaldo Botto","image":{"@type":"ImageObject","inLanguage":"es","@id":"https:\/\/www.noticiasradioreflejos.com.ar\/2021\/#\/schema\/person\/image\/","url":"https:\/\/secure.gravatar.com\/avatar\/55cb5e37c1efa326397366e6974cb338056df65cb50e7d64d1cf314e87504837?s=96&d=mm&r=g","contentUrl":"https:\/\/secure.gravatar.com\/avatar\/55cb5e37c1efa326397366e6974cb338056df65cb50e7d64d1cf314e87504837?s=96&d=mm&r=g","caption":"Arnaldo Botto"},"url":"https:\/\/www.noticiasradioreflejos.com.ar\/2021\/author\/arnaldo\/"}]}},"_links":{"self":[{"href":"https:\/\/www.noticiasradioreflejos.com.ar\/2021\/wp-json\/wp\/v2\/posts\/53340","targetHints":{"allow":["GET"]}}],"collection":[{"href":"https:\/\/www.noticiasradioreflejos.com.ar\/2021\/wp-json\/wp\/v2\/posts"}],"about":[{"href":"https:\/\/www.noticiasradioreflejos.com.ar\/2021\/wp-json\/wp\/v2\/types\/post"}],"author":[{"embeddable":true,"href":"https:\/\/www.noticiasradioreflejos.com.ar\/2021\/wp-json\/wp\/v2\/users\/3"}],"replies":[{"embeddable":true,"href":"https:\/\/www.noticiasradioreflejos.com.ar\/2021\/wp-json\/wp\/v2\/comments?post=53340"}],"version-history":[{"count":0,"href":"https:\/\/www.noticiasradioreflejos.com.ar\/2021\/wp-json\/wp\/v2\/posts\/53340\/revisions"}],"wp:attachment":[{"href":"https:\/\/www.noticiasradioreflejos.com.ar\/2021\/wp-json\/wp\/v2\/media?parent=53340"}],"wp:term":[{"taxonomy":"category","embeddable":true,"href":"https:\/\/www.noticiasradioreflejos.com.ar\/2021\/wp-json\/wp\/v2\/categories?post=53340"},{"taxonomy":"post_tag","embeddable":true,"href":"https:\/\/www.noticiasradioreflejos.com.ar\/2021\/wp-json\/wp\/v2\/tags?post=53340"}],"curies":[{"name":"wp","href":"https:\/\/api.w.org\/{rel}","templated":true}]}}