{"id":53333,"date":"2021-03-04T08:21:55","date_gmt":"2021-03-04T11:21:55","guid":{"rendered":"http:\/\/www.noticiasradioreflejos.com.ar\/noticias\/?p=53333"},"modified":"2021-03-04T08:21:55","modified_gmt":"2021-03-04T11:21:55","slug":"vacunas-la-aplicacion-protege-notoriamente-al-sector-salud","status":"publish","type":"post","link":"https:\/\/www.noticiasradioreflejos.com.ar\/2021\/vacunas-la-aplicacion-protege-notoriamente-al-sector-salud\/","title":{"rendered":"Vacunas: la aplicaci\u00f3n protege notoriamente al sector salud"},"content":{"rendered":"<p>Datos preliminares demuestran una gran reducci\u00f3n de internaciones de la primera l\u00ednea.<\/p>\n<p><!--more--><br \/>\nBuena parte de las dosis aplicadas hasta el momento fueron destinadas a trabajadores de la salud. En CABA se advierte una disminuci\u00f3n en los contagios y en PBA no se registran internaciones de personas pertenecientes a este sector.<\/p>\n<div class=\"article-main-media\">\n<div class=\"article-main-media-header\"><\/div>\n<div class=\"article-main-media-image\">\n<div class=\"article-main-media-image__container object-fit-block--contain intrinsic-container intrinsic-container-3x2\"><img decoding=\"async\" class=\"show-for-xlarge lazyloaded\" src=\"https:\/\/images.pagina12.com.ar\/styles\/focal_3_2_960x640\/public\/2021-03\/145250-whatsapp-20image-202021-03-03-20at-2016-37-27.jpeg?itok=GwNnrrcL\" data-src=\"https:\/\/images.pagina12.com.ar\/styles\/focal_3_2_960x640\/public\/2021-03\/145250-whatsapp-20image-202021-03-03-20at-2016-37-27.jpeg?itok=GwNnrrcL\" \/><\/div>\n<div class=\"article-main-media-text\"><span class=\"article-main-media-text-image-source\">Imagen: EFE<\/span><\/div>\n<\/div>\n<\/div>\n<div class=\"article-body diario\">\n<div class=\"article-text\">\n<p>\u201cLa verdad es que\u00a0<b>es muy categ\u00f3rica la reducci\u00f3n<\/b>. Por supuesto que son datos preliminares, pero no deja de ser evidente que\u00a0<b>una de las cuestiones que est\u00e1 influyendo en eso es la vacunaci\u00f3n<\/b>.\u00a0<b>El personal de salud variaba entre el 3% y el 4% del total de infectados en CABA y en el presente ese n\u00famero est\u00e1 por debajo del 1%.<\/b>\u00a0Es claro c\u00f3mo est\u00e1 impactando\u201d, afirma\u00a0<b>Mart\u00edn Barrionuevo<\/b>, senador provincial (Partido Justicialista- Corrientes), contador p\u00fablico y analista de datos. El personal de salud es la poblaci\u00f3n objetivo que cuenta con el mayor porcentaje de vacunados en Argentina y se empieza a notar el efecto de la protecci\u00f3n de la sustancia activa de Sputnik V y en menor medida de la f\u00f3rmula de Oxford\/AstraZeneca en los miembros del sector. \u201cLas vacunas son altamente eficientes en la reducci\u00f3n de casos y pr\u00e1cticamente infalibles en la eliminaci\u00f3n de cuadros graves.\u00a0<b>Los que estamos viendo son indicadores muy claros del \u00e9xito de las vacunas<\/b>\u201d, completa Barrionuevo.<\/p>\n<p>En Argentina, de la misma manera que sucede en todo el mundo, las personas que forman parte del personal de salud son las primeras en recibir sus dosis. Al ser trabajadores en riesgo, son los que deben tener prioridad al momento de ser inmunizados y protegerse de la covid. \u201cDe acuerdo a toda la evidencia que se va recopilando hasta el momento, a medida que los gobiernos van vacunando disminuyen los muertos.<b>\u00a0Los casos podr\u00e1n seguir subiendo a causa del clima o de la emergencia de variantes m\u00e1s contagiosas, pero lo que se deber\u00eda comenzar a ver es la reducci\u00f3n de la mortalidad<\/b>\u201d, advierte\u00a0<b>Jorge Aliaga<\/b>, f\u00edsico y exdecano de la Facultad de Ciencias Exactas y Naturales de la UBA. Luego completa: \u201c<b>Vacunando a los grupos de riesgo con velocidad, la curva de fallecidos deber\u00eda descender a menos de la mitad.<\/b>\u00a0La covid se va transformando en una gripecita, pero con vacuna. Parecido a lo que dec\u00eda Bolsonaro, aunque con una cuota de racionalidad en el medio\u201d.<\/p>\n<div id=\"talkFireEvent\"><\/div>\n<p>En conferencia de prensa, el ministro de Salud bonaerense,\u00a0<b>Daniel Gollan<\/b>, hab\u00eda compartido un dato muy alentador que se orientaba en la misma l\u00ednea. \u201c<b>No tenemos internados en terapia intensiva que correspondan al personal de salud.<\/b>\u00a0Y eso que todav\u00eda no llegamos a vacunar a todos, pero no est\u00e1n entrando pacientes de ese grupo a la internaci\u00f3n.\u00a0<b>La vacuna es extraordinaria<\/b>\u201d, comentaba el titular de la cartera sanitaria en Buenos Aires. Desde PBA,\u00a0<b>el prop\u00f3sito es alcanzar los 5 millones de inoculados de cara a mayo<\/b>, pero aunque no se consiga cumplir, cada inmunizado es central en el camino de convertir a la covid en algo mucho m\u00e1s leve de lo que hoy representa.<\/p>\n<p>De acuerdo a los datos consignados en el\u00a0<b>Monitor P\u00fablico de Vacunaci\u00f3n dispuesto por el Ministerio de Salud<\/b>, del total de vacunas aplicadas a la fecha \u20131.181.292 dosis\u2013,\u00a0<b>890.221 fueron destinadas a miembros del sistema de salud y entre ellos, la gran mayor\u00eda recibi\u00f3 solo la primera dosis.\u00a0<\/b>Seg\u00fan los datos provistos por el Ministerio de Salud en el Plan Estrat\u00e9gico de Vacunaci\u00f3n,\u00a0<b>763 mil personas conforman aquello que se denomina como \u201cpersonal de salud\u201d<\/b>. \u201cLa amplitud de la definici\u00f3n torna muy dif\u00edcil ser precisos, porque el concepto es abarcativo, pero lo cierto es que Argentina est\u00e1 muy cerca de haber inoculado a todo este sector. Buena parte, al menos, cuenta con una dosis inyectada.\u00a0<b>La gran mayor\u00eda de ese 2% que el pa\u00eds ya vacun\u00f3 corresponde a trabajadores de este \u00e1mbito<\/b>\u201d, explica Barrionuevo. Al respecto, plantea Aliaga: \u201cLa Ciudad de Buenos Aires ha hecho una definici\u00f3n de personal de salud muy amplia. Se inoculan a psic\u00f3logos que hacen atenci\u00f3n por Zoom; para el caso, es mucho mayor el riesgo que tiene una cajera en un supermercado. Es dif\u00edcil discutir \u00e9stas prioridades, sobre todo al interior de la propia comunidad m\u00e9dica\u201d.<\/p>\n<p><b>El objetivo a corto plazo<\/b><\/p>\n<p>\u201cEl objetivo a corto plazo es inmunizar a la poblaci\u00f3n de mayor riesgo, los mayores de 60 y 70 a\u00f1os.\u00a0<b>Los adultos mayores de 60 a\u00f1os representan un poco m\u00e1s del 15% de la poblaci\u00f3n pero condensan el 80% de las muertes por Covid en Argentina<\/b>\u201d, detalla Barrionuevo. Se requieren entre siete y ocho millones de vacunas para poder inocular a este grupo y, con ello, el panorama de la enfermedad en Argentina cambiar\u00eda de manera dr\u00e1stica.\u00a0<b>\u201cSer\u00eda ideal poder inocularlas entre fines de abril y mediados de mayo. Es un objetivo que se puede cumplir en la medida en que, como algunos de los laboratorios anunciaron, podr\u00edan llegar cientos de miles de dosis cada semana<\/b>\u201d, anuncia el legislador.<\/p>\n<p>Desde esta perspectiva, reflexiona la bioqu\u00edmica e investigadora Principal del Conicet,\u00a0<b>Daniela Hozbor<\/b>: \u201c<b>Es clave llegar a un n\u00famero importante de ciudadanos protegidos antes de que comience el invierno, sobre todo porque empezar\u00e1 el fr\u00edo y tendemos a reemplazar las reuniones al aire libre por otros encuentros en sitios m\u00e1s cerrados<\/b>, sin ventilaci\u00f3n\u201d. Luego contin\u00faa con su razonamiento: \u201cTodos los pa\u00edses corren sus propias carreras entre los contagios nuevos que aparecen y la velocidad que deben adquirir para vacunar a la mayor cantidad de personas en el menor tiempo posible.\u00a0<b>El contexto se va modificando porque aparecen variantes m\u00e1s contagiosas y representan obst\u00e1culos para la carrera<\/b>\u201d. En este sentido, las contribuciones en las tareas de vigilancia epidemiol\u00f3gica que, por un lado, realiza el Instituto Malbr\u00e1n y, por otra parte, el Proyecto Pa\u00eds, son vitales para estar atentos a cualquier modificaci\u00f3n sensible que obligue a calibrar la composici\u00f3n de las sustancias activas de cada una de las vacunas que Argentina adquiere.<\/p>\n<p>En el \u00e1mbito internacional\u00a0<b>Israel\u00a0<\/b>es de las naciones que ha conseguido inmunizar a la mayor parte de su poblaci\u00f3n y su experiencia puede servir como ejemplo para las que vienen detr\u00e1s. Sobre ello, comparte su punto de vista Hozbor: \u201cIsrael es uno de los pa\u00edses que m\u00e1s avanzado est\u00e1 en su proceso de vacunaci\u00f3n; seg\u00fan la Universidad John Hopkins vacun\u00f3 a 8 millones 320 ciudadanos. De manera reciente public\u00f3 los resultados sobre un estudio de eficacia (en la revista m\u00e9dica New England Journal of Medicine) de Pfizer\/BioNTech. En su trabajo incluyeron a m\u00e1s de 596 mil personas y, tras siete d\u00edas de recibir la segunda dosis, llegaron a la conclusi\u00f3n de que\u00a0<b>la tecnolog\u00eda previene hospitalizaciones y casos severos en un 90% aproximadamente. Son datos realmente impresionantes.<\/b>\u00a0Asimismo hay otra investigaci\u00f3n que indica que la vacuna no solo previene la enfermedad sino tambi\u00e9n el contagio\u201d.<\/p>\n<p>Argentina ha recibido\u00a0<b>m\u00e1s de 4 millones de dosis<\/b>: 2.470.540 de Sputnik V, 580 mil fabricadas por Oxford\/AstraZeneca y 1 mill\u00f3n de Sinopharm. De acuerdo a lo que se ha anunciado durante las \u00faltimas horas, durante marzo, el pa\u00eds tendr\u00e1 a disposici\u00f3n \u2013como m\u00ednimo\u2013 600 mil dosis semanales de la tecnolog\u00eda rusa, las otras 580 mil de Oxford\/AstraZeneca que el gobierno adquiri\u00f3 como \u201cpartida extra\u201d, tres millones m\u00e1s de Sinopharm y las que corresponden a Covax, mecanismo establecido por la Organizaci\u00f3n Mundial de la Salud, que rondan los dos millones m\u00e1s y llegar\u00edan antes de mayo. Asimismo, el mes que viene aterrizar\u00e1n en territorio dom\u00e9stico unas tres millones de dosis de Oxford-AstraZeneca, cuyo elemento activo se fabrica en el laboratorio local mAbxience (cuya planta est\u00e1 en Gar\u00edn) y distribuir\u00e1 Liomont, la empresa biotecnol\u00f3gica mexicana. Despejadas las inc\u00f3gnitas iniciales, la ecuaci\u00f3n se clarifica: a medida que las vacunas llegan, el proceso de inmunizaci\u00f3n avanza y la pandemia retrocede.<\/p>\n<p>&nbsp;<\/p>\n<p>Por\u00a0<a href=\"https:\/\/www.pagina12.com.ar\/autores\/6144-pablo-esteban\">Pablo Esteban<\/a>\u00a0&#8211; <a href=\"mailto:pablo.esteban@pagina12.com.ar\">pablo.esteban@pagina12.com.ar<\/a><\/p>\n<\/div>\n<\/div>\n","protected":false},"excerpt":{"rendered":"<p>Datos preliminares demuestran una gran reducci\u00f3n de internaciones de la primera l\u00ednea.<\/p>\n","protected":false},"author":3,"featured_media":0,"comment_status":"closed","ping_status":"open","sticky":false,"template":"","format":"standard","meta":{"footnotes":""},"categories":[30],"tags":[],"class_list":["post-53333","post","type-post","status-publish","format-standard","hentry","category-salud"],"yoast_head":"<!-- This site is optimized with the Yoast SEO plugin v25.9 - https:\/\/yoast.com\/wordpress\/plugins\/seo\/ -->\n<title>Vacunas: la aplicaci\u00f3n protege notoriamente al sector salud - Noticias Radio Reflejos<\/title>\n<meta name=\"robots\" content=\"index, follow, max-snippet:-1, max-image-preview:large, max-video-preview:-1\" \/>\n<link rel=\"canonical\" href=\"https:\/\/www.noticiasradioreflejos.com.ar\/2021\/vacunas-la-aplicacion-protege-notoriamente-al-sector-salud\/\" \/>\n<meta property=\"og:locale\" content=\"es_ES\" \/>\n<meta property=\"og:type\" content=\"article\" \/>\n<meta property=\"og:title\" content=\"Vacunas: la aplicaci\u00f3n protege notoriamente al sector salud - Noticias Radio Reflejos\" \/>\n<meta property=\"og:description\" content=\"Datos preliminares demuestran una gran reducci\u00f3n de internaciones de la primera l\u00ednea.\" \/>\n<meta property=\"og:url\" content=\"https:\/\/www.noticiasradioreflejos.com.ar\/2021\/vacunas-la-aplicacion-protege-notoriamente-al-sector-salud\/\" \/>\n<meta property=\"og:site_name\" content=\"Noticias Radio Reflejos\" \/>\n<meta property=\"article:published_time\" content=\"2021-03-04T11:21:55+00:00\" \/>\n<meta property=\"og:image\" content=\"https:\/\/images.pagina12.com.ar\/styles\/focal_3_2_960x640\/public\/2021-03\/145250-whatsapp-20image-202021-03-03-20at-2016-37-27.jpeg?itok=GwNnrrcL\" \/>\n<meta name=\"author\" content=\"Arnaldo Botto\" \/>\n<meta name=\"twitter:card\" content=\"summary_large_image\" \/>\n<script type=\"application\/ld+json\" class=\"yoast-schema-graph\">{\"@context\":\"https:\/\/schema.org\",\"@graph\":[{\"@type\":\"WebPage\",\"@id\":\"https:\/\/www.noticiasradioreflejos.com.ar\/2021\/vacunas-la-aplicacion-protege-notoriamente-al-sector-salud\/\",\"url\":\"https:\/\/www.noticiasradioreflejos.com.ar\/2021\/vacunas-la-aplicacion-protege-notoriamente-al-sector-salud\/\",\"name\":\"Vacunas: la aplicaci\u00f3n protege notoriamente al sector salud - Noticias Radio Reflejos\",\"isPartOf\":{\"@id\":\"https:\/\/www.noticiasradioreflejos.com.ar\/2021\/#website\"},\"primaryImageOfPage\":{\"@id\":\"https:\/\/www.noticiasradioreflejos.com.ar\/2021\/vacunas-la-aplicacion-protege-notoriamente-al-sector-salud\/#primaryimage\"},\"image\":{\"@id\":\"https:\/\/www.noticiasradioreflejos.com.ar\/2021\/vacunas-la-aplicacion-protege-notoriamente-al-sector-salud\/#primaryimage\"},\"thumbnailUrl\":\"https:\/\/images.pagina12.com.ar\/styles\/focal_3_2_960x640\/public\/2021-03\/145250-whatsapp-20image-202021-03-03-20at-2016-37-27.jpeg?itok=GwNnrrcL\",\"datePublished\":\"2021-03-04T11:21:55+00:00\",\"author\":{\"@id\":\"https:\/\/www.noticiasradioreflejos.com.ar\/2021\/#\/schema\/person\/ad82545263dcc5ec0996818884fd5fb1\"},\"breadcrumb\":{\"@id\":\"https:\/\/www.noticiasradioreflejos.com.ar\/2021\/vacunas-la-aplicacion-protege-notoriamente-al-sector-salud\/#breadcrumb\"},\"inLanguage\":\"es\",\"potentialAction\":[{\"@type\":\"ReadAction\",\"target\":[\"https:\/\/www.noticiasradioreflejos.com.ar\/2021\/vacunas-la-aplicacion-protege-notoriamente-al-sector-salud\/\"]}]},{\"@type\":\"ImageObject\",\"inLanguage\":\"es\",\"@id\":\"https:\/\/www.noticiasradioreflejos.com.ar\/2021\/vacunas-la-aplicacion-protege-notoriamente-al-sector-salud\/#primaryimage\",\"url\":\"https:\/\/images.pagina12.com.ar\/styles\/focal_3_2_960x640\/public\/2021-03\/145250-whatsapp-20image-202021-03-03-20at-2016-37-27.jpeg?itok=GwNnrrcL\",\"contentUrl\":\"https:\/\/images.pagina12.com.ar\/styles\/focal_3_2_960x640\/public\/2021-03\/145250-whatsapp-20image-202021-03-03-20at-2016-37-27.jpeg?itok=GwNnrrcL\"},{\"@type\":\"BreadcrumbList\",\"@id\":\"https:\/\/www.noticiasradioreflejos.com.ar\/2021\/vacunas-la-aplicacion-protege-notoriamente-al-sector-salud\/#breadcrumb\",\"itemListElement\":[{\"@type\":\"ListItem\",\"position\":1,\"name\":\"Portada\",\"item\":\"https:\/\/www.noticiasradioreflejos.com.ar\/2021\/\"},{\"@type\":\"ListItem\",\"position\":2,\"name\":\"Vacunas: la aplicaci\u00f3n protege notoriamente al sector salud\"}]},{\"@type\":\"WebSite\",\"@id\":\"https:\/\/www.noticiasradioreflejos.com.ar\/2021\/#website\",\"url\":\"https:\/\/www.noticiasradioreflejos.com.ar\/2021\/\",\"name\":\"Noticias Radio Reflejos\",\"description\":\"Las noticias de mi comarca\",\"potentialAction\":[{\"@type\":\"SearchAction\",\"target\":{\"@type\":\"EntryPoint\",\"urlTemplate\":\"https:\/\/www.noticiasradioreflejos.com.ar\/2021\/?s={search_term_string}\"},\"query-input\":{\"@type\":\"PropertyValueSpecification\",\"valueRequired\":true,\"valueName\":\"search_term_string\"}}],\"inLanguage\":\"es\"},{\"@type\":\"Person\",\"@id\":\"https:\/\/www.noticiasradioreflejos.com.ar\/2021\/#\/schema\/person\/ad82545263dcc5ec0996818884fd5fb1\",\"name\":\"Arnaldo Botto\",\"image\":{\"@type\":\"ImageObject\",\"inLanguage\":\"es\",\"@id\":\"https:\/\/www.noticiasradioreflejos.com.ar\/2021\/#\/schema\/person\/image\/\",\"url\":\"https:\/\/secure.gravatar.com\/avatar\/55cb5e37c1efa326397366e6974cb338056df65cb50e7d64d1cf314e87504837?s=96&d=mm&r=g\",\"contentUrl\":\"https:\/\/secure.gravatar.com\/avatar\/55cb5e37c1efa326397366e6974cb338056df65cb50e7d64d1cf314e87504837?s=96&d=mm&r=g\",\"caption\":\"Arnaldo Botto\"},\"url\":\"https:\/\/www.noticiasradioreflejos.com.ar\/2021\/author\/arnaldo\/\"}]}<\/script>\n<!-- \/ Yoast SEO plugin. -->","yoast_head_json":{"title":"Vacunas: la aplicaci\u00f3n protege notoriamente al sector salud - Noticias Radio Reflejos","robots":{"index":"index","follow":"follow","max-snippet":"max-snippet:-1","max-image-preview":"max-image-preview:large","max-video-preview":"max-video-preview:-1"},"canonical":"https:\/\/www.noticiasradioreflejos.com.ar\/2021\/vacunas-la-aplicacion-protege-notoriamente-al-sector-salud\/","og_locale":"es_ES","og_type":"article","og_title":"Vacunas: la aplicaci\u00f3n protege notoriamente al sector salud - Noticias Radio Reflejos","og_description":"Datos preliminares demuestran una gran reducci\u00f3n de internaciones de la primera l\u00ednea.","og_url":"https:\/\/www.noticiasradioreflejos.com.ar\/2021\/vacunas-la-aplicacion-protege-notoriamente-al-sector-salud\/","og_site_name":"Noticias Radio Reflejos","article_published_time":"2021-03-04T11:21:55+00:00","og_image":[{"url":"https:\/\/images.pagina12.com.ar\/styles\/focal_3_2_960x640\/public\/2021-03\/145250-whatsapp-20image-202021-03-03-20at-2016-37-27.jpeg?itok=GwNnrrcL","type":"","width":"","height":""}],"author":"Arnaldo Botto","twitter_card":"summary_large_image","schema":{"@context":"https:\/\/schema.org","@graph":[{"@type":"WebPage","@id":"https:\/\/www.noticiasradioreflejos.com.ar\/2021\/vacunas-la-aplicacion-protege-notoriamente-al-sector-salud\/","url":"https:\/\/www.noticiasradioreflejos.com.ar\/2021\/vacunas-la-aplicacion-protege-notoriamente-al-sector-salud\/","name":"Vacunas: la aplicaci\u00f3n protege notoriamente al sector salud - Noticias Radio Reflejos","isPartOf":{"@id":"https:\/\/www.noticiasradioreflejos.com.ar\/2021\/#website"},"primaryImageOfPage":{"@id":"https:\/\/www.noticiasradioreflejos.com.ar\/2021\/vacunas-la-aplicacion-protege-notoriamente-al-sector-salud\/#primaryimage"},"image":{"@id":"https:\/\/www.noticiasradioreflejos.com.ar\/2021\/vacunas-la-aplicacion-protege-notoriamente-al-sector-salud\/#primaryimage"},"thumbnailUrl":"https:\/\/images.pagina12.com.ar\/styles\/focal_3_2_960x640\/public\/2021-03\/145250-whatsapp-20image-202021-03-03-20at-2016-37-27.jpeg?itok=GwNnrrcL","datePublished":"2021-03-04T11:21:55+00:00","author":{"@id":"https:\/\/www.noticiasradioreflejos.com.ar\/2021\/#\/schema\/person\/ad82545263dcc5ec0996818884fd5fb1"},"breadcrumb":{"@id":"https:\/\/www.noticiasradioreflejos.com.ar\/2021\/vacunas-la-aplicacion-protege-notoriamente-al-sector-salud\/#breadcrumb"},"inLanguage":"es","potentialAction":[{"@type":"ReadAction","target":["https:\/\/www.noticiasradioreflejos.com.ar\/2021\/vacunas-la-aplicacion-protege-notoriamente-al-sector-salud\/"]}]},{"@type":"ImageObject","inLanguage":"es","@id":"https:\/\/www.noticiasradioreflejos.com.ar\/2021\/vacunas-la-aplicacion-protege-notoriamente-al-sector-salud\/#primaryimage","url":"https:\/\/images.pagina12.com.ar\/styles\/focal_3_2_960x640\/public\/2021-03\/145250-whatsapp-20image-202021-03-03-20at-2016-37-27.jpeg?itok=GwNnrrcL","contentUrl":"https:\/\/images.pagina12.com.ar\/styles\/focal_3_2_960x640\/public\/2021-03\/145250-whatsapp-20image-202021-03-03-20at-2016-37-27.jpeg?itok=GwNnrrcL"},{"@type":"BreadcrumbList","@id":"https:\/\/www.noticiasradioreflejos.com.ar\/2021\/vacunas-la-aplicacion-protege-notoriamente-al-sector-salud\/#breadcrumb","itemListElement":[{"@type":"ListItem","position":1,"name":"Portada","item":"https:\/\/www.noticiasradioreflejos.com.ar\/2021\/"},{"@type":"ListItem","position":2,"name":"Vacunas: la aplicaci\u00f3n protege notoriamente al sector salud"}]},{"@type":"WebSite","@id":"https:\/\/www.noticiasradioreflejos.com.ar\/2021\/#website","url":"https:\/\/www.noticiasradioreflejos.com.ar\/2021\/","name":"Noticias Radio Reflejos","description":"Las noticias de mi comarca","potentialAction":[{"@type":"SearchAction","target":{"@type":"EntryPoint","urlTemplate":"https:\/\/www.noticiasradioreflejos.com.ar\/2021\/?s={search_term_string}"},"query-input":{"@type":"PropertyValueSpecification","valueRequired":true,"valueName":"search_term_string"}}],"inLanguage":"es"},{"@type":"Person","@id":"https:\/\/www.noticiasradioreflejos.com.ar\/2021\/#\/schema\/person\/ad82545263dcc5ec0996818884fd5fb1","name":"Arnaldo Botto","image":{"@type":"ImageObject","inLanguage":"es","@id":"https:\/\/www.noticiasradioreflejos.com.ar\/2021\/#\/schema\/person\/image\/","url":"https:\/\/secure.gravatar.com\/avatar\/55cb5e37c1efa326397366e6974cb338056df65cb50e7d64d1cf314e87504837?s=96&d=mm&r=g","contentUrl":"https:\/\/secure.gravatar.com\/avatar\/55cb5e37c1efa326397366e6974cb338056df65cb50e7d64d1cf314e87504837?s=96&d=mm&r=g","caption":"Arnaldo Botto"},"url":"https:\/\/www.noticiasradioreflejos.com.ar\/2021\/author\/arnaldo\/"}]}},"_links":{"self":[{"href":"https:\/\/www.noticiasradioreflejos.com.ar\/2021\/wp-json\/wp\/v2\/posts\/53333","targetHints":{"allow":["GET"]}}],"collection":[{"href":"https:\/\/www.noticiasradioreflejos.com.ar\/2021\/wp-json\/wp\/v2\/posts"}],"about":[{"href":"https:\/\/www.noticiasradioreflejos.com.ar\/2021\/wp-json\/wp\/v2\/types\/post"}],"author":[{"embeddable":true,"href":"https:\/\/www.noticiasradioreflejos.com.ar\/2021\/wp-json\/wp\/v2\/users\/3"}],"replies":[{"embeddable":true,"href":"https:\/\/www.noticiasradioreflejos.com.ar\/2021\/wp-json\/wp\/v2\/comments?post=53333"}],"version-history":[{"count":0,"href":"https:\/\/www.noticiasradioreflejos.com.ar\/2021\/wp-json\/wp\/v2\/posts\/53333\/revisions"}],"wp:attachment":[{"href":"https:\/\/www.noticiasradioreflejos.com.ar\/2021\/wp-json\/wp\/v2\/media?parent=53333"}],"wp:term":[{"taxonomy":"category","embeddable":true,"href":"https:\/\/www.noticiasradioreflejos.com.ar\/2021\/wp-json\/wp\/v2\/categories?post=53333"},{"taxonomy":"post_tag","embeddable":true,"href":"https:\/\/www.noticiasradioreflejos.com.ar\/2021\/wp-json\/wp\/v2\/tags?post=53333"}],"curies":[{"name":"wp","href":"https:\/\/api.w.org\/{rel}","templated":true}]}}