{"id":53330,"date":"2021-03-04T08:17:47","date_gmt":"2021-03-04T11:17:47","guid":{"rendered":"http:\/\/www.noticiasradioreflejos.com.ar\/noticias\/?p=53330"},"modified":"2021-03-04T08:17:47","modified_gmt":"2021-03-04T11:17:47","slug":"la-anses-y-el-ministerio-de-cultura-presentaron-cultura-solidaria","status":"publish","type":"post","link":"https:\/\/www.noticiasradioreflejos.com.ar\/2021\/la-anses-y-el-ministerio-de-cultura-presentaron-cultura-solidaria\/","title":{"rendered":"La ANSES y el Ministerio de Cultura presentaron \u00abCultura Solidaria\u00bb."},"content":{"rendered":"<p>M\u00e1s de 55 mil trabajadores de la cultura de todo el pa\u00eds y una inversi\u00f3n de 1650 millones de pesos, la ANSES y el Ministerio de Cultura de la Naci\u00f3n presentaron ayer el\u00a0<em>Apoyo Extraordinario Cultura Solidaria<\/em>\u00a0en el Centro Cultural Kirchner (CCK).<!--more--><\/p>\n<p style=\"font-weight: 400;\">El convenio, firmado por la directora ejecutiva de la ANSES,\u00a0Fernanda Raverta, y el ministro de Cultura,\u00a0Trist\u00e1n Bauer, propone una convocatoria destinada a artistas, trabajadores y trabajadoras de la cultura, que cumplan roles art\u00edsticos, t\u00e9cnicos y de formaci\u00f3n afectados por el actual contexto sanitario y cuyo beneficio ser\u00e1n dos cuotas de 15 mil pesos.<\/p>\n<p style=\"font-weight: 400;\">Durante el acuerdo,\u00a0Raverta\u00a0sostuvo: \u201c<em>La<\/em>\u00a0<em>ANSES pone a disposici\u00f3n su infraestructura, su log\u00edstica, su territorialidad, su red de oficinas de trabajadores y trabajadoras para hacer posible este tipo de definiciones pol\u00edticas de un gobierno que no deja a nadie solo, que no abandona a nadie y que siempre est\u00e1 bien cerquita pensando en qu\u00e9 necesitan los argentinos y las argentinas. Y haciendo de cada una de estas necesidades un derecho<\/em>\u201d.<\/p>\n<p style=\"font-weight: 400;\">En tanto,\u00a0Bauer\u00a0afirm\u00f3: \u201c<em>La solidaridad es la bandera principal de nuestro movimiento. Trabajar por una verdadera cultura de la solidaridad. Nos salvamos entre todos. Estoy absolutamente convencido de que, unidos, vamos a salir fortalecidos de esta pandemia<\/em>\u201d.<\/p>\n<p style=\"font-weight: 400;\">Esta pol\u00edtica tiene como antecedentes a la Beca Sostener Cultura II (BSCII) y al Apoyo Econ\u00f3mico Fortalecer Cultura (FC), que llegaron a m\u00e1s de 22 mil y 30 mil personas, respectivamente.<\/p>\n<p style=\"font-weight: 400;\"><strong>Beneficios de\u00a0<em>Apoyo Extraordinario Cultura Solidaria<\/em><\/strong><\/p>\n<ul>\n<li style=\"font-weight: 400;\">Elimina las restricciones para los\/as beneficiarios\/as del IFE y el ATP.<\/li>\n<li style=\"font-weight: 400;\">Propone la realizaci\u00f3n de una acci\u00f3n voluntaria (taller, presentaci\u00f3n o capacitaci\u00f3n) con el municipio o comuna de la localidad en la cual reside el beneficiario\/a.<\/li>\n<li style=\"font-weight: 400;\">Plantea como requisito la inscripci\u00f3n al primer Registro Federal de Cultura.<\/li>\n<\/ul>\n","protected":false},"excerpt":{"rendered":"<p>M\u00e1s de 55 mil trabajadores de la cultura de todo el pa\u00eds y una inversi\u00f3n de 1650 millones de pesos, la ANSES y el Ministerio de Cultura de la Naci\u00f3n presentaron ayer el\u00a0Apoyo Extraordinario Cultura Solidaria\u00a0en el Centro Cultural Kirchner (CCK).<\/p>\n","protected":false},"author":3,"featured_media":0,"comment_status":"closed","ping_status":"open","sticky":false,"template":"","format":"standard","meta":{"footnotes":""},"categories":[35,24],"tags":[],"class_list":["post-53330","post","type-post","status-publish","format-standard","hentry","category-cultura","category-politica"],"yoast_head":"<!-- This site is optimized with the Yoast SEO plugin v25.9 - https:\/\/yoast.com\/wordpress\/plugins\/seo\/ -->\n<title>La ANSES y el Ministerio de Cultura presentaron &quot;Cultura Solidaria&quot;. - Noticias Radio Reflejos<\/title>\n<meta name=\"robots\" content=\"index, follow, max-snippet:-1, max-image-preview:large, max-video-preview:-1\" \/>\n<link rel=\"canonical\" href=\"https:\/\/www.noticiasradioreflejos.com.ar\/2021\/la-anses-y-el-ministerio-de-cultura-presentaron-cultura-solidaria\/\" \/>\n<meta property=\"og:locale\" content=\"es_ES\" \/>\n<meta property=\"og:type\" content=\"article\" \/>\n<meta property=\"og:title\" content=\"La ANSES y el Ministerio de Cultura presentaron &quot;Cultura Solidaria&quot;. - Noticias Radio Reflejos\" \/>\n<meta property=\"og:description\" content=\"M\u00e1s de 55 mil trabajadores de la cultura de todo el pa\u00eds y una inversi\u00f3n de 1650 millones de pesos, la ANSES y el Ministerio de Cultura de la Naci\u00f3n presentaron ayer el\u00a0Apoyo Extraordinario Cultura Solidaria\u00a0en el Centro Cultural Kirchner (CCK).\" \/>\n<meta property=\"og:url\" content=\"https:\/\/www.noticiasradioreflejos.com.ar\/2021\/la-anses-y-el-ministerio-de-cultura-presentaron-cultura-solidaria\/\" \/>\n<meta property=\"og:site_name\" content=\"Noticias Radio Reflejos\" \/>\n<meta property=\"article:published_time\" content=\"2021-03-04T11:17:47+00:00\" \/>\n<meta property=\"og:image\" content=\"https:\/\/www.noticiasradioreflejos.com.ar\/2021\/wp-content\/uploads\/2021\/07\/logosol300x200.png\" \/>\n\t<meta property=\"og:image:width\" content=\"300\" \/>\n\t<meta property=\"og:image:height\" content=\"200\" \/>\n\t<meta property=\"og:image:type\" content=\"image\/png\" \/>\n<meta name=\"author\" content=\"Arnaldo Botto\" \/>\n<meta name=\"twitter:card\" content=\"summary_large_image\" \/>\n<script type=\"application\/ld+json\" class=\"yoast-schema-graph\">{\"@context\":\"https:\/\/schema.org\",\"@graph\":[{\"@type\":\"WebPage\",\"@id\":\"https:\/\/www.noticiasradioreflejos.com.ar\/2021\/la-anses-y-el-ministerio-de-cultura-presentaron-cultura-solidaria\/\",\"url\":\"https:\/\/www.noticiasradioreflejos.com.ar\/2021\/la-anses-y-el-ministerio-de-cultura-presentaron-cultura-solidaria\/\",\"name\":\"La ANSES y el Ministerio de Cultura presentaron \\\"Cultura Solidaria\\\". - Noticias Radio Reflejos\",\"isPartOf\":{\"@id\":\"https:\/\/www.noticiasradioreflejos.com.ar\/2021\/#website\"},\"datePublished\":\"2021-03-04T11:17:47+00:00\",\"author\":{\"@id\":\"https:\/\/www.noticiasradioreflejos.com.ar\/2021\/#\/schema\/person\/ad82545263dcc5ec0996818884fd5fb1\"},\"breadcrumb\":{\"@id\":\"https:\/\/www.noticiasradioreflejos.com.ar\/2021\/la-anses-y-el-ministerio-de-cultura-presentaron-cultura-solidaria\/#breadcrumb\"},\"inLanguage\":\"es\",\"potentialAction\":[{\"@type\":\"ReadAction\",\"target\":[\"https:\/\/www.noticiasradioreflejos.com.ar\/2021\/la-anses-y-el-ministerio-de-cultura-presentaron-cultura-solidaria\/\"]}]},{\"@type\":\"BreadcrumbList\",\"@id\":\"https:\/\/www.noticiasradioreflejos.com.ar\/2021\/la-anses-y-el-ministerio-de-cultura-presentaron-cultura-solidaria\/#breadcrumb\",\"itemListElement\":[{\"@type\":\"ListItem\",\"position\":1,\"name\":\"Portada\",\"item\":\"https:\/\/www.noticiasradioreflejos.com.ar\/2021\/\"},{\"@type\":\"ListItem\",\"position\":2,\"name\":\"La ANSES y el Ministerio de Cultura presentaron \u00abCultura Solidaria\u00bb.\"}]},{\"@type\":\"WebSite\",\"@id\":\"https:\/\/www.noticiasradioreflejos.com.ar\/2021\/#website\",\"url\":\"https:\/\/www.noticiasradioreflejos.com.ar\/2021\/\",\"name\":\"Noticias Radio Reflejos\",\"description\":\"Las noticias de mi comarca\",\"potentialAction\":[{\"@type\":\"SearchAction\",\"target\":{\"@type\":\"EntryPoint\",\"urlTemplate\":\"https:\/\/www.noticiasradioreflejos.com.ar\/2021\/?s={search_term_string}\"},\"query-input\":{\"@type\":\"PropertyValueSpecification\",\"valueRequired\":true,\"valueName\":\"search_term_string\"}}],\"inLanguage\":\"es\"},{\"@type\":\"Person\",\"@id\":\"https:\/\/www.noticiasradioreflejos.com.ar\/2021\/#\/schema\/person\/ad82545263dcc5ec0996818884fd5fb1\",\"name\":\"Arnaldo Botto\",\"image\":{\"@type\":\"ImageObject\",\"inLanguage\":\"es\",\"@id\":\"https:\/\/www.noticiasradioreflejos.com.ar\/2021\/#\/schema\/person\/image\/\",\"url\":\"https:\/\/secure.gravatar.com\/avatar\/55cb5e37c1efa326397366e6974cb338056df65cb50e7d64d1cf314e87504837?s=96&d=mm&r=g\",\"contentUrl\":\"https:\/\/secure.gravatar.com\/avatar\/55cb5e37c1efa326397366e6974cb338056df65cb50e7d64d1cf314e87504837?s=96&d=mm&r=g\",\"caption\":\"Arnaldo Botto\"},\"url\":\"https:\/\/www.noticiasradioreflejos.com.ar\/2021\/author\/arnaldo\/\"}]}<\/script>\n<!-- \/ Yoast SEO plugin. -->","yoast_head_json":{"title":"La ANSES y el Ministerio de Cultura presentaron \"Cultura Solidaria\". - Noticias Radio Reflejos","robots":{"index":"index","follow":"follow","max-snippet":"max-snippet:-1","max-image-preview":"max-image-preview:large","max-video-preview":"max-video-preview:-1"},"canonical":"https:\/\/www.noticiasradioreflejos.com.ar\/2021\/la-anses-y-el-ministerio-de-cultura-presentaron-cultura-solidaria\/","og_locale":"es_ES","og_type":"article","og_title":"La ANSES y el Ministerio de Cultura presentaron \"Cultura Solidaria\". - Noticias Radio Reflejos","og_description":"M\u00e1s de 55 mil trabajadores de la cultura de todo el pa\u00eds y una inversi\u00f3n de 1650 millones de pesos, la ANSES y el Ministerio de Cultura de la Naci\u00f3n presentaron ayer el\u00a0Apoyo Extraordinario Cultura Solidaria\u00a0en el Centro Cultural Kirchner (CCK).","og_url":"https:\/\/www.noticiasradioreflejos.com.ar\/2021\/la-anses-y-el-ministerio-de-cultura-presentaron-cultura-solidaria\/","og_site_name":"Noticias Radio Reflejos","article_published_time":"2021-03-04T11:17:47+00:00","og_image":[{"width":300,"height":200,"url":"https:\/\/www.noticiasradioreflejos.com.ar\/2021\/wp-content\/uploads\/2021\/07\/logosol300x200.png","type":"image\/png"}],"author":"Arnaldo Botto","twitter_card":"summary_large_image","schema":{"@context":"https:\/\/schema.org","@graph":[{"@type":"WebPage","@id":"https:\/\/www.noticiasradioreflejos.com.ar\/2021\/la-anses-y-el-ministerio-de-cultura-presentaron-cultura-solidaria\/","url":"https:\/\/www.noticiasradioreflejos.com.ar\/2021\/la-anses-y-el-ministerio-de-cultura-presentaron-cultura-solidaria\/","name":"La ANSES y el Ministerio de Cultura presentaron \"Cultura Solidaria\". - Noticias Radio Reflejos","isPartOf":{"@id":"https:\/\/www.noticiasradioreflejos.com.ar\/2021\/#website"},"datePublished":"2021-03-04T11:17:47+00:00","author":{"@id":"https:\/\/www.noticiasradioreflejos.com.ar\/2021\/#\/schema\/person\/ad82545263dcc5ec0996818884fd5fb1"},"breadcrumb":{"@id":"https:\/\/www.noticiasradioreflejos.com.ar\/2021\/la-anses-y-el-ministerio-de-cultura-presentaron-cultura-solidaria\/#breadcrumb"},"inLanguage":"es","potentialAction":[{"@type":"ReadAction","target":["https:\/\/www.noticiasradioreflejos.com.ar\/2021\/la-anses-y-el-ministerio-de-cultura-presentaron-cultura-solidaria\/"]}]},{"@type":"BreadcrumbList","@id":"https:\/\/www.noticiasradioreflejos.com.ar\/2021\/la-anses-y-el-ministerio-de-cultura-presentaron-cultura-solidaria\/#breadcrumb","itemListElement":[{"@type":"ListItem","position":1,"name":"Portada","item":"https:\/\/www.noticiasradioreflejos.com.ar\/2021\/"},{"@type":"ListItem","position":2,"name":"La ANSES y el Ministerio de Cultura presentaron \u00abCultura Solidaria\u00bb."}]},{"@type":"WebSite","@id":"https:\/\/www.noticiasradioreflejos.com.ar\/2021\/#website","url":"https:\/\/www.noticiasradioreflejos.com.ar\/2021\/","name":"Noticias Radio Reflejos","description":"Las noticias de mi comarca","potentialAction":[{"@type":"SearchAction","target":{"@type":"EntryPoint","urlTemplate":"https:\/\/www.noticiasradioreflejos.com.ar\/2021\/?s={search_term_string}"},"query-input":{"@type":"PropertyValueSpecification","valueRequired":true,"valueName":"search_term_string"}}],"inLanguage":"es"},{"@type":"Person","@id":"https:\/\/www.noticiasradioreflejos.com.ar\/2021\/#\/schema\/person\/ad82545263dcc5ec0996818884fd5fb1","name":"Arnaldo Botto","image":{"@type":"ImageObject","inLanguage":"es","@id":"https:\/\/www.noticiasradioreflejos.com.ar\/2021\/#\/schema\/person\/image\/","url":"https:\/\/secure.gravatar.com\/avatar\/55cb5e37c1efa326397366e6974cb338056df65cb50e7d64d1cf314e87504837?s=96&d=mm&r=g","contentUrl":"https:\/\/secure.gravatar.com\/avatar\/55cb5e37c1efa326397366e6974cb338056df65cb50e7d64d1cf314e87504837?s=96&d=mm&r=g","caption":"Arnaldo Botto"},"url":"https:\/\/www.noticiasradioreflejos.com.ar\/2021\/author\/arnaldo\/"}]}},"_links":{"self":[{"href":"https:\/\/www.noticiasradioreflejos.com.ar\/2021\/wp-json\/wp\/v2\/posts\/53330","targetHints":{"allow":["GET"]}}],"collection":[{"href":"https:\/\/www.noticiasradioreflejos.com.ar\/2021\/wp-json\/wp\/v2\/posts"}],"about":[{"href":"https:\/\/www.noticiasradioreflejos.com.ar\/2021\/wp-json\/wp\/v2\/types\/post"}],"author":[{"embeddable":true,"href":"https:\/\/www.noticiasradioreflejos.com.ar\/2021\/wp-json\/wp\/v2\/users\/3"}],"replies":[{"embeddable":true,"href":"https:\/\/www.noticiasradioreflejos.com.ar\/2021\/wp-json\/wp\/v2\/comments?post=53330"}],"version-history":[{"count":0,"href":"https:\/\/www.noticiasradioreflejos.com.ar\/2021\/wp-json\/wp\/v2\/posts\/53330\/revisions"}],"wp:attachment":[{"href":"https:\/\/www.noticiasradioreflejos.com.ar\/2021\/wp-json\/wp\/v2\/media?parent=53330"}],"wp:term":[{"taxonomy":"category","embeddable":true,"href":"https:\/\/www.noticiasradioreflejos.com.ar\/2021\/wp-json\/wp\/v2\/categories?post=53330"},{"taxonomy":"post_tag","embeddable":true,"href":"https:\/\/www.noticiasradioreflejos.com.ar\/2021\/wp-json\/wp\/v2\/tags?post=53330"}],"curies":[{"name":"wp","href":"https:\/\/api.w.org\/{rel}","templated":true}]}}