{"id":53328,"date":"2021-03-04T07:57:27","date_gmt":"2021-03-04T10:57:27","guid":{"rendered":"http:\/\/www.noticiasradioreflejos.com.ar\/noticias\/?p=53328"},"modified":"2021-03-04T07:57:27","modified_gmt":"2021-03-04T10:57:27","slug":"promulgaron-la-ley-que-exige-la-autorizacion-del-congreso-para-tomar-deuda-externa","status":"publish","type":"post","link":"https:\/\/www.noticiasradioreflejos.com.ar\/2021\/promulgaron-la-ley-que-exige-la-autorizacion-del-congreso-para-tomar-deuda-externa\/","title":{"rendered":"Promulgaron la ley que exige la autorizaci\u00f3n del Congreso para tomar deuda externa"},"content":{"rendered":"<p>El punto central de la ley de Fortalecimiento de la Sostenibilidad de la Deuda P\u00fablica\u00a0es que el endeudamiento en moneda extranjera bajo ley extranjera, y con pr\u00f3rroga de jurisdicci\u00f3n, requerir\u00e1 autorizaci\u00f3n del Congreso de la Naci\u00f3n.<!--more--><\/p>\n<div class=\"main-content-block\">\n<div class=\"main-box clearfix\">\n<div class=\"wrapper-main-section clearfix\">\n<div class=\"wrapper-editable-content\">\n<div class=\"editable-content clearfix\">\n<div id=\"image\" class=\"image\">\n<p><img decoding=\"async\" title=\"La C\u00e1mara de Diputados la convirti\u00f3 en ley con el respaldo de 233 votos.\" src=\"https:\/\/www.telam.com.ar\/advf\/imagenes\/2020\/07\/5f236ac318312_1004x565.jpg\" alt=\"La C\u00e1mara de Diputados la convirti\u00f3 en ley con el respaldo de 233 votos.\" \/><\/p>\n<div class=\"epigrafe\">La C\u00e1mara de Diputados la convirti\u00f3 en ley con el respaldo de 233 votos.<\/div>\n<\/div>\n<p>El Gobierno nacional promulg\u00f3 la ley 27.612, de Fortalecimiento de la Sostenibilidad de la Deuda P\u00fablica, que establece, entre otros puntos, que\u00a0<strong>el endeudamiento en moneda extranjera bajo ley extranjera, y con pr\u00f3rroga de jurisdicci\u00f3n, requerir\u00e1 autorizaci\u00f3n del Congreso de la Naci\u00f3n.<\/strong><\/p>\n<p>La nueva normativa, sancionada el 11 de febrero y promulgada este mi\u00e9rcoles mediante el decreto 131,indica tambi\u00e9n que los acuerdos futuros con el Fondo Monetario Internacional (FMI) deber\u00e1n tambi\u00e9n ser aprobados por el Parlamento.<\/p>\n<p>\u00abEsta ley cuida a nuestra Argentina. Desde hoy, todo acuerdo con el FMI o endeudamiento externo con t\u00edtulos p\u00fablicos deber\u00e1 ser aprobado por el Congreso y debatido de frente a la sociedad. Evitar las crisis de deuda que condicionan el futuro de nuestra gente es pol\u00edtica de Estado\u00bb, hab\u00eda sostenido el ministro Guzm\u00e1n tras la aprobaci\u00f3n de la norma.<\/p>\n<p>La C\u00e1mara de Diputados la convirti\u00f3 en ley con el respaldo de 233 votos que fueron aportados por el del Frente de Todos, Juntos por el Cambio, los interbloques Federal, el Movimiento Popular Neuquino, y Acci\u00f3n Federal, en tanto que los dos monobloques de izquierda rechazaron la propuesta.<\/p>\n<p>Entre los fundamentos de la ley, se afirm\u00f3 que permitir\u00e1 fortalecer el rol institucional del Congreso en la definici\u00f3n y autorizaci\u00f3n de las pol\u00edticas de endeudamiento p\u00fablico nacional en moneda extranjera y bajo jurisdicci\u00f3n externa, y en la aprobaci\u00f3n de toda operaci\u00f3n de cr\u00e9dito p\u00fablico y\/o programa de financiamiento que formalice el Poder Ejecutivo Nacional con el Fondo Monetario Internacional.<\/p>\n<p>Adem\u00e1s, fortalecer\u00e1 mecanismos institucionales que garanticen que el mantenimiento de la sostenibilidad de la deuda p\u00fablica, as\u00ed como la ejecuci\u00f3n de planes de estabilizaci\u00f3n macroecon\u00f3mica por plazos que exceden un per\u00edodo de gobierno, sean pol\u00edticas de Estado.<\/p>\n<\/div>\n<\/div>\n<\/div>\n<\/div>\n<\/div>\n","protected":false},"excerpt":{"rendered":"<p>El punto central de la ley de Fortalecimiento de la Sostenibilidad de la Deuda P\u00fablica\u00a0es que el endeudamiento en moneda extranjera bajo ley extranjera, y con pr\u00f3rroga de jurisdicci\u00f3n, requerir\u00e1 autorizaci\u00f3n del Congreso de la Naci\u00f3n.<\/p>\n","protected":false},"author":3,"featured_media":0,"comment_status":"closed","ping_status":"open","sticky":false,"template":"","format":"standard","meta":{"footnotes":""},"categories":[24],"tags":[],"class_list":["post-53328","post","type-post","status-publish","format-standard","hentry","category-politica"],"yoast_head":"<!-- This site is optimized with the Yoast SEO plugin v25.9 - https:\/\/yoast.com\/wordpress\/plugins\/seo\/ -->\n<title>Promulgaron la ley que exige la autorizaci\u00f3n del Congreso para tomar deuda externa - Noticias Radio Reflejos<\/title>\n<meta name=\"robots\" content=\"index, follow, max-snippet:-1, max-image-preview:large, max-video-preview:-1\" \/>\n<link rel=\"canonical\" href=\"https:\/\/www.noticiasradioreflejos.com.ar\/2021\/promulgaron-la-ley-que-exige-la-autorizacion-del-congreso-para-tomar-deuda-externa\/\" \/>\n<meta property=\"og:locale\" content=\"es_ES\" \/>\n<meta property=\"og:type\" content=\"article\" \/>\n<meta property=\"og:title\" content=\"Promulgaron la ley que exige la autorizaci\u00f3n del Congreso para tomar deuda externa - Noticias Radio Reflejos\" \/>\n<meta property=\"og:description\" content=\"El punto central de la ley de Fortalecimiento de la Sostenibilidad de la Deuda P\u00fablica\u00a0es que el endeudamiento en moneda extranjera bajo ley extranjera, y con pr\u00f3rroga de jurisdicci\u00f3n, requerir\u00e1 autorizaci\u00f3n del Congreso de la Naci\u00f3n.\" \/>\n<meta property=\"og:url\" content=\"https:\/\/www.noticiasradioreflejos.com.ar\/2021\/promulgaron-la-ley-que-exige-la-autorizacion-del-congreso-para-tomar-deuda-externa\/\" \/>\n<meta property=\"og:site_name\" content=\"Noticias Radio Reflejos\" \/>\n<meta property=\"article:published_time\" content=\"2021-03-04T10:57:27+00:00\" \/>\n<meta property=\"og:image\" content=\"https:\/\/www.telam.com.ar\/advf\/imagenes\/2020\/07\/5f236ac318312_1004x565.jpg\" \/>\n<meta name=\"author\" content=\"Arnaldo Botto\" \/>\n<meta name=\"twitter:card\" content=\"summary_large_image\" \/>\n<script type=\"application\/ld+json\" class=\"yoast-schema-graph\">{\"@context\":\"https:\/\/schema.org\",\"@graph\":[{\"@type\":\"WebPage\",\"@id\":\"https:\/\/www.noticiasradioreflejos.com.ar\/2021\/promulgaron-la-ley-que-exige-la-autorizacion-del-congreso-para-tomar-deuda-externa\/\",\"url\":\"https:\/\/www.noticiasradioreflejos.com.ar\/2021\/promulgaron-la-ley-que-exige-la-autorizacion-del-congreso-para-tomar-deuda-externa\/\",\"name\":\"Promulgaron la ley que exige la autorizaci\u00f3n del Congreso para tomar deuda externa - Noticias Radio Reflejos\",\"isPartOf\":{\"@id\":\"https:\/\/www.noticiasradioreflejos.com.ar\/2021\/#website\"},\"primaryImageOfPage\":{\"@id\":\"https:\/\/www.noticiasradioreflejos.com.ar\/2021\/promulgaron-la-ley-que-exige-la-autorizacion-del-congreso-para-tomar-deuda-externa\/#primaryimage\"},\"image\":{\"@id\":\"https:\/\/www.noticiasradioreflejos.com.ar\/2021\/promulgaron-la-ley-que-exige-la-autorizacion-del-congreso-para-tomar-deuda-externa\/#primaryimage\"},\"thumbnailUrl\":\"https:\/\/www.telam.com.ar\/advf\/imagenes\/2020\/07\/5f236ac318312_1004x565.jpg\",\"datePublished\":\"2021-03-04T10:57:27+00:00\",\"author\":{\"@id\":\"https:\/\/www.noticiasradioreflejos.com.ar\/2021\/#\/schema\/person\/ad82545263dcc5ec0996818884fd5fb1\"},\"breadcrumb\":{\"@id\":\"https:\/\/www.noticiasradioreflejos.com.ar\/2021\/promulgaron-la-ley-que-exige-la-autorizacion-del-congreso-para-tomar-deuda-externa\/#breadcrumb\"},\"inLanguage\":\"es\",\"potentialAction\":[{\"@type\":\"ReadAction\",\"target\":[\"https:\/\/www.noticiasradioreflejos.com.ar\/2021\/promulgaron-la-ley-que-exige-la-autorizacion-del-congreso-para-tomar-deuda-externa\/\"]}]},{\"@type\":\"ImageObject\",\"inLanguage\":\"es\",\"@id\":\"https:\/\/www.noticiasradioreflejos.com.ar\/2021\/promulgaron-la-ley-que-exige-la-autorizacion-del-congreso-para-tomar-deuda-externa\/#primaryimage\",\"url\":\"https:\/\/www.telam.com.ar\/advf\/imagenes\/2020\/07\/5f236ac318312_1004x565.jpg\",\"contentUrl\":\"https:\/\/www.telam.com.ar\/advf\/imagenes\/2020\/07\/5f236ac318312_1004x565.jpg\"},{\"@type\":\"BreadcrumbList\",\"@id\":\"https:\/\/www.noticiasradioreflejos.com.ar\/2021\/promulgaron-la-ley-que-exige-la-autorizacion-del-congreso-para-tomar-deuda-externa\/#breadcrumb\",\"itemListElement\":[{\"@type\":\"ListItem\",\"position\":1,\"name\":\"Portada\",\"item\":\"https:\/\/www.noticiasradioreflejos.com.ar\/2021\/\"},{\"@type\":\"ListItem\",\"position\":2,\"name\":\"Promulgaron la ley que exige la autorizaci\u00f3n del Congreso para tomar deuda externa\"}]},{\"@type\":\"WebSite\",\"@id\":\"https:\/\/www.noticiasradioreflejos.com.ar\/2021\/#website\",\"url\":\"https:\/\/www.noticiasradioreflejos.com.ar\/2021\/\",\"name\":\"Noticias Radio Reflejos\",\"description\":\"Las noticias de mi comarca\",\"potentialAction\":[{\"@type\":\"SearchAction\",\"target\":{\"@type\":\"EntryPoint\",\"urlTemplate\":\"https:\/\/www.noticiasradioreflejos.com.ar\/2021\/?s={search_term_string}\"},\"query-input\":{\"@type\":\"PropertyValueSpecification\",\"valueRequired\":true,\"valueName\":\"search_term_string\"}}],\"inLanguage\":\"es\"},{\"@type\":\"Person\",\"@id\":\"https:\/\/www.noticiasradioreflejos.com.ar\/2021\/#\/schema\/person\/ad82545263dcc5ec0996818884fd5fb1\",\"name\":\"Arnaldo Botto\",\"image\":{\"@type\":\"ImageObject\",\"inLanguage\":\"es\",\"@id\":\"https:\/\/www.noticiasradioreflejos.com.ar\/2021\/#\/schema\/person\/image\/\",\"url\":\"https:\/\/secure.gravatar.com\/avatar\/55cb5e37c1efa326397366e6974cb338056df65cb50e7d64d1cf314e87504837?s=96&d=mm&r=g\",\"contentUrl\":\"https:\/\/secure.gravatar.com\/avatar\/55cb5e37c1efa326397366e6974cb338056df65cb50e7d64d1cf314e87504837?s=96&d=mm&r=g\",\"caption\":\"Arnaldo Botto\"},\"url\":\"https:\/\/www.noticiasradioreflejos.com.ar\/2021\/author\/arnaldo\/\"}]}<\/script>\n<!-- \/ Yoast SEO plugin. -->","yoast_head_json":{"title":"Promulgaron la ley que exige la autorizaci\u00f3n del Congreso para tomar deuda externa - Noticias Radio Reflejos","robots":{"index":"index","follow":"follow","max-snippet":"max-snippet:-1","max-image-preview":"max-image-preview:large","max-video-preview":"max-video-preview:-1"},"canonical":"https:\/\/www.noticiasradioreflejos.com.ar\/2021\/promulgaron-la-ley-que-exige-la-autorizacion-del-congreso-para-tomar-deuda-externa\/","og_locale":"es_ES","og_type":"article","og_title":"Promulgaron la ley que exige la autorizaci\u00f3n del Congreso para tomar deuda externa - Noticias Radio Reflejos","og_description":"El punto central de la ley de Fortalecimiento de la Sostenibilidad de la Deuda P\u00fablica\u00a0es que el endeudamiento en moneda extranjera bajo ley extranjera, y con pr\u00f3rroga de jurisdicci\u00f3n, requerir\u00e1 autorizaci\u00f3n del Congreso de la Naci\u00f3n.","og_url":"https:\/\/www.noticiasradioreflejos.com.ar\/2021\/promulgaron-la-ley-que-exige-la-autorizacion-del-congreso-para-tomar-deuda-externa\/","og_site_name":"Noticias Radio Reflejos","article_published_time":"2021-03-04T10:57:27+00:00","og_image":[{"url":"https:\/\/www.telam.com.ar\/advf\/imagenes\/2020\/07\/5f236ac318312_1004x565.jpg","type":"","width":"","height":""}],"author":"Arnaldo Botto","twitter_card":"summary_large_image","schema":{"@context":"https:\/\/schema.org","@graph":[{"@type":"WebPage","@id":"https:\/\/www.noticiasradioreflejos.com.ar\/2021\/promulgaron-la-ley-que-exige-la-autorizacion-del-congreso-para-tomar-deuda-externa\/","url":"https:\/\/www.noticiasradioreflejos.com.ar\/2021\/promulgaron-la-ley-que-exige-la-autorizacion-del-congreso-para-tomar-deuda-externa\/","name":"Promulgaron la ley que exige la autorizaci\u00f3n del Congreso para tomar deuda externa - Noticias Radio Reflejos","isPartOf":{"@id":"https:\/\/www.noticiasradioreflejos.com.ar\/2021\/#website"},"primaryImageOfPage":{"@id":"https:\/\/www.noticiasradioreflejos.com.ar\/2021\/promulgaron-la-ley-que-exige-la-autorizacion-del-congreso-para-tomar-deuda-externa\/#primaryimage"},"image":{"@id":"https:\/\/www.noticiasradioreflejos.com.ar\/2021\/promulgaron-la-ley-que-exige-la-autorizacion-del-congreso-para-tomar-deuda-externa\/#primaryimage"},"thumbnailUrl":"https:\/\/www.telam.com.ar\/advf\/imagenes\/2020\/07\/5f236ac318312_1004x565.jpg","datePublished":"2021-03-04T10:57:27+00:00","author":{"@id":"https:\/\/www.noticiasradioreflejos.com.ar\/2021\/#\/schema\/person\/ad82545263dcc5ec0996818884fd5fb1"},"breadcrumb":{"@id":"https:\/\/www.noticiasradioreflejos.com.ar\/2021\/promulgaron-la-ley-que-exige-la-autorizacion-del-congreso-para-tomar-deuda-externa\/#breadcrumb"},"inLanguage":"es","potentialAction":[{"@type":"ReadAction","target":["https:\/\/www.noticiasradioreflejos.com.ar\/2021\/promulgaron-la-ley-que-exige-la-autorizacion-del-congreso-para-tomar-deuda-externa\/"]}]},{"@type":"ImageObject","inLanguage":"es","@id":"https:\/\/www.noticiasradioreflejos.com.ar\/2021\/promulgaron-la-ley-que-exige-la-autorizacion-del-congreso-para-tomar-deuda-externa\/#primaryimage","url":"https:\/\/www.telam.com.ar\/advf\/imagenes\/2020\/07\/5f236ac318312_1004x565.jpg","contentUrl":"https:\/\/www.telam.com.ar\/advf\/imagenes\/2020\/07\/5f236ac318312_1004x565.jpg"},{"@type":"BreadcrumbList","@id":"https:\/\/www.noticiasradioreflejos.com.ar\/2021\/promulgaron-la-ley-que-exige-la-autorizacion-del-congreso-para-tomar-deuda-externa\/#breadcrumb","itemListElement":[{"@type":"ListItem","position":1,"name":"Portada","item":"https:\/\/www.noticiasradioreflejos.com.ar\/2021\/"},{"@type":"ListItem","position":2,"name":"Promulgaron la ley que exige la autorizaci\u00f3n del Congreso para tomar deuda externa"}]},{"@type":"WebSite","@id":"https:\/\/www.noticiasradioreflejos.com.ar\/2021\/#website","url":"https:\/\/www.noticiasradioreflejos.com.ar\/2021\/","name":"Noticias Radio Reflejos","description":"Las noticias de mi comarca","potentialAction":[{"@type":"SearchAction","target":{"@type":"EntryPoint","urlTemplate":"https:\/\/www.noticiasradioreflejos.com.ar\/2021\/?s={search_term_string}"},"query-input":{"@type":"PropertyValueSpecification","valueRequired":true,"valueName":"search_term_string"}}],"inLanguage":"es"},{"@type":"Person","@id":"https:\/\/www.noticiasradioreflejos.com.ar\/2021\/#\/schema\/person\/ad82545263dcc5ec0996818884fd5fb1","name":"Arnaldo Botto","image":{"@type":"ImageObject","inLanguage":"es","@id":"https:\/\/www.noticiasradioreflejos.com.ar\/2021\/#\/schema\/person\/image\/","url":"https:\/\/secure.gravatar.com\/avatar\/55cb5e37c1efa326397366e6974cb338056df65cb50e7d64d1cf314e87504837?s=96&d=mm&r=g","contentUrl":"https:\/\/secure.gravatar.com\/avatar\/55cb5e37c1efa326397366e6974cb338056df65cb50e7d64d1cf314e87504837?s=96&d=mm&r=g","caption":"Arnaldo Botto"},"url":"https:\/\/www.noticiasradioreflejos.com.ar\/2021\/author\/arnaldo\/"}]}},"_links":{"self":[{"href":"https:\/\/www.noticiasradioreflejos.com.ar\/2021\/wp-json\/wp\/v2\/posts\/53328","targetHints":{"allow":["GET"]}}],"collection":[{"href":"https:\/\/www.noticiasradioreflejos.com.ar\/2021\/wp-json\/wp\/v2\/posts"}],"about":[{"href":"https:\/\/www.noticiasradioreflejos.com.ar\/2021\/wp-json\/wp\/v2\/types\/post"}],"author":[{"embeddable":true,"href":"https:\/\/www.noticiasradioreflejos.com.ar\/2021\/wp-json\/wp\/v2\/users\/3"}],"replies":[{"embeddable":true,"href":"https:\/\/www.noticiasradioreflejos.com.ar\/2021\/wp-json\/wp\/v2\/comments?post=53328"}],"version-history":[{"count":0,"href":"https:\/\/www.noticiasradioreflejos.com.ar\/2021\/wp-json\/wp\/v2\/posts\/53328\/revisions"}],"wp:attachment":[{"href":"https:\/\/www.noticiasradioreflejos.com.ar\/2021\/wp-json\/wp\/v2\/media?parent=53328"}],"wp:term":[{"taxonomy":"category","embeddable":true,"href":"https:\/\/www.noticiasradioreflejos.com.ar\/2021\/wp-json\/wp\/v2\/categories?post=53328"},{"taxonomy":"post_tag","embeddable":true,"href":"https:\/\/www.noticiasradioreflejos.com.ar\/2021\/wp-json\/wp\/v2\/tags?post=53328"}],"curies":[{"name":"wp","href":"https:\/\/api.w.org\/{rel}","templated":true}]}}