{"id":53320,"date":"2021-03-04T07:34:13","date_gmt":"2021-03-04T10:34:13","guid":{"rendered":"http:\/\/www.noticiasradioreflejos.com.ar\/noticias\/?p=53320"},"modified":"2021-03-04T07:34:13","modified_gmt":"2021-03-04T10:34:13","slug":"ioma-presento-un-programa-que-garantiza-cobertura-para-la-interrupcion-voluntaria-del-embarazo","status":"publish","type":"post","link":"https:\/\/www.noticiasradioreflejos.com.ar\/2021\/ioma-presento-un-programa-que-garantiza-cobertura-para-la-interrupcion-voluntaria-del-embarazo\/","title":{"rendered":"IOMA present\u00f3 un programa que garantiza cobertura para la Interrupci\u00f3n Voluntaria del Embarazo"},"content":{"rendered":"<p>Fue durante un acto llevado adelante por la ministra bonaerense de Mujeres, Pol\u00edticas de G\u00e9nero y Diversidad sexual, Estela D\u00edaz, y el viceministro de Salud Nicol\u00e1s Kreplak, donde anunciaron una cobertura del cien por ciento del tratamiento para personas gestantes.<!--more--><\/p>\n<p>El Instituto de Obra M\u00e9dico Asistencial (IOMA), la obra social de los estatales bonaerenses, present\u00f3 el Programa de Fortalecimiento del Derecho a la Interrupci\u00f3n Voluntaria del Embarazo (IVE) que contempla la cobertura de un cien por ciento para las mujeres y personas gestantes.<\/p>\n<p><strong>\u201cEst\u00e1 todo dispuesto para garantizar el derecho de las mujeres y de las personas gestantes a la interrupci\u00f3n del embarazo como lo establece la legislaci\u00f3n vigente\u201d, sostuvo el titular de la obra social, Homero Giles, durante un acto en el que estuvieron la ministra de la Mujeres, Pol\u00edticas de G\u00e9nero y Diversidad Sexual de la provincia de Buenos Aires, Estela D\u00edaz y el viceministro de Salud bonaerense, Nicol\u00e1s Kreplak.<\/strong><\/p>\n<p>Seg\u00fan se inform\u00f3, el programa de IOMA prev\u00e9 un tratamiento ambulatorio hasta la semana 12 de gestaci\u00f3n inclusive y el tratamiento con internaci\u00f3n entre la semana 13 y 14 de gestaci\u00f3n.<\/p>\n<p>Para acceder, las mujeres y personas con otra identidad de g\u00e9nero con capacidad de gestar deber\u00e1n concurrir a una m\u00e9dica o m\u00e9dico de la cartilla de IOMA.<\/p>\n<p>En caso de corresponder, realizar\u00e1 la prescripci\u00f3n m\u00e9dica de misoprostol, recomendada hasta la semana 12 de gestaci\u00f3n, como pr\u00e1ctica ambulatoria que tendr\u00e1 cobertura del cien por ciento.<\/p>\n<p><strong>El presidente de IOMA remarc\u00f3 que lograron \u201cser la primera obra social del pa\u00eds que institucionaliza, en un programa, el derecho tan importante para las mujeres que es el de decidir\u201d .<\/strong><\/p>\n<blockquote><p>\u201cSer la primera obra social del pa\u00eds que institucionaliza, en un programa, el derecho tan importante para las mujeres que es el de decidir\u201d<\/p>\n<div class=\"sign\">HOMERO GILES, PRESIDENTE DE IOMA<\/div>\n<\/blockquote>\n<p>\u201cA partir de la sanci\u00f3n de la Ley 27.610, IOMA empez\u00f3 a cubrir el 100%.y ahora, a esa cobertura, la formalizamos en un programa\u201d, grafic\u00f3<\/p>\n<p>En tanto, D\u00edaz destac\u00f3 que \u201cac\u00e1 hay una voluntad pol\u00edtica clar\u00edsima e ineludible de que haya acceso a esa pr\u00e1ctica, entender a la salud como un derecho y como tal se debe garantizar en todo el sistema p\u00fablico, pero tambi\u00e9n en el subsistema privado\u201d.<\/p>\n","protected":false},"excerpt":{"rendered":"<p>Fue durante un acto llevado adelante por la ministra bonaerense de Mujeres, Pol\u00edticas de G\u00e9nero y Diversidad sexual, Estela D\u00edaz, y el viceministro de Salud Nicol\u00e1s Kreplak, donde anunciaron una cobertura del cien por ciento del tratamiento para personas gestantes.<\/p>\n","protected":false},"author":3,"featured_media":0,"comment_status":"closed","ping_status":"open","sticky":false,"template":"","format":"standard","meta":{"footnotes":""},"categories":[24,30],"tags":[],"class_list":["post-53320","post","type-post","status-publish","format-standard","hentry","category-politica","category-salud"],"yoast_head":"<!-- This site is optimized with the Yoast SEO plugin v25.9 - https:\/\/yoast.com\/wordpress\/plugins\/seo\/ -->\n<title>IOMA present\u00f3 un programa que garantiza cobertura para la Interrupci\u00f3n Voluntaria del Embarazo - Noticias Radio Reflejos<\/title>\n<meta name=\"robots\" content=\"index, follow, max-snippet:-1, max-image-preview:large, max-video-preview:-1\" \/>\n<link rel=\"canonical\" href=\"https:\/\/www.noticiasradioreflejos.com.ar\/2021\/ioma-presento-un-programa-que-garantiza-cobertura-para-la-interrupcion-voluntaria-del-embarazo\/\" \/>\n<meta property=\"og:locale\" content=\"es_ES\" \/>\n<meta property=\"og:type\" content=\"article\" \/>\n<meta property=\"og:title\" content=\"IOMA present\u00f3 un programa que garantiza cobertura para la Interrupci\u00f3n Voluntaria del Embarazo - Noticias Radio Reflejos\" \/>\n<meta property=\"og:description\" content=\"Fue durante un acto llevado adelante por la ministra bonaerense de Mujeres, Pol\u00edticas de G\u00e9nero y Diversidad sexual, Estela D\u00edaz, y el viceministro de Salud Nicol\u00e1s Kreplak, donde anunciaron una cobertura del cien por ciento del tratamiento para personas gestantes.\" \/>\n<meta property=\"og:url\" content=\"https:\/\/www.noticiasradioreflejos.com.ar\/2021\/ioma-presento-un-programa-que-garantiza-cobertura-para-la-interrupcion-voluntaria-del-embarazo\/\" \/>\n<meta property=\"og:site_name\" content=\"Noticias Radio Reflejos\" \/>\n<meta property=\"article:published_time\" content=\"2021-03-04T10:34:13+00:00\" \/>\n<meta property=\"og:image\" content=\"https:\/\/www.noticiasradioreflejos.com.ar\/2021\/wp-content\/uploads\/2021\/07\/logosol300x200.png\" \/>\n\t<meta property=\"og:image:width\" content=\"300\" \/>\n\t<meta property=\"og:image:height\" content=\"200\" \/>\n\t<meta property=\"og:image:type\" content=\"image\/png\" \/>\n<meta name=\"author\" content=\"Arnaldo Botto\" \/>\n<meta name=\"twitter:card\" content=\"summary_large_image\" \/>\n<script type=\"application\/ld+json\" class=\"yoast-schema-graph\">{\"@context\":\"https:\/\/schema.org\",\"@graph\":[{\"@type\":\"WebPage\",\"@id\":\"https:\/\/www.noticiasradioreflejos.com.ar\/2021\/ioma-presento-un-programa-que-garantiza-cobertura-para-la-interrupcion-voluntaria-del-embarazo\/\",\"url\":\"https:\/\/www.noticiasradioreflejos.com.ar\/2021\/ioma-presento-un-programa-que-garantiza-cobertura-para-la-interrupcion-voluntaria-del-embarazo\/\",\"name\":\"IOMA present\u00f3 un programa que garantiza cobertura para la Interrupci\u00f3n Voluntaria del Embarazo - Noticias Radio Reflejos\",\"isPartOf\":{\"@id\":\"https:\/\/www.noticiasradioreflejos.com.ar\/2021\/#website\"},\"datePublished\":\"2021-03-04T10:34:13+00:00\",\"author\":{\"@id\":\"https:\/\/www.noticiasradioreflejos.com.ar\/2021\/#\/schema\/person\/ad82545263dcc5ec0996818884fd5fb1\"},\"breadcrumb\":{\"@id\":\"https:\/\/www.noticiasradioreflejos.com.ar\/2021\/ioma-presento-un-programa-que-garantiza-cobertura-para-la-interrupcion-voluntaria-del-embarazo\/#breadcrumb\"},\"inLanguage\":\"es\",\"potentialAction\":[{\"@type\":\"ReadAction\",\"target\":[\"https:\/\/www.noticiasradioreflejos.com.ar\/2021\/ioma-presento-un-programa-que-garantiza-cobertura-para-la-interrupcion-voluntaria-del-embarazo\/\"]}]},{\"@type\":\"BreadcrumbList\",\"@id\":\"https:\/\/www.noticiasradioreflejos.com.ar\/2021\/ioma-presento-un-programa-que-garantiza-cobertura-para-la-interrupcion-voluntaria-del-embarazo\/#breadcrumb\",\"itemListElement\":[{\"@type\":\"ListItem\",\"position\":1,\"name\":\"Portada\",\"item\":\"https:\/\/www.noticiasradioreflejos.com.ar\/2021\/\"},{\"@type\":\"ListItem\",\"position\":2,\"name\":\"IOMA present\u00f3 un programa que garantiza cobertura para la Interrupci\u00f3n Voluntaria del Embarazo\"}]},{\"@type\":\"WebSite\",\"@id\":\"https:\/\/www.noticiasradioreflejos.com.ar\/2021\/#website\",\"url\":\"https:\/\/www.noticiasradioreflejos.com.ar\/2021\/\",\"name\":\"Noticias Radio Reflejos\",\"description\":\"Las noticias de mi comarca\",\"potentialAction\":[{\"@type\":\"SearchAction\",\"target\":{\"@type\":\"EntryPoint\",\"urlTemplate\":\"https:\/\/www.noticiasradioreflejos.com.ar\/2021\/?s={search_term_string}\"},\"query-input\":{\"@type\":\"PropertyValueSpecification\",\"valueRequired\":true,\"valueName\":\"search_term_string\"}}],\"inLanguage\":\"es\"},{\"@type\":\"Person\",\"@id\":\"https:\/\/www.noticiasradioreflejos.com.ar\/2021\/#\/schema\/person\/ad82545263dcc5ec0996818884fd5fb1\",\"name\":\"Arnaldo Botto\",\"image\":{\"@type\":\"ImageObject\",\"inLanguage\":\"es\",\"@id\":\"https:\/\/www.noticiasradioreflejos.com.ar\/2021\/#\/schema\/person\/image\/\",\"url\":\"https:\/\/secure.gravatar.com\/avatar\/55cb5e37c1efa326397366e6974cb338056df65cb50e7d64d1cf314e87504837?s=96&d=mm&r=g\",\"contentUrl\":\"https:\/\/secure.gravatar.com\/avatar\/55cb5e37c1efa326397366e6974cb338056df65cb50e7d64d1cf314e87504837?s=96&d=mm&r=g\",\"caption\":\"Arnaldo Botto\"},\"url\":\"https:\/\/www.noticiasradioreflejos.com.ar\/2021\/author\/arnaldo\/\"}]}<\/script>\n<!-- \/ Yoast SEO plugin. -->","yoast_head_json":{"title":"IOMA present\u00f3 un programa que garantiza cobertura para la Interrupci\u00f3n Voluntaria del Embarazo - Noticias Radio Reflejos","robots":{"index":"index","follow":"follow","max-snippet":"max-snippet:-1","max-image-preview":"max-image-preview:large","max-video-preview":"max-video-preview:-1"},"canonical":"https:\/\/www.noticiasradioreflejos.com.ar\/2021\/ioma-presento-un-programa-que-garantiza-cobertura-para-la-interrupcion-voluntaria-del-embarazo\/","og_locale":"es_ES","og_type":"article","og_title":"IOMA present\u00f3 un programa que garantiza cobertura para la Interrupci\u00f3n Voluntaria del Embarazo - Noticias Radio Reflejos","og_description":"Fue durante un acto llevado adelante por la ministra bonaerense de Mujeres, Pol\u00edticas de G\u00e9nero y Diversidad sexual, Estela D\u00edaz, y el viceministro de Salud Nicol\u00e1s Kreplak, donde anunciaron una cobertura del cien por ciento del tratamiento para personas gestantes.","og_url":"https:\/\/www.noticiasradioreflejos.com.ar\/2021\/ioma-presento-un-programa-que-garantiza-cobertura-para-la-interrupcion-voluntaria-del-embarazo\/","og_site_name":"Noticias Radio Reflejos","article_published_time":"2021-03-04T10:34:13+00:00","og_image":[{"width":300,"height":200,"url":"https:\/\/www.noticiasradioreflejos.com.ar\/2021\/wp-content\/uploads\/2021\/07\/logosol300x200.png","type":"image\/png"}],"author":"Arnaldo Botto","twitter_card":"summary_large_image","schema":{"@context":"https:\/\/schema.org","@graph":[{"@type":"WebPage","@id":"https:\/\/www.noticiasradioreflejos.com.ar\/2021\/ioma-presento-un-programa-que-garantiza-cobertura-para-la-interrupcion-voluntaria-del-embarazo\/","url":"https:\/\/www.noticiasradioreflejos.com.ar\/2021\/ioma-presento-un-programa-que-garantiza-cobertura-para-la-interrupcion-voluntaria-del-embarazo\/","name":"IOMA present\u00f3 un programa que garantiza cobertura para la Interrupci\u00f3n Voluntaria del Embarazo - Noticias Radio Reflejos","isPartOf":{"@id":"https:\/\/www.noticiasradioreflejos.com.ar\/2021\/#website"},"datePublished":"2021-03-04T10:34:13+00:00","author":{"@id":"https:\/\/www.noticiasradioreflejos.com.ar\/2021\/#\/schema\/person\/ad82545263dcc5ec0996818884fd5fb1"},"breadcrumb":{"@id":"https:\/\/www.noticiasradioreflejos.com.ar\/2021\/ioma-presento-un-programa-que-garantiza-cobertura-para-la-interrupcion-voluntaria-del-embarazo\/#breadcrumb"},"inLanguage":"es","potentialAction":[{"@type":"ReadAction","target":["https:\/\/www.noticiasradioreflejos.com.ar\/2021\/ioma-presento-un-programa-que-garantiza-cobertura-para-la-interrupcion-voluntaria-del-embarazo\/"]}]},{"@type":"BreadcrumbList","@id":"https:\/\/www.noticiasradioreflejos.com.ar\/2021\/ioma-presento-un-programa-que-garantiza-cobertura-para-la-interrupcion-voluntaria-del-embarazo\/#breadcrumb","itemListElement":[{"@type":"ListItem","position":1,"name":"Portada","item":"https:\/\/www.noticiasradioreflejos.com.ar\/2021\/"},{"@type":"ListItem","position":2,"name":"IOMA present\u00f3 un programa que garantiza cobertura para la Interrupci\u00f3n Voluntaria del Embarazo"}]},{"@type":"WebSite","@id":"https:\/\/www.noticiasradioreflejos.com.ar\/2021\/#website","url":"https:\/\/www.noticiasradioreflejos.com.ar\/2021\/","name":"Noticias Radio Reflejos","description":"Las noticias de mi comarca","potentialAction":[{"@type":"SearchAction","target":{"@type":"EntryPoint","urlTemplate":"https:\/\/www.noticiasradioreflejos.com.ar\/2021\/?s={search_term_string}"},"query-input":{"@type":"PropertyValueSpecification","valueRequired":true,"valueName":"search_term_string"}}],"inLanguage":"es"},{"@type":"Person","@id":"https:\/\/www.noticiasradioreflejos.com.ar\/2021\/#\/schema\/person\/ad82545263dcc5ec0996818884fd5fb1","name":"Arnaldo Botto","image":{"@type":"ImageObject","inLanguage":"es","@id":"https:\/\/www.noticiasradioreflejos.com.ar\/2021\/#\/schema\/person\/image\/","url":"https:\/\/secure.gravatar.com\/avatar\/55cb5e37c1efa326397366e6974cb338056df65cb50e7d64d1cf314e87504837?s=96&d=mm&r=g","contentUrl":"https:\/\/secure.gravatar.com\/avatar\/55cb5e37c1efa326397366e6974cb338056df65cb50e7d64d1cf314e87504837?s=96&d=mm&r=g","caption":"Arnaldo Botto"},"url":"https:\/\/www.noticiasradioreflejos.com.ar\/2021\/author\/arnaldo\/"}]}},"_links":{"self":[{"href":"https:\/\/www.noticiasradioreflejos.com.ar\/2021\/wp-json\/wp\/v2\/posts\/53320","targetHints":{"allow":["GET"]}}],"collection":[{"href":"https:\/\/www.noticiasradioreflejos.com.ar\/2021\/wp-json\/wp\/v2\/posts"}],"about":[{"href":"https:\/\/www.noticiasradioreflejos.com.ar\/2021\/wp-json\/wp\/v2\/types\/post"}],"author":[{"embeddable":true,"href":"https:\/\/www.noticiasradioreflejos.com.ar\/2021\/wp-json\/wp\/v2\/users\/3"}],"replies":[{"embeddable":true,"href":"https:\/\/www.noticiasradioreflejos.com.ar\/2021\/wp-json\/wp\/v2\/comments?post=53320"}],"version-history":[{"count":0,"href":"https:\/\/www.noticiasradioreflejos.com.ar\/2021\/wp-json\/wp\/v2\/posts\/53320\/revisions"}],"wp:attachment":[{"href":"https:\/\/www.noticiasradioreflejos.com.ar\/2021\/wp-json\/wp\/v2\/media?parent=53320"}],"wp:term":[{"taxonomy":"category","embeddable":true,"href":"https:\/\/www.noticiasradioreflejos.com.ar\/2021\/wp-json\/wp\/v2\/categories?post=53320"},{"taxonomy":"post_tag","embeddable":true,"href":"https:\/\/www.noticiasradioreflejos.com.ar\/2021\/wp-json\/wp\/v2\/tags?post=53320"}],"curies":[{"name":"wp","href":"https:\/\/api.w.org\/{rel}","templated":true}]}}