{"id":53317,"date":"2021-03-03T17:21:32","date_gmt":"2021-03-03T20:21:32","guid":{"rendered":"http:\/\/www.noticiasradioreflejos.com.ar\/noticias\/?p=53317"},"modified":"2021-03-03T17:21:32","modified_gmt":"2021-03-03T20:21:32","slug":"fernandez-nada-quiero-mas-en-el-mundo-que-ser-el-presidente-que-una-a-los-argentinos","status":"publish","type":"post","link":"https:\/\/www.noticiasradioreflejos.com.ar\/2021\/fernandez-nada-quiero-mas-en-el-mundo-que-ser-el-presidente-que-una-a-los-argentinos\/","title":{"rendered":"Fern\u00e1ndez: \u00abNada quiero m\u00e1s en el mundo que ser el Presidente que una a los argentinos\u00bb"},"content":{"rendered":"<p>Durante su visita al Instituto de Investigaciones Aplicadas (Invap)\u00a0de la ciudad rionegrina, el Presidente abog\u00f3 por \u00abuna Argentina para todos\u00bb, sin bander\u00edas pol\u00edticas, y \u00abcon respeto en la diversidad\u00bb.<!--more--><\/p>\n<div id=\"image\" class=\"image\">\n<p><img decoding=\"async\" title=\"El jefe de Estado encabez\u00f3 en la sede de Invap en Bariloche el acto de firma de un convenio para reactivar la fabricaci\u00f3n de radares de nueva generaci\u00f3n.\" src=\"https:\/\/www.telam.com.ar\/advf\/imagenes\/2021\/03\/603fdbe0103d1.03.2021%20565_1004x565.jpg\" alt=\"El jefe de Estado encabez\u00f3 en la sede de Invap en Bariloche el acto de firma de un convenio para reactivar la fabricaci\u00f3n de radares de nueva generaci\u00f3n.\" \/><\/p>\n<div class=\"epigrafe\">El jefe de Estado encabez\u00f3 en la sede de Invap en Bariloche el acto de firma de un convenio para reactivar la fabricaci\u00f3n de radares de nueva generaci\u00f3n.<\/div>\n<\/div>\n<p>El presidente Alberto Fern\u00e1ndez asegur\u00f3 este mi\u00e9rcoles que nada quiere \u00abm\u00e1s en el mundo\u00bb que \u00abser el Presidente que una a los argentinos\u00bb y dijo que pretende serlo, \u00abno declamando\u00bb, sino concretando pol\u00edticas como el desarrollo de Invap, la empresa de Investigaci\u00f3n Aplicada que visit\u00f3 en R\u00edo Negro y que es parte del plan de radarizaci\u00f3n de la Argentina.<\/p>\n<p>\u00abTantas veces hablan de que, porque s\u00f3lo decimos verdades que a otros les hacen ruido, nosotros no queremos la unidad. Nada quiero m\u00e1s en el mundo que ser el Presidente que una a los argentinos. Pero los quiero unir as\u00ed. No declamando seguridad y olvidando el plan de radarizaci\u00f3n.\u00a0<strong>Hay quienes piensan la Argentina para unos pocos\u00bb<\/strong>, se\u00f1al\u00f3 el mandatario al encabezar un acto en la sede de la empresa tecnol\u00f3gica Invap en San Carlos de Bariloche.<\/p>\n<p>El jefe de Estado ratific\u00f3 en este contexto su compromiso con la \u00abunidad\u00bb, a\u00fan en la divergencia de opiniones, y destac\u00f3 a los dirigentes que, pese a no tener el mismo signo pol\u00edtico, trabajan para lograrla.<\/p>\n<p>En ese sentido\u00a0<strong>mencion\u00f3 al gobernador de Corrientes, el radical Gustavo Vald\u00e9s, y a la anfitriona, la gobernadora de R\u00edo Negro, Arabela Carreras, de Juntos somos R\u00edo Negro, y destac\u00f3 que existen \u00abdirigentes que no son peronistas\u00bb y que, a pesar de las diferencias, tambi\u00e9n quieren una \u00abArgentina para todos\u00bb<\/strong>.<\/p>\n<p>\u201cHay quienes piensan la Argentina para unos pocos y estamos los que pensamos la Argentina para todos. Y no digo que solo los que somos peronistas pensamos la Argentina para todos, porque Arabela Carreras que tambi\u00e9n piensa la Argentina para todos, y el otro d\u00eda estuve en Corrientes donde hay un gobernador radical y \u00e9l tambi\u00e9n piensa en la Argentina para todos\u201d, reflexion\u00f3.<\/p>\n<p>Record\u00f3 asimismo que\u00a0<strong>ante la pandemia, todas las provincias fueron iguales, las peronistas y las no peronistas<\/strong>, a la hora de recibir la asistencia del Estado con pol\u00edticas de orden nacional y federal.<\/p>\n<blockquote><p>\u201cUnidad no quiere decir que todos pensemos igual sino que queremos el mismo objetivo. La unidad s\u00f3lo es posible en la diversidad. Estar unidos no quiere decir que todos pensemos igual. Quiere decir que todos queremos el mismo objetivo\u201d<\/p><\/blockquote>\n<p>El jefe de Estado suscribi\u00f3 los acuerdos que permitir\u00e1n\u00a0<strong>reactivar la fabricaci\u00f3n de radares de nueva generaci\u00f3n (RPA 200)<\/strong>\u00a0que se incorporar\u00e1n al Sistema Nacional de Vigilancia y Control Aeroespacial (Sinvica) y realiz\u00f3 una recorrida por la empresa.<\/p>\n<div id=\"image\" class=\"image\">\n<p><img decoding=\"async\" title=\"Fern\u00e1ndez: &quot;Nosotros apostamos a que el Invap sea inmenso, enorme, y capaz de desarrollar la ciencia y la tecnolog\u00eda que necesitamos&quot;\" src=\"https:\/\/www.telam.com.ar\/advf\/imagenes\/2021\/03\/603fdbe018b2b_1004x565.jpg\" alt=\"Fern\u00e1ndez: &quot;Nosotros apostamos a que el Invap sea inmenso, enorme, y capaz de desarrollar la ciencia y la tecnolog\u00eda que necesitamos&quot;\" \/><\/p>\n<div class=\"epigrafe\">Fern\u00e1ndez: \u00abNosotros apostamos a que el Invap sea inmenso, enorme, y capaz de desarrollar la ciencia y la tecnolog\u00eda que necesitamos\u00bb<\/div>\n<\/div>\n<p>Ratific\u00f3 all\u00ed, en la sede de la compa\u00f1\u00eda, el car\u00e1cter estrat\u00e9gico de la inversi\u00f3n en ciencia y tecnolog\u00eda como \u00abpol\u00edtica de Estado\u00bb al recordar que fue el fallecido expresidente N\u00e9stor Kirchner, a comienzos de 2004, cuando el actual mandatario era jefe de Gabinete, quien\u00a0<strong>apost\u00f3 por \u00abla fabricaci\u00f3n nacional para resolver el problema de la radarizaci\u00f3n Argentina\u00bb.<\/strong><\/p>\n<p>\u00abTiene mucha raz\u00f3n (el ministro de Defensa) Agust\u00edn (Rossi) cuando dice que pocas veces uno tiene el privilegio de plantar unas semillas y ver c\u00f3mo creci\u00f3 el \u00e1rbol, y hoy tenemos ese privilegio\u00bb, afirm\u00f3 el Presidente tras hacer un recorrido por la historia de Invap y\u00a0<strong>recordar al fallecido presidente de esa empresa, H\u00e9ctor \u00abCacho\u00bb Otegui, hace alrededor de un a\u00f1o.<\/strong><\/p>\n<p>\u00abNosotros que siempre hemos cre\u00eddo en la tecnolog\u00eda, apostamos a que el INVAP sea inmenso, que sea capaz de desarrollar la ciencia y tecnolog\u00eda que necesitamos. El radar lo podes comprar, pero mantenerlo en funcionamiento viene aparte. La inteligencia que desarroll\u00f3 ese radar est\u00e1 en Argentina, en nosotros, y no hay que pedirle nada a nada\u00bb, complet\u00f3.<\/p>\n<p>Adem\u00e1s dijo que\u00a0<strong>\u00abel mundo\u00bb conoce a la Argentina \u00abpor muchas cosas, pero tambi\u00e9n por el INVAP\u00bb\u00a0<\/strong>y se\u00f1al\u00f3 que el pa\u00eds es una de los pocas naciones que ha logrado desarrollar la tecnolog\u00eda Radar.<\/p>\n<p>Antes de las palabras del Presidente, el ministro de Defensa, Agust\u00edn Rossi, hab\u00eda elogiado la decisi\u00f3n de N\u00e9stor Kirchner y de Alberto Fern\u00e1ndez en su calidad de jefe de su jefe de Gabinete, cuando en 2004 el pa\u00eds apost\u00f3 por la producci\u00f3n de radares en Invap.<\/p>\n<blockquote><p>\u00abS\u00f3lo 15 pa\u00edses en el mundo acceden a la tecnolog\u00eda Radar, esto nos da independencia y soberan\u00eda\u00bb<\/p>\n<div class=\"sign\">AGUST\u00cdN ROSSI<\/div>\n<\/blockquote>\n<p>Tambi\u00e9n se\u00f1al\u00f3 que la inversi\u00f3n anunciada este mi\u00e9rcoles supera a la realizada durante el per\u00edodo macrista en la f\u00e1brica barilochense y, en l\u00ednea con las palabras de Fern\u00e1ndez, r<strong>ecord\u00f3 que los pol\u00edticos que afirmaban que la frontera era \u00abun colador\u00bb no instalaron ninguno en el per\u00edodo que ocuparon el Gobierno.<\/strong><\/p>\n<p>\u00abLa frontera norte est\u00e1 absolutamente radarizada, y esos radares estaban instalados en 2015\u00bb, se\u00f1al\u00f3.<\/p>\n<p>La gobernadora de R\u00edo Negro, por su parte, elogi\u00f3 el trabajo conjunto entre la Naci\u00f3n y de la Provincia que, siendo de distinto signo, tienen \u00abplena coincidencia\u00bb en la idea de \u00abdesarrollo y soberan\u00eda tecnol\u00f3gica\u00bb.<\/p>\n<div id=\"image\" class=\"image\">\n<p><img decoding=\"async\" title=\"La firma del convenio implica en una primera etapa la fabricaci\u00f3n de cinco nuevas unidades del Radar Primario Argentino 200 (RPA 200).\" src=\"https:\/\/www.telam.com.ar\/advf\/imagenes\/2021\/03\/603fdbe022126_1004x565.jpg\" alt=\"La firma del convenio implica en una primera etapa la fabricaci\u00f3n de cinco nuevas unidades del Radar Primario Argentino 200 (RPA 200).\" \/><\/p>\n<div class=\"epigrafe\">La firma del convenio implica en una primera etapa la fabricaci\u00f3n de cinco nuevas unidades del Radar Primario Argentino 200 (RPA 200).<\/div>\n<\/div>\n<p><strong>\u00abLa inversi\u00f3n del Estado nacional le genera a la empresa desarrollos tecnol\u00f3gicos que dan por resultado otros negocios muy favorables\u00bb,<\/strong>\u00a0dijo Carreras, y explic\u00f3 que la vitalidad de Invap se tradujo en un impulso econ\u00f3mico que permite a Bariloche poder tener alternativas a los ingresos generados por el turismo.<\/p>\n<p>Finalmente, el gerente general la empresa anfitriona del acto, Vicente Campenni, dijo que esta iniciativa no s\u00f3lo colabora con el \u00abdesarrollo econ\u00f3mico en el pa\u00eds\u00bb, sino que contribuye a retener \u00abel talento argentino en el pa\u00eds\u00bb.<\/p>\n<p><strong>\u00abEstamos a d\u00edas de anunciar nuestra primera venta de radares de uso civil al exterior\u00bb<\/strong>, expres\u00f3 Campenni respecto a la firma del acuerdo que se realiz\u00f3 hoy que implica una inversi\u00f3n que alcanza casi 9.200 millones de pesos en tres a\u00f1os para la reactivaci\u00f3n de la fabricaci\u00f3n de radares de nueva generaci\u00f3n (RPA 200) que se incorporar\u00e1n al Sistema Nacional de Vigilancia y Control Aeroespacial (SINVICA).<\/p>\n<p>El mandatario estuvo acompa\u00f1ado durante el acto por la gobernadora de R\u00edo Negro, Arabela Carreras, el intendente local Gustavo Gennuso, y el gerente General de INVAP, Vicente Campenni, as\u00ed como de legisladores nacionales, miembros de las fuerzas armadas y trabajadores de la compa\u00f1\u00eda.<\/p>\n<p>Fern\u00e1ndez lleg\u00f3 a Bariloche junto al ministro de Defensa, Agust\u00edn Rossi; los secretarios general de la Presidencia, Julio Vitobello, y de Comunicaci\u00f3n y Prensa, Juan Pablo Biondi; y el jefe del Estado Mayor General de la Fuerza A\u00e9rea Argentina, Brigadier Mayor Xavier Juli\u00e1n Isaac.<\/p>\n<div class=\"js-code\">\n<div class=\"twitter-tweet twitter-tweet-rendered\"><iframe loading=\"lazy\" id=\"twitter-widget-0\" class=\"\" title=\"Twitter Tweet\" src=\"https:\/\/platform.twitter.com\/embed\/Tweet.html?creatorScreenName=agenciatelam&amp;dnt=false&amp;embedId=twitter-widget-0&amp;frame=false&amp;hideCard=false&amp;hideThread=false&amp;id=1367160909504909317&amp;lang=en&amp;origin=https%3A%2F%2Fwww.telam.com.ar%2Fnotas%2F202103%2F546197-fernandez-visitara-la-empresa-estatal-invap-donde-se-firmaran-convenios-por-radares.html&amp;siteScreenName=agenciatelam&amp;theme=light&amp;widgetsVersion=e1ffbdb%3A1614796141937&amp;width=550px\" width=\"300\" height=\"150\" frameborder=\"0\" scrolling=\"no\" allowfullscreen=\"allowfullscreen\" data-tweet-id=\"1367160909504909317\"><\/iframe><\/div>\n<\/div>\n<p><strong>El acuerdo suscripto este mi\u00e9rcoles implica, en una primera etapa, la fabricaci\u00f3n de cinco nuevas unidades del Radar Primario Argentino 200 (RPA 200)<\/strong>, que es un dispositivo de nueva generaci\u00f3n que tiene un radio de cobertura de 400 kil\u00f3metros, y cuyo costo de fabricaci\u00f3n es un 20 por ciento menor al del modelo anterior.<\/p>\n<blockquote><p>Las primeras unidades de los radares ser\u00e1n destinadas a las ciudades de R\u00edo Grande, en Tierra del Fuego; Posadas, en Misiones; y Resistencia, Charata y Taco Pozo, en Chaco<\/p><\/blockquote>\n<p>La reactivaci\u00f3n del desarrollo de radares en la empresa estatal va a impactar en el trabajo de 150 empresas PyMEs, involucradas directa e indirectamente en la cadena de producci\u00f3n, ya que el 80 por ciento de su fabricaci\u00f3n se realiza con insumos y mano de obra argentina.<\/p>\n<p>El plan a tres a\u00f1os fomentar\u00e1 el desarrollo de tecnolog\u00eda nacional estrat\u00e9gica para la Defensa y la Seguridad al avanzar en proyectos de radares multifunci\u00f3n, de b\u00fasqueda y vigilancia aerotransportado, a\u00e9rea y de superficie.<\/p>\n<p><strong>El Ministerio de Defensa ya hab\u00eda destinado el a\u00f1o pasado, otros 535 millones de pesos en diferentes contratos con INVAP.<\/strong><\/p>\n<p>Este a\u00f1o, la cartera, a trav\u00e9s del Fondo Nacional de la Defensa (FONDEF) destinar\u00e1 2.700 millones de pesos para fortalecer los sistemas de vigilancia a\u00e9reos y mar\u00edtimos.<\/p>\n","protected":false},"excerpt":{"rendered":"<p>Durante su visita al Instituto de Investigaciones Aplicadas (Invap)\u00a0de la ciudad rionegrina, el Presidente abog\u00f3 por \u00abuna Argentina para todos\u00bb, sin bander\u00edas pol\u00edticas, y \u00abcon respeto en la diversidad\u00bb.<\/p>\n","protected":false},"author":3,"featured_media":0,"comment_status":"closed","ping_status":"open","sticky":false,"template":"","format":"standard","meta":{"footnotes":""},"categories":[24],"tags":[],"class_list":["post-53317","post","type-post","status-publish","format-standard","hentry","category-politica"],"yoast_head":"<!-- This site is optimized with the Yoast SEO plugin v25.9 - https:\/\/yoast.com\/wordpress\/plugins\/seo\/ -->\n<title>Fern\u00e1ndez: &quot;Nada quiero m\u00e1s en el mundo que ser el Presidente que una a los argentinos&quot; - Noticias Radio Reflejos<\/title>\n<meta name=\"robots\" content=\"index, follow, max-snippet:-1, max-image-preview:large, max-video-preview:-1\" \/>\n<link rel=\"canonical\" href=\"https:\/\/www.noticiasradioreflejos.com.ar\/2021\/fernandez-nada-quiero-mas-en-el-mundo-que-ser-el-presidente-que-una-a-los-argentinos\/\" \/>\n<meta property=\"og:locale\" content=\"es_ES\" \/>\n<meta property=\"og:type\" content=\"article\" \/>\n<meta property=\"og:title\" content=\"Fern\u00e1ndez: &quot;Nada quiero m\u00e1s en el mundo que ser el Presidente que una a los argentinos&quot; - Noticias Radio Reflejos\" \/>\n<meta property=\"og:description\" content=\"Durante su visita al Instituto de Investigaciones Aplicadas (Invap)\u00a0de la ciudad rionegrina, el Presidente abog\u00f3 por \u00abuna Argentina para todos\u00bb, sin bander\u00edas pol\u00edticas, y \u00abcon respeto en la diversidad\u00bb.\" \/>\n<meta property=\"og:url\" content=\"https:\/\/www.noticiasradioreflejos.com.ar\/2021\/fernandez-nada-quiero-mas-en-el-mundo-que-ser-el-presidente-que-una-a-los-argentinos\/\" \/>\n<meta property=\"og:site_name\" content=\"Noticias Radio Reflejos\" \/>\n<meta property=\"article:published_time\" content=\"2021-03-03T20:21:32+00:00\" \/>\n<meta property=\"og:image\" content=\"https:\/\/www.telam.com.ar\/advf\/imagenes\/2021\/03\/603fdbe0103d1.03.2021%20565_1004x565.jpg\" \/>\n<meta name=\"author\" content=\"Arnaldo Botto\" \/>\n<meta name=\"twitter:card\" content=\"summary_large_image\" \/>\n<script type=\"application\/ld+json\" class=\"yoast-schema-graph\">{\"@context\":\"https:\/\/schema.org\",\"@graph\":[{\"@type\":\"WebPage\",\"@id\":\"https:\/\/www.noticiasradioreflejos.com.ar\/2021\/fernandez-nada-quiero-mas-en-el-mundo-que-ser-el-presidente-que-una-a-los-argentinos\/\",\"url\":\"https:\/\/www.noticiasradioreflejos.com.ar\/2021\/fernandez-nada-quiero-mas-en-el-mundo-que-ser-el-presidente-que-una-a-los-argentinos\/\",\"name\":\"Fern\u00e1ndez: \\\"Nada quiero m\u00e1s en el mundo que ser el Presidente que una a los argentinos\\\" - Noticias Radio Reflejos\",\"isPartOf\":{\"@id\":\"https:\/\/www.noticiasradioreflejos.com.ar\/2021\/#website\"},\"primaryImageOfPage\":{\"@id\":\"https:\/\/www.noticiasradioreflejos.com.ar\/2021\/fernandez-nada-quiero-mas-en-el-mundo-que-ser-el-presidente-que-una-a-los-argentinos\/#primaryimage\"},\"image\":{\"@id\":\"https:\/\/www.noticiasradioreflejos.com.ar\/2021\/fernandez-nada-quiero-mas-en-el-mundo-que-ser-el-presidente-que-una-a-los-argentinos\/#primaryimage\"},\"thumbnailUrl\":\"https:\/\/www.telam.com.ar\/advf\/imagenes\/2021\/03\/603fdbe0103d1.03.2021%20565_1004x565.jpg\",\"datePublished\":\"2021-03-03T20:21:32+00:00\",\"author\":{\"@id\":\"https:\/\/www.noticiasradioreflejos.com.ar\/2021\/#\/schema\/person\/ad82545263dcc5ec0996818884fd5fb1\"},\"breadcrumb\":{\"@id\":\"https:\/\/www.noticiasradioreflejos.com.ar\/2021\/fernandez-nada-quiero-mas-en-el-mundo-que-ser-el-presidente-que-una-a-los-argentinos\/#breadcrumb\"},\"inLanguage\":\"es\",\"potentialAction\":[{\"@type\":\"ReadAction\",\"target\":[\"https:\/\/www.noticiasradioreflejos.com.ar\/2021\/fernandez-nada-quiero-mas-en-el-mundo-que-ser-el-presidente-que-una-a-los-argentinos\/\"]}]},{\"@type\":\"ImageObject\",\"inLanguage\":\"es\",\"@id\":\"https:\/\/www.noticiasradioreflejos.com.ar\/2021\/fernandez-nada-quiero-mas-en-el-mundo-que-ser-el-presidente-que-una-a-los-argentinos\/#primaryimage\",\"url\":\"https:\/\/www.telam.com.ar\/advf\/imagenes\/2021\/03\/603fdbe0103d1.03.2021%20565_1004x565.jpg\",\"contentUrl\":\"https:\/\/www.telam.com.ar\/advf\/imagenes\/2021\/03\/603fdbe0103d1.03.2021%20565_1004x565.jpg\"},{\"@type\":\"BreadcrumbList\",\"@id\":\"https:\/\/www.noticiasradioreflejos.com.ar\/2021\/fernandez-nada-quiero-mas-en-el-mundo-que-ser-el-presidente-que-una-a-los-argentinos\/#breadcrumb\",\"itemListElement\":[{\"@type\":\"ListItem\",\"position\":1,\"name\":\"Portada\",\"item\":\"https:\/\/www.noticiasradioreflejos.com.ar\/2021\/\"},{\"@type\":\"ListItem\",\"position\":2,\"name\":\"Fern\u00e1ndez: \u00abNada quiero m\u00e1s en el mundo que ser el Presidente que una a los argentinos\u00bb\"}]},{\"@type\":\"WebSite\",\"@id\":\"https:\/\/www.noticiasradioreflejos.com.ar\/2021\/#website\",\"url\":\"https:\/\/www.noticiasradioreflejos.com.ar\/2021\/\",\"name\":\"Noticias Radio Reflejos\",\"description\":\"Las noticias de mi comarca\",\"potentialAction\":[{\"@type\":\"SearchAction\",\"target\":{\"@type\":\"EntryPoint\",\"urlTemplate\":\"https:\/\/www.noticiasradioreflejos.com.ar\/2021\/?s={search_term_string}\"},\"query-input\":{\"@type\":\"PropertyValueSpecification\",\"valueRequired\":true,\"valueName\":\"search_term_string\"}}],\"inLanguage\":\"es\"},{\"@type\":\"Person\",\"@id\":\"https:\/\/www.noticiasradioreflejos.com.ar\/2021\/#\/schema\/person\/ad82545263dcc5ec0996818884fd5fb1\",\"name\":\"Arnaldo Botto\",\"image\":{\"@type\":\"ImageObject\",\"inLanguage\":\"es\",\"@id\":\"https:\/\/www.noticiasradioreflejos.com.ar\/2021\/#\/schema\/person\/image\/\",\"url\":\"https:\/\/secure.gravatar.com\/avatar\/55cb5e37c1efa326397366e6974cb338056df65cb50e7d64d1cf314e87504837?s=96&d=mm&r=g\",\"contentUrl\":\"https:\/\/secure.gravatar.com\/avatar\/55cb5e37c1efa326397366e6974cb338056df65cb50e7d64d1cf314e87504837?s=96&d=mm&r=g\",\"caption\":\"Arnaldo Botto\"},\"url\":\"https:\/\/www.noticiasradioreflejos.com.ar\/2021\/author\/arnaldo\/\"}]}<\/script>\n<!-- \/ Yoast SEO plugin. -->","yoast_head_json":{"title":"Fern\u00e1ndez: \"Nada quiero m\u00e1s en el mundo que ser el Presidente que una a los argentinos\" - Noticias Radio Reflejos","robots":{"index":"index","follow":"follow","max-snippet":"max-snippet:-1","max-image-preview":"max-image-preview:large","max-video-preview":"max-video-preview:-1"},"canonical":"https:\/\/www.noticiasradioreflejos.com.ar\/2021\/fernandez-nada-quiero-mas-en-el-mundo-que-ser-el-presidente-que-una-a-los-argentinos\/","og_locale":"es_ES","og_type":"article","og_title":"Fern\u00e1ndez: \"Nada quiero m\u00e1s en el mundo que ser el Presidente que una a los argentinos\" - Noticias Radio Reflejos","og_description":"Durante su visita al Instituto de Investigaciones Aplicadas (Invap)\u00a0de la ciudad rionegrina, el Presidente abog\u00f3 por \u00abuna Argentina para todos\u00bb, sin bander\u00edas pol\u00edticas, y \u00abcon respeto en la diversidad\u00bb.","og_url":"https:\/\/www.noticiasradioreflejos.com.ar\/2021\/fernandez-nada-quiero-mas-en-el-mundo-que-ser-el-presidente-que-una-a-los-argentinos\/","og_site_name":"Noticias Radio Reflejos","article_published_time":"2021-03-03T20:21:32+00:00","og_image":[{"url":"https:\/\/www.telam.com.ar\/advf\/imagenes\/2021\/03\/603fdbe0103d1.03.2021%20565_1004x565.jpg","type":"","width":"","height":""}],"author":"Arnaldo Botto","twitter_card":"summary_large_image","schema":{"@context":"https:\/\/schema.org","@graph":[{"@type":"WebPage","@id":"https:\/\/www.noticiasradioreflejos.com.ar\/2021\/fernandez-nada-quiero-mas-en-el-mundo-que-ser-el-presidente-que-una-a-los-argentinos\/","url":"https:\/\/www.noticiasradioreflejos.com.ar\/2021\/fernandez-nada-quiero-mas-en-el-mundo-que-ser-el-presidente-que-una-a-los-argentinos\/","name":"Fern\u00e1ndez: \"Nada quiero m\u00e1s en el mundo que ser el Presidente que una a los argentinos\" - Noticias Radio Reflejos","isPartOf":{"@id":"https:\/\/www.noticiasradioreflejos.com.ar\/2021\/#website"},"primaryImageOfPage":{"@id":"https:\/\/www.noticiasradioreflejos.com.ar\/2021\/fernandez-nada-quiero-mas-en-el-mundo-que-ser-el-presidente-que-una-a-los-argentinos\/#primaryimage"},"image":{"@id":"https:\/\/www.noticiasradioreflejos.com.ar\/2021\/fernandez-nada-quiero-mas-en-el-mundo-que-ser-el-presidente-que-una-a-los-argentinos\/#primaryimage"},"thumbnailUrl":"https:\/\/www.telam.com.ar\/advf\/imagenes\/2021\/03\/603fdbe0103d1.03.2021%20565_1004x565.jpg","datePublished":"2021-03-03T20:21:32+00:00","author":{"@id":"https:\/\/www.noticiasradioreflejos.com.ar\/2021\/#\/schema\/person\/ad82545263dcc5ec0996818884fd5fb1"},"breadcrumb":{"@id":"https:\/\/www.noticiasradioreflejos.com.ar\/2021\/fernandez-nada-quiero-mas-en-el-mundo-que-ser-el-presidente-que-una-a-los-argentinos\/#breadcrumb"},"inLanguage":"es","potentialAction":[{"@type":"ReadAction","target":["https:\/\/www.noticiasradioreflejos.com.ar\/2021\/fernandez-nada-quiero-mas-en-el-mundo-que-ser-el-presidente-que-una-a-los-argentinos\/"]}]},{"@type":"ImageObject","inLanguage":"es","@id":"https:\/\/www.noticiasradioreflejos.com.ar\/2021\/fernandez-nada-quiero-mas-en-el-mundo-que-ser-el-presidente-que-una-a-los-argentinos\/#primaryimage","url":"https:\/\/www.telam.com.ar\/advf\/imagenes\/2021\/03\/603fdbe0103d1.03.2021%20565_1004x565.jpg","contentUrl":"https:\/\/www.telam.com.ar\/advf\/imagenes\/2021\/03\/603fdbe0103d1.03.2021%20565_1004x565.jpg"},{"@type":"BreadcrumbList","@id":"https:\/\/www.noticiasradioreflejos.com.ar\/2021\/fernandez-nada-quiero-mas-en-el-mundo-que-ser-el-presidente-que-una-a-los-argentinos\/#breadcrumb","itemListElement":[{"@type":"ListItem","position":1,"name":"Portada","item":"https:\/\/www.noticiasradioreflejos.com.ar\/2021\/"},{"@type":"ListItem","position":2,"name":"Fern\u00e1ndez: \u00abNada quiero m\u00e1s en el mundo que ser el Presidente que una a los argentinos\u00bb"}]},{"@type":"WebSite","@id":"https:\/\/www.noticiasradioreflejos.com.ar\/2021\/#website","url":"https:\/\/www.noticiasradioreflejos.com.ar\/2021\/","name":"Noticias Radio Reflejos","description":"Las noticias de mi comarca","potentialAction":[{"@type":"SearchAction","target":{"@type":"EntryPoint","urlTemplate":"https:\/\/www.noticiasradioreflejos.com.ar\/2021\/?s={search_term_string}"},"query-input":{"@type":"PropertyValueSpecification","valueRequired":true,"valueName":"search_term_string"}}],"inLanguage":"es"},{"@type":"Person","@id":"https:\/\/www.noticiasradioreflejos.com.ar\/2021\/#\/schema\/person\/ad82545263dcc5ec0996818884fd5fb1","name":"Arnaldo Botto","image":{"@type":"ImageObject","inLanguage":"es","@id":"https:\/\/www.noticiasradioreflejos.com.ar\/2021\/#\/schema\/person\/image\/","url":"https:\/\/secure.gravatar.com\/avatar\/55cb5e37c1efa326397366e6974cb338056df65cb50e7d64d1cf314e87504837?s=96&d=mm&r=g","contentUrl":"https:\/\/secure.gravatar.com\/avatar\/55cb5e37c1efa326397366e6974cb338056df65cb50e7d64d1cf314e87504837?s=96&d=mm&r=g","caption":"Arnaldo Botto"},"url":"https:\/\/www.noticiasradioreflejos.com.ar\/2021\/author\/arnaldo\/"}]}},"_links":{"self":[{"href":"https:\/\/www.noticiasradioreflejos.com.ar\/2021\/wp-json\/wp\/v2\/posts\/53317","targetHints":{"allow":["GET"]}}],"collection":[{"href":"https:\/\/www.noticiasradioreflejos.com.ar\/2021\/wp-json\/wp\/v2\/posts"}],"about":[{"href":"https:\/\/www.noticiasradioreflejos.com.ar\/2021\/wp-json\/wp\/v2\/types\/post"}],"author":[{"embeddable":true,"href":"https:\/\/www.noticiasradioreflejos.com.ar\/2021\/wp-json\/wp\/v2\/users\/3"}],"replies":[{"embeddable":true,"href":"https:\/\/www.noticiasradioreflejos.com.ar\/2021\/wp-json\/wp\/v2\/comments?post=53317"}],"version-history":[{"count":0,"href":"https:\/\/www.noticiasradioreflejos.com.ar\/2021\/wp-json\/wp\/v2\/posts\/53317\/revisions"}],"wp:attachment":[{"href":"https:\/\/www.noticiasradioreflejos.com.ar\/2021\/wp-json\/wp\/v2\/media?parent=53317"}],"wp:term":[{"taxonomy":"category","embeddable":true,"href":"https:\/\/www.noticiasradioreflejos.com.ar\/2021\/wp-json\/wp\/v2\/categories?post=53317"},{"taxonomy":"post_tag","embeddable":true,"href":"https:\/\/www.noticiasradioreflejos.com.ar\/2021\/wp-json\/wp\/v2\/tags?post=53317"}],"curies":[{"name":"wp","href":"https:\/\/api.w.org\/{rel}","templated":true}]}}