{"id":53311,"date":"2021-03-03T17:17:09","date_gmt":"2021-03-03T20:17:09","guid":{"rendered":"http:\/\/www.noticiasradioreflejos.com.ar\/noticias\/?p=53311"},"modified":"2021-03-03T17:17:09","modified_gmt":"2021-03-03T20:17:09","slug":"villa-ventana-estamos-desamparados-municipalmente-queremos-que-se-hagan-las-cosas-bien-gladis-contreras","status":"publish","type":"post","link":"https:\/\/www.noticiasradioreflejos.com.ar\/2021\/villa-ventana-estamos-desamparados-municipalmente-queremos-que-se-hagan-las-cosas-bien-gladis-contreras\/","title":{"rendered":"Villa Ventana:  \u00abestamos desamparados municipalmente, queremos que se hagan las cosas bien\u00bb Gladis Contreras"},"content":{"rendered":"<p>Esta vecina, integrante de\u00a0la protectora de animales de Villa Ventana, expone distintos casos de maltrato animal e irresponsabilidad de parte de los due\u00f1os de mascotas en el distrito.<!--more--><\/p>\n<p>Al comenzar la nota, Gladys Contreras presenta su preocupaci\u00f3n y la de sus compa\u00f1eros de la protectora al comunicar que una pareja de turistas que se encontraban parando en el camping de Villa Ventana fueron hasta Sierra de la Ventana en bicicleta llevando a un perro de la localidad corriendo y sin agua. \u00abUna compa\u00f1era los vio y, cuando volvieron, fuimos al camping a preguntar d\u00f3nde estaba el perro y nos dijeron que hab\u00eda quedado en Valle Hermoso\u00bb expres\u00f3 su indignaci\u00f3n. \u00abEse animal tiene que tener due\u00f1o, por el cuidado que tiene y porque ten\u00eda collar violeta\u00bb.<\/p>\n<p><a href=\"http:\/\/www.noticiasradioreflejos.com.ar\/noticias\/wp-content\/uploads\/2019\/11\/image003.jpg\"><img loading=\"lazy\" decoding=\"async\" class=\"aligncenter size-full wp-image-36095\" src=\"http:\/\/www.noticiasradioreflejos.com.ar\/noticias\/wp-content\/uploads\/2019\/11\/image003.jpg\" alt=\"image003\" width=\"589\" height=\"393\" srcset=\"https:\/\/www.noticiasradioreflejos.com.ar\/2021\/wp-content\/uploads\/2019\/11\/image003.jpg 589w, https:\/\/www.noticiasradioreflejos.com.ar\/2021\/wp-content\/uploads\/2019\/11\/image003-300x200.jpg 300w\" sizes=\"auto, (max-width: 589px) 100vw, 589px\" \/><\/a><\/p>\n<p>Por otro lado, conversamos sobre la cantidad de perros sueltos que hay en las calles de las localidades del distrito y que tienen due\u00f1os irresponsables. \u00abAc\u00e1 el tema es siempre lo mismo, estamos protegiendo a los animales y educando a las personas\u00bb mencion\u00f3 Gladys, y sostuvo: \u00abAc\u00e1 la falla es Municipal\u00bb. Explic\u00f3 que desde la protectora est\u00e1n realizando mucho trabajo ad honorem pero que desde el Municipio se deber\u00edan hacer cumplir las ordenanzas, \u00abestamos desamparados municipalmente, queremos que se hagan las cosas bien\u00bb.<\/p>\n<p>\u00abHay una ordenanza por la tenencia responsable de animales, y tiene que haber un inspector que se dedique exclusivamente a hacerla cumplir, y tiene que poner mano dura\u00bb.<\/p>\n<p><a href=\"https:\/\/es.scribd.com\/document\/496825176\/3259-20-ORDENANZA-EXPTE-N%C2%BA-7223-20-Tenencia-Responsable-de-Mascotas-Deroga-Ordenanza-2797-15\" target=\"_blank\" rel=\"noopener\">Ordenanza Tenencia Responsable de Mascotas<\/a><\/p>\n<p>Gladys tambi\u00e9n inform\u00f3 que los casos de maltrato animal en Villa de la Ventana son cada vez m\u00e1s. \u00abHay un vecino que maltrata a sus caballos, una vecina lo vi\u00f3 peg\u00e1ndoles. Adem\u00e1s explot\u00f3 a una yegua para las excursiones mientras estaba embarazada. Ese tipo no est\u00e1 habilitado, alquila caballos al turismo, no tiene seguro, pero al Belisario si le piden todo. Lo que est\u00e1 fallando es el Municipio\u00bb.<\/p>\n<p>Entre otros casos de maltrato animal que se dan en el distrito, Gladys menciona a border collies abandonados lastimados de los campos, un vecino que explota a su perra dogo con cr\u00edas para venderlas, dogos sueltos en zona urbana y cachorritos que no paran de llorar y gritar por las noches en la manga del Parque Provincial de Villa Ventana.<\/p>\n<p><strong>Nota completa a continuaci\u00f3n:<\/strong><br \/>\n<iframe loading=\"lazy\" src=\"https:\/\/w.soundcloud.com\/player\/?url=https%3A\/\/api.soundcloud.com\/tracks\/997819420&amp;color=%23ff5500&amp;auto_play=false&amp;hide_related=false&amp;show_comments=true&amp;show_user=true&amp;show_reposts=false&amp;show_teaser=true\" width=\"100%\" height=\"166\" frameborder=\"no\" scrolling=\"no\"><\/iframe><\/p>\n<div style=\"font-size: 10px; color: #cccccc; line-break: anywhere; word-break: normal; overflow: hidden; white-space: nowrap; text-overflow: ellipsis; font-family: Interstate,Lucida Grande,Lucida Sans Unicode,Lucida Sans,Garuda,Verdana,Tahoma,sans-serif; font-weight: 100;\"><a style=\"color: #cccccc; text-decoration: none;\" title=\"fmreflejos 103.7\" href=\"https:\/\/soundcloud.com\/fmreflejos-103-7\" target=\"_blank\" rel=\"noopener\">fmreflejos 103.7<\/a> \u00b7 <a style=\"color: #cccccc; text-decoration: none;\" title=\"Nota Gladis\" href=\"https:\/\/soundcloud.com\/fmreflejos-103-7\/nota-gladis\" target=\"_blank\" rel=\"noopener\">Nota Gladis<\/a><\/div>\n","protected":false},"excerpt":{"rendered":"<p>Esta vecina, integrante de\u00a0la protectora de animales de Villa Ventana, expone distintos casos de maltrato animal e irresponsabilidad de parte de los due\u00f1os de mascotas en el distrito.<\/p>\n","protected":false},"author":3,"featured_media":0,"comment_status":"closed","ping_status":"open","sticky":false,"template":"","format":"standard","meta":{"footnotes":""},"categories":[28,26],"tags":[],"class_list":["post-53311","post","type-post","status-publish","format-standard","hentry","category-municipales","category-sociedad"],"yoast_head":"<!-- This site is optimized with the Yoast SEO plugin v25.9 - https:\/\/yoast.com\/wordpress\/plugins\/seo\/ -->\n<title>Villa Ventana: &quot;estamos desamparados municipalmente, queremos que se hagan las cosas bien&quot; Gladis Contreras - Noticias Radio Reflejos<\/title>\n<meta name=\"robots\" content=\"index, follow, max-snippet:-1, max-image-preview:large, max-video-preview:-1\" \/>\n<link rel=\"canonical\" href=\"https:\/\/www.noticiasradioreflejos.com.ar\/2021\/villa-ventana-estamos-desamparados-municipalmente-queremos-que-se-hagan-las-cosas-bien-gladis-contreras\/\" \/>\n<meta property=\"og:locale\" content=\"es_ES\" \/>\n<meta property=\"og:type\" content=\"article\" \/>\n<meta property=\"og:title\" content=\"Villa Ventana: &quot;estamos desamparados municipalmente, queremos que se hagan las cosas bien&quot; Gladis Contreras - Noticias Radio Reflejos\" \/>\n<meta property=\"og:description\" content=\"Esta vecina, integrante de\u00a0la protectora de animales de Villa Ventana, expone distintos casos de maltrato animal e irresponsabilidad de parte de los due\u00f1os de mascotas en el distrito.\" \/>\n<meta property=\"og:url\" content=\"https:\/\/www.noticiasradioreflejos.com.ar\/2021\/villa-ventana-estamos-desamparados-municipalmente-queremos-que-se-hagan-las-cosas-bien-gladis-contreras\/\" \/>\n<meta property=\"og:site_name\" content=\"Noticias Radio Reflejos\" \/>\n<meta property=\"article:published_time\" content=\"2021-03-03T20:17:09+00:00\" \/>\n<meta property=\"og:image\" content=\"https:\/\/www.noticiasradioreflejos.com.ar\/2021\/wp-content\/uploads\/2019\/11\/image003.jpg\" \/>\n\t<meta property=\"og:image:width\" content=\"589\" \/>\n\t<meta property=\"og:image:height\" content=\"393\" \/>\n\t<meta property=\"og:image:type\" content=\"image\/jpeg\" \/>\n<meta name=\"author\" content=\"Arnaldo Botto\" \/>\n<meta name=\"twitter:card\" content=\"summary_large_image\" \/>\n<script type=\"application\/ld+json\" class=\"yoast-schema-graph\">{\"@context\":\"https:\/\/schema.org\",\"@graph\":[{\"@type\":\"WebPage\",\"@id\":\"https:\/\/www.noticiasradioreflejos.com.ar\/2021\/villa-ventana-estamos-desamparados-municipalmente-queremos-que-se-hagan-las-cosas-bien-gladis-contreras\/\",\"url\":\"https:\/\/www.noticiasradioreflejos.com.ar\/2021\/villa-ventana-estamos-desamparados-municipalmente-queremos-que-se-hagan-las-cosas-bien-gladis-contreras\/\",\"name\":\"Villa Ventana: \\\"estamos desamparados municipalmente, queremos que se hagan las cosas bien\\\" Gladis Contreras - Noticias Radio Reflejos\",\"isPartOf\":{\"@id\":\"https:\/\/www.noticiasradioreflejos.com.ar\/2021\/#website\"},\"primaryImageOfPage\":{\"@id\":\"https:\/\/www.noticiasradioreflejos.com.ar\/2021\/villa-ventana-estamos-desamparados-municipalmente-queremos-que-se-hagan-las-cosas-bien-gladis-contreras\/#primaryimage\"},\"image\":{\"@id\":\"https:\/\/www.noticiasradioreflejos.com.ar\/2021\/villa-ventana-estamos-desamparados-municipalmente-queremos-que-se-hagan-las-cosas-bien-gladis-contreras\/#primaryimage\"},\"thumbnailUrl\":\"http:\/\/www.noticiasradioreflejos.com.ar\/noticias\/wp-content\/uploads\/2019\/11\/image003.jpg\",\"datePublished\":\"2021-03-03T20:17:09+00:00\",\"author\":{\"@id\":\"https:\/\/www.noticiasradioreflejos.com.ar\/2021\/#\/schema\/person\/ad82545263dcc5ec0996818884fd5fb1\"},\"breadcrumb\":{\"@id\":\"https:\/\/www.noticiasradioreflejos.com.ar\/2021\/villa-ventana-estamos-desamparados-municipalmente-queremos-que-se-hagan-las-cosas-bien-gladis-contreras\/#breadcrumb\"},\"inLanguage\":\"es\",\"potentialAction\":[{\"@type\":\"ReadAction\",\"target\":[\"https:\/\/www.noticiasradioreflejos.com.ar\/2021\/villa-ventana-estamos-desamparados-municipalmente-queremos-que-se-hagan-las-cosas-bien-gladis-contreras\/\"]}]},{\"@type\":\"ImageObject\",\"inLanguage\":\"es\",\"@id\":\"https:\/\/www.noticiasradioreflejos.com.ar\/2021\/villa-ventana-estamos-desamparados-municipalmente-queremos-que-se-hagan-las-cosas-bien-gladis-contreras\/#primaryimage\",\"url\":\"http:\/\/www.noticiasradioreflejos.com.ar\/noticias\/wp-content\/uploads\/2019\/11\/image003.jpg\",\"contentUrl\":\"http:\/\/www.noticiasradioreflejos.com.ar\/noticias\/wp-content\/uploads\/2019\/11\/image003.jpg\"},{\"@type\":\"BreadcrumbList\",\"@id\":\"https:\/\/www.noticiasradioreflejos.com.ar\/2021\/villa-ventana-estamos-desamparados-municipalmente-queremos-que-se-hagan-las-cosas-bien-gladis-contreras\/#breadcrumb\",\"itemListElement\":[{\"@type\":\"ListItem\",\"position\":1,\"name\":\"Portada\",\"item\":\"https:\/\/www.noticiasradioreflejos.com.ar\/2021\/\"},{\"@type\":\"ListItem\",\"position\":2,\"name\":\"Villa Ventana: \u00abestamos desamparados municipalmente, queremos que se hagan las cosas bien\u00bb Gladis Contreras\"}]},{\"@type\":\"WebSite\",\"@id\":\"https:\/\/www.noticiasradioreflejos.com.ar\/2021\/#website\",\"url\":\"https:\/\/www.noticiasradioreflejos.com.ar\/2021\/\",\"name\":\"Noticias Radio Reflejos\",\"description\":\"Las noticias de mi comarca\",\"potentialAction\":[{\"@type\":\"SearchAction\",\"target\":{\"@type\":\"EntryPoint\",\"urlTemplate\":\"https:\/\/www.noticiasradioreflejos.com.ar\/2021\/?s={search_term_string}\"},\"query-input\":{\"@type\":\"PropertyValueSpecification\",\"valueRequired\":true,\"valueName\":\"search_term_string\"}}],\"inLanguage\":\"es\"},{\"@type\":\"Person\",\"@id\":\"https:\/\/www.noticiasradioreflejos.com.ar\/2021\/#\/schema\/person\/ad82545263dcc5ec0996818884fd5fb1\",\"name\":\"Arnaldo Botto\",\"image\":{\"@type\":\"ImageObject\",\"inLanguage\":\"es\",\"@id\":\"https:\/\/www.noticiasradioreflejos.com.ar\/2021\/#\/schema\/person\/image\/\",\"url\":\"https:\/\/secure.gravatar.com\/avatar\/55cb5e37c1efa326397366e6974cb338056df65cb50e7d64d1cf314e87504837?s=96&d=mm&r=g\",\"contentUrl\":\"https:\/\/secure.gravatar.com\/avatar\/55cb5e37c1efa326397366e6974cb338056df65cb50e7d64d1cf314e87504837?s=96&d=mm&r=g\",\"caption\":\"Arnaldo Botto\"},\"url\":\"https:\/\/www.noticiasradioreflejos.com.ar\/2021\/author\/arnaldo\/\"}]}<\/script>\n<!-- \/ Yoast SEO plugin. -->","yoast_head_json":{"title":"Villa Ventana: \"estamos desamparados municipalmente, queremos que se hagan las cosas bien\" Gladis Contreras - Noticias Radio Reflejos","robots":{"index":"index","follow":"follow","max-snippet":"max-snippet:-1","max-image-preview":"max-image-preview:large","max-video-preview":"max-video-preview:-1"},"canonical":"https:\/\/www.noticiasradioreflejos.com.ar\/2021\/villa-ventana-estamos-desamparados-municipalmente-queremos-que-se-hagan-las-cosas-bien-gladis-contreras\/","og_locale":"es_ES","og_type":"article","og_title":"Villa Ventana: \"estamos desamparados municipalmente, queremos que se hagan las cosas bien\" Gladis Contreras - Noticias Radio Reflejos","og_description":"Esta vecina, integrante de\u00a0la protectora de animales de Villa Ventana, expone distintos casos de maltrato animal e irresponsabilidad de parte de los due\u00f1os de mascotas en el distrito.","og_url":"https:\/\/www.noticiasradioreflejos.com.ar\/2021\/villa-ventana-estamos-desamparados-municipalmente-queremos-que-se-hagan-las-cosas-bien-gladis-contreras\/","og_site_name":"Noticias Radio Reflejos","article_published_time":"2021-03-03T20:17:09+00:00","og_image":[{"width":589,"height":393,"url":"https:\/\/www.noticiasradioreflejos.com.ar\/2021\/wp-content\/uploads\/2019\/11\/image003.jpg","type":"image\/jpeg"}],"author":"Arnaldo Botto","twitter_card":"summary_large_image","schema":{"@context":"https:\/\/schema.org","@graph":[{"@type":"WebPage","@id":"https:\/\/www.noticiasradioreflejos.com.ar\/2021\/villa-ventana-estamos-desamparados-municipalmente-queremos-que-se-hagan-las-cosas-bien-gladis-contreras\/","url":"https:\/\/www.noticiasradioreflejos.com.ar\/2021\/villa-ventana-estamos-desamparados-municipalmente-queremos-que-se-hagan-las-cosas-bien-gladis-contreras\/","name":"Villa Ventana: \"estamos desamparados municipalmente, queremos que se hagan las cosas bien\" Gladis Contreras - Noticias Radio Reflejos","isPartOf":{"@id":"https:\/\/www.noticiasradioreflejos.com.ar\/2021\/#website"},"primaryImageOfPage":{"@id":"https:\/\/www.noticiasradioreflejos.com.ar\/2021\/villa-ventana-estamos-desamparados-municipalmente-queremos-que-se-hagan-las-cosas-bien-gladis-contreras\/#primaryimage"},"image":{"@id":"https:\/\/www.noticiasradioreflejos.com.ar\/2021\/villa-ventana-estamos-desamparados-municipalmente-queremos-que-se-hagan-las-cosas-bien-gladis-contreras\/#primaryimage"},"thumbnailUrl":"http:\/\/www.noticiasradioreflejos.com.ar\/noticias\/wp-content\/uploads\/2019\/11\/image003.jpg","datePublished":"2021-03-03T20:17:09+00:00","author":{"@id":"https:\/\/www.noticiasradioreflejos.com.ar\/2021\/#\/schema\/person\/ad82545263dcc5ec0996818884fd5fb1"},"breadcrumb":{"@id":"https:\/\/www.noticiasradioreflejos.com.ar\/2021\/villa-ventana-estamos-desamparados-municipalmente-queremos-que-se-hagan-las-cosas-bien-gladis-contreras\/#breadcrumb"},"inLanguage":"es","potentialAction":[{"@type":"ReadAction","target":["https:\/\/www.noticiasradioreflejos.com.ar\/2021\/villa-ventana-estamos-desamparados-municipalmente-queremos-que-se-hagan-las-cosas-bien-gladis-contreras\/"]}]},{"@type":"ImageObject","inLanguage":"es","@id":"https:\/\/www.noticiasradioreflejos.com.ar\/2021\/villa-ventana-estamos-desamparados-municipalmente-queremos-que-se-hagan-las-cosas-bien-gladis-contreras\/#primaryimage","url":"http:\/\/www.noticiasradioreflejos.com.ar\/noticias\/wp-content\/uploads\/2019\/11\/image003.jpg","contentUrl":"http:\/\/www.noticiasradioreflejos.com.ar\/noticias\/wp-content\/uploads\/2019\/11\/image003.jpg"},{"@type":"BreadcrumbList","@id":"https:\/\/www.noticiasradioreflejos.com.ar\/2021\/villa-ventana-estamos-desamparados-municipalmente-queremos-que-se-hagan-las-cosas-bien-gladis-contreras\/#breadcrumb","itemListElement":[{"@type":"ListItem","position":1,"name":"Portada","item":"https:\/\/www.noticiasradioreflejos.com.ar\/2021\/"},{"@type":"ListItem","position":2,"name":"Villa Ventana: \u00abestamos desamparados municipalmente, queremos que se hagan las cosas bien\u00bb Gladis Contreras"}]},{"@type":"WebSite","@id":"https:\/\/www.noticiasradioreflejos.com.ar\/2021\/#website","url":"https:\/\/www.noticiasradioreflejos.com.ar\/2021\/","name":"Noticias Radio Reflejos","description":"Las noticias de mi comarca","potentialAction":[{"@type":"SearchAction","target":{"@type":"EntryPoint","urlTemplate":"https:\/\/www.noticiasradioreflejos.com.ar\/2021\/?s={search_term_string}"},"query-input":{"@type":"PropertyValueSpecification","valueRequired":true,"valueName":"search_term_string"}}],"inLanguage":"es"},{"@type":"Person","@id":"https:\/\/www.noticiasradioreflejos.com.ar\/2021\/#\/schema\/person\/ad82545263dcc5ec0996818884fd5fb1","name":"Arnaldo Botto","image":{"@type":"ImageObject","inLanguage":"es","@id":"https:\/\/www.noticiasradioreflejos.com.ar\/2021\/#\/schema\/person\/image\/","url":"https:\/\/secure.gravatar.com\/avatar\/55cb5e37c1efa326397366e6974cb338056df65cb50e7d64d1cf314e87504837?s=96&d=mm&r=g","contentUrl":"https:\/\/secure.gravatar.com\/avatar\/55cb5e37c1efa326397366e6974cb338056df65cb50e7d64d1cf314e87504837?s=96&d=mm&r=g","caption":"Arnaldo Botto"},"url":"https:\/\/www.noticiasradioreflejos.com.ar\/2021\/author\/arnaldo\/"}]}},"_links":{"self":[{"href":"https:\/\/www.noticiasradioreflejos.com.ar\/2021\/wp-json\/wp\/v2\/posts\/53311","targetHints":{"allow":["GET"]}}],"collection":[{"href":"https:\/\/www.noticiasradioreflejos.com.ar\/2021\/wp-json\/wp\/v2\/posts"}],"about":[{"href":"https:\/\/www.noticiasradioreflejos.com.ar\/2021\/wp-json\/wp\/v2\/types\/post"}],"author":[{"embeddable":true,"href":"https:\/\/www.noticiasradioreflejos.com.ar\/2021\/wp-json\/wp\/v2\/users\/3"}],"replies":[{"embeddable":true,"href":"https:\/\/www.noticiasradioreflejos.com.ar\/2021\/wp-json\/wp\/v2\/comments?post=53311"}],"version-history":[{"count":0,"href":"https:\/\/www.noticiasradioreflejos.com.ar\/2021\/wp-json\/wp\/v2\/posts\/53311\/revisions"}],"wp:attachment":[{"href":"https:\/\/www.noticiasradioreflejos.com.ar\/2021\/wp-json\/wp\/v2\/media?parent=53311"}],"wp:term":[{"taxonomy":"category","embeddable":true,"href":"https:\/\/www.noticiasradioreflejos.com.ar\/2021\/wp-json\/wp\/v2\/categories?post=53311"},{"taxonomy":"post_tag","embeddable":true,"href":"https:\/\/www.noticiasradioreflejos.com.ar\/2021\/wp-json\/wp\/v2\/tags?post=53311"}],"curies":[{"name":"wp","href":"https:\/\/api.w.org\/{rel}","templated":true}]}}