{"id":53302,"date":"2021-03-03T17:06:22","date_gmt":"2021-03-03T20:06:22","guid":{"rendered":"http:\/\/www.noticiasradioreflejos.com.ar\/noticias\/?p=53302"},"modified":"2021-03-03T17:06:22","modified_gmt":"2021-03-03T20:06:22","slug":"inseguridad-en-tornquist-uno-entiende-que-hay-poco-personal-policial-pero-esto-tiene-que-generar-preocupacion-a-nivel-de-todo-el-pueblo","status":"publish","type":"post","link":"https:\/\/www.noticiasradioreflejos.com.ar\/2021\/inseguridad-en-tornquist-uno-entiende-que-hay-poco-personal-policial-pero-esto-tiene-que-generar-preocupacion-a-nivel-de-todo-el-pueblo\/","title":{"rendered":"Inseguridad en Tornquist:  \u00abUno entiende que hay poco personal (policial), pero esto tiene que generar preocupaci\u00f3n a nivel de todo el pueblo\u00bb"},"content":{"rendered":"<p><strong>Guido Sgammini<\/strong> sufri\u00f3 de nuevo otra entradera a su casa en Tornquist el S\u00e1bado por la noche y nos describe en esta nota c\u00f3mo fue que sucedi\u00f3 el hecho delictivo.<!--more--><\/p>\n<p>\u00abOtra vez entraron a casa con el chiquito adentro\u00bb fueron las palabras de Guido para resumir lo ocurrido el S\u00e1bado a la noche al comenzar la nota. \u00abGracias a Dios el ladr\u00f3n se asust\u00f3 y sali\u00f3 corriendo\u00bb se refiri\u00f3 a que no les falt\u00f3 nada en la casa.<\/p>\n<p>Guido explic\u00f3 que los ladrones aprovecharon a ingresar a la casa en una ventana de tiempo donde su familia se iba y su hijo m\u00e1s chico quedaba solo. \u00abCorrieron una ventana y entraron por el patio. Mi hijo vio una persona y me llam\u00f3\u00bb.<\/p>\n<p>\u00abVamos a tener que empezar a acostumbrarnos en serio a que ac\u00e1 pasan cosas graves, de parte de las autoridades y de nosotros tambi\u00e9n\u00bb expres\u00f3 Guido para todos los oyentes. \u00abHay gente que est\u00e1 dispuesta a entrar a las casas a toda costa\u00bb.<\/p>\n<p>Guido coment\u00f3 que pudo charlar su situaci\u00f3n con el Secretario de Seguridad, Ezequiel Gabella, quien le manifest\u00f3 que los entend\u00eda y que lamentaba lo sucedido. \u00abUno entiende que hay poco personal (policial), pero esto tiene que generar preocupaci\u00f3n a nivel de todo el pueblo, no podes dejar al chiquito solo un rato\u00bb.<\/p>\n<p>\u00abSi la afluencia de gente de afuera que viene esta sin control, esto va a seguir aumentando. Traten siempre hacer la denuncia para que las autoridades tomen otro tipo de decisiones\u00bb transmiti\u00f3 finalmente.<\/p>\n<p><strong>Nota completa:<\/strong><br \/>\n<iframe loading=\"lazy\" src=\"https:\/\/w.soundcloud.com\/player\/?url=https%3A\/\/api.soundcloud.com\/tracks\/997825756&amp;color=%23ff5500&amp;auto_play=false&amp;hide_related=false&amp;show_comments=true&amp;show_user=true&amp;show_reposts=false&amp;show_teaser=true\" width=\"100%\" height=\"166\" frameborder=\"no\" scrolling=\"no\"><\/iframe><\/p>\n<div style=\"font-size: 10px; color: #cccccc; line-break: anywhere; word-break: normal; overflow: hidden; white-space: nowrap; text-overflow: ellipsis; font-family: Interstate,Lucida Grande,Lucida Sans Unicode,Lucida Sans,Garuda,Verdana,Tahoma,sans-serif; font-weight: 100;\"><a style=\"color: #cccccc; text-decoration: none;\" title=\"fmreflejos 103.7\" href=\"https:\/\/soundcloud.com\/fmreflejos-103-7\" target=\"_blank\" rel=\"noopener\">fmreflejos 103.7<\/a> \u00b7 <a style=\"color: #cccccc; text-decoration: none;\" title=\"Nota Guido Sgammini\" href=\"https:\/\/soundcloud.com\/fmreflejos-103-7\/nota-guido-sgammini\" target=\"_blank\" rel=\"noopener\">Nota Guido Sgammini<\/a><\/div>\n<p>Fuente: Noticias Tornquist<\/p>\n","protected":false},"excerpt":{"rendered":"<p>Guido Sgammini sufri\u00f3 de nuevo otra entradera a su casa en Tornquist el S\u00e1bado por la noche y nos describe en esta nota c\u00f3mo fue que sucedi\u00f3 el hecho delictivo.<\/p>\n","protected":false},"author":3,"featured_media":0,"comment_status":"closed","ping_status":"open","sticky":false,"template":"","format":"standard","meta":{"footnotes":""},"categories":[29],"tags":[],"class_list":["post-53302","post","type-post","status-publish","format-standard","hentry","category-policiales"],"yoast_head":"<!-- This site is optimized with the Yoast SEO plugin v25.9 - https:\/\/yoast.com\/wordpress\/plugins\/seo\/ -->\n<title>Inseguridad en Tornquist: &quot;Uno entiende que hay poco personal (policial), pero esto tiene que generar preocupaci\u00f3n a nivel de todo el pueblo&quot; - Noticias Radio Reflejos<\/title>\n<meta name=\"robots\" content=\"index, follow, max-snippet:-1, max-image-preview:large, max-video-preview:-1\" \/>\n<link rel=\"canonical\" href=\"https:\/\/www.noticiasradioreflejos.com.ar\/2021\/inseguridad-en-tornquist-uno-entiende-que-hay-poco-personal-policial-pero-esto-tiene-que-generar-preocupacion-a-nivel-de-todo-el-pueblo\/\" \/>\n<meta property=\"og:locale\" content=\"es_ES\" \/>\n<meta property=\"og:type\" content=\"article\" \/>\n<meta property=\"og:title\" content=\"Inseguridad en Tornquist: &quot;Uno entiende que hay poco personal (policial), pero esto tiene que generar preocupaci\u00f3n a nivel de todo el pueblo&quot; - Noticias Radio Reflejos\" \/>\n<meta property=\"og:description\" content=\"Guido Sgammini sufri\u00f3 de nuevo otra entradera a su casa en Tornquist el S\u00e1bado por la noche y nos describe en esta nota c\u00f3mo fue que sucedi\u00f3 el hecho delictivo.\" \/>\n<meta property=\"og:url\" content=\"https:\/\/www.noticiasradioreflejos.com.ar\/2021\/inseguridad-en-tornquist-uno-entiende-que-hay-poco-personal-policial-pero-esto-tiene-que-generar-preocupacion-a-nivel-de-todo-el-pueblo\/\" \/>\n<meta property=\"og:site_name\" content=\"Noticias Radio Reflejos\" \/>\n<meta property=\"article:published_time\" content=\"2021-03-03T20:06:22+00:00\" \/>\n<meta property=\"og:image\" content=\"https:\/\/www.noticiasradioreflejos.com.ar\/2021\/wp-content\/uploads\/2021\/07\/logosol300x200.png\" \/>\n\t<meta property=\"og:image:width\" content=\"300\" \/>\n\t<meta property=\"og:image:height\" content=\"200\" \/>\n\t<meta property=\"og:image:type\" content=\"image\/png\" \/>\n<meta name=\"author\" content=\"Arnaldo Botto\" \/>\n<meta name=\"twitter:card\" content=\"summary_large_image\" \/>\n<script type=\"application\/ld+json\" class=\"yoast-schema-graph\">{\"@context\":\"https:\/\/schema.org\",\"@graph\":[{\"@type\":\"WebPage\",\"@id\":\"https:\/\/www.noticiasradioreflejos.com.ar\/2021\/inseguridad-en-tornquist-uno-entiende-que-hay-poco-personal-policial-pero-esto-tiene-que-generar-preocupacion-a-nivel-de-todo-el-pueblo\/\",\"url\":\"https:\/\/www.noticiasradioreflejos.com.ar\/2021\/inseguridad-en-tornquist-uno-entiende-que-hay-poco-personal-policial-pero-esto-tiene-que-generar-preocupacion-a-nivel-de-todo-el-pueblo\/\",\"name\":\"Inseguridad en Tornquist: \\\"Uno entiende que hay poco personal (policial), pero esto tiene que generar preocupaci\u00f3n a nivel de todo el pueblo\\\" - Noticias Radio Reflejos\",\"isPartOf\":{\"@id\":\"https:\/\/www.noticiasradioreflejos.com.ar\/2021\/#website\"},\"datePublished\":\"2021-03-03T20:06:22+00:00\",\"author\":{\"@id\":\"https:\/\/www.noticiasradioreflejos.com.ar\/2021\/#\/schema\/person\/ad82545263dcc5ec0996818884fd5fb1\"},\"breadcrumb\":{\"@id\":\"https:\/\/www.noticiasradioreflejos.com.ar\/2021\/inseguridad-en-tornquist-uno-entiende-que-hay-poco-personal-policial-pero-esto-tiene-que-generar-preocupacion-a-nivel-de-todo-el-pueblo\/#breadcrumb\"},\"inLanguage\":\"es\",\"potentialAction\":[{\"@type\":\"ReadAction\",\"target\":[\"https:\/\/www.noticiasradioreflejos.com.ar\/2021\/inseguridad-en-tornquist-uno-entiende-que-hay-poco-personal-policial-pero-esto-tiene-que-generar-preocupacion-a-nivel-de-todo-el-pueblo\/\"]}]},{\"@type\":\"BreadcrumbList\",\"@id\":\"https:\/\/www.noticiasradioreflejos.com.ar\/2021\/inseguridad-en-tornquist-uno-entiende-que-hay-poco-personal-policial-pero-esto-tiene-que-generar-preocupacion-a-nivel-de-todo-el-pueblo\/#breadcrumb\",\"itemListElement\":[{\"@type\":\"ListItem\",\"position\":1,\"name\":\"Portada\",\"item\":\"https:\/\/www.noticiasradioreflejos.com.ar\/2021\/\"},{\"@type\":\"ListItem\",\"position\":2,\"name\":\"Inseguridad en Tornquist: \u00abUno entiende que hay poco personal (policial), pero esto tiene que generar preocupaci\u00f3n a nivel de todo el pueblo\u00bb\"}]},{\"@type\":\"WebSite\",\"@id\":\"https:\/\/www.noticiasradioreflejos.com.ar\/2021\/#website\",\"url\":\"https:\/\/www.noticiasradioreflejos.com.ar\/2021\/\",\"name\":\"Noticias Radio Reflejos\",\"description\":\"Las noticias de mi comarca\",\"potentialAction\":[{\"@type\":\"SearchAction\",\"target\":{\"@type\":\"EntryPoint\",\"urlTemplate\":\"https:\/\/www.noticiasradioreflejos.com.ar\/2021\/?s={search_term_string}\"},\"query-input\":{\"@type\":\"PropertyValueSpecification\",\"valueRequired\":true,\"valueName\":\"search_term_string\"}}],\"inLanguage\":\"es\"},{\"@type\":\"Person\",\"@id\":\"https:\/\/www.noticiasradioreflejos.com.ar\/2021\/#\/schema\/person\/ad82545263dcc5ec0996818884fd5fb1\",\"name\":\"Arnaldo Botto\",\"image\":{\"@type\":\"ImageObject\",\"inLanguage\":\"es\",\"@id\":\"https:\/\/www.noticiasradioreflejos.com.ar\/2021\/#\/schema\/person\/image\/\",\"url\":\"https:\/\/secure.gravatar.com\/avatar\/55cb5e37c1efa326397366e6974cb338056df65cb50e7d64d1cf314e87504837?s=96&d=mm&r=g\",\"contentUrl\":\"https:\/\/secure.gravatar.com\/avatar\/55cb5e37c1efa326397366e6974cb338056df65cb50e7d64d1cf314e87504837?s=96&d=mm&r=g\",\"caption\":\"Arnaldo Botto\"},\"url\":\"https:\/\/www.noticiasradioreflejos.com.ar\/2021\/author\/arnaldo\/\"}]}<\/script>\n<!-- \/ Yoast SEO plugin. -->","yoast_head_json":{"title":"Inseguridad en Tornquist: \"Uno entiende que hay poco personal (policial), pero esto tiene que generar preocupaci\u00f3n a nivel de todo el pueblo\" - Noticias Radio Reflejos","robots":{"index":"index","follow":"follow","max-snippet":"max-snippet:-1","max-image-preview":"max-image-preview:large","max-video-preview":"max-video-preview:-1"},"canonical":"https:\/\/www.noticiasradioreflejos.com.ar\/2021\/inseguridad-en-tornquist-uno-entiende-que-hay-poco-personal-policial-pero-esto-tiene-que-generar-preocupacion-a-nivel-de-todo-el-pueblo\/","og_locale":"es_ES","og_type":"article","og_title":"Inseguridad en Tornquist: \"Uno entiende que hay poco personal (policial), pero esto tiene que generar preocupaci\u00f3n a nivel de todo el pueblo\" - Noticias Radio Reflejos","og_description":"Guido Sgammini sufri\u00f3 de nuevo otra entradera a su casa en Tornquist el S\u00e1bado por la noche y nos describe en esta nota c\u00f3mo fue que sucedi\u00f3 el hecho delictivo.","og_url":"https:\/\/www.noticiasradioreflejos.com.ar\/2021\/inseguridad-en-tornquist-uno-entiende-que-hay-poco-personal-policial-pero-esto-tiene-que-generar-preocupacion-a-nivel-de-todo-el-pueblo\/","og_site_name":"Noticias Radio Reflejos","article_published_time":"2021-03-03T20:06:22+00:00","og_image":[{"width":300,"height":200,"url":"https:\/\/www.noticiasradioreflejos.com.ar\/2021\/wp-content\/uploads\/2021\/07\/logosol300x200.png","type":"image\/png"}],"author":"Arnaldo Botto","twitter_card":"summary_large_image","schema":{"@context":"https:\/\/schema.org","@graph":[{"@type":"WebPage","@id":"https:\/\/www.noticiasradioreflejos.com.ar\/2021\/inseguridad-en-tornquist-uno-entiende-que-hay-poco-personal-policial-pero-esto-tiene-que-generar-preocupacion-a-nivel-de-todo-el-pueblo\/","url":"https:\/\/www.noticiasradioreflejos.com.ar\/2021\/inseguridad-en-tornquist-uno-entiende-que-hay-poco-personal-policial-pero-esto-tiene-que-generar-preocupacion-a-nivel-de-todo-el-pueblo\/","name":"Inseguridad en Tornquist: \"Uno entiende que hay poco personal (policial), pero esto tiene que generar preocupaci\u00f3n a nivel de todo el pueblo\" - Noticias Radio Reflejos","isPartOf":{"@id":"https:\/\/www.noticiasradioreflejos.com.ar\/2021\/#website"},"datePublished":"2021-03-03T20:06:22+00:00","author":{"@id":"https:\/\/www.noticiasradioreflejos.com.ar\/2021\/#\/schema\/person\/ad82545263dcc5ec0996818884fd5fb1"},"breadcrumb":{"@id":"https:\/\/www.noticiasradioreflejos.com.ar\/2021\/inseguridad-en-tornquist-uno-entiende-que-hay-poco-personal-policial-pero-esto-tiene-que-generar-preocupacion-a-nivel-de-todo-el-pueblo\/#breadcrumb"},"inLanguage":"es","potentialAction":[{"@type":"ReadAction","target":["https:\/\/www.noticiasradioreflejos.com.ar\/2021\/inseguridad-en-tornquist-uno-entiende-que-hay-poco-personal-policial-pero-esto-tiene-que-generar-preocupacion-a-nivel-de-todo-el-pueblo\/"]}]},{"@type":"BreadcrumbList","@id":"https:\/\/www.noticiasradioreflejos.com.ar\/2021\/inseguridad-en-tornquist-uno-entiende-que-hay-poco-personal-policial-pero-esto-tiene-que-generar-preocupacion-a-nivel-de-todo-el-pueblo\/#breadcrumb","itemListElement":[{"@type":"ListItem","position":1,"name":"Portada","item":"https:\/\/www.noticiasradioreflejos.com.ar\/2021\/"},{"@type":"ListItem","position":2,"name":"Inseguridad en Tornquist: \u00abUno entiende que hay poco personal (policial), pero esto tiene que generar preocupaci\u00f3n a nivel de todo el pueblo\u00bb"}]},{"@type":"WebSite","@id":"https:\/\/www.noticiasradioreflejos.com.ar\/2021\/#website","url":"https:\/\/www.noticiasradioreflejos.com.ar\/2021\/","name":"Noticias Radio Reflejos","description":"Las noticias de mi comarca","potentialAction":[{"@type":"SearchAction","target":{"@type":"EntryPoint","urlTemplate":"https:\/\/www.noticiasradioreflejos.com.ar\/2021\/?s={search_term_string}"},"query-input":{"@type":"PropertyValueSpecification","valueRequired":true,"valueName":"search_term_string"}}],"inLanguage":"es"},{"@type":"Person","@id":"https:\/\/www.noticiasradioreflejos.com.ar\/2021\/#\/schema\/person\/ad82545263dcc5ec0996818884fd5fb1","name":"Arnaldo Botto","image":{"@type":"ImageObject","inLanguage":"es","@id":"https:\/\/www.noticiasradioreflejos.com.ar\/2021\/#\/schema\/person\/image\/","url":"https:\/\/secure.gravatar.com\/avatar\/55cb5e37c1efa326397366e6974cb338056df65cb50e7d64d1cf314e87504837?s=96&d=mm&r=g","contentUrl":"https:\/\/secure.gravatar.com\/avatar\/55cb5e37c1efa326397366e6974cb338056df65cb50e7d64d1cf314e87504837?s=96&d=mm&r=g","caption":"Arnaldo Botto"},"url":"https:\/\/www.noticiasradioreflejos.com.ar\/2021\/author\/arnaldo\/"}]}},"_links":{"self":[{"href":"https:\/\/www.noticiasradioreflejos.com.ar\/2021\/wp-json\/wp\/v2\/posts\/53302","targetHints":{"allow":["GET"]}}],"collection":[{"href":"https:\/\/www.noticiasradioreflejos.com.ar\/2021\/wp-json\/wp\/v2\/posts"}],"about":[{"href":"https:\/\/www.noticiasradioreflejos.com.ar\/2021\/wp-json\/wp\/v2\/types\/post"}],"author":[{"embeddable":true,"href":"https:\/\/www.noticiasradioreflejos.com.ar\/2021\/wp-json\/wp\/v2\/users\/3"}],"replies":[{"embeddable":true,"href":"https:\/\/www.noticiasradioreflejos.com.ar\/2021\/wp-json\/wp\/v2\/comments?post=53302"}],"version-history":[{"count":0,"href":"https:\/\/www.noticiasradioreflejos.com.ar\/2021\/wp-json\/wp\/v2\/posts\/53302\/revisions"}],"wp:attachment":[{"href":"https:\/\/www.noticiasradioreflejos.com.ar\/2021\/wp-json\/wp\/v2\/media?parent=53302"}],"wp:term":[{"taxonomy":"category","embeddable":true,"href":"https:\/\/www.noticiasradioreflejos.com.ar\/2021\/wp-json\/wp\/v2\/categories?post=53302"},{"taxonomy":"post_tag","embeddable":true,"href":"https:\/\/www.noticiasradioreflejos.com.ar\/2021\/wp-json\/wp\/v2\/tags?post=53302"}],"curies":[{"name":"wp","href":"https:\/\/api.w.org\/{rel}","templated":true}]}}