{"id":53300,"date":"2021-03-03T12:50:38","date_gmt":"2021-03-03T15:50:38","guid":{"rendered":"http:\/\/www.noticiasradioreflejos.com.ar\/noticias\/?p=53300"},"modified":"2021-03-03T12:50:38","modified_gmt":"2021-03-03T15:50:38","slug":"detectan-que-hay-transmision-comunitaria-de-las-variantes-de-gran-bretana-y-la-de-rio-de-janeiro-en-la-argentina","status":"publish","type":"post","link":"https:\/\/www.noticiasradioreflejos.com.ar\/2021\/detectan-que-hay-transmision-comunitaria-de-las-variantes-de-gran-bretana-y-la-de-rio-de-janeiro-en-la-argentina\/","title":{"rendered":"Detectan que hay transmisi\u00f3n comunitaria de las variantes de Gran Breta\u00f1a y la de R\u00edo de Janeiro en la Argentina"},"content":{"rendered":"<p>Lo informaron cient\u00edficos del Consorcio Pa\u00eds, que depende del Ministerio de Ciencia de la Naci\u00f3n. Tambi\u00e9n se detect\u00f3 la variante de Manaos en un viajero.<!--more--><\/p>\n<div id=\"fD19292ozasrWr\" class=\"wrapper clearfix col-lg-12 pb-feature pb-layout-item pb-f-article-header col-md-12 col-sm-12 col-xs-12 no-align\"><\/div>\n<div id=\"cMa4O41ozasrWr\" class=\"col-md-8 col-sm-12 col-xs-12 pb-layout-item pb-chain pb-c-list-chain left-align\">\n<div id=\"f08la42ozasrWr\" class=\"wrapper clearfix full pb-feature pb-layout-item pb-f-article-body no-align\">\n<div id=\"article-body\" class=\"article-body article-body-elements\">\n<div id=\"article-content\">\n<div class=\"row pb-content-type-image\">\n<figure class=\"element element-image col-xs-12\">\n<div class=\"single-image\">\n<p><img decoding=\"async\" id=\"PGIPIH2XFZEVZDUIC5BDEFYKKQ\" class=\"image-lazy\" src=\"https:\/\/www.infobae.com\/new-resizer\/73PAHqHyLa9QupN2mVhNdiHVNpE=\/750x0\/filters:quality(100)\/cloudfront-us-east-1.images.arcpublishing.com\/infobae\/PGIPIH2XFZEVZDUIC5BDEFYKKQ.jpg\" alt=\"Se estudiaron 81 muestras de pacientes de Ciudad de Buenos Aires y provincia de Buenos Aires. Se detect\u00f3 que las variantes de Gran Breta\u00f1a y de R\u00edo de Janeiro ya circulan por transmisi\u00f3n comunitaria (Shutterstock)\" width=\"750\" height=\"421.875\" data-url=\"https:\/\/www.infobae.com\/coronavirus\/2021\/03\/03\/detectan-que-hay-transmision-comunitaria-de-las-variantes-de-gran-bretana-y-la-de-rio-de-janeiro-en-la-argentina\/%23PGIPIH2XFZEVZDUIC5BDEFYKKQ\" data-original=\"https:\/\/www.infobae.com\/new-resizer\/73PAHqHyLa9QupN2mVhNdiHVNpE=\/750x0\/filters:quality(100)\/cloudfront-us-east-1.images.arcpublishing.com\/infobae\/PGIPIH2XFZEVZDUIC5BDEFYKKQ.jpg\" \/><\/p>\n<\/div><figcaption class=\"\"><span class=\"credit\">Se estudiaron 81 muestras de pacientes de Ciudad de Buenos Aires y provincia de Buenos Aires. Se detect\u00f3 que las variantes de Gran Breta\u00f1a y de R\u00edo de Janeiro ya circulan por transmisi\u00f3n comunitaria (Shutterstock)<\/span><\/figcaption><\/figure>\n<\/div>\n<div class=\"row pb-content-type-text\">\n<div class=\"col-xs-12 col-print-12\">\n<p class=\"element element-paragraph\">Ya hay transmisi\u00f3n comunitaria en la Argentina de las variantes del coronavirus que fueron detectadas en el Reino Unido y en R\u00edo de Janeiro, Brasil, seg\u00fan detect\u00f3 el Consorcio Pa\u00eds, que depende del Ministerio de Ciencia de la Naci\u00f3n. Se trata de casos confirmados de COVID-19 que no ten\u00edan antecedentes de viajes.<\/p>\n<\/div>\n<\/div>\n<div class=\"row pb-content-type-text\">\n<div class=\"col-xs-12 col-print-12\">\n<p class=\"element element-paragraph\">\u201cHemos encontrado un caso de variante del Reino Unido en un paciente del partido de La Matanza. En ese caso, la infecci\u00f3n con la variante fue adquirida en la comunidad\u201d, inform\u00f3 a\u00a0<b>Infobae<\/b>\u00a0la investigadora del Conicet y del Hospital de Ni\u00f1os Ricardo Guti\u00e9rrez, Mariana Viegas, quien fue una de las impulsoras del Consorcio Pa\u00eds para la vigilancia gen\u00f3mica del coronavirus.<\/p>\n<\/div>\n<\/div>\n<div class=\"row pb-content-type-text\">\n<div class=\"col-xs-12 col-print-12\">\n<p class=\"element element-paragraph\">La variante 501Y.V1 (linaje B.1.1.7) hab\u00eda sido detectada en el Reino Unido el 20 de septiembre del a\u00f1o pasado. Ya fue reportada en 94 pa\u00edses, incluidos Argentina, Brasil, Chile, Ecuador, Per\u00fa y Uruguay, dentro de Am\u00e9rica del Sur.\u00a0<b>En nuestro pa\u00eds se hab\u00eda encontrado por primera vez en una muestra de finales de diciembre de 2020<\/b>, proveniente de un argentino residente en Reino Unido que result\u00f3 positivo para SARS-CoV-2 al arribar al aeropuerto de Ezeiza desde Frankfurt.<mark class=\"hl_yellow\">\u00a0Ahora,<b>\u00a0los investigadores identificaron la transmisi\u00f3n comunitaria de la variante en provincia de Buenos Aires y en Ciudad de Buenos Aires.<\/b>\u00a0Es decir, ya no se puede identificar cu\u00e1l es el nexo epidemiol\u00f3gico por el cual la persona se contagi\u00f3 el virus.<\/mark><\/p>\n<\/div>\n<\/div>\n<div class=\"row pb-content-type-image\">\n<figure class=\"element element-image col-xs-12\">\n<div class=\"single-image\">\n<div class=\"shares\"><\/div>\n<p><img decoding=\"async\" id=\"GRIOEWJTGJBXZPPKIJJXL7NTRQ\" class=\"image-lazy\" src=\"https:\/\/www.infobae.com\/new-resizer\/hLUEu59Mg7YqIEqgC9oNifOH5NE=\/750x0\/filters:quality(100)\/cloudfront-us-east-1.images.arcpublishing.com\/infobae\/GRIOEWJTGJBXZPPKIJJXL7NTRQ.jpg\" alt=\"La cient\u00edfica Mariana Viegas con el equipo de trabajo del Consorcio Pa\u00eds vienen realizando la vigilancia activa de las variantes del coronavirus (Natalie Alcoba)\" width=\"750\" height=\"422.0\" data-url=\"https:\/\/www.infobae.com\/coronavirus\/2021\/03\/03\/detectan-que-hay-transmision-comunitaria-de-las-variantes-de-gran-bretana-y-la-de-rio-de-janeiro-en-la-argentina\/%23GRIOEWJTGJBXZPPKIJJXL7NTRQ\" data-original=\"https:\/\/www.infobae.com\/new-resizer\/hLUEu59Mg7YqIEqgC9oNifOH5NE=\/750x0\/filters:quality(100)\/cloudfront-us-east-1.images.arcpublishing.com\/infobae\/GRIOEWJTGJBXZPPKIJJXL7NTRQ.jpg\" \/><\/p>\n<\/div><figcaption class=\"\"><span class=\"credit\">La cient\u00edfica Mariana Viegas con el equipo de trabajo del Consorcio Pa\u00eds vienen realizando la vigilancia activa de las variantes del coronavirus (Natalie Alcoba)<\/span><\/figcaption><\/figure>\n<\/div>\n<div class=\"row pb-content-type-text\">\n<div class=\"col-xs-12 col-print-12\">\n<p class=\"element element-paragraph\"><b>Con respecto a la variante de R\u00edo de Janeiro<\/b>\u00a0fue detectada en octubre de 2020 en Brasil. Actualmente, esta variante ha sido detectada en 20 pa\u00edses,<b>\u00a0incluida la Argentina, con circulaci\u00f3n comunitaria, seg\u00fan confirm\u00f3 el Consorcio Pa\u00eds.\u00a0<\/b>En su \u00faltimo comunicado, el grupo de investigadores detall\u00f3 que realiz\u00f3 la secuenciaci\u00f3n parcial del gen de la prote\u00edna Spike del SARS-CoV-2 en 81 muestras de pacientes provenientes de Capital y la Provincia de Buenos Aires desde el 27 de enero al 21 de febrero<\/p>\n<\/div>\n<\/div>\n<div class=\"row pb-content-type-text\">\n<div class=\"col-xs-12 col-print-12\">\n<p class=\"element element-paragraph\">\u201cEstamos observando un aumento de la frecuencia de la mutaci\u00f3n E484K en Spike asociada a la variante de R\u00edo de Janeiro que ya est\u00e1 circulando en forma comunitaria\u201d, agreg\u00f3 la doctora Viegas.<mark class=\"hl_yellow\">\u00a0<b>Los investigadores tambi\u00e9n hicieron vigilancia de la variante de Manaos , y encontraron 2 casos.<\/b>\u00a0En un caso se trata de un viajero que vino de Brasil. En el segundo caso, es un contacto estrecho de un viajero. Es decir, con respecto a la variante de Manaos, a\u00fan el Consorcio Pa\u00eds no detect\u00f3 transmisi\u00f3n comunitaria.<\/mark><\/p>\n<\/div>\n<\/div>\n<\/div>\n<\/div>\n<\/div>\n<\/div>\n","protected":false},"excerpt":{"rendered":"<p>Lo informaron cient\u00edficos del Consorcio Pa\u00eds, que depende del Ministerio de Ciencia de la Naci\u00f3n. Tambi\u00e9n se detect\u00f3 la variante de Manaos en un viajero.<\/p>\n","protected":false},"author":3,"featured_media":0,"comment_status":"closed","ping_status":"open","sticky":false,"template":"","format":"standard","meta":{"footnotes":""},"categories":[30],"tags":[],"class_list":["post-53300","post","type-post","status-publish","format-standard","hentry","category-salud"],"yoast_head":"<!-- This site is optimized with the Yoast SEO plugin v25.9 - https:\/\/yoast.com\/wordpress\/plugins\/seo\/ -->\n<title>Detectan que hay transmisi\u00f3n comunitaria de las variantes de Gran Breta\u00f1a y la de R\u00edo de Janeiro en la Argentina - Noticias Radio Reflejos<\/title>\n<meta name=\"robots\" content=\"index, follow, max-snippet:-1, max-image-preview:large, max-video-preview:-1\" \/>\n<link rel=\"canonical\" href=\"https:\/\/www.noticiasradioreflejos.com.ar\/2021\/detectan-que-hay-transmision-comunitaria-de-las-variantes-de-gran-bretana-y-la-de-rio-de-janeiro-en-la-argentina\/\" \/>\n<meta property=\"og:locale\" content=\"es_ES\" \/>\n<meta property=\"og:type\" content=\"article\" \/>\n<meta property=\"og:title\" content=\"Detectan que hay transmisi\u00f3n comunitaria de las variantes de Gran Breta\u00f1a y la de R\u00edo de Janeiro en la Argentina - Noticias Radio Reflejos\" \/>\n<meta property=\"og:description\" content=\"Lo informaron cient\u00edficos del Consorcio Pa\u00eds, que depende del Ministerio de Ciencia de la Naci\u00f3n. Tambi\u00e9n se detect\u00f3 la variante de Manaos en un viajero.\" \/>\n<meta property=\"og:url\" content=\"https:\/\/www.noticiasradioreflejos.com.ar\/2021\/detectan-que-hay-transmision-comunitaria-de-las-variantes-de-gran-bretana-y-la-de-rio-de-janeiro-en-la-argentina\/\" \/>\n<meta property=\"og:site_name\" content=\"Noticias Radio Reflejos\" \/>\n<meta property=\"article:published_time\" content=\"2021-03-03T15:50:38+00:00\" \/>\n<meta property=\"og:image\" content=\"https:\/\/www.infobae.com\/new-resizer\/73PAHqHyLa9QupN2mVhNdiHVNpE=\/750x0\/filters:quality(100)\/cloudfront-us-east-1.images.arcpublishing.com\/infobae\/PGIPIH2XFZEVZDUIC5BDEFYKKQ.jpg\" \/>\n<meta name=\"author\" content=\"Arnaldo Botto\" \/>\n<meta name=\"twitter:card\" content=\"summary_large_image\" \/>\n<script type=\"application\/ld+json\" class=\"yoast-schema-graph\">{\"@context\":\"https:\/\/schema.org\",\"@graph\":[{\"@type\":\"WebPage\",\"@id\":\"https:\/\/www.noticiasradioreflejos.com.ar\/2021\/detectan-que-hay-transmision-comunitaria-de-las-variantes-de-gran-bretana-y-la-de-rio-de-janeiro-en-la-argentina\/\",\"url\":\"https:\/\/www.noticiasradioreflejos.com.ar\/2021\/detectan-que-hay-transmision-comunitaria-de-las-variantes-de-gran-bretana-y-la-de-rio-de-janeiro-en-la-argentina\/\",\"name\":\"Detectan que hay transmisi\u00f3n comunitaria de las variantes de Gran Breta\u00f1a y la de R\u00edo de Janeiro en la Argentina - Noticias Radio Reflejos\",\"isPartOf\":{\"@id\":\"https:\/\/www.noticiasradioreflejos.com.ar\/2021\/#website\"},\"primaryImageOfPage\":{\"@id\":\"https:\/\/www.noticiasradioreflejos.com.ar\/2021\/detectan-que-hay-transmision-comunitaria-de-las-variantes-de-gran-bretana-y-la-de-rio-de-janeiro-en-la-argentina\/#primaryimage\"},\"image\":{\"@id\":\"https:\/\/www.noticiasradioreflejos.com.ar\/2021\/detectan-que-hay-transmision-comunitaria-de-las-variantes-de-gran-bretana-y-la-de-rio-de-janeiro-en-la-argentina\/#primaryimage\"},\"thumbnailUrl\":\"https:\/\/www.infobae.com\/new-resizer\/73PAHqHyLa9QupN2mVhNdiHVNpE=\/750x0\/filters:quality(100)\/cloudfront-us-east-1.images.arcpublishing.com\/infobae\/PGIPIH2XFZEVZDUIC5BDEFYKKQ.jpg\",\"datePublished\":\"2021-03-03T15:50:38+00:00\",\"author\":{\"@id\":\"https:\/\/www.noticiasradioreflejos.com.ar\/2021\/#\/schema\/person\/ad82545263dcc5ec0996818884fd5fb1\"},\"breadcrumb\":{\"@id\":\"https:\/\/www.noticiasradioreflejos.com.ar\/2021\/detectan-que-hay-transmision-comunitaria-de-las-variantes-de-gran-bretana-y-la-de-rio-de-janeiro-en-la-argentina\/#breadcrumb\"},\"inLanguage\":\"es\",\"potentialAction\":[{\"@type\":\"ReadAction\",\"target\":[\"https:\/\/www.noticiasradioreflejos.com.ar\/2021\/detectan-que-hay-transmision-comunitaria-de-las-variantes-de-gran-bretana-y-la-de-rio-de-janeiro-en-la-argentina\/\"]}]},{\"@type\":\"ImageObject\",\"inLanguage\":\"es\",\"@id\":\"https:\/\/www.noticiasradioreflejos.com.ar\/2021\/detectan-que-hay-transmision-comunitaria-de-las-variantes-de-gran-bretana-y-la-de-rio-de-janeiro-en-la-argentina\/#primaryimage\",\"url\":\"https:\/\/www.infobae.com\/new-resizer\/73PAHqHyLa9QupN2mVhNdiHVNpE=\/750x0\/filters:quality(100)\/cloudfront-us-east-1.images.arcpublishing.com\/infobae\/PGIPIH2XFZEVZDUIC5BDEFYKKQ.jpg\",\"contentUrl\":\"https:\/\/www.infobae.com\/new-resizer\/73PAHqHyLa9QupN2mVhNdiHVNpE=\/750x0\/filters:quality(100)\/cloudfront-us-east-1.images.arcpublishing.com\/infobae\/PGIPIH2XFZEVZDUIC5BDEFYKKQ.jpg\"},{\"@type\":\"BreadcrumbList\",\"@id\":\"https:\/\/www.noticiasradioreflejos.com.ar\/2021\/detectan-que-hay-transmision-comunitaria-de-las-variantes-de-gran-bretana-y-la-de-rio-de-janeiro-en-la-argentina\/#breadcrumb\",\"itemListElement\":[{\"@type\":\"ListItem\",\"position\":1,\"name\":\"Portada\",\"item\":\"https:\/\/www.noticiasradioreflejos.com.ar\/2021\/\"},{\"@type\":\"ListItem\",\"position\":2,\"name\":\"Detectan que hay transmisi\u00f3n comunitaria de las variantes de Gran Breta\u00f1a y la de R\u00edo de Janeiro en la Argentina\"}]},{\"@type\":\"WebSite\",\"@id\":\"https:\/\/www.noticiasradioreflejos.com.ar\/2021\/#website\",\"url\":\"https:\/\/www.noticiasradioreflejos.com.ar\/2021\/\",\"name\":\"Noticias Radio Reflejos\",\"description\":\"Las noticias de mi comarca\",\"potentialAction\":[{\"@type\":\"SearchAction\",\"target\":{\"@type\":\"EntryPoint\",\"urlTemplate\":\"https:\/\/www.noticiasradioreflejos.com.ar\/2021\/?s={search_term_string}\"},\"query-input\":{\"@type\":\"PropertyValueSpecification\",\"valueRequired\":true,\"valueName\":\"search_term_string\"}}],\"inLanguage\":\"es\"},{\"@type\":\"Person\",\"@id\":\"https:\/\/www.noticiasradioreflejos.com.ar\/2021\/#\/schema\/person\/ad82545263dcc5ec0996818884fd5fb1\",\"name\":\"Arnaldo Botto\",\"image\":{\"@type\":\"ImageObject\",\"inLanguage\":\"es\",\"@id\":\"https:\/\/www.noticiasradioreflejos.com.ar\/2021\/#\/schema\/person\/image\/\",\"url\":\"https:\/\/secure.gravatar.com\/avatar\/55cb5e37c1efa326397366e6974cb338056df65cb50e7d64d1cf314e87504837?s=96&d=mm&r=g\",\"contentUrl\":\"https:\/\/secure.gravatar.com\/avatar\/55cb5e37c1efa326397366e6974cb338056df65cb50e7d64d1cf314e87504837?s=96&d=mm&r=g\",\"caption\":\"Arnaldo Botto\"},\"url\":\"https:\/\/www.noticiasradioreflejos.com.ar\/2021\/author\/arnaldo\/\"}]}<\/script>\n<!-- \/ Yoast SEO plugin. -->","yoast_head_json":{"title":"Detectan que hay transmisi\u00f3n comunitaria de las variantes de Gran Breta\u00f1a y la de R\u00edo de Janeiro en la Argentina - Noticias Radio Reflejos","robots":{"index":"index","follow":"follow","max-snippet":"max-snippet:-1","max-image-preview":"max-image-preview:large","max-video-preview":"max-video-preview:-1"},"canonical":"https:\/\/www.noticiasradioreflejos.com.ar\/2021\/detectan-que-hay-transmision-comunitaria-de-las-variantes-de-gran-bretana-y-la-de-rio-de-janeiro-en-la-argentina\/","og_locale":"es_ES","og_type":"article","og_title":"Detectan que hay transmisi\u00f3n comunitaria de las variantes de Gran Breta\u00f1a y la de R\u00edo de Janeiro en la Argentina - Noticias Radio Reflejos","og_description":"Lo informaron cient\u00edficos del Consorcio Pa\u00eds, que depende del Ministerio de Ciencia de la Naci\u00f3n. Tambi\u00e9n se detect\u00f3 la variante de Manaos en un viajero.","og_url":"https:\/\/www.noticiasradioreflejos.com.ar\/2021\/detectan-que-hay-transmision-comunitaria-de-las-variantes-de-gran-bretana-y-la-de-rio-de-janeiro-en-la-argentina\/","og_site_name":"Noticias Radio Reflejos","article_published_time":"2021-03-03T15:50:38+00:00","og_image":[{"url":"https:\/\/www.infobae.com\/new-resizer\/73PAHqHyLa9QupN2mVhNdiHVNpE=\/750x0\/filters:quality(100)\/cloudfront-us-east-1.images.arcpublishing.com\/infobae\/PGIPIH2XFZEVZDUIC5BDEFYKKQ.jpg","type":"","width":"","height":""}],"author":"Arnaldo Botto","twitter_card":"summary_large_image","schema":{"@context":"https:\/\/schema.org","@graph":[{"@type":"WebPage","@id":"https:\/\/www.noticiasradioreflejos.com.ar\/2021\/detectan-que-hay-transmision-comunitaria-de-las-variantes-de-gran-bretana-y-la-de-rio-de-janeiro-en-la-argentina\/","url":"https:\/\/www.noticiasradioreflejos.com.ar\/2021\/detectan-que-hay-transmision-comunitaria-de-las-variantes-de-gran-bretana-y-la-de-rio-de-janeiro-en-la-argentina\/","name":"Detectan que hay transmisi\u00f3n comunitaria de las variantes de Gran Breta\u00f1a y la de R\u00edo de Janeiro en la Argentina - Noticias Radio Reflejos","isPartOf":{"@id":"https:\/\/www.noticiasradioreflejos.com.ar\/2021\/#website"},"primaryImageOfPage":{"@id":"https:\/\/www.noticiasradioreflejos.com.ar\/2021\/detectan-que-hay-transmision-comunitaria-de-las-variantes-de-gran-bretana-y-la-de-rio-de-janeiro-en-la-argentina\/#primaryimage"},"image":{"@id":"https:\/\/www.noticiasradioreflejos.com.ar\/2021\/detectan-que-hay-transmision-comunitaria-de-las-variantes-de-gran-bretana-y-la-de-rio-de-janeiro-en-la-argentina\/#primaryimage"},"thumbnailUrl":"https:\/\/www.infobae.com\/new-resizer\/73PAHqHyLa9QupN2mVhNdiHVNpE=\/750x0\/filters:quality(100)\/cloudfront-us-east-1.images.arcpublishing.com\/infobae\/PGIPIH2XFZEVZDUIC5BDEFYKKQ.jpg","datePublished":"2021-03-03T15:50:38+00:00","author":{"@id":"https:\/\/www.noticiasradioreflejos.com.ar\/2021\/#\/schema\/person\/ad82545263dcc5ec0996818884fd5fb1"},"breadcrumb":{"@id":"https:\/\/www.noticiasradioreflejos.com.ar\/2021\/detectan-que-hay-transmision-comunitaria-de-las-variantes-de-gran-bretana-y-la-de-rio-de-janeiro-en-la-argentina\/#breadcrumb"},"inLanguage":"es","potentialAction":[{"@type":"ReadAction","target":["https:\/\/www.noticiasradioreflejos.com.ar\/2021\/detectan-que-hay-transmision-comunitaria-de-las-variantes-de-gran-bretana-y-la-de-rio-de-janeiro-en-la-argentina\/"]}]},{"@type":"ImageObject","inLanguage":"es","@id":"https:\/\/www.noticiasradioreflejos.com.ar\/2021\/detectan-que-hay-transmision-comunitaria-de-las-variantes-de-gran-bretana-y-la-de-rio-de-janeiro-en-la-argentina\/#primaryimage","url":"https:\/\/www.infobae.com\/new-resizer\/73PAHqHyLa9QupN2mVhNdiHVNpE=\/750x0\/filters:quality(100)\/cloudfront-us-east-1.images.arcpublishing.com\/infobae\/PGIPIH2XFZEVZDUIC5BDEFYKKQ.jpg","contentUrl":"https:\/\/www.infobae.com\/new-resizer\/73PAHqHyLa9QupN2mVhNdiHVNpE=\/750x0\/filters:quality(100)\/cloudfront-us-east-1.images.arcpublishing.com\/infobae\/PGIPIH2XFZEVZDUIC5BDEFYKKQ.jpg"},{"@type":"BreadcrumbList","@id":"https:\/\/www.noticiasradioreflejos.com.ar\/2021\/detectan-que-hay-transmision-comunitaria-de-las-variantes-de-gran-bretana-y-la-de-rio-de-janeiro-en-la-argentina\/#breadcrumb","itemListElement":[{"@type":"ListItem","position":1,"name":"Portada","item":"https:\/\/www.noticiasradioreflejos.com.ar\/2021\/"},{"@type":"ListItem","position":2,"name":"Detectan que hay transmisi\u00f3n comunitaria de las variantes de Gran Breta\u00f1a y la de R\u00edo de Janeiro en la Argentina"}]},{"@type":"WebSite","@id":"https:\/\/www.noticiasradioreflejos.com.ar\/2021\/#website","url":"https:\/\/www.noticiasradioreflejos.com.ar\/2021\/","name":"Noticias Radio Reflejos","description":"Las noticias de mi comarca","potentialAction":[{"@type":"SearchAction","target":{"@type":"EntryPoint","urlTemplate":"https:\/\/www.noticiasradioreflejos.com.ar\/2021\/?s={search_term_string}"},"query-input":{"@type":"PropertyValueSpecification","valueRequired":true,"valueName":"search_term_string"}}],"inLanguage":"es"},{"@type":"Person","@id":"https:\/\/www.noticiasradioreflejos.com.ar\/2021\/#\/schema\/person\/ad82545263dcc5ec0996818884fd5fb1","name":"Arnaldo Botto","image":{"@type":"ImageObject","inLanguage":"es","@id":"https:\/\/www.noticiasradioreflejos.com.ar\/2021\/#\/schema\/person\/image\/","url":"https:\/\/secure.gravatar.com\/avatar\/55cb5e37c1efa326397366e6974cb338056df65cb50e7d64d1cf314e87504837?s=96&d=mm&r=g","contentUrl":"https:\/\/secure.gravatar.com\/avatar\/55cb5e37c1efa326397366e6974cb338056df65cb50e7d64d1cf314e87504837?s=96&d=mm&r=g","caption":"Arnaldo Botto"},"url":"https:\/\/www.noticiasradioreflejos.com.ar\/2021\/author\/arnaldo\/"}]}},"_links":{"self":[{"href":"https:\/\/www.noticiasradioreflejos.com.ar\/2021\/wp-json\/wp\/v2\/posts\/53300","targetHints":{"allow":["GET"]}}],"collection":[{"href":"https:\/\/www.noticiasradioreflejos.com.ar\/2021\/wp-json\/wp\/v2\/posts"}],"about":[{"href":"https:\/\/www.noticiasradioreflejos.com.ar\/2021\/wp-json\/wp\/v2\/types\/post"}],"author":[{"embeddable":true,"href":"https:\/\/www.noticiasradioreflejos.com.ar\/2021\/wp-json\/wp\/v2\/users\/3"}],"replies":[{"embeddable":true,"href":"https:\/\/www.noticiasradioreflejos.com.ar\/2021\/wp-json\/wp\/v2\/comments?post=53300"}],"version-history":[{"count":0,"href":"https:\/\/www.noticiasradioreflejos.com.ar\/2021\/wp-json\/wp\/v2\/posts\/53300\/revisions"}],"wp:attachment":[{"href":"https:\/\/www.noticiasradioreflejos.com.ar\/2021\/wp-json\/wp\/v2\/media?parent=53300"}],"wp:term":[{"taxonomy":"category","embeddable":true,"href":"https:\/\/www.noticiasradioreflejos.com.ar\/2021\/wp-json\/wp\/v2\/categories?post=53300"},{"taxonomy":"post_tag","embeddable":true,"href":"https:\/\/www.noticiasradioreflejos.com.ar\/2021\/wp-json\/wp\/v2\/tags?post=53300"}],"curies":[{"name":"wp","href":"https:\/\/api.w.org\/{rel}","templated":true}]}}