{"id":53296,"date":"2021-03-03T12:00:44","date_gmt":"2021-03-03T15:00:44","guid":{"rendered":"http:\/\/www.noticiasradioreflejos.com.ar\/noticias\/?p=53296"},"modified":"2021-03-03T12:00:44","modified_gmt":"2021-03-03T15:00:44","slug":"otro-femicidio-cometido-por-un-policia-un-oficial-de-la-bonaerense-asesino-a-una-mujer-de-41-anos-y-luego-se-suicido","status":"publish","type":"post","link":"https:\/\/www.noticiasradioreflejos.com.ar\/2021\/otro-femicidio-cometido-por-un-policia-un-oficial-de-la-bonaerense-asesino-a-una-mujer-de-41-anos-y-luego-se-suicido\/","title":{"rendered":"Otro femicidio cometido por un polic\u00eda: un oficial de la Bonaerense asesin\u00f3 a una mujer de 41 a\u00f1os y luego se suicid\u00f3"},"content":{"rendered":"<p>Ocurri\u00f3 en Madariaga. El cuerpo de la v\u00edctima, identificada como Graciela Noem\u00ed Funes, fue encontrado junto al del su presunto asesino, Franco Mauricio Torres, designado a un \u00e1rea de Inteligencia Criminal. El fiscal Walter M\u00e9rcuri investiga el hecho<!--more--><\/p>\n<div class=\"nd_buttons_container width_full display_flex\"><\/div>\n<article class=\"article | col widescreen-8 desktop-8 tablet-12 width_full\">\n<div class=\"nd-body-article\">\n<picture class=\"visual__image \"><source srcset=\"https:\/\/www.infobae.com\/new-resizer\/uJmYoCv1vbP7DWLQGo82m97iFLQ=\/768x432\/filters:format(jpg):quality(85)\/cloudfront-us-east-1.images.arcpublishing.com\/infobae\/APN7UGBLB5GYHCC5OXYYX6RHI4.jpg 768w\" type=\"image\/jpg\" \/><source srcset=\"https:\/\/www.infobae.com\/new-resizer\/Xeqf64DQA6en1f-eG_-SM0Yr7dk=\/420x236\/filters:format(jpg):quality(85)\/cloudfront-us-east-1.images.arcpublishing.com\/infobae\/APN7UGBLB5GYHCC5OXYYX6RHI4.jpg 420w\" type=\"image\/jpg\" \/><img loading=\"lazy\" decoding=\"async\" src=\"https:\/\/www.infobae.com\/new-resizer\/Xeqf64DQA6en1f-eG_-SM0Yr7dk=\/420x236\/filters:format(jpg):quality(85)\/\/cloudfront-us-east-1.images.arcpublishing.com\/infobae\/APN7UGBLB5GYHCC5OXYYX6RHI4.jpg\" alt=\"Graciela Noem\u00ed Funes, de 41 a\u00f1os\" width=\"1920\" height=\"1080\" \/>Graciela Noem\u00ed Funes, de 41 a\u00f1os<\/picture>\n<p class=\"paragraph\">Una\u00a0<b>mujer de 41 a\u00f1os fue supuestamente asesinada este mi\u00e9rcoles a la madrugada<\/b>\u00a0por un efectivo de la Polic\u00eda de la Provincia de Buenos Aires de 24 a\u00f1os de edad que tras el ataque se quit\u00f3 la vida en una casa de la localidad bonaerense de\u00a0<b>General Madariaga.<\/b><\/p>\n<p class=\"paragraph\">El hecho ocurri\u00f3<b>\u00a0cerca de las 1:45 de la ma\u00f1ana un llamado al 911 traslad\u00f3 a los efectivos de la comisar\u00eda local<\/b>\u00a0hasta una casa ubicada en la calle Arias y Fray Justo Santa Mar\u00eda de Oro de la ciudad, donde estaban los cuerpos de<b>\u00a0Franco Mauricio Torres<\/b>, un efectivo de la polic\u00eda que integraba el \u00e1rea de Inteligencia Criminal en Pinamar, junto al de\u00a0<b>Graciela Noem\u00ed Funes, a quien habr\u00eda asesinado de un disparo en la cabeza para luego quitarse la vida.<\/b><\/p>\n<p class=\"paragraph\">En el lugar se secuestr\u00f3 el arma reglamentaria de Torres, una pistola marca Bersa Thunder calibre 9 mil\u00edmetros con 11 cartuchos en el cargador y uno en la rec\u00e1mara\u00a0<b>que fue encontrada sobre una mesa<\/b>.<\/p>\n<p class=\"paragraph\">En la casa donde ocurri\u00f3 el hecho\u00a0<b>tambi\u00e9n estaba una adolescente de 14 a\u00f1os, hija de la v\u00edctima<\/b>. La chica, de acuerdo a informaci\u00f3n publicada por la agencia\u00a0<i>T\u00e9lam,<\/i>\u00a0relat\u00f3 que su madre y el polic\u00eda hab\u00edan peleado, que todo termin\u00f3 a los tiros y<b>\u00a0que ella fue quien recolect\u00f3 el arma y la dej\u00f3 sobre la mesa.<\/b><\/p>\n<p class=\"paragraph\">Los cuerpos fueron trasladados a Pinamar para la realizaci\u00f3n de las autopsias y\u00a0<b>la Polic\u00eda Cient\u00edfica llev\u00f3 a cabo pruebas de dermotest en las manos de ambos<\/b>\u00a0en b\u00fasqueda de rastros de p\u00f3lvora que determinen qui\u00e9n dispar\u00f3.<\/p>\n<p class=\"paragraph\">La investigaci\u00f3n qued\u00f3 ahora en manos del fiscal\u00a0<b>Walter Mercuri<\/b>, a cargo de la Unidad Funcional N\u00b0 8 de General Juan Madariaga. Seg\u00fan informaron fuentes policiales a este medio,\u00a0<b>no se registraron antecedentes de denuncias entre la mujer y el oficial ni medidas cautelares vigentes.\u00a0<\/b><mark class=\"hl_yellow\"><b>El fiscal orden\u00f3 tambi\u00e9n un dermotest en las manos de ambas v\u00edctimas para determinar qui\u00e9n accion\u00f3 efectivamente el gatillo.<\/b><\/mark><\/p>\n<\/div>\n<\/article>\n","protected":false},"excerpt":{"rendered":"<p>Ocurri\u00f3 en Madariaga. El cuerpo de la v\u00edctima, identificada como Graciela Noem\u00ed Funes, fue encontrado junto al del su presunto asesino, Franco Mauricio Torres, designado a un \u00e1rea de Inteligencia Criminal. El fiscal Walter M\u00e9rcuri investiga el hecho<\/p>\n","protected":false},"author":3,"featured_media":0,"comment_status":"closed","ping_status":"open","sticky":false,"template":"","format":"standard","meta":{"footnotes":""},"categories":[29],"tags":[],"class_list":["post-53296","post","type-post","status-publish","format-standard","hentry","category-policiales"],"yoast_head":"<!-- This site is optimized with the Yoast SEO plugin v25.9 - https:\/\/yoast.com\/wordpress\/plugins\/seo\/ -->\n<title>Otro femicidio cometido por un polic\u00eda: un oficial de la Bonaerense asesin\u00f3 a una mujer de 41 a\u00f1os y luego se suicid\u00f3 - Noticias Radio Reflejos<\/title>\n<meta name=\"robots\" content=\"index, follow, max-snippet:-1, max-image-preview:large, max-video-preview:-1\" \/>\n<link rel=\"canonical\" href=\"https:\/\/www.noticiasradioreflejos.com.ar\/2021\/otro-femicidio-cometido-por-un-policia-un-oficial-de-la-bonaerense-asesino-a-una-mujer-de-41-anos-y-luego-se-suicido\/\" \/>\n<meta property=\"og:locale\" content=\"es_ES\" \/>\n<meta property=\"og:type\" content=\"article\" \/>\n<meta property=\"og:title\" content=\"Otro femicidio cometido por un polic\u00eda: un oficial de la Bonaerense asesin\u00f3 a una mujer de 41 a\u00f1os y luego se suicid\u00f3 - Noticias Radio Reflejos\" \/>\n<meta property=\"og:description\" content=\"Ocurri\u00f3 en Madariaga. El cuerpo de la v\u00edctima, identificada como Graciela Noem\u00ed Funes, fue encontrado junto al del su presunto asesino, Franco Mauricio Torres, designado a un \u00e1rea de Inteligencia Criminal. El fiscal Walter M\u00e9rcuri investiga el hecho\" \/>\n<meta property=\"og:url\" content=\"https:\/\/www.noticiasradioreflejos.com.ar\/2021\/otro-femicidio-cometido-por-un-policia-un-oficial-de-la-bonaerense-asesino-a-una-mujer-de-41-anos-y-luego-se-suicido\/\" \/>\n<meta property=\"og:site_name\" content=\"Noticias Radio Reflejos\" \/>\n<meta property=\"article:published_time\" content=\"2021-03-03T15:00:44+00:00\" \/>\n<meta property=\"og:image\" content=\"https:\/\/www.infobae.com\/new-resizer\/Xeqf64DQA6en1f-eG_-SM0Yr7dk=\/420x236\/filters:format(jpg):quality(85)\/\/cloudfront-us-east-1.images.arcpublishing.com\/infobae\/APN7UGBLB5GYHCC5OXYYX6RHI4.jpg\" \/>\n<meta name=\"author\" content=\"Arnaldo Botto\" \/>\n<meta name=\"twitter:card\" content=\"summary_large_image\" \/>\n<script type=\"application\/ld+json\" class=\"yoast-schema-graph\">{\"@context\":\"https:\/\/schema.org\",\"@graph\":[{\"@type\":\"WebPage\",\"@id\":\"https:\/\/www.noticiasradioreflejos.com.ar\/2021\/otro-femicidio-cometido-por-un-policia-un-oficial-de-la-bonaerense-asesino-a-una-mujer-de-41-anos-y-luego-se-suicido\/\",\"url\":\"https:\/\/www.noticiasradioreflejos.com.ar\/2021\/otro-femicidio-cometido-por-un-policia-un-oficial-de-la-bonaerense-asesino-a-una-mujer-de-41-anos-y-luego-se-suicido\/\",\"name\":\"Otro femicidio cometido por un polic\u00eda: un oficial de la Bonaerense asesin\u00f3 a una mujer de 41 a\u00f1os y luego se suicid\u00f3 - Noticias Radio Reflejos\",\"isPartOf\":{\"@id\":\"https:\/\/www.noticiasradioreflejos.com.ar\/2021\/#website\"},\"primaryImageOfPage\":{\"@id\":\"https:\/\/www.noticiasradioreflejos.com.ar\/2021\/otro-femicidio-cometido-por-un-policia-un-oficial-de-la-bonaerense-asesino-a-una-mujer-de-41-anos-y-luego-se-suicido\/#primaryimage\"},\"image\":{\"@id\":\"https:\/\/www.noticiasradioreflejos.com.ar\/2021\/otro-femicidio-cometido-por-un-policia-un-oficial-de-la-bonaerense-asesino-a-una-mujer-de-41-anos-y-luego-se-suicido\/#primaryimage\"},\"thumbnailUrl\":\"https:\/\/www.infobae.com\/new-resizer\/Xeqf64DQA6en1f-eG_-SM0Yr7dk=\/420x236\/filters:format(jpg):quality(85)\/\/cloudfront-us-east-1.images.arcpublishing.com\/infobae\/APN7UGBLB5GYHCC5OXYYX6RHI4.jpg\",\"datePublished\":\"2021-03-03T15:00:44+00:00\",\"author\":{\"@id\":\"https:\/\/www.noticiasradioreflejos.com.ar\/2021\/#\/schema\/person\/ad82545263dcc5ec0996818884fd5fb1\"},\"breadcrumb\":{\"@id\":\"https:\/\/www.noticiasradioreflejos.com.ar\/2021\/otro-femicidio-cometido-por-un-policia-un-oficial-de-la-bonaerense-asesino-a-una-mujer-de-41-anos-y-luego-se-suicido\/#breadcrumb\"},\"inLanguage\":\"es\",\"potentialAction\":[{\"@type\":\"ReadAction\",\"target\":[\"https:\/\/www.noticiasradioreflejos.com.ar\/2021\/otro-femicidio-cometido-por-un-policia-un-oficial-de-la-bonaerense-asesino-a-una-mujer-de-41-anos-y-luego-se-suicido\/\"]}]},{\"@type\":\"ImageObject\",\"inLanguage\":\"es\",\"@id\":\"https:\/\/www.noticiasradioreflejos.com.ar\/2021\/otro-femicidio-cometido-por-un-policia-un-oficial-de-la-bonaerense-asesino-a-una-mujer-de-41-anos-y-luego-se-suicido\/#primaryimage\",\"url\":\"https:\/\/www.infobae.com\/new-resizer\/Xeqf64DQA6en1f-eG_-SM0Yr7dk=\/420x236\/filters:format(jpg):quality(85)\/\/cloudfront-us-east-1.images.arcpublishing.com\/infobae\/APN7UGBLB5GYHCC5OXYYX6RHI4.jpg\",\"contentUrl\":\"https:\/\/www.infobae.com\/new-resizer\/Xeqf64DQA6en1f-eG_-SM0Yr7dk=\/420x236\/filters:format(jpg):quality(85)\/\/cloudfront-us-east-1.images.arcpublishing.com\/infobae\/APN7UGBLB5GYHCC5OXYYX6RHI4.jpg\"},{\"@type\":\"BreadcrumbList\",\"@id\":\"https:\/\/www.noticiasradioreflejos.com.ar\/2021\/otro-femicidio-cometido-por-un-policia-un-oficial-de-la-bonaerense-asesino-a-una-mujer-de-41-anos-y-luego-se-suicido\/#breadcrumb\",\"itemListElement\":[{\"@type\":\"ListItem\",\"position\":1,\"name\":\"Portada\",\"item\":\"https:\/\/www.noticiasradioreflejos.com.ar\/2021\/\"},{\"@type\":\"ListItem\",\"position\":2,\"name\":\"Otro femicidio cometido por un polic\u00eda: un oficial de la Bonaerense asesin\u00f3 a una mujer de 41 a\u00f1os y luego se suicid\u00f3\"}]},{\"@type\":\"WebSite\",\"@id\":\"https:\/\/www.noticiasradioreflejos.com.ar\/2021\/#website\",\"url\":\"https:\/\/www.noticiasradioreflejos.com.ar\/2021\/\",\"name\":\"Noticias Radio Reflejos\",\"description\":\"Las noticias de mi comarca\",\"potentialAction\":[{\"@type\":\"SearchAction\",\"target\":{\"@type\":\"EntryPoint\",\"urlTemplate\":\"https:\/\/www.noticiasradioreflejos.com.ar\/2021\/?s={search_term_string}\"},\"query-input\":{\"@type\":\"PropertyValueSpecification\",\"valueRequired\":true,\"valueName\":\"search_term_string\"}}],\"inLanguage\":\"es\"},{\"@type\":\"Person\",\"@id\":\"https:\/\/www.noticiasradioreflejos.com.ar\/2021\/#\/schema\/person\/ad82545263dcc5ec0996818884fd5fb1\",\"name\":\"Arnaldo Botto\",\"image\":{\"@type\":\"ImageObject\",\"inLanguage\":\"es\",\"@id\":\"https:\/\/www.noticiasradioreflejos.com.ar\/2021\/#\/schema\/person\/image\/\",\"url\":\"https:\/\/secure.gravatar.com\/avatar\/55cb5e37c1efa326397366e6974cb338056df65cb50e7d64d1cf314e87504837?s=96&d=mm&r=g\",\"contentUrl\":\"https:\/\/secure.gravatar.com\/avatar\/55cb5e37c1efa326397366e6974cb338056df65cb50e7d64d1cf314e87504837?s=96&d=mm&r=g\",\"caption\":\"Arnaldo Botto\"},\"url\":\"https:\/\/www.noticiasradioreflejos.com.ar\/2021\/author\/arnaldo\/\"}]}<\/script>\n<!-- \/ Yoast SEO plugin. -->","yoast_head_json":{"title":"Otro femicidio cometido por un polic\u00eda: un oficial de la Bonaerense asesin\u00f3 a una mujer de 41 a\u00f1os y luego se suicid\u00f3 - Noticias Radio Reflejos","robots":{"index":"index","follow":"follow","max-snippet":"max-snippet:-1","max-image-preview":"max-image-preview:large","max-video-preview":"max-video-preview:-1"},"canonical":"https:\/\/www.noticiasradioreflejos.com.ar\/2021\/otro-femicidio-cometido-por-un-policia-un-oficial-de-la-bonaerense-asesino-a-una-mujer-de-41-anos-y-luego-se-suicido\/","og_locale":"es_ES","og_type":"article","og_title":"Otro femicidio cometido por un polic\u00eda: un oficial de la Bonaerense asesin\u00f3 a una mujer de 41 a\u00f1os y luego se suicid\u00f3 - Noticias Radio Reflejos","og_description":"Ocurri\u00f3 en Madariaga. El cuerpo de la v\u00edctima, identificada como Graciela Noem\u00ed Funes, fue encontrado junto al del su presunto asesino, Franco Mauricio Torres, designado a un \u00e1rea de Inteligencia Criminal. El fiscal Walter M\u00e9rcuri investiga el hecho","og_url":"https:\/\/www.noticiasradioreflejos.com.ar\/2021\/otro-femicidio-cometido-por-un-policia-un-oficial-de-la-bonaerense-asesino-a-una-mujer-de-41-anos-y-luego-se-suicido\/","og_site_name":"Noticias Radio Reflejos","article_published_time":"2021-03-03T15:00:44+00:00","og_image":[{"url":"https:\/\/www.infobae.com\/new-resizer\/Xeqf64DQA6en1f-eG_-SM0Yr7dk=\/420x236\/filters:format(jpg):quality(85)\/\/cloudfront-us-east-1.images.arcpublishing.com\/infobae\/APN7UGBLB5GYHCC5OXYYX6RHI4.jpg","type":"","width":"","height":""}],"author":"Arnaldo Botto","twitter_card":"summary_large_image","schema":{"@context":"https:\/\/schema.org","@graph":[{"@type":"WebPage","@id":"https:\/\/www.noticiasradioreflejos.com.ar\/2021\/otro-femicidio-cometido-por-un-policia-un-oficial-de-la-bonaerense-asesino-a-una-mujer-de-41-anos-y-luego-se-suicido\/","url":"https:\/\/www.noticiasradioreflejos.com.ar\/2021\/otro-femicidio-cometido-por-un-policia-un-oficial-de-la-bonaerense-asesino-a-una-mujer-de-41-anos-y-luego-se-suicido\/","name":"Otro femicidio cometido por un polic\u00eda: un oficial de la Bonaerense asesin\u00f3 a una mujer de 41 a\u00f1os y luego se suicid\u00f3 - Noticias Radio Reflejos","isPartOf":{"@id":"https:\/\/www.noticiasradioreflejos.com.ar\/2021\/#website"},"primaryImageOfPage":{"@id":"https:\/\/www.noticiasradioreflejos.com.ar\/2021\/otro-femicidio-cometido-por-un-policia-un-oficial-de-la-bonaerense-asesino-a-una-mujer-de-41-anos-y-luego-se-suicido\/#primaryimage"},"image":{"@id":"https:\/\/www.noticiasradioreflejos.com.ar\/2021\/otro-femicidio-cometido-por-un-policia-un-oficial-de-la-bonaerense-asesino-a-una-mujer-de-41-anos-y-luego-se-suicido\/#primaryimage"},"thumbnailUrl":"https:\/\/www.infobae.com\/new-resizer\/Xeqf64DQA6en1f-eG_-SM0Yr7dk=\/420x236\/filters:format(jpg):quality(85)\/\/cloudfront-us-east-1.images.arcpublishing.com\/infobae\/APN7UGBLB5GYHCC5OXYYX6RHI4.jpg","datePublished":"2021-03-03T15:00:44+00:00","author":{"@id":"https:\/\/www.noticiasradioreflejos.com.ar\/2021\/#\/schema\/person\/ad82545263dcc5ec0996818884fd5fb1"},"breadcrumb":{"@id":"https:\/\/www.noticiasradioreflejos.com.ar\/2021\/otro-femicidio-cometido-por-un-policia-un-oficial-de-la-bonaerense-asesino-a-una-mujer-de-41-anos-y-luego-se-suicido\/#breadcrumb"},"inLanguage":"es","potentialAction":[{"@type":"ReadAction","target":["https:\/\/www.noticiasradioreflejos.com.ar\/2021\/otro-femicidio-cometido-por-un-policia-un-oficial-de-la-bonaerense-asesino-a-una-mujer-de-41-anos-y-luego-se-suicido\/"]}]},{"@type":"ImageObject","inLanguage":"es","@id":"https:\/\/www.noticiasradioreflejos.com.ar\/2021\/otro-femicidio-cometido-por-un-policia-un-oficial-de-la-bonaerense-asesino-a-una-mujer-de-41-anos-y-luego-se-suicido\/#primaryimage","url":"https:\/\/www.infobae.com\/new-resizer\/Xeqf64DQA6en1f-eG_-SM0Yr7dk=\/420x236\/filters:format(jpg):quality(85)\/\/cloudfront-us-east-1.images.arcpublishing.com\/infobae\/APN7UGBLB5GYHCC5OXYYX6RHI4.jpg","contentUrl":"https:\/\/www.infobae.com\/new-resizer\/Xeqf64DQA6en1f-eG_-SM0Yr7dk=\/420x236\/filters:format(jpg):quality(85)\/\/cloudfront-us-east-1.images.arcpublishing.com\/infobae\/APN7UGBLB5GYHCC5OXYYX6RHI4.jpg"},{"@type":"BreadcrumbList","@id":"https:\/\/www.noticiasradioreflejos.com.ar\/2021\/otro-femicidio-cometido-por-un-policia-un-oficial-de-la-bonaerense-asesino-a-una-mujer-de-41-anos-y-luego-se-suicido\/#breadcrumb","itemListElement":[{"@type":"ListItem","position":1,"name":"Portada","item":"https:\/\/www.noticiasradioreflejos.com.ar\/2021\/"},{"@type":"ListItem","position":2,"name":"Otro femicidio cometido por un polic\u00eda: un oficial de la Bonaerense asesin\u00f3 a una mujer de 41 a\u00f1os y luego se suicid\u00f3"}]},{"@type":"WebSite","@id":"https:\/\/www.noticiasradioreflejos.com.ar\/2021\/#website","url":"https:\/\/www.noticiasradioreflejos.com.ar\/2021\/","name":"Noticias Radio Reflejos","description":"Las noticias de mi comarca","potentialAction":[{"@type":"SearchAction","target":{"@type":"EntryPoint","urlTemplate":"https:\/\/www.noticiasradioreflejos.com.ar\/2021\/?s={search_term_string}"},"query-input":{"@type":"PropertyValueSpecification","valueRequired":true,"valueName":"search_term_string"}}],"inLanguage":"es"},{"@type":"Person","@id":"https:\/\/www.noticiasradioreflejos.com.ar\/2021\/#\/schema\/person\/ad82545263dcc5ec0996818884fd5fb1","name":"Arnaldo Botto","image":{"@type":"ImageObject","inLanguage":"es","@id":"https:\/\/www.noticiasradioreflejos.com.ar\/2021\/#\/schema\/person\/image\/","url":"https:\/\/secure.gravatar.com\/avatar\/55cb5e37c1efa326397366e6974cb338056df65cb50e7d64d1cf314e87504837?s=96&d=mm&r=g","contentUrl":"https:\/\/secure.gravatar.com\/avatar\/55cb5e37c1efa326397366e6974cb338056df65cb50e7d64d1cf314e87504837?s=96&d=mm&r=g","caption":"Arnaldo Botto"},"url":"https:\/\/www.noticiasradioreflejos.com.ar\/2021\/author\/arnaldo\/"}]}},"_links":{"self":[{"href":"https:\/\/www.noticiasradioreflejos.com.ar\/2021\/wp-json\/wp\/v2\/posts\/53296","targetHints":{"allow":["GET"]}}],"collection":[{"href":"https:\/\/www.noticiasradioreflejos.com.ar\/2021\/wp-json\/wp\/v2\/posts"}],"about":[{"href":"https:\/\/www.noticiasradioreflejos.com.ar\/2021\/wp-json\/wp\/v2\/types\/post"}],"author":[{"embeddable":true,"href":"https:\/\/www.noticiasradioreflejos.com.ar\/2021\/wp-json\/wp\/v2\/users\/3"}],"replies":[{"embeddable":true,"href":"https:\/\/www.noticiasradioreflejos.com.ar\/2021\/wp-json\/wp\/v2\/comments?post=53296"}],"version-history":[{"count":0,"href":"https:\/\/www.noticiasradioreflejos.com.ar\/2021\/wp-json\/wp\/v2\/posts\/53296\/revisions"}],"wp:attachment":[{"href":"https:\/\/www.noticiasradioreflejos.com.ar\/2021\/wp-json\/wp\/v2\/media?parent=53296"}],"wp:term":[{"taxonomy":"category","embeddable":true,"href":"https:\/\/www.noticiasradioreflejos.com.ar\/2021\/wp-json\/wp\/v2\/categories?post=53296"},{"taxonomy":"post_tag","embeddable":true,"href":"https:\/\/www.noticiasradioreflejos.com.ar\/2021\/wp-json\/wp\/v2\/tags?post=53296"}],"curies":[{"name":"wp","href":"https:\/\/api.w.org\/{rel}","templated":true}]}}