{"id":53286,"date":"2021-03-03T10:25:49","date_gmt":"2021-03-03T13:25:49","guid":{"rendered":"http:\/\/www.noticiasradioreflejos.com.ar\/noticias\/?p=53286"},"modified":"2021-03-03T10:25:49","modified_gmt":"2021-03-03T13:25:49","slug":"laura-rosatelli-manifesto-en-el-concejo-la-preocupacion-por-hechos-delictivos-no-informados","status":"publish","type":"post","link":"https:\/\/www.noticiasradioreflejos.com.ar\/2021\/laura-rosatelli-manifesto-en-el-concejo-la-preocupacion-por-hechos-delictivos-no-informados\/","title":{"rendered":"Laura Rosatelli manifest\u00f3 en el concejo la preocupaci\u00f3n por hechos delictivos no informados"},"content":{"rendered":"<p>As\u00ed lo expres\u00f3 desde su banca y solicit\u00f3 una reuni\u00f3n con el Jefe de la Polic\u00eda.<!--more--><br \/>\nLaura \u201cLali\u201d Rosatelli(Frente de Todos) manifest\u00f3 a este medio su preocupaci\u00f3n sobre los hechos delictivos no informados.<\/p>\n<p>Sin estar al tanto de los tres hechos delictivos que han ocurrido en la localidad, expres\u00f3 su preocupaci\u00f3n por el desconocimiento en estos temas y anunci\u00f3 que solicit\u00f3 una reuni\u00f3n con el Jefe de la Polic\u00eda luego de mantener una conversaci\u00f3n con el Secretario de Seguridad por este motivo. Al ser planteado en el recinto se aprob\u00f3 por unanimidad el encuentro.<\/p>\n<p>\u201cVivimos en un lugar tranquilo y nos preocupa no saber si se esclarecieron, si se han realizado las denuncias y si han sido aprehendidos\u201d, sostuvo, e indic\u00f3 que \u201cquiz\u00e1s en el rol que cumplimos, mucha gente nos pregunta y no estamos enterados\u201d.<\/p>\n<p>Respecto al a\u00f1o pol\u00edtico que se viene, espera que el 2021 sea un a\u00f1o mejor, con plena conciencia de que \u201cel virus est\u00e1\u201d, manteniendo la positividad pese a no poder \u201cver un horizonte\u201d.<\/p>\n<p>\u201cEs un a\u00f1o dif\u00edcil. En el 2020 trabajamos unidos por la pandemia dejando de lado las pol\u00edticas partidarias y este a\u00f1o es distinto, desde lo pol\u00edtico debemos comenzar a saber d\u00f3nde est\u00e1 parado cada uno y continuar trabajando para nuestra gente y el distrito\u201d, concluy\u00f3.<\/p>\n<p><iframe loading=\"lazy\" src=\"https:\/\/w.soundcloud.com\/player\/?url=https%3A\/\/api.soundcloud.com\/tracks\/997795375&amp;color=%23ff5500&amp;auto_play=false&amp;hide_related=false&amp;show_comments=true&amp;show_user=true&amp;show_reposts=false&amp;show_teaser=true\" width=\"100%\" height=\"166\" frameborder=\"no\" scrolling=\"no\"><\/iframe><\/p>\n<div style=\"font-size: 10px; color: #cccccc; line-break: anywhere; word-break: normal; overflow: hidden; white-space: nowrap; text-overflow: ellipsis; font-family: Interstate,Lucida Grande,Lucida Sans Unicode,Lucida Sans,Garuda,Verdana,Tahoma,sans-serif; font-weight: 100;\"><a style=\"color: #cccccc; text-decoration: none;\" title=\"fmreflejos 103.7\" href=\"https:\/\/soundcloud.com\/fmreflejos-103-7\" target=\"_blank\" rel=\"noopener\">fmreflejos 103.7<\/a> \u00b7 <a style=\"color: #cccccc; text-decoration: none;\" title=\"Lali Rosatelli Alocucion\" href=\"https:\/\/soundcloud.com\/fmreflejos-103-7\/lali-rosatelli-alocucion\" target=\"_blank\" rel=\"noopener\">Lali Rosatelli Alocucion<\/a><\/div>\n<p><iframe loading=\"lazy\" src=\"https:\/\/w.soundcloud.com\/player\/?url=https%3A\/\/api.soundcloud.com\/tracks\/997795885&amp;color=%23ff5500&amp;auto_play=false&amp;hide_related=false&amp;show_comments=true&amp;show_user=true&amp;show_reposts=false&amp;show_teaser=true\" width=\"100%\" height=\"166\" frameborder=\"no\" scrolling=\"no\"><\/iframe><\/p>\n<div style=\"font-size: 10px; color: #cccccc; line-break: anywhere; word-break: normal; overflow: hidden; white-space: nowrap; text-overflow: ellipsis; font-family: Interstate,Lucida Grande,Lucida Sans Unicode,Lucida Sans,Garuda,Verdana,Tahoma,sans-serif; font-weight: 100;\"><a style=\"color: #cccccc; text-decoration: none;\" title=\"fmreflejos 103.7\" href=\"https:\/\/soundcloud.com\/fmreflejos-103-7\" target=\"_blank\" rel=\"noopener\">fmreflejos 103.7<\/a> \u00b7 <a style=\"color: #cccccc; text-decoration: none;\" title=\"Lali Rostelli\" href=\"https:\/\/soundcloud.com\/fmreflejos-103-7\/lali-rostelli\" target=\"_blank\" rel=\"noopener\">Lali Rostelli<\/a><\/div>\n","protected":false},"excerpt":{"rendered":"<p>As\u00ed lo expres\u00f3 desde su banca y solicit\u00f3 una reuni\u00f3n con el Jefe de la Polic\u00eda.<\/p>\n","protected":false},"author":3,"featured_media":0,"comment_status":"closed","ping_status":"open","sticky":false,"template":"","format":"standard","meta":{"footnotes":""},"categories":[28,29,24],"tags":[],"class_list":["post-53286","post","type-post","status-publish","format-standard","hentry","category-municipales","category-policiales","category-politica"],"yoast_head":"<!-- This site is optimized with the Yoast SEO plugin v25.9 - https:\/\/yoast.com\/wordpress\/plugins\/seo\/ -->\n<title>Laura Rosatelli manifest\u00f3 en el concejo la preocupaci\u00f3n por hechos delictivos no informados - Noticias Radio Reflejos<\/title>\n<meta name=\"robots\" content=\"index, follow, max-snippet:-1, max-image-preview:large, max-video-preview:-1\" \/>\n<link rel=\"canonical\" href=\"https:\/\/www.noticiasradioreflejos.com.ar\/2021\/laura-rosatelli-manifesto-en-el-concejo-la-preocupacion-por-hechos-delictivos-no-informados\/\" \/>\n<meta property=\"og:locale\" content=\"es_ES\" \/>\n<meta property=\"og:type\" content=\"article\" \/>\n<meta property=\"og:title\" content=\"Laura Rosatelli manifest\u00f3 en el concejo la preocupaci\u00f3n por hechos delictivos no informados - Noticias Radio Reflejos\" \/>\n<meta property=\"og:description\" content=\"As\u00ed lo expres\u00f3 desde su banca y solicit\u00f3 una reuni\u00f3n con el Jefe de la Polic\u00eda.\" \/>\n<meta property=\"og:url\" content=\"https:\/\/www.noticiasradioreflejos.com.ar\/2021\/laura-rosatelli-manifesto-en-el-concejo-la-preocupacion-por-hechos-delictivos-no-informados\/\" \/>\n<meta property=\"og:site_name\" content=\"Noticias Radio Reflejos\" \/>\n<meta property=\"article:published_time\" content=\"2021-03-03T13:25:49+00:00\" \/>\n<meta property=\"og:image\" content=\"https:\/\/www.noticiasradioreflejos.com.ar\/2021\/wp-content\/uploads\/2021\/07\/logosol300x200.png\" \/>\n\t<meta property=\"og:image:width\" content=\"300\" \/>\n\t<meta property=\"og:image:height\" content=\"200\" \/>\n\t<meta property=\"og:image:type\" content=\"image\/png\" \/>\n<meta name=\"author\" content=\"Arnaldo Botto\" \/>\n<meta name=\"twitter:card\" content=\"summary_large_image\" \/>\n<script type=\"application\/ld+json\" class=\"yoast-schema-graph\">{\"@context\":\"https:\/\/schema.org\",\"@graph\":[{\"@type\":\"WebPage\",\"@id\":\"https:\/\/www.noticiasradioreflejos.com.ar\/2021\/laura-rosatelli-manifesto-en-el-concejo-la-preocupacion-por-hechos-delictivos-no-informados\/\",\"url\":\"https:\/\/www.noticiasradioreflejos.com.ar\/2021\/laura-rosatelli-manifesto-en-el-concejo-la-preocupacion-por-hechos-delictivos-no-informados\/\",\"name\":\"Laura Rosatelli manifest\u00f3 en el concejo la preocupaci\u00f3n por hechos delictivos no informados - Noticias Radio Reflejos\",\"isPartOf\":{\"@id\":\"https:\/\/www.noticiasradioreflejos.com.ar\/2021\/#website\"},\"datePublished\":\"2021-03-03T13:25:49+00:00\",\"author\":{\"@id\":\"https:\/\/www.noticiasradioreflejos.com.ar\/2021\/#\/schema\/person\/ad82545263dcc5ec0996818884fd5fb1\"},\"breadcrumb\":{\"@id\":\"https:\/\/www.noticiasradioreflejos.com.ar\/2021\/laura-rosatelli-manifesto-en-el-concejo-la-preocupacion-por-hechos-delictivos-no-informados\/#breadcrumb\"},\"inLanguage\":\"es\",\"potentialAction\":[{\"@type\":\"ReadAction\",\"target\":[\"https:\/\/www.noticiasradioreflejos.com.ar\/2021\/laura-rosatelli-manifesto-en-el-concejo-la-preocupacion-por-hechos-delictivos-no-informados\/\"]}]},{\"@type\":\"BreadcrumbList\",\"@id\":\"https:\/\/www.noticiasradioreflejos.com.ar\/2021\/laura-rosatelli-manifesto-en-el-concejo-la-preocupacion-por-hechos-delictivos-no-informados\/#breadcrumb\",\"itemListElement\":[{\"@type\":\"ListItem\",\"position\":1,\"name\":\"Portada\",\"item\":\"https:\/\/www.noticiasradioreflejos.com.ar\/2021\/\"},{\"@type\":\"ListItem\",\"position\":2,\"name\":\"Laura Rosatelli manifest\u00f3 en el concejo la preocupaci\u00f3n por hechos delictivos no informados\"}]},{\"@type\":\"WebSite\",\"@id\":\"https:\/\/www.noticiasradioreflejos.com.ar\/2021\/#website\",\"url\":\"https:\/\/www.noticiasradioreflejos.com.ar\/2021\/\",\"name\":\"Noticias Radio Reflejos\",\"description\":\"Las noticias de mi comarca\",\"potentialAction\":[{\"@type\":\"SearchAction\",\"target\":{\"@type\":\"EntryPoint\",\"urlTemplate\":\"https:\/\/www.noticiasradioreflejos.com.ar\/2021\/?s={search_term_string}\"},\"query-input\":{\"@type\":\"PropertyValueSpecification\",\"valueRequired\":true,\"valueName\":\"search_term_string\"}}],\"inLanguage\":\"es\"},{\"@type\":\"Person\",\"@id\":\"https:\/\/www.noticiasradioreflejos.com.ar\/2021\/#\/schema\/person\/ad82545263dcc5ec0996818884fd5fb1\",\"name\":\"Arnaldo Botto\",\"image\":{\"@type\":\"ImageObject\",\"inLanguage\":\"es\",\"@id\":\"https:\/\/www.noticiasradioreflejos.com.ar\/2021\/#\/schema\/person\/image\/\",\"url\":\"https:\/\/secure.gravatar.com\/avatar\/55cb5e37c1efa326397366e6974cb338056df65cb50e7d64d1cf314e87504837?s=96&d=mm&r=g\",\"contentUrl\":\"https:\/\/secure.gravatar.com\/avatar\/55cb5e37c1efa326397366e6974cb338056df65cb50e7d64d1cf314e87504837?s=96&d=mm&r=g\",\"caption\":\"Arnaldo Botto\"},\"url\":\"https:\/\/www.noticiasradioreflejos.com.ar\/2021\/author\/arnaldo\/\"}]}<\/script>\n<!-- \/ Yoast SEO plugin. -->","yoast_head_json":{"title":"Laura Rosatelli manifest\u00f3 en el concejo la preocupaci\u00f3n por hechos delictivos no informados - Noticias Radio Reflejos","robots":{"index":"index","follow":"follow","max-snippet":"max-snippet:-1","max-image-preview":"max-image-preview:large","max-video-preview":"max-video-preview:-1"},"canonical":"https:\/\/www.noticiasradioreflejos.com.ar\/2021\/laura-rosatelli-manifesto-en-el-concejo-la-preocupacion-por-hechos-delictivos-no-informados\/","og_locale":"es_ES","og_type":"article","og_title":"Laura Rosatelli manifest\u00f3 en el concejo la preocupaci\u00f3n por hechos delictivos no informados - Noticias Radio Reflejos","og_description":"As\u00ed lo expres\u00f3 desde su banca y solicit\u00f3 una reuni\u00f3n con el Jefe de la Polic\u00eda.","og_url":"https:\/\/www.noticiasradioreflejos.com.ar\/2021\/laura-rosatelli-manifesto-en-el-concejo-la-preocupacion-por-hechos-delictivos-no-informados\/","og_site_name":"Noticias Radio Reflejos","article_published_time":"2021-03-03T13:25:49+00:00","og_image":[{"width":300,"height":200,"url":"https:\/\/www.noticiasradioreflejos.com.ar\/2021\/wp-content\/uploads\/2021\/07\/logosol300x200.png","type":"image\/png"}],"author":"Arnaldo Botto","twitter_card":"summary_large_image","schema":{"@context":"https:\/\/schema.org","@graph":[{"@type":"WebPage","@id":"https:\/\/www.noticiasradioreflejos.com.ar\/2021\/laura-rosatelli-manifesto-en-el-concejo-la-preocupacion-por-hechos-delictivos-no-informados\/","url":"https:\/\/www.noticiasradioreflejos.com.ar\/2021\/laura-rosatelli-manifesto-en-el-concejo-la-preocupacion-por-hechos-delictivos-no-informados\/","name":"Laura Rosatelli manifest\u00f3 en el concejo la preocupaci\u00f3n por hechos delictivos no informados - Noticias Radio Reflejos","isPartOf":{"@id":"https:\/\/www.noticiasradioreflejos.com.ar\/2021\/#website"},"datePublished":"2021-03-03T13:25:49+00:00","author":{"@id":"https:\/\/www.noticiasradioreflejos.com.ar\/2021\/#\/schema\/person\/ad82545263dcc5ec0996818884fd5fb1"},"breadcrumb":{"@id":"https:\/\/www.noticiasradioreflejos.com.ar\/2021\/laura-rosatelli-manifesto-en-el-concejo-la-preocupacion-por-hechos-delictivos-no-informados\/#breadcrumb"},"inLanguage":"es","potentialAction":[{"@type":"ReadAction","target":["https:\/\/www.noticiasradioreflejos.com.ar\/2021\/laura-rosatelli-manifesto-en-el-concejo-la-preocupacion-por-hechos-delictivos-no-informados\/"]}]},{"@type":"BreadcrumbList","@id":"https:\/\/www.noticiasradioreflejos.com.ar\/2021\/laura-rosatelli-manifesto-en-el-concejo-la-preocupacion-por-hechos-delictivos-no-informados\/#breadcrumb","itemListElement":[{"@type":"ListItem","position":1,"name":"Portada","item":"https:\/\/www.noticiasradioreflejos.com.ar\/2021\/"},{"@type":"ListItem","position":2,"name":"Laura Rosatelli manifest\u00f3 en el concejo la preocupaci\u00f3n por hechos delictivos no informados"}]},{"@type":"WebSite","@id":"https:\/\/www.noticiasradioreflejos.com.ar\/2021\/#website","url":"https:\/\/www.noticiasradioreflejos.com.ar\/2021\/","name":"Noticias Radio Reflejos","description":"Las noticias de mi comarca","potentialAction":[{"@type":"SearchAction","target":{"@type":"EntryPoint","urlTemplate":"https:\/\/www.noticiasradioreflejos.com.ar\/2021\/?s={search_term_string}"},"query-input":{"@type":"PropertyValueSpecification","valueRequired":true,"valueName":"search_term_string"}}],"inLanguage":"es"},{"@type":"Person","@id":"https:\/\/www.noticiasradioreflejos.com.ar\/2021\/#\/schema\/person\/ad82545263dcc5ec0996818884fd5fb1","name":"Arnaldo Botto","image":{"@type":"ImageObject","inLanguage":"es","@id":"https:\/\/www.noticiasradioreflejos.com.ar\/2021\/#\/schema\/person\/image\/","url":"https:\/\/secure.gravatar.com\/avatar\/55cb5e37c1efa326397366e6974cb338056df65cb50e7d64d1cf314e87504837?s=96&d=mm&r=g","contentUrl":"https:\/\/secure.gravatar.com\/avatar\/55cb5e37c1efa326397366e6974cb338056df65cb50e7d64d1cf314e87504837?s=96&d=mm&r=g","caption":"Arnaldo Botto"},"url":"https:\/\/www.noticiasradioreflejos.com.ar\/2021\/author\/arnaldo\/"}]}},"_links":{"self":[{"href":"https:\/\/www.noticiasradioreflejos.com.ar\/2021\/wp-json\/wp\/v2\/posts\/53286","targetHints":{"allow":["GET"]}}],"collection":[{"href":"https:\/\/www.noticiasradioreflejos.com.ar\/2021\/wp-json\/wp\/v2\/posts"}],"about":[{"href":"https:\/\/www.noticiasradioreflejos.com.ar\/2021\/wp-json\/wp\/v2\/types\/post"}],"author":[{"embeddable":true,"href":"https:\/\/www.noticiasradioreflejos.com.ar\/2021\/wp-json\/wp\/v2\/users\/3"}],"replies":[{"embeddable":true,"href":"https:\/\/www.noticiasradioreflejos.com.ar\/2021\/wp-json\/wp\/v2\/comments?post=53286"}],"version-history":[{"count":0,"href":"https:\/\/www.noticiasradioreflejos.com.ar\/2021\/wp-json\/wp\/v2\/posts\/53286\/revisions"}],"wp:attachment":[{"href":"https:\/\/www.noticiasradioreflejos.com.ar\/2021\/wp-json\/wp\/v2\/media?parent=53286"}],"wp:term":[{"taxonomy":"category","embeddable":true,"href":"https:\/\/www.noticiasradioreflejos.com.ar\/2021\/wp-json\/wp\/v2\/categories?post=53286"},{"taxonomy":"post_tag","embeddable":true,"href":"https:\/\/www.noticiasradioreflejos.com.ar\/2021\/wp-json\/wp\/v2\/tags?post=53286"}],"curies":[{"name":"wp","href":"https:\/\/api.w.org\/{rel}","templated":true}]}}