{"id":5324,"date":"2016-12-30T00:01:56","date_gmt":"2016-12-30T00:01:56","guid":{"rendered":"http:\/\/noticiasradioreflejos.com.ar\/noticias\/?p=5324"},"modified":"2016-12-30T00:01:56","modified_gmt":"2016-12-30T00:01:56","slug":"5324","status":"publish","type":"post","link":"https:\/\/www.noticiasradioreflejos.com.ar\/2021\/5324\/","title":{"rendered":"25a Fiesta de la Golondrina en Villa Ventana sorteando un auto 0 km."},"content":{"rendered":"<p><a title=\"11130425\" href=\"http:\/\/farm1.staticflickr.com\/636\/31159515273_452c7f492f_z.jpg\" rel=\"\"><img loading=\"lazy\" decoding=\"async\" class=\"alignleft\" style=\"float: left;\" title=\"11130425\" src=\"http:\/\/farm1.staticflickr.com\/636\/31159515273_452c7f492f_z.jpg\" alt=\"11130425\" width=\"640\" height=\"360\" \/><\/a>Los d\u00edas 21 y 22 de enero del 2017 se realizar\u00e1 la<strong> 25\u00b0 Fiesta Provincial de las Golondrinas en Villa Ventana.<\/strong><br \/>\nCon variados espect\u00e1culos para toda la familia, la presencia estelar de La Mosca, Feria de Artesanos, puestos de gastronom\u00eda y este a\u00f1o sumando el sorteo de un Auto 0Km que agrega una magia especial que logra que miles de turistas y vecinos la viven a pleno como cada a\u00f1o; la Asociaci\u00f3n de Fomento de Villa Ventana organiza esta nueva edici\u00f3n \u00abPlata\u00bb en sus 25 a\u00f1os.<!--more--><br \/>\nPara comentar a los oyentes de la radio sobre los detalles de esta gran organizaci\u00f3n,<strong> Mercedes Willich y Carlos Guillermo Taylor<\/strong>, integrantes de la comisi\u00f3n directiva pasaron por los estudios de FM Reflejos.<br \/>\nEsta gran fiesta de la comarca naci\u00f3 en el a\u00f1o 1992, cuando en el mes de setiembre se realiz\u00f3 la primer edici\u00f3n; en 1997 fue declarada Fiesta Provincial y desde entonces, los organizadores fueron buscando el mejor momento para que esta propuesta cultural y tur\u00edstica pueda ser disfrutada por visitantes y vecinos de toda la regi\u00f3n.<br \/>\n<a title=\"IMG_20161229_114427185\" href=\"http:\/\/farm1.staticflickr.com\/718\/31159514313_7ce268bbdf_z.jpg\" rel=\"\"><img loading=\"lazy\" decoding=\"async\" class=\"aligncenter\" title=\"IMG_20161229_114427185\" src=\"http:\/\/farm1.staticflickr.com\/718\/31159514313_7ce268bbdf_z.jpg\" alt=\"IMG_20161229_114427185\" width=\"640\" height=\"480\" \/><\/a><br \/>\nLa apertura de la fiesta tendr\u00e1 lugar en la Plaza Salerno de la localidad serrana a partir de las 19,30 hs y contar\u00e1 con dos nutridos programas de espect\u00e1culos con n\u00fameros locales y dos espect\u00e1culos centrales, uno el S\u00e1bado 21 con \u00abAeroTango\u00bb y para el Domingo 22 el Cierre con \u00abLa Mosca\u00bb.<br \/>\n\u00abTratamos que los espect\u00e1culos sean variados\u00bb, nos dec\u00eda Mercedes destacando que \u00abLa Mosca\u00bb llega por el aporte del Programa Nacional \u00abFestejar\u00bb.<br \/>\nTanto \u00abCaly\u00bb Taylor como Mercedes van describiendo todo el programa de espect\u00e1culos e invitan a los artesanos locales a estar presentes con sus puestos parra mostrar los trabajos de la comarca; para los interesados les pedimos que se comuniquen al Tel: 0291 154716 704 de Mariela.<br \/>\n<a title=\"Bono contribuci\u00f3n Villa Ventana\" href=\"http:\/\/farm1.staticflickr.com\/337\/31821154182_d88951e6ec_z.jpg\" rel=\"\"><img loading=\"lazy\" decoding=\"async\" class=\"alignleft\" style=\"float: left;\" title=\"Bono contribuci\u00f3n Villa Ventana\" src=\"http:\/\/farm1.staticflickr.com\/337\/31821154182_d88951e6ec_z.jpg\" alt=\"Bono contribuci\u00f3n Villa Ventana\" width=\"640\" height=\"456\" \/><\/a>Por otro lado, y luego de contar la historia de c\u00f3mo naci\u00f3 esta fiesta en la comarca, Mercedes Willich informa sobre el sorteo del bono contribuci\u00f3n que tendr\u00e1 de premio un <strong>Renault Clio \u00abMio\u00bb<\/strong> 0 km y que se sortear\u00e1 el domingo 22 con escribano p\u00fablico en el escenario de la Plaza Salerno entregando el auto entre los n\u00fameros que se vendan.<br \/>\nEl costo del bono es de $ 500.- y se puede adquirir en 9 de julio 716 de Tornquist, en Piuque Lom de Villa Ventana y en nuestros estudios de Av. San Mart\u00edn 131 de Sierra de la Ventana.<br \/>\nUna importante aclaraci\u00f3n realiza previo a la despedida Mercedes y es que \u00abEn la plaza no se cobra entrada\u00bb, como referencia para quienes se acerquen a esta nueva edici\u00f3n de la Fiesta de la Golondrina en Villa Ventana<br \/>\n<iframe loading=\"lazy\" src=\"https:\/\/w.soundcloud.com\/player\/?url=https%3A\/\/api.soundcloud.com\/tracks\/300062691&amp;color=ff5500&amp;auto_play=false&amp;hide_related=false&amp;show_comments=true&amp;show_user=true&amp;show_reposts=false\" width=\"100%\" height=\"166\" frameborder=\"no\" scrolling=\"no\"><\/iframe><\/p>\n","protected":false},"excerpt":{"rendered":"<p>Los d\u00edas 21 y 22 de enero del 2017 se realizar\u00e1 la 25\u00b0 Fiesta Provincial de las Golondrinas en Villa Ventana. Con variados espect\u00e1culos para toda la familia, la presencia estelar de La Mosca, Feria de Artesanos, puestos de gastronom\u00eda y este a\u00f1o sumando el sorteo de un Auto 0Km que agrega una magia especial [&hellip;]<\/p>\n","protected":false},"author":3,"featured_media":0,"comment_status":"closed","ping_status":"open","sticky":false,"template":"","format":"standard","meta":{"footnotes":""},"categories":[26],"tags":[],"class_list":["post-5324","post","type-post","status-publish","format-standard","hentry","category-sociedad"],"yoast_head":"<!-- This site is optimized with the Yoast SEO plugin v25.9 - https:\/\/yoast.com\/wordpress\/plugins\/seo\/ -->\n<title>25a Fiesta de la Golondrina en Villa Ventana sorteando un auto 0 km. - Noticias Radio Reflejos<\/title>\n<meta name=\"robots\" content=\"index, follow, max-snippet:-1, max-image-preview:large, max-video-preview:-1\" \/>\n<link rel=\"canonical\" href=\"https:\/\/www.noticiasradioreflejos.com.ar\/2021\/5324\/\" \/>\n<meta property=\"og:locale\" content=\"es_ES\" \/>\n<meta property=\"og:type\" content=\"article\" \/>\n<meta property=\"og:title\" content=\"25a Fiesta de la Golondrina en Villa Ventana sorteando un auto 0 km. - Noticias Radio Reflejos\" \/>\n<meta property=\"og:description\" content=\"Los d\u00edas 21 y 22 de enero del 2017 se realizar\u00e1 la 25\u00b0 Fiesta Provincial de las Golondrinas en Villa Ventana. Con variados espect\u00e1culos para toda la familia, la presencia estelar de La Mosca, Feria de Artesanos, puestos de gastronom\u00eda y este a\u00f1o sumando el sorteo de un Auto 0Km que agrega una magia especial [&hellip;]\" \/>\n<meta property=\"og:url\" content=\"https:\/\/www.noticiasradioreflejos.com.ar\/2021\/5324\/\" \/>\n<meta property=\"og:site_name\" content=\"Noticias Radio Reflejos\" \/>\n<meta property=\"article:published_time\" content=\"2016-12-30T00:01:56+00:00\" \/>\n<meta property=\"og:image\" content=\"http:\/\/farm1.staticflickr.com\/636\/31159515273_452c7f492f_z.jpg\" \/>\n<meta name=\"author\" content=\"Arnaldo Botto\" \/>\n<meta name=\"twitter:card\" content=\"summary_large_image\" \/>\n<script type=\"application\/ld+json\" class=\"yoast-schema-graph\">{\"@context\":\"https:\/\/schema.org\",\"@graph\":[{\"@type\":\"WebPage\",\"@id\":\"https:\/\/www.noticiasradioreflejos.com.ar\/2021\/5324\/\",\"url\":\"https:\/\/www.noticiasradioreflejos.com.ar\/2021\/5324\/\",\"name\":\"25a Fiesta de la Golondrina en Villa Ventana sorteando un auto 0 km. - Noticias Radio Reflejos\",\"isPartOf\":{\"@id\":\"https:\/\/www.noticiasradioreflejos.com.ar\/2021\/#website\"},\"primaryImageOfPage\":{\"@id\":\"https:\/\/www.noticiasradioreflejos.com.ar\/2021\/5324\/#primaryimage\"},\"image\":{\"@id\":\"https:\/\/www.noticiasradioreflejos.com.ar\/2021\/5324\/#primaryimage\"},\"thumbnailUrl\":\"http:\/\/farm1.staticflickr.com\/636\/31159515273_452c7f492f_z.jpg\",\"datePublished\":\"2016-12-30T00:01:56+00:00\",\"author\":{\"@id\":\"https:\/\/www.noticiasradioreflejos.com.ar\/2021\/#\/schema\/person\/ad82545263dcc5ec0996818884fd5fb1\"},\"breadcrumb\":{\"@id\":\"https:\/\/www.noticiasradioreflejos.com.ar\/2021\/5324\/#breadcrumb\"},\"inLanguage\":\"es\",\"potentialAction\":[{\"@type\":\"ReadAction\",\"target\":[\"https:\/\/www.noticiasradioreflejos.com.ar\/2021\/5324\/\"]}]},{\"@type\":\"ImageObject\",\"inLanguage\":\"es\",\"@id\":\"https:\/\/www.noticiasradioreflejos.com.ar\/2021\/5324\/#primaryimage\",\"url\":\"http:\/\/farm1.staticflickr.com\/636\/31159515273_452c7f492f_z.jpg\",\"contentUrl\":\"http:\/\/farm1.staticflickr.com\/636\/31159515273_452c7f492f_z.jpg\"},{\"@type\":\"BreadcrumbList\",\"@id\":\"https:\/\/www.noticiasradioreflejos.com.ar\/2021\/5324\/#breadcrumb\",\"itemListElement\":[{\"@type\":\"ListItem\",\"position\":1,\"name\":\"Portada\",\"item\":\"https:\/\/www.noticiasradioreflejos.com.ar\/2021\/\"},{\"@type\":\"ListItem\",\"position\":2,\"name\":\"25a Fiesta de la Golondrina en Villa Ventana sorteando un auto 0 km.\"}]},{\"@type\":\"WebSite\",\"@id\":\"https:\/\/www.noticiasradioreflejos.com.ar\/2021\/#website\",\"url\":\"https:\/\/www.noticiasradioreflejos.com.ar\/2021\/\",\"name\":\"Noticias Radio Reflejos\",\"description\":\"Las noticias de mi comarca\",\"potentialAction\":[{\"@type\":\"SearchAction\",\"target\":{\"@type\":\"EntryPoint\",\"urlTemplate\":\"https:\/\/www.noticiasradioreflejos.com.ar\/2021\/?s={search_term_string}\"},\"query-input\":{\"@type\":\"PropertyValueSpecification\",\"valueRequired\":true,\"valueName\":\"search_term_string\"}}],\"inLanguage\":\"es\"},{\"@type\":\"Person\",\"@id\":\"https:\/\/www.noticiasradioreflejos.com.ar\/2021\/#\/schema\/person\/ad82545263dcc5ec0996818884fd5fb1\",\"name\":\"Arnaldo Botto\",\"image\":{\"@type\":\"ImageObject\",\"inLanguage\":\"es\",\"@id\":\"https:\/\/www.noticiasradioreflejos.com.ar\/2021\/#\/schema\/person\/image\/\",\"url\":\"https:\/\/secure.gravatar.com\/avatar\/55cb5e37c1efa326397366e6974cb338056df65cb50e7d64d1cf314e87504837?s=96&d=mm&r=g\",\"contentUrl\":\"https:\/\/secure.gravatar.com\/avatar\/55cb5e37c1efa326397366e6974cb338056df65cb50e7d64d1cf314e87504837?s=96&d=mm&r=g\",\"caption\":\"Arnaldo Botto\"},\"url\":\"https:\/\/www.noticiasradioreflejos.com.ar\/2021\/author\/arnaldo\/\"}]}<\/script>\n<!-- \/ Yoast SEO plugin. -->","yoast_head_json":{"title":"25a Fiesta de la Golondrina en Villa Ventana sorteando un auto 0 km. - Noticias Radio Reflejos","robots":{"index":"index","follow":"follow","max-snippet":"max-snippet:-1","max-image-preview":"max-image-preview:large","max-video-preview":"max-video-preview:-1"},"canonical":"https:\/\/www.noticiasradioreflejos.com.ar\/2021\/5324\/","og_locale":"es_ES","og_type":"article","og_title":"25a Fiesta de la Golondrina en Villa Ventana sorteando un auto 0 km. - Noticias Radio Reflejos","og_description":"Los d\u00edas 21 y 22 de enero del 2017 se realizar\u00e1 la 25\u00b0 Fiesta Provincial de las Golondrinas en Villa Ventana. Con variados espect\u00e1culos para toda la familia, la presencia estelar de La Mosca, Feria de Artesanos, puestos de gastronom\u00eda y este a\u00f1o sumando el sorteo de un Auto 0Km que agrega una magia especial [&hellip;]","og_url":"https:\/\/www.noticiasradioreflejos.com.ar\/2021\/5324\/","og_site_name":"Noticias Radio Reflejos","article_published_time":"2016-12-30T00:01:56+00:00","og_image":[{"url":"http:\/\/farm1.staticflickr.com\/636\/31159515273_452c7f492f_z.jpg","type":"","width":"","height":""}],"author":"Arnaldo Botto","twitter_card":"summary_large_image","schema":{"@context":"https:\/\/schema.org","@graph":[{"@type":"WebPage","@id":"https:\/\/www.noticiasradioreflejos.com.ar\/2021\/5324\/","url":"https:\/\/www.noticiasradioreflejos.com.ar\/2021\/5324\/","name":"25a Fiesta de la Golondrina en Villa Ventana sorteando un auto 0 km. - Noticias Radio Reflejos","isPartOf":{"@id":"https:\/\/www.noticiasradioreflejos.com.ar\/2021\/#website"},"primaryImageOfPage":{"@id":"https:\/\/www.noticiasradioreflejos.com.ar\/2021\/5324\/#primaryimage"},"image":{"@id":"https:\/\/www.noticiasradioreflejos.com.ar\/2021\/5324\/#primaryimage"},"thumbnailUrl":"http:\/\/farm1.staticflickr.com\/636\/31159515273_452c7f492f_z.jpg","datePublished":"2016-12-30T00:01:56+00:00","author":{"@id":"https:\/\/www.noticiasradioreflejos.com.ar\/2021\/#\/schema\/person\/ad82545263dcc5ec0996818884fd5fb1"},"breadcrumb":{"@id":"https:\/\/www.noticiasradioreflejos.com.ar\/2021\/5324\/#breadcrumb"},"inLanguage":"es","potentialAction":[{"@type":"ReadAction","target":["https:\/\/www.noticiasradioreflejos.com.ar\/2021\/5324\/"]}]},{"@type":"ImageObject","inLanguage":"es","@id":"https:\/\/www.noticiasradioreflejos.com.ar\/2021\/5324\/#primaryimage","url":"http:\/\/farm1.staticflickr.com\/636\/31159515273_452c7f492f_z.jpg","contentUrl":"http:\/\/farm1.staticflickr.com\/636\/31159515273_452c7f492f_z.jpg"},{"@type":"BreadcrumbList","@id":"https:\/\/www.noticiasradioreflejos.com.ar\/2021\/5324\/#breadcrumb","itemListElement":[{"@type":"ListItem","position":1,"name":"Portada","item":"https:\/\/www.noticiasradioreflejos.com.ar\/2021\/"},{"@type":"ListItem","position":2,"name":"25a Fiesta de la Golondrina en Villa Ventana sorteando un auto 0 km."}]},{"@type":"WebSite","@id":"https:\/\/www.noticiasradioreflejos.com.ar\/2021\/#website","url":"https:\/\/www.noticiasradioreflejos.com.ar\/2021\/","name":"Noticias Radio Reflejos","description":"Las noticias de mi comarca","potentialAction":[{"@type":"SearchAction","target":{"@type":"EntryPoint","urlTemplate":"https:\/\/www.noticiasradioreflejos.com.ar\/2021\/?s={search_term_string}"},"query-input":{"@type":"PropertyValueSpecification","valueRequired":true,"valueName":"search_term_string"}}],"inLanguage":"es"},{"@type":"Person","@id":"https:\/\/www.noticiasradioreflejos.com.ar\/2021\/#\/schema\/person\/ad82545263dcc5ec0996818884fd5fb1","name":"Arnaldo Botto","image":{"@type":"ImageObject","inLanguage":"es","@id":"https:\/\/www.noticiasradioreflejos.com.ar\/2021\/#\/schema\/person\/image\/","url":"https:\/\/secure.gravatar.com\/avatar\/55cb5e37c1efa326397366e6974cb338056df65cb50e7d64d1cf314e87504837?s=96&d=mm&r=g","contentUrl":"https:\/\/secure.gravatar.com\/avatar\/55cb5e37c1efa326397366e6974cb338056df65cb50e7d64d1cf314e87504837?s=96&d=mm&r=g","caption":"Arnaldo Botto"},"url":"https:\/\/www.noticiasradioreflejos.com.ar\/2021\/author\/arnaldo\/"}]}},"_links":{"self":[{"href":"https:\/\/www.noticiasradioreflejos.com.ar\/2021\/wp-json\/wp\/v2\/posts\/5324","targetHints":{"allow":["GET"]}}],"collection":[{"href":"https:\/\/www.noticiasradioreflejos.com.ar\/2021\/wp-json\/wp\/v2\/posts"}],"about":[{"href":"https:\/\/www.noticiasradioreflejos.com.ar\/2021\/wp-json\/wp\/v2\/types\/post"}],"author":[{"embeddable":true,"href":"https:\/\/www.noticiasradioreflejos.com.ar\/2021\/wp-json\/wp\/v2\/users\/3"}],"replies":[{"embeddable":true,"href":"https:\/\/www.noticiasradioreflejos.com.ar\/2021\/wp-json\/wp\/v2\/comments?post=5324"}],"version-history":[{"count":0,"href":"https:\/\/www.noticiasradioreflejos.com.ar\/2021\/wp-json\/wp\/v2\/posts\/5324\/revisions"}],"wp:attachment":[{"href":"https:\/\/www.noticiasradioreflejos.com.ar\/2021\/wp-json\/wp\/v2\/media?parent=5324"}],"wp:term":[{"taxonomy":"category","embeddable":true,"href":"https:\/\/www.noticiasradioreflejos.com.ar\/2021\/wp-json\/wp\/v2\/categories?post=5324"},{"taxonomy":"post_tag","embeddable":true,"href":"https:\/\/www.noticiasradioreflejos.com.ar\/2021\/wp-json\/wp\/v2\/tags?post=5324"}],"curies":[{"name":"wp","href":"https:\/\/api.w.org\/{rel}","templated":true}]}}