{"id":53224,"date":"2021-03-02T11:54:40","date_gmt":"2021-03-02T14:54:40","guid":{"rendered":"http:\/\/www.noticiasradioreflejos.com.ar\/noticias\/?p=53224"},"modified":"2021-03-02T11:54:40","modified_gmt":"2021-03-02T14:54:40","slug":"villa-la-angostura-murio-el-femicida-de-guadalupe-curual","status":"publish","type":"post","link":"https:\/\/www.noticiasradioreflejos.com.ar\/2021\/villa-la-angostura-murio-el-femicida-de-guadalupe-curual\/","title":{"rendered":"Villa La Angostura: muri\u00f3 el femicida de Guadalupe Curual"},"content":{"rendered":"<p>Bautista Quintriqueo, de 33 a\u00f1os, no se recuper\u00f3 de las heridas autoinfligidas en un doble intento de suicidio, despu\u00e9s de asesinar a su ex pareja de 21 a\u00f1os<!--more--><\/p>\n<div class=\"nd_buttons_container width_full display_flex\"><\/div>\n<article class=\"article | col widescreen-8 desktop-8 tablet-12 width_full\">\n<div class=\"nd-body-article\">\n<picture class=\"visual__image \"><source srcset=\"https:\/\/www.infobae.com\/new-resizer\/dGpSkGN1s5-e-Fv1BykcNHBHar0=\/768x432\/filters:format(jpg):quality(85)\/cloudfront-us-east-1.images.arcpublishing.com\/infobae\/OTZTEBWTAJAEXIMMPT5ZAM3J2Y.jpg 768w\" type=\"image\/jpg\" \/><source srcset=\"https:\/\/www.infobae.com\/new-resizer\/CYMHKJ2XSL-eiPKzpxhET5PJUsU=\/420x236\/filters:format(jpg):quality(85)\/cloudfront-us-east-1.images.arcpublishing.com\/infobae\/OTZTEBWTAJAEXIMMPT5ZAM3J2Y.jpg 420w\" type=\"image\/jpg\" \/><img loading=\"lazy\" decoding=\"async\" src=\"https:\/\/www.infobae.com\/new-resizer\/CYMHKJ2XSL-eiPKzpxhET5PJUsU=\/420x236\/filters:format(jpg):quality(85)\/\/cloudfront-us-east-1.images.arcpublishing.com\/infobae\/OTZTEBWTAJAEXIMMPT5ZAM3J2Y.jpg\" alt=\"infobae-image\" width=\"1920\" height=\"1080\" \/><\/picture>\n<p class=\"paragraph\"><b>Juan Bautista Quintriqueo<\/b>, quien apu\u00f1al\u00f3 d\u00edas atr\u00e1s a su ex pareja Guadalupe Curual de una pu\u00f1alada en el coraz\u00f3n en pleno centro de Villa La Angostura,<mark class=\"hl_yellow\"><b>\u00a0muri\u00f3 en el hospital Ram\u00f3n Carrillo de San Mart\u00edn de Los Andes despu\u00e9s de permanecer varios d\u00edas internado.<\/b><\/mark><\/p>\n<p class=\"paragraph\">El femicida de 33 a\u00f1os se encontraba internado desde el 24 de febrero en el hospital de San Mart\u00edn de los Andes despu\u00e9s de un segundo intento de suicidio, en el que trat\u00f3 de quitarse la vida<b>\u00a0al colgarse del cable de su habitaci\u00f3n en un hospital de Villa La Angostura<\/b><\/p>\n<p class=\"paragraph\">Debido a las gravedad de las heridas de ese intento de suicidio, Quintriqueo fue trasladado al hospital Carrillo, pero\u00a0<b>al cabo de cinco d\u00edas, los m\u00e9dicos no pudieron salvarle la vida<\/b>.<\/p>\n<p class=\"paragraph\">Fue el propio hospital de San Mart\u00edn de Los Andes el que comunic\u00f3 de manera oficial, a trav\u00e9s de un escueto comunicado, que Quintriqueo perdi\u00f3 la vida a las 10.20 de la ma\u00f1ana de hoy. El documento fue firmado por el director del centro de salud, el dr Ernesto Vignaroli.<\/p>\n<picture class=\"visual__image \"><source srcset=\"https:\/\/www.infobae.com\/new-resizer\/8kt6Ann8fPwizqUJ_FGsajRvJP0=\/768x576\/filters:format(jpg):quality(85)\/cloudfront-us-east-1.images.arcpublishing.com\/infobae\/E42P4HV3DNGRJKXXS2GVLCORDU.jpg 768w\" type=\"image\/jpg\" \/><source srcset=\"https:\/\/www.infobae.com\/new-resizer\/SBZVbkBhdDs6QrQdEQk1YAIVleo=\/420x315\/filters:format(jpg):quality(85)\/cloudfront-us-east-1.images.arcpublishing.com\/infobae\/E42P4HV3DNGRJKXXS2GVLCORDU.jpg 420w\" type=\"image\/jpg\" \/><img loading=\"lazy\" decoding=\"async\" src=\"https:\/\/www.infobae.com\/new-resizer\/SBZVbkBhdDs6QrQdEQk1YAIVleo=\/420x315\/filters:format(jpg):quality(85)\/\/cloudfront-us-east-1.images.arcpublishing.com\/infobae\/E42P4HV3DNGRJKXXS2GVLCORDU.jpg\" alt=\"El parte m\u00e9dico que confirm\u00f3 el fallecimiento del femicida de Guadalupe\" width=\"1920\" height=\"1655\" \/>El parte m\u00e9dico que confirm\u00f3 el fallecimiento del femicida de Guadalupe<\/picture>\n<p class=\"paragraph\">Bautista Quintriqueo asesin\u00f3 de una pu\u00f1alada en el pecho a Guadalupe Curual en pleno centro de Villa La Angostura durante la noche del 23 de febrero. Despu\u00e9s de haber sido pareja durante m\u00e1s de dos a\u00f1os y separarse en julio de 2020 debido a sus constantes episodios de violencia de g\u00e9nero en contra de la chica, el femicida cumpli\u00f3 con las amenazas que le repet\u00eda una y otra vez a su ex pareja.<\/p>\n<p class=\"paragraph\">Al menos 48 horas antes de cometer el femicidio, Quintriqueo le hab\u00eda escrito amenazas por Whatsapp a Guadalupe, donde le afirmaba que la asesinar\u00eda si la ve\u00eda con otro hombre. \u201cTe estoy mirando. Sos m\u00eda. No sos de nadie m\u00e1s\u201d, le hab\u00eda escrito por el servicio de mensajer\u00eda instant\u00e1nea.<\/p>\n<picture class=\"visual__image \"><source srcset=\"https:\/\/www.infobae.com\/new-resizer\/A8P_T-Jl_CanLagvSlo_VwaOmks=\/768x768\/filters:format(jpg):quality(85)\/cloudfront-us-east-1.images.arcpublishing.com\/infobae\/63VXSWJCBFAJZEIXWOO7QGCRXE.jpg 768w\" type=\"image\/jpg\" \/><source srcset=\"https:\/\/www.infobae.com\/new-resizer\/s3x0DU5gH0woxtOC65Hl4FME0wg=\/420x420\/filters:format(jpg):quality(85)\/cloudfront-us-east-1.images.arcpublishing.com\/infobae\/63VXSWJCBFAJZEIXWOO7QGCRXE.jpg 420w\" type=\"image\/jpg\" \/><img loading=\"lazy\" decoding=\"async\" src=\"https:\/\/www.infobae.com\/new-resizer\/s3x0DU5gH0woxtOC65Hl4FME0wg=\/420x420\/filters:format(jpg):quality(85)\/\/cloudfront-us-east-1.images.arcpublishing.com\/infobae\/63VXSWJCBFAJZEIXWOO7QGCRXE.jpg\" alt=\"Bautista Quintriqueo era acordeonista y sol\u00eda tocar en las pe\u00f1as folcl\u00f3ricas de Villa La Angostura (Facebook)\" width=\"1920\" height=\"1920\" \/>Bautista Quintriqueo era acordeonista y sol\u00eda tocar en las pe\u00f1as folcl\u00f3ricas de Villa La Angostura (Facebook)<\/picture>\n<\/div>\n<\/article>\n","protected":false},"excerpt":{"rendered":"<p>Bautista Quintriqueo, de 33 a\u00f1os, no se recuper\u00f3 de las heridas autoinfligidas en un doble intento de suicidio, despu\u00e9s de asesinar a su ex pareja de 21 a\u00f1os<\/p>\n","protected":false},"author":3,"featured_media":0,"comment_status":"closed","ping_status":"open","sticky":false,"template":"","format":"standard","meta":{"footnotes":""},"categories":[29],"tags":[],"class_list":["post-53224","post","type-post","status-publish","format-standard","hentry","category-policiales"],"yoast_head":"<!-- This site is optimized with the Yoast SEO plugin v25.9 - https:\/\/yoast.com\/wordpress\/plugins\/seo\/ -->\n<title>Villa La Angostura: muri\u00f3 el femicida de Guadalupe Curual - Noticias Radio Reflejos<\/title>\n<meta name=\"robots\" content=\"index, follow, max-snippet:-1, max-image-preview:large, max-video-preview:-1\" \/>\n<link rel=\"canonical\" href=\"https:\/\/www.noticiasradioreflejos.com.ar\/2021\/villa-la-angostura-murio-el-femicida-de-guadalupe-curual\/\" \/>\n<meta property=\"og:locale\" content=\"es_ES\" \/>\n<meta property=\"og:type\" content=\"article\" \/>\n<meta property=\"og:title\" content=\"Villa La Angostura: muri\u00f3 el femicida de Guadalupe Curual - Noticias Radio Reflejos\" \/>\n<meta property=\"og:description\" content=\"Bautista Quintriqueo, de 33 a\u00f1os, no se recuper\u00f3 de las heridas autoinfligidas en un doble intento de suicidio, despu\u00e9s de asesinar a su ex pareja de 21 a\u00f1os\" \/>\n<meta property=\"og:url\" content=\"https:\/\/www.noticiasradioreflejos.com.ar\/2021\/villa-la-angostura-murio-el-femicida-de-guadalupe-curual\/\" \/>\n<meta property=\"og:site_name\" content=\"Noticias Radio Reflejos\" \/>\n<meta property=\"article:published_time\" content=\"2021-03-02T14:54:40+00:00\" \/>\n<meta property=\"og:image\" content=\"https:\/\/www.infobae.com\/new-resizer\/CYMHKJ2XSL-eiPKzpxhET5PJUsU=\/420x236\/filters:format(jpg):quality(85)\/\/cloudfront-us-east-1.images.arcpublishing.com\/infobae\/OTZTEBWTAJAEXIMMPT5ZAM3J2Y.jpg\" \/>\n<meta name=\"author\" content=\"Arnaldo Botto\" \/>\n<meta name=\"twitter:card\" content=\"summary_large_image\" \/>\n<script type=\"application\/ld+json\" class=\"yoast-schema-graph\">{\"@context\":\"https:\/\/schema.org\",\"@graph\":[{\"@type\":\"WebPage\",\"@id\":\"https:\/\/www.noticiasradioreflejos.com.ar\/2021\/villa-la-angostura-murio-el-femicida-de-guadalupe-curual\/\",\"url\":\"https:\/\/www.noticiasradioreflejos.com.ar\/2021\/villa-la-angostura-murio-el-femicida-de-guadalupe-curual\/\",\"name\":\"Villa La Angostura: muri\u00f3 el femicida de Guadalupe Curual - Noticias Radio Reflejos\",\"isPartOf\":{\"@id\":\"https:\/\/www.noticiasradioreflejos.com.ar\/2021\/#website\"},\"primaryImageOfPage\":{\"@id\":\"https:\/\/www.noticiasradioreflejos.com.ar\/2021\/villa-la-angostura-murio-el-femicida-de-guadalupe-curual\/#primaryimage\"},\"image\":{\"@id\":\"https:\/\/www.noticiasradioreflejos.com.ar\/2021\/villa-la-angostura-murio-el-femicida-de-guadalupe-curual\/#primaryimage\"},\"thumbnailUrl\":\"https:\/\/www.infobae.com\/new-resizer\/CYMHKJ2XSL-eiPKzpxhET5PJUsU=\/420x236\/filters:format(jpg):quality(85)\/\/cloudfront-us-east-1.images.arcpublishing.com\/infobae\/OTZTEBWTAJAEXIMMPT5ZAM3J2Y.jpg\",\"datePublished\":\"2021-03-02T14:54:40+00:00\",\"author\":{\"@id\":\"https:\/\/www.noticiasradioreflejos.com.ar\/2021\/#\/schema\/person\/ad82545263dcc5ec0996818884fd5fb1\"},\"breadcrumb\":{\"@id\":\"https:\/\/www.noticiasradioreflejos.com.ar\/2021\/villa-la-angostura-murio-el-femicida-de-guadalupe-curual\/#breadcrumb\"},\"inLanguage\":\"es\",\"potentialAction\":[{\"@type\":\"ReadAction\",\"target\":[\"https:\/\/www.noticiasradioreflejos.com.ar\/2021\/villa-la-angostura-murio-el-femicida-de-guadalupe-curual\/\"]}]},{\"@type\":\"ImageObject\",\"inLanguage\":\"es\",\"@id\":\"https:\/\/www.noticiasradioreflejos.com.ar\/2021\/villa-la-angostura-murio-el-femicida-de-guadalupe-curual\/#primaryimage\",\"url\":\"https:\/\/www.infobae.com\/new-resizer\/CYMHKJ2XSL-eiPKzpxhET5PJUsU=\/420x236\/filters:format(jpg):quality(85)\/\/cloudfront-us-east-1.images.arcpublishing.com\/infobae\/OTZTEBWTAJAEXIMMPT5ZAM3J2Y.jpg\",\"contentUrl\":\"https:\/\/www.infobae.com\/new-resizer\/CYMHKJ2XSL-eiPKzpxhET5PJUsU=\/420x236\/filters:format(jpg):quality(85)\/\/cloudfront-us-east-1.images.arcpublishing.com\/infobae\/OTZTEBWTAJAEXIMMPT5ZAM3J2Y.jpg\"},{\"@type\":\"BreadcrumbList\",\"@id\":\"https:\/\/www.noticiasradioreflejos.com.ar\/2021\/villa-la-angostura-murio-el-femicida-de-guadalupe-curual\/#breadcrumb\",\"itemListElement\":[{\"@type\":\"ListItem\",\"position\":1,\"name\":\"Portada\",\"item\":\"https:\/\/www.noticiasradioreflejos.com.ar\/2021\/\"},{\"@type\":\"ListItem\",\"position\":2,\"name\":\"Villa La Angostura: muri\u00f3 el femicida de Guadalupe Curual\"}]},{\"@type\":\"WebSite\",\"@id\":\"https:\/\/www.noticiasradioreflejos.com.ar\/2021\/#website\",\"url\":\"https:\/\/www.noticiasradioreflejos.com.ar\/2021\/\",\"name\":\"Noticias Radio Reflejos\",\"description\":\"Las noticias de mi comarca\",\"potentialAction\":[{\"@type\":\"SearchAction\",\"target\":{\"@type\":\"EntryPoint\",\"urlTemplate\":\"https:\/\/www.noticiasradioreflejos.com.ar\/2021\/?s={search_term_string}\"},\"query-input\":{\"@type\":\"PropertyValueSpecification\",\"valueRequired\":true,\"valueName\":\"search_term_string\"}}],\"inLanguage\":\"es\"},{\"@type\":\"Person\",\"@id\":\"https:\/\/www.noticiasradioreflejos.com.ar\/2021\/#\/schema\/person\/ad82545263dcc5ec0996818884fd5fb1\",\"name\":\"Arnaldo Botto\",\"image\":{\"@type\":\"ImageObject\",\"inLanguage\":\"es\",\"@id\":\"https:\/\/www.noticiasradioreflejos.com.ar\/2021\/#\/schema\/person\/image\/\",\"url\":\"https:\/\/secure.gravatar.com\/avatar\/55cb5e37c1efa326397366e6974cb338056df65cb50e7d64d1cf314e87504837?s=96&d=mm&r=g\",\"contentUrl\":\"https:\/\/secure.gravatar.com\/avatar\/55cb5e37c1efa326397366e6974cb338056df65cb50e7d64d1cf314e87504837?s=96&d=mm&r=g\",\"caption\":\"Arnaldo Botto\"},\"url\":\"https:\/\/www.noticiasradioreflejos.com.ar\/2021\/author\/arnaldo\/\"}]}<\/script>\n<!-- \/ Yoast SEO plugin. -->","yoast_head_json":{"title":"Villa La Angostura: muri\u00f3 el femicida de Guadalupe Curual - Noticias Radio Reflejos","robots":{"index":"index","follow":"follow","max-snippet":"max-snippet:-1","max-image-preview":"max-image-preview:large","max-video-preview":"max-video-preview:-1"},"canonical":"https:\/\/www.noticiasradioreflejos.com.ar\/2021\/villa-la-angostura-murio-el-femicida-de-guadalupe-curual\/","og_locale":"es_ES","og_type":"article","og_title":"Villa La Angostura: muri\u00f3 el femicida de Guadalupe Curual - Noticias Radio Reflejos","og_description":"Bautista Quintriqueo, de 33 a\u00f1os, no se recuper\u00f3 de las heridas autoinfligidas en un doble intento de suicidio, despu\u00e9s de asesinar a su ex pareja de 21 a\u00f1os","og_url":"https:\/\/www.noticiasradioreflejos.com.ar\/2021\/villa-la-angostura-murio-el-femicida-de-guadalupe-curual\/","og_site_name":"Noticias Radio Reflejos","article_published_time":"2021-03-02T14:54:40+00:00","og_image":[{"url":"https:\/\/www.infobae.com\/new-resizer\/CYMHKJ2XSL-eiPKzpxhET5PJUsU=\/420x236\/filters:format(jpg):quality(85)\/\/cloudfront-us-east-1.images.arcpublishing.com\/infobae\/OTZTEBWTAJAEXIMMPT5ZAM3J2Y.jpg","type":"","width":"","height":""}],"author":"Arnaldo Botto","twitter_card":"summary_large_image","schema":{"@context":"https:\/\/schema.org","@graph":[{"@type":"WebPage","@id":"https:\/\/www.noticiasradioreflejos.com.ar\/2021\/villa-la-angostura-murio-el-femicida-de-guadalupe-curual\/","url":"https:\/\/www.noticiasradioreflejos.com.ar\/2021\/villa-la-angostura-murio-el-femicida-de-guadalupe-curual\/","name":"Villa La Angostura: muri\u00f3 el femicida de Guadalupe Curual - Noticias Radio Reflejos","isPartOf":{"@id":"https:\/\/www.noticiasradioreflejos.com.ar\/2021\/#website"},"primaryImageOfPage":{"@id":"https:\/\/www.noticiasradioreflejos.com.ar\/2021\/villa-la-angostura-murio-el-femicida-de-guadalupe-curual\/#primaryimage"},"image":{"@id":"https:\/\/www.noticiasradioreflejos.com.ar\/2021\/villa-la-angostura-murio-el-femicida-de-guadalupe-curual\/#primaryimage"},"thumbnailUrl":"https:\/\/www.infobae.com\/new-resizer\/CYMHKJ2XSL-eiPKzpxhET5PJUsU=\/420x236\/filters:format(jpg):quality(85)\/\/cloudfront-us-east-1.images.arcpublishing.com\/infobae\/OTZTEBWTAJAEXIMMPT5ZAM3J2Y.jpg","datePublished":"2021-03-02T14:54:40+00:00","author":{"@id":"https:\/\/www.noticiasradioreflejos.com.ar\/2021\/#\/schema\/person\/ad82545263dcc5ec0996818884fd5fb1"},"breadcrumb":{"@id":"https:\/\/www.noticiasradioreflejos.com.ar\/2021\/villa-la-angostura-murio-el-femicida-de-guadalupe-curual\/#breadcrumb"},"inLanguage":"es","potentialAction":[{"@type":"ReadAction","target":["https:\/\/www.noticiasradioreflejos.com.ar\/2021\/villa-la-angostura-murio-el-femicida-de-guadalupe-curual\/"]}]},{"@type":"ImageObject","inLanguage":"es","@id":"https:\/\/www.noticiasradioreflejos.com.ar\/2021\/villa-la-angostura-murio-el-femicida-de-guadalupe-curual\/#primaryimage","url":"https:\/\/www.infobae.com\/new-resizer\/CYMHKJ2XSL-eiPKzpxhET5PJUsU=\/420x236\/filters:format(jpg):quality(85)\/\/cloudfront-us-east-1.images.arcpublishing.com\/infobae\/OTZTEBWTAJAEXIMMPT5ZAM3J2Y.jpg","contentUrl":"https:\/\/www.infobae.com\/new-resizer\/CYMHKJ2XSL-eiPKzpxhET5PJUsU=\/420x236\/filters:format(jpg):quality(85)\/\/cloudfront-us-east-1.images.arcpublishing.com\/infobae\/OTZTEBWTAJAEXIMMPT5ZAM3J2Y.jpg"},{"@type":"BreadcrumbList","@id":"https:\/\/www.noticiasradioreflejos.com.ar\/2021\/villa-la-angostura-murio-el-femicida-de-guadalupe-curual\/#breadcrumb","itemListElement":[{"@type":"ListItem","position":1,"name":"Portada","item":"https:\/\/www.noticiasradioreflejos.com.ar\/2021\/"},{"@type":"ListItem","position":2,"name":"Villa La Angostura: muri\u00f3 el femicida de Guadalupe Curual"}]},{"@type":"WebSite","@id":"https:\/\/www.noticiasradioreflejos.com.ar\/2021\/#website","url":"https:\/\/www.noticiasradioreflejos.com.ar\/2021\/","name":"Noticias Radio Reflejos","description":"Las noticias de mi comarca","potentialAction":[{"@type":"SearchAction","target":{"@type":"EntryPoint","urlTemplate":"https:\/\/www.noticiasradioreflejos.com.ar\/2021\/?s={search_term_string}"},"query-input":{"@type":"PropertyValueSpecification","valueRequired":true,"valueName":"search_term_string"}}],"inLanguage":"es"},{"@type":"Person","@id":"https:\/\/www.noticiasradioreflejos.com.ar\/2021\/#\/schema\/person\/ad82545263dcc5ec0996818884fd5fb1","name":"Arnaldo Botto","image":{"@type":"ImageObject","inLanguage":"es","@id":"https:\/\/www.noticiasradioreflejos.com.ar\/2021\/#\/schema\/person\/image\/","url":"https:\/\/secure.gravatar.com\/avatar\/55cb5e37c1efa326397366e6974cb338056df65cb50e7d64d1cf314e87504837?s=96&d=mm&r=g","contentUrl":"https:\/\/secure.gravatar.com\/avatar\/55cb5e37c1efa326397366e6974cb338056df65cb50e7d64d1cf314e87504837?s=96&d=mm&r=g","caption":"Arnaldo Botto"},"url":"https:\/\/www.noticiasradioreflejos.com.ar\/2021\/author\/arnaldo\/"}]}},"_links":{"self":[{"href":"https:\/\/www.noticiasradioreflejos.com.ar\/2021\/wp-json\/wp\/v2\/posts\/53224","targetHints":{"allow":["GET"]}}],"collection":[{"href":"https:\/\/www.noticiasradioreflejos.com.ar\/2021\/wp-json\/wp\/v2\/posts"}],"about":[{"href":"https:\/\/www.noticiasradioreflejos.com.ar\/2021\/wp-json\/wp\/v2\/types\/post"}],"author":[{"embeddable":true,"href":"https:\/\/www.noticiasradioreflejos.com.ar\/2021\/wp-json\/wp\/v2\/users\/3"}],"replies":[{"embeddable":true,"href":"https:\/\/www.noticiasradioreflejos.com.ar\/2021\/wp-json\/wp\/v2\/comments?post=53224"}],"version-history":[{"count":0,"href":"https:\/\/www.noticiasradioreflejos.com.ar\/2021\/wp-json\/wp\/v2\/posts\/53224\/revisions"}],"wp:attachment":[{"href":"https:\/\/www.noticiasradioreflejos.com.ar\/2021\/wp-json\/wp\/v2\/media?parent=53224"}],"wp:term":[{"taxonomy":"category","embeddable":true,"href":"https:\/\/www.noticiasradioreflejos.com.ar\/2021\/wp-json\/wp\/v2\/categories?post=53224"},{"taxonomy":"post_tag","embeddable":true,"href":"https:\/\/www.noticiasradioreflejos.com.ar\/2021\/wp-json\/wp\/v2\/tags?post=53224"}],"curies":[{"name":"wp","href":"https:\/\/api.w.org\/{rel}","templated":true}]}}