{"id":5313,"date":"2016-12-29T15:51:49","date_gmt":"2016-12-29T15:51:49","guid":{"rendered":"http:\/\/noticiasradioreflejos.com.ar\/noticias\/?p=5313"},"modified":"2016-12-29T15:51:49","modified_gmt":"2016-12-29T15:51:49","slug":"relevamiento-gratuito-del-trigo","status":"publish","type":"post","link":"https:\/\/www.noticiasradioreflejos.com.ar\/2021\/relevamiento-gratuito-del-trigo\/","title":{"rendered":"Relevamiento gratuito del trigo"},"content":{"rendered":"<p><a title=\"Afiche Relevamiento Trigo-1 b\" href=\"http:\/\/farm1.staticflickr.com\/756\/31119986234_fa7861dd52_z.jpg\" rel=\"\"><img loading=\"lazy\" decoding=\"async\" class=\"alignleft\" style=\"float: left;\" title=\"Afiche Relevamiento Trigo-1 b\" src=\"http:\/\/farm1.staticflickr.com\/756\/31119986234_fa7861dd52_z.jpg\" alt=\"Afiche Relevamiento Trigo-1 b\" width=\"409\" height=\"530\" \/><\/a>Se\u00f1or Productor si est\u00e1 interesado en participar del Relevamiento Gratuito de Calidad de Trigo Pan , dirigirse a la Secretar\u00eda de Producci\u00f3n Comercio e Industria de la Municipalidad de Tornquist Tel: 4941-075 int.104 o a la Agencia de Extensi\u00f3n de Tornquist Te: 4941-187.<br \/>\nImportante: el resultado ser\u00e1 estrictamente confidencial y el acceso exclusivo a quienes hayan participado del relevamiento, al que podr\u00e1n acceder mediante un c\u00f3digo otorgado por la entidad.<\/p>\n","protected":false},"excerpt":{"rendered":"<p>Se\u00f1or Productor si est\u00e1 interesado en participar del Relevamiento Gratuito de Calidad de Trigo Pan , dirigirse a la Secretar\u00eda de Producci\u00f3n Comercio e Industria de la Municipalidad de Tornquist Tel: 4941-075 int.104 o a la Agencia de Extensi\u00f3n de Tornquist Te: 4941-187. Importante: el resultado ser\u00e1 estrictamente confidencial y el acceso exclusivo a quienes [&hellip;]<\/p>\n","protected":false},"author":3,"featured_media":0,"comment_status":"closed","ping_status":"open","sticky":false,"template":"","format":"standard","meta":{"footnotes":""},"categories":[28],"tags":[],"class_list":["post-5313","post","type-post","status-publish","format-standard","hentry","category-municipales"],"yoast_head":"<!-- This site is optimized with the Yoast SEO plugin v25.9 - https:\/\/yoast.com\/wordpress\/plugins\/seo\/ -->\n<title>Relevamiento gratuito del trigo - Noticias Radio Reflejos<\/title>\n<meta name=\"robots\" content=\"index, follow, max-snippet:-1, max-image-preview:large, max-video-preview:-1\" \/>\n<link rel=\"canonical\" href=\"https:\/\/www.noticiasradioreflejos.com.ar\/2021\/relevamiento-gratuito-del-trigo\/\" \/>\n<meta property=\"og:locale\" content=\"es_ES\" \/>\n<meta property=\"og:type\" content=\"article\" \/>\n<meta property=\"og:title\" content=\"Relevamiento gratuito del trigo - Noticias Radio Reflejos\" \/>\n<meta property=\"og:description\" content=\"Se\u00f1or Productor si est\u00e1 interesado en participar del Relevamiento Gratuito de Calidad de Trigo Pan , dirigirse a la Secretar\u00eda de Producci\u00f3n Comercio e Industria de la Municipalidad de Tornquist Tel: 4941-075 int.104 o a la Agencia de Extensi\u00f3n de Tornquist Te: 4941-187. Importante: el resultado ser\u00e1 estrictamente confidencial y el acceso exclusivo a quienes [&hellip;]\" \/>\n<meta property=\"og:url\" content=\"https:\/\/www.noticiasradioreflejos.com.ar\/2021\/relevamiento-gratuito-del-trigo\/\" \/>\n<meta property=\"og:site_name\" content=\"Noticias Radio Reflejos\" \/>\n<meta property=\"article:published_time\" content=\"2016-12-29T15:51:49+00:00\" \/>\n<meta property=\"og:image\" content=\"http:\/\/farm1.staticflickr.com\/756\/31119986234_fa7861dd52_z.jpg\" \/>\n<meta name=\"author\" content=\"Arnaldo Botto\" \/>\n<meta name=\"twitter:card\" content=\"summary_large_image\" \/>\n<script type=\"application\/ld+json\" class=\"yoast-schema-graph\">{\"@context\":\"https:\/\/schema.org\",\"@graph\":[{\"@type\":\"WebPage\",\"@id\":\"https:\/\/www.noticiasradioreflejos.com.ar\/2021\/relevamiento-gratuito-del-trigo\/\",\"url\":\"https:\/\/www.noticiasradioreflejos.com.ar\/2021\/relevamiento-gratuito-del-trigo\/\",\"name\":\"Relevamiento gratuito del trigo - Noticias Radio Reflejos\",\"isPartOf\":{\"@id\":\"https:\/\/www.noticiasradioreflejos.com.ar\/2021\/#website\"},\"primaryImageOfPage\":{\"@id\":\"https:\/\/www.noticiasradioreflejos.com.ar\/2021\/relevamiento-gratuito-del-trigo\/#primaryimage\"},\"image\":{\"@id\":\"https:\/\/www.noticiasradioreflejos.com.ar\/2021\/relevamiento-gratuito-del-trigo\/#primaryimage\"},\"thumbnailUrl\":\"http:\/\/farm1.staticflickr.com\/756\/31119986234_fa7861dd52_z.jpg\",\"datePublished\":\"2016-12-29T15:51:49+00:00\",\"author\":{\"@id\":\"https:\/\/www.noticiasradioreflejos.com.ar\/2021\/#\/schema\/person\/ad82545263dcc5ec0996818884fd5fb1\"},\"breadcrumb\":{\"@id\":\"https:\/\/www.noticiasradioreflejos.com.ar\/2021\/relevamiento-gratuito-del-trigo\/#breadcrumb\"},\"inLanguage\":\"es\",\"potentialAction\":[{\"@type\":\"ReadAction\",\"target\":[\"https:\/\/www.noticiasradioreflejos.com.ar\/2021\/relevamiento-gratuito-del-trigo\/\"]}]},{\"@type\":\"ImageObject\",\"inLanguage\":\"es\",\"@id\":\"https:\/\/www.noticiasradioreflejos.com.ar\/2021\/relevamiento-gratuito-del-trigo\/#primaryimage\",\"url\":\"http:\/\/farm1.staticflickr.com\/756\/31119986234_fa7861dd52_z.jpg\",\"contentUrl\":\"http:\/\/farm1.staticflickr.com\/756\/31119986234_fa7861dd52_z.jpg\"},{\"@type\":\"BreadcrumbList\",\"@id\":\"https:\/\/www.noticiasradioreflejos.com.ar\/2021\/relevamiento-gratuito-del-trigo\/#breadcrumb\",\"itemListElement\":[{\"@type\":\"ListItem\",\"position\":1,\"name\":\"Portada\",\"item\":\"https:\/\/www.noticiasradioreflejos.com.ar\/2021\/\"},{\"@type\":\"ListItem\",\"position\":2,\"name\":\"Relevamiento gratuito del trigo\"}]},{\"@type\":\"WebSite\",\"@id\":\"https:\/\/www.noticiasradioreflejos.com.ar\/2021\/#website\",\"url\":\"https:\/\/www.noticiasradioreflejos.com.ar\/2021\/\",\"name\":\"Noticias Radio Reflejos\",\"description\":\"Las noticias de mi comarca\",\"potentialAction\":[{\"@type\":\"SearchAction\",\"target\":{\"@type\":\"EntryPoint\",\"urlTemplate\":\"https:\/\/www.noticiasradioreflejos.com.ar\/2021\/?s={search_term_string}\"},\"query-input\":{\"@type\":\"PropertyValueSpecification\",\"valueRequired\":true,\"valueName\":\"search_term_string\"}}],\"inLanguage\":\"es\"},{\"@type\":\"Person\",\"@id\":\"https:\/\/www.noticiasradioreflejos.com.ar\/2021\/#\/schema\/person\/ad82545263dcc5ec0996818884fd5fb1\",\"name\":\"Arnaldo Botto\",\"image\":{\"@type\":\"ImageObject\",\"inLanguage\":\"es\",\"@id\":\"https:\/\/www.noticiasradioreflejos.com.ar\/2021\/#\/schema\/person\/image\/\",\"url\":\"https:\/\/secure.gravatar.com\/avatar\/55cb5e37c1efa326397366e6974cb338056df65cb50e7d64d1cf314e87504837?s=96&d=mm&r=g\",\"contentUrl\":\"https:\/\/secure.gravatar.com\/avatar\/55cb5e37c1efa326397366e6974cb338056df65cb50e7d64d1cf314e87504837?s=96&d=mm&r=g\",\"caption\":\"Arnaldo Botto\"},\"url\":\"https:\/\/www.noticiasradioreflejos.com.ar\/2021\/author\/arnaldo\/\"}]}<\/script>\n<!-- \/ Yoast SEO plugin. -->","yoast_head_json":{"title":"Relevamiento gratuito del trigo - Noticias Radio Reflejos","robots":{"index":"index","follow":"follow","max-snippet":"max-snippet:-1","max-image-preview":"max-image-preview:large","max-video-preview":"max-video-preview:-1"},"canonical":"https:\/\/www.noticiasradioreflejos.com.ar\/2021\/relevamiento-gratuito-del-trigo\/","og_locale":"es_ES","og_type":"article","og_title":"Relevamiento gratuito del trigo - Noticias Radio Reflejos","og_description":"Se\u00f1or Productor si est\u00e1 interesado en participar del Relevamiento Gratuito de Calidad de Trigo Pan , dirigirse a la Secretar\u00eda de Producci\u00f3n Comercio e Industria de la Municipalidad de Tornquist Tel: 4941-075 int.104 o a la Agencia de Extensi\u00f3n de Tornquist Te: 4941-187. Importante: el resultado ser\u00e1 estrictamente confidencial y el acceso exclusivo a quienes [&hellip;]","og_url":"https:\/\/www.noticiasradioreflejos.com.ar\/2021\/relevamiento-gratuito-del-trigo\/","og_site_name":"Noticias Radio Reflejos","article_published_time":"2016-12-29T15:51:49+00:00","og_image":[{"url":"http:\/\/farm1.staticflickr.com\/756\/31119986234_fa7861dd52_z.jpg","type":"","width":"","height":""}],"author":"Arnaldo Botto","twitter_card":"summary_large_image","schema":{"@context":"https:\/\/schema.org","@graph":[{"@type":"WebPage","@id":"https:\/\/www.noticiasradioreflejos.com.ar\/2021\/relevamiento-gratuito-del-trigo\/","url":"https:\/\/www.noticiasradioreflejos.com.ar\/2021\/relevamiento-gratuito-del-trigo\/","name":"Relevamiento gratuito del trigo - Noticias Radio Reflejos","isPartOf":{"@id":"https:\/\/www.noticiasradioreflejos.com.ar\/2021\/#website"},"primaryImageOfPage":{"@id":"https:\/\/www.noticiasradioreflejos.com.ar\/2021\/relevamiento-gratuito-del-trigo\/#primaryimage"},"image":{"@id":"https:\/\/www.noticiasradioreflejos.com.ar\/2021\/relevamiento-gratuito-del-trigo\/#primaryimage"},"thumbnailUrl":"http:\/\/farm1.staticflickr.com\/756\/31119986234_fa7861dd52_z.jpg","datePublished":"2016-12-29T15:51:49+00:00","author":{"@id":"https:\/\/www.noticiasradioreflejos.com.ar\/2021\/#\/schema\/person\/ad82545263dcc5ec0996818884fd5fb1"},"breadcrumb":{"@id":"https:\/\/www.noticiasradioreflejos.com.ar\/2021\/relevamiento-gratuito-del-trigo\/#breadcrumb"},"inLanguage":"es","potentialAction":[{"@type":"ReadAction","target":["https:\/\/www.noticiasradioreflejos.com.ar\/2021\/relevamiento-gratuito-del-trigo\/"]}]},{"@type":"ImageObject","inLanguage":"es","@id":"https:\/\/www.noticiasradioreflejos.com.ar\/2021\/relevamiento-gratuito-del-trigo\/#primaryimage","url":"http:\/\/farm1.staticflickr.com\/756\/31119986234_fa7861dd52_z.jpg","contentUrl":"http:\/\/farm1.staticflickr.com\/756\/31119986234_fa7861dd52_z.jpg"},{"@type":"BreadcrumbList","@id":"https:\/\/www.noticiasradioreflejos.com.ar\/2021\/relevamiento-gratuito-del-trigo\/#breadcrumb","itemListElement":[{"@type":"ListItem","position":1,"name":"Portada","item":"https:\/\/www.noticiasradioreflejos.com.ar\/2021\/"},{"@type":"ListItem","position":2,"name":"Relevamiento gratuito del trigo"}]},{"@type":"WebSite","@id":"https:\/\/www.noticiasradioreflejos.com.ar\/2021\/#website","url":"https:\/\/www.noticiasradioreflejos.com.ar\/2021\/","name":"Noticias Radio Reflejos","description":"Las noticias de mi comarca","potentialAction":[{"@type":"SearchAction","target":{"@type":"EntryPoint","urlTemplate":"https:\/\/www.noticiasradioreflejos.com.ar\/2021\/?s={search_term_string}"},"query-input":{"@type":"PropertyValueSpecification","valueRequired":true,"valueName":"search_term_string"}}],"inLanguage":"es"},{"@type":"Person","@id":"https:\/\/www.noticiasradioreflejos.com.ar\/2021\/#\/schema\/person\/ad82545263dcc5ec0996818884fd5fb1","name":"Arnaldo Botto","image":{"@type":"ImageObject","inLanguage":"es","@id":"https:\/\/www.noticiasradioreflejos.com.ar\/2021\/#\/schema\/person\/image\/","url":"https:\/\/secure.gravatar.com\/avatar\/55cb5e37c1efa326397366e6974cb338056df65cb50e7d64d1cf314e87504837?s=96&d=mm&r=g","contentUrl":"https:\/\/secure.gravatar.com\/avatar\/55cb5e37c1efa326397366e6974cb338056df65cb50e7d64d1cf314e87504837?s=96&d=mm&r=g","caption":"Arnaldo Botto"},"url":"https:\/\/www.noticiasradioreflejos.com.ar\/2021\/author\/arnaldo\/"}]}},"_links":{"self":[{"href":"https:\/\/www.noticiasradioreflejos.com.ar\/2021\/wp-json\/wp\/v2\/posts\/5313","targetHints":{"allow":["GET"]}}],"collection":[{"href":"https:\/\/www.noticiasradioreflejos.com.ar\/2021\/wp-json\/wp\/v2\/posts"}],"about":[{"href":"https:\/\/www.noticiasradioreflejos.com.ar\/2021\/wp-json\/wp\/v2\/types\/post"}],"author":[{"embeddable":true,"href":"https:\/\/www.noticiasradioreflejos.com.ar\/2021\/wp-json\/wp\/v2\/users\/3"}],"replies":[{"embeddable":true,"href":"https:\/\/www.noticiasradioreflejos.com.ar\/2021\/wp-json\/wp\/v2\/comments?post=5313"}],"version-history":[{"count":0,"href":"https:\/\/www.noticiasradioreflejos.com.ar\/2021\/wp-json\/wp\/v2\/posts\/5313\/revisions"}],"wp:attachment":[{"href":"https:\/\/www.noticiasradioreflejos.com.ar\/2021\/wp-json\/wp\/v2\/media?parent=5313"}],"wp:term":[{"taxonomy":"category","embeddable":true,"href":"https:\/\/www.noticiasradioreflejos.com.ar\/2021\/wp-json\/wp\/v2\/categories?post=5313"},{"taxonomy":"post_tag","embeddable":true,"href":"https:\/\/www.noticiasradioreflejos.com.ar\/2021\/wp-json\/wp\/v2\/tags?post=5313"}],"curies":[{"name":"wp","href":"https:\/\/api.w.org\/{rel}","templated":true}]}}