{"id":53112,"date":"2021-03-01T07:58:20","date_gmt":"2021-03-01T10:58:20","guid":{"rendered":"http:\/\/www.noticiasradioreflejos.com.ar\/noticias\/?p=53112"},"modified":"2021-03-01T07:58:20","modified_gmt":"2021-03-01T10:58:20","slug":"el-presidente-dara-su-mensaje-ante-la-asamblea-legislativa","status":"publish","type":"post","link":"https:\/\/www.noticiasradioreflejos.com.ar\/2021\/el-presidente-dara-su-mensaje-ante-la-asamblea-legislativa\/","title":{"rendered":"El Presidente dar\u00e1 su mensaje ante la Asamblea Legislativa"},"content":{"rendered":"<p>Ser\u00e1 este lunes a partir de las 12 desde un recinto de la C\u00e1mara de Diputados at\u00edpico: no habr\u00e1 invitados especiales y buena parte de los legisladores seguir\u00e1 las instancias del discurso de manera virtual.<!--more--><\/p>\n<div class=\"main-content-block\">\n<div class=\"main-box clearfix\">\n<div class=\"wrapper-main-section clearfix\">\n<div class=\"wrapper-editable-content\">\n<div class=\"editable-content clearfix\">\n<div id=\"image\" class=\"image\">\n<p><img decoding=\"async\" title=\"La sesi\u00f3n de la Asamblea Legislativa se llevar\u00e1 a cabo bajo la modalidad mixta presencial y remota.\" src=\"https:\/\/www.telam.com.ar\/advf\/imagenes\/2021\/02\/602561172beb8.02.2021%20565_1004x565.jpg\" alt=\"La sesi\u00f3n de la Asamblea Legislativa se llevar\u00e1 a cabo bajo la modalidad mixta presencial y remota.\" \/><\/p>\n<div class=\"epigrafe\">La sesi\u00f3n de la Asamblea Legislativa se llevar\u00e1 a cabo bajo la modalidad mixta presencial y remota.<\/div>\n<\/div>\n<p>El presidente\u00a0<strong>Alberto Fern\u00e1ndez dejar\u00e1 inaugurado este lunes el 139 per\u00edodo de sesiones ordinarias del Congreso<\/strong>\u00a0con un mensaje ante la Asamblea Legislativa, en un escenario at\u00edpico y sin invitados a causa de las normas sanitarias de prevenci\u00f3n por la pandemia de coronavirus.<\/p>\n<p>Con eje en las metas previstas por su administraci\u00f3n para dar impulso a la reactivaci\u00f3n de la econom\u00eda, en un a\u00f1o que volver\u00e1 a estar marcado por la pandemia, el Presidente\u00a0<a href=\"https:\/\/www.telam.com.ar\/notas\/202102\/545846-con-el-foco-puesto-en-economia-y-pandemia-fernandez-define-su-discurso-ante-el-congreso.html\" target=\"_blank\" rel=\"noopener\">dar\u00e1 su tercer mensaje ante la Asamblea Legislativa<\/a>\u00a0a partir de las 12 desde un recinto de la C\u00e1mara de Diputados en el que no habr\u00e1 invitados especiales ya que buena parte de los legisladores seguir\u00e1 las instancias del discurso de manera virtual.<\/p>\n<p>Tambi\u00e9n ser\u00e1 at\u00edpico en las inmediaciones: el Presidente agradeci\u00f3 a las organizaciones pol\u00edticas y sociales que convocaron a una movilizaci\u00f3n en las calles, pero pidi\u00f3 que su mensaje sea seguido \u00aben forma remota\u00bb ya que la pandemia de coronavirus \u00aba\u00fan nos ataca\u00bb.<\/p>\n<div class=\"js-code\">\n<div class=\"twitter-tweet twitter-tweet-rendered\"><iframe loading=\"lazy\" id=\"twitter-widget-0\" class=\"\" title=\"Twitter Tweet\" src=\"https:\/\/platform.twitter.com\/embed\/Tweet.html?creatorScreenName=agenciatelam&amp;dnt=false&amp;embedId=twitter-widget-0&amp;frame=false&amp;hideCard=false&amp;hideThread=false&amp;id=1365666349897367552&amp;lang=en&amp;origin=https%3A%2F%2Fwww.telam.com.ar%2Fnotas%2F202102%2F545851-en-un-escenario-atipico-el-presidente-dara-su-tercer-mensaje-ante-la-asamblea-legislativa.html&amp;siteScreenName=agenciatelam&amp;theme=light&amp;widgetsVersion=889aa01%3A1612811843556&amp;width=550px\" width=\"300\" height=\"150\" frameborder=\"0\" scrolling=\"no\" allowfullscreen=\"allowfullscreen\" data-tweet-id=\"1365666349897367552\"><\/iframe><\/div>\n<\/div>\n<p>El\u00a0<strong>mandatario se dirigi\u00f3 por primera vez ante la Asamblea durante su asunci\u00f3n del 10 de diciembre de 2019 y pronunci\u00f3 su segundo discurso durante la primera apertura de sesiones ordinarias<\/strong>\u00a0de su mandato, el 1 de marzo de 2020, 20 d\u00edas antes de decretar el aislamiento social y obligatorio con motivo de la propagaci\u00f3n de la Covid-19.<\/p>\n<p>La\u00a0<strong>vicepresidenta Cristina Fern\u00e1ndez de Kirchner arribar\u00e1 al Palacio Legislativo<\/strong>\u00a0en primer t\u00e9rmino y ser\u00e1 la encargada de abrir, a las 11, la Asamblea Legislativa.<\/p>\n<div id=\"image\" class=\"image\"><img decoding=\"async\" title=\"\" src=\"https:\/\/www.telam.com.ar\/advf\/imagenes\/2020\/03\/5e5bfd27111d0_1004x565.jpg\" alt=\"\" \/><\/div>\n<div class=\"auth\">Los ejes del discurso<\/div>\n<p>Si bien se mantuvo hermetismo, voceros presidenciales informaron que las\u00a0<strong>pol\u00edticas sanitarias parta paliar los efectos de la pandemia de coronavirus y las metas fijadas para ahondar la reactivaci\u00f3n econ\u00f3mica<\/strong>\u00a0ser\u00e1n los pilares del mensaje.<\/p>\n<p>Por primera vez en la historia legislativa, los gobernadores no estar\u00e1n en el recinto de sesiones y deber\u00e1n seguir las instancias de la Asamblea a trav\u00e9s de las c\u00e1maras que se dispondr\u00e1n en el hemiciclo.<\/p>\n<p>De acuerdo a las medidas sanitarias para cumplir con el distanciamiento social, ser\u00e1 un recinto con acceso limitado y el jefe del Estado hablar\u00e1 a la Asamblea, escoltado por las autoridades de ambas C\u00e1maras legislativas y los miembros de su Gabinete pero con la mayor\u00eda de los legisladores conectados en forma remota.<\/p>\n<p>En tanto, los cinco integrantes de la Corte Suprema, Elena Highton de Nolasco, Ricardo Lorenzetti, Juan Carlos Maqueda, Horacio Rosatti y Carlos Rosenkrantz, tambi\u00e9n participar\u00e1n de manera virtual.<\/p>\n<p>La vicepresidenta Fern\u00e1ndez de Kirchner y el presidente de la C\u00e1mara de Diputados, Sergio Massa, remarcaron esta semana, al anunciar las medidas de acceso limitado al recinto, la importancia de \u00abdar estricto cumplimiento a todas las medidas sanitarias que garanticen el cuidado de la salud de todas las personas que participen\u00bb.<\/p>\n<p>Por esa raz\u00f3n, la sesi\u00f3n de Asamblea\u00a0<strong>se llevar\u00e1 a cabo bajo la modalidad mixta presencial y remota<\/strong>, con una cantidad limitada de integrantes del Poder Legislativo, entre los que se priorizar\u00e1 a los jefes de las bancadas de cada una de las C\u00e1maras.<\/p>\n<p>El titular de la C\u00e1mara baja, Massa, pidi\u00f3 a las autoridades de los bloques parlamentarios un listado acotado de legisladores que podr\u00e1n presenciar el discurso desde el recinto.<\/p>\n<p>El\u00a0<strong>resto participar\u00e1 a trav\u00e9s de la plataforma Webex, de la misma manera en que se realizaron las sesiones remotas\u00a0<\/strong>a lo largo del a\u00f1o 2020.<\/p>\n<p>Desde las 9, los legisladores recibir\u00e1n un link de acceso al \u00abrecinto virtual\u00bb y a partir de las 10 quedar\u00e1 habilitado el acceso al mismo, precisaron fuentes del Senado de la Naci\u00f3n.<\/p>\n<p>La\u00a0<strong>prensa estar\u00e1 presente, pero se restringir\u00e1 su acceso,<\/strong>\u00a0de acuerdo con las instrucciones dadas a conocer esta semana.La cobertura audiovisual y fotogr\u00e1fica estar\u00e1 a cargo de los equipos de comunicaci\u00f3n del Congreso de la Naci\u00f3n en forma exclusiva.Los periodistas s\u00f3lo podr\u00e1n permanecer en el sal\u00f3n de Pasos Perdidos, el sal\u00f3n Delia Parodi y el palco de prensa del recinto de la C\u00e1mara de Diputados.<\/p>\n<p>La apertura de las sesiones del a\u00f1o pasado se realiz\u00f3 en momentos en que la pandemia de coronavirus ya afectaba a las principales capitales de Europa y Asia, pero a\u00fan no hab\u00eda llegado a la Argentina.<\/p>\n<p>El Gobierno nacional decidi\u00f3 18 d\u00edas despu\u00e9s del discurso de Fern\u00e1ndez, el 20 de marzo de 2020, disponer la cuarentena que, con mayor o menor intensidad, se mantuvo durante buena parte del a\u00f1o pasado.<\/p>\n<p>En el Congreso, en tanto, mediante el acuerdo entre el oficialismo y la oposici\u00f3n, se decidi\u00f3 avanzar con un protocolo de sesiones remotas que permiti\u00f3 realizar 31 de ellas a lo largo de 2020, cuando en 2019, y sin pandemia, s\u00f3lo se llev\u00f3 a cabo una decena.<\/p>\n<p>Para ello, hizo falta no s\u00f3lo la virtualidad del trabajo legislativo, sino un oficialismo con mayor\u00eda propia, algo que conspir\u00f3 contra la realizaci\u00f3n de sesiones en Diputados, donde sesionaron en 18 oportunidades.<\/p>\n<p><strong>Por Mar\u00eda Clelia S\u00edvori<\/strong> para <span style=\"color: #0000ff;\"><strong>TELAM<\/strong><\/span><\/p>\n<\/div>\n<\/div>\n<\/div>\n<\/div>\n<\/div>\n","protected":false},"excerpt":{"rendered":"<p>Ser\u00e1 este lunes a partir de las 12 desde un recinto de la C\u00e1mara de Diputados at\u00edpico: no habr\u00e1 invitados especiales y buena parte de los legisladores seguir\u00e1 las instancias del discurso de manera virtual.<\/p>\n","protected":false},"author":3,"featured_media":0,"comment_status":"closed","ping_status":"open","sticky":false,"template":"","format":"standard","meta":{"footnotes":""},"categories":[24],"tags":[],"class_list":["post-53112","post","type-post","status-publish","format-standard","hentry","category-politica"],"yoast_head":"<!-- This site is optimized with the Yoast SEO plugin v25.9 - https:\/\/yoast.com\/wordpress\/plugins\/seo\/ -->\n<title>El Presidente dar\u00e1 su mensaje ante la Asamblea Legislativa - Noticias Radio Reflejos<\/title>\n<meta name=\"robots\" content=\"index, follow, max-snippet:-1, max-image-preview:large, max-video-preview:-1\" \/>\n<link rel=\"canonical\" href=\"https:\/\/www.noticiasradioreflejos.com.ar\/2021\/el-presidente-dara-su-mensaje-ante-la-asamblea-legislativa\/\" \/>\n<meta property=\"og:locale\" content=\"es_ES\" \/>\n<meta property=\"og:type\" content=\"article\" \/>\n<meta property=\"og:title\" content=\"El Presidente dar\u00e1 su mensaje ante la Asamblea Legislativa - Noticias Radio Reflejos\" \/>\n<meta property=\"og:description\" content=\"Ser\u00e1 este lunes a partir de las 12 desde un recinto de la C\u00e1mara de Diputados at\u00edpico: no habr\u00e1 invitados especiales y buena parte de los legisladores seguir\u00e1 las instancias del discurso de manera virtual.\" \/>\n<meta property=\"og:url\" content=\"https:\/\/www.noticiasradioreflejos.com.ar\/2021\/el-presidente-dara-su-mensaje-ante-la-asamblea-legislativa\/\" \/>\n<meta property=\"og:site_name\" content=\"Noticias Radio Reflejos\" \/>\n<meta property=\"article:published_time\" content=\"2021-03-01T10:58:20+00:00\" \/>\n<meta property=\"og:image\" content=\"https:\/\/www.telam.com.ar\/advf\/imagenes\/2021\/02\/602561172beb8.02.2021%20565_1004x565.jpg\" \/>\n<meta name=\"author\" content=\"Arnaldo Botto\" \/>\n<meta name=\"twitter:card\" content=\"summary_large_image\" \/>\n<script type=\"application\/ld+json\" class=\"yoast-schema-graph\">{\"@context\":\"https:\/\/schema.org\",\"@graph\":[{\"@type\":\"WebPage\",\"@id\":\"https:\/\/www.noticiasradioreflejos.com.ar\/2021\/el-presidente-dara-su-mensaje-ante-la-asamblea-legislativa\/\",\"url\":\"https:\/\/www.noticiasradioreflejos.com.ar\/2021\/el-presidente-dara-su-mensaje-ante-la-asamblea-legislativa\/\",\"name\":\"El Presidente dar\u00e1 su mensaje ante la Asamblea Legislativa - Noticias Radio Reflejos\",\"isPartOf\":{\"@id\":\"https:\/\/www.noticiasradioreflejos.com.ar\/2021\/#website\"},\"primaryImageOfPage\":{\"@id\":\"https:\/\/www.noticiasradioreflejos.com.ar\/2021\/el-presidente-dara-su-mensaje-ante-la-asamblea-legislativa\/#primaryimage\"},\"image\":{\"@id\":\"https:\/\/www.noticiasradioreflejos.com.ar\/2021\/el-presidente-dara-su-mensaje-ante-la-asamblea-legislativa\/#primaryimage\"},\"thumbnailUrl\":\"https:\/\/www.telam.com.ar\/advf\/imagenes\/2021\/02\/602561172beb8.02.2021%20565_1004x565.jpg\",\"datePublished\":\"2021-03-01T10:58:20+00:00\",\"author\":{\"@id\":\"https:\/\/www.noticiasradioreflejos.com.ar\/2021\/#\/schema\/person\/ad82545263dcc5ec0996818884fd5fb1\"},\"breadcrumb\":{\"@id\":\"https:\/\/www.noticiasradioreflejos.com.ar\/2021\/el-presidente-dara-su-mensaje-ante-la-asamblea-legislativa\/#breadcrumb\"},\"inLanguage\":\"es\",\"potentialAction\":[{\"@type\":\"ReadAction\",\"target\":[\"https:\/\/www.noticiasradioreflejos.com.ar\/2021\/el-presidente-dara-su-mensaje-ante-la-asamblea-legislativa\/\"]}]},{\"@type\":\"ImageObject\",\"inLanguage\":\"es\",\"@id\":\"https:\/\/www.noticiasradioreflejos.com.ar\/2021\/el-presidente-dara-su-mensaje-ante-la-asamblea-legislativa\/#primaryimage\",\"url\":\"https:\/\/www.telam.com.ar\/advf\/imagenes\/2021\/02\/602561172beb8.02.2021%20565_1004x565.jpg\",\"contentUrl\":\"https:\/\/www.telam.com.ar\/advf\/imagenes\/2021\/02\/602561172beb8.02.2021%20565_1004x565.jpg\"},{\"@type\":\"BreadcrumbList\",\"@id\":\"https:\/\/www.noticiasradioreflejos.com.ar\/2021\/el-presidente-dara-su-mensaje-ante-la-asamblea-legislativa\/#breadcrumb\",\"itemListElement\":[{\"@type\":\"ListItem\",\"position\":1,\"name\":\"Portada\",\"item\":\"https:\/\/www.noticiasradioreflejos.com.ar\/2021\/\"},{\"@type\":\"ListItem\",\"position\":2,\"name\":\"El Presidente dar\u00e1 su mensaje ante la Asamblea Legislativa\"}]},{\"@type\":\"WebSite\",\"@id\":\"https:\/\/www.noticiasradioreflejos.com.ar\/2021\/#website\",\"url\":\"https:\/\/www.noticiasradioreflejos.com.ar\/2021\/\",\"name\":\"Noticias Radio Reflejos\",\"description\":\"Las noticias de mi comarca\",\"potentialAction\":[{\"@type\":\"SearchAction\",\"target\":{\"@type\":\"EntryPoint\",\"urlTemplate\":\"https:\/\/www.noticiasradioreflejos.com.ar\/2021\/?s={search_term_string}\"},\"query-input\":{\"@type\":\"PropertyValueSpecification\",\"valueRequired\":true,\"valueName\":\"search_term_string\"}}],\"inLanguage\":\"es\"},{\"@type\":\"Person\",\"@id\":\"https:\/\/www.noticiasradioreflejos.com.ar\/2021\/#\/schema\/person\/ad82545263dcc5ec0996818884fd5fb1\",\"name\":\"Arnaldo Botto\",\"image\":{\"@type\":\"ImageObject\",\"inLanguage\":\"es\",\"@id\":\"https:\/\/www.noticiasradioreflejos.com.ar\/2021\/#\/schema\/person\/image\/\",\"url\":\"https:\/\/secure.gravatar.com\/avatar\/55cb5e37c1efa326397366e6974cb338056df65cb50e7d64d1cf314e87504837?s=96&d=mm&r=g\",\"contentUrl\":\"https:\/\/secure.gravatar.com\/avatar\/55cb5e37c1efa326397366e6974cb338056df65cb50e7d64d1cf314e87504837?s=96&d=mm&r=g\",\"caption\":\"Arnaldo Botto\"},\"url\":\"https:\/\/www.noticiasradioreflejos.com.ar\/2021\/author\/arnaldo\/\"}]}<\/script>\n<!-- \/ Yoast SEO plugin. -->","yoast_head_json":{"title":"El Presidente dar\u00e1 su mensaje ante la Asamblea Legislativa - Noticias Radio Reflejos","robots":{"index":"index","follow":"follow","max-snippet":"max-snippet:-1","max-image-preview":"max-image-preview:large","max-video-preview":"max-video-preview:-1"},"canonical":"https:\/\/www.noticiasradioreflejos.com.ar\/2021\/el-presidente-dara-su-mensaje-ante-la-asamblea-legislativa\/","og_locale":"es_ES","og_type":"article","og_title":"El Presidente dar\u00e1 su mensaje ante la Asamblea Legislativa - Noticias Radio Reflejos","og_description":"Ser\u00e1 este lunes a partir de las 12 desde un recinto de la C\u00e1mara de Diputados at\u00edpico: no habr\u00e1 invitados especiales y buena parte de los legisladores seguir\u00e1 las instancias del discurso de manera virtual.","og_url":"https:\/\/www.noticiasradioreflejos.com.ar\/2021\/el-presidente-dara-su-mensaje-ante-la-asamblea-legislativa\/","og_site_name":"Noticias Radio Reflejos","article_published_time":"2021-03-01T10:58:20+00:00","og_image":[{"url":"https:\/\/www.telam.com.ar\/advf\/imagenes\/2021\/02\/602561172beb8.02.2021%20565_1004x565.jpg","type":"","width":"","height":""}],"author":"Arnaldo Botto","twitter_card":"summary_large_image","schema":{"@context":"https:\/\/schema.org","@graph":[{"@type":"WebPage","@id":"https:\/\/www.noticiasradioreflejos.com.ar\/2021\/el-presidente-dara-su-mensaje-ante-la-asamblea-legislativa\/","url":"https:\/\/www.noticiasradioreflejos.com.ar\/2021\/el-presidente-dara-su-mensaje-ante-la-asamblea-legislativa\/","name":"El Presidente dar\u00e1 su mensaje ante la Asamblea Legislativa - Noticias Radio Reflejos","isPartOf":{"@id":"https:\/\/www.noticiasradioreflejos.com.ar\/2021\/#website"},"primaryImageOfPage":{"@id":"https:\/\/www.noticiasradioreflejos.com.ar\/2021\/el-presidente-dara-su-mensaje-ante-la-asamblea-legislativa\/#primaryimage"},"image":{"@id":"https:\/\/www.noticiasradioreflejos.com.ar\/2021\/el-presidente-dara-su-mensaje-ante-la-asamblea-legislativa\/#primaryimage"},"thumbnailUrl":"https:\/\/www.telam.com.ar\/advf\/imagenes\/2021\/02\/602561172beb8.02.2021%20565_1004x565.jpg","datePublished":"2021-03-01T10:58:20+00:00","author":{"@id":"https:\/\/www.noticiasradioreflejos.com.ar\/2021\/#\/schema\/person\/ad82545263dcc5ec0996818884fd5fb1"},"breadcrumb":{"@id":"https:\/\/www.noticiasradioreflejos.com.ar\/2021\/el-presidente-dara-su-mensaje-ante-la-asamblea-legislativa\/#breadcrumb"},"inLanguage":"es","potentialAction":[{"@type":"ReadAction","target":["https:\/\/www.noticiasradioreflejos.com.ar\/2021\/el-presidente-dara-su-mensaje-ante-la-asamblea-legislativa\/"]}]},{"@type":"ImageObject","inLanguage":"es","@id":"https:\/\/www.noticiasradioreflejos.com.ar\/2021\/el-presidente-dara-su-mensaje-ante-la-asamblea-legislativa\/#primaryimage","url":"https:\/\/www.telam.com.ar\/advf\/imagenes\/2021\/02\/602561172beb8.02.2021%20565_1004x565.jpg","contentUrl":"https:\/\/www.telam.com.ar\/advf\/imagenes\/2021\/02\/602561172beb8.02.2021%20565_1004x565.jpg"},{"@type":"BreadcrumbList","@id":"https:\/\/www.noticiasradioreflejos.com.ar\/2021\/el-presidente-dara-su-mensaje-ante-la-asamblea-legislativa\/#breadcrumb","itemListElement":[{"@type":"ListItem","position":1,"name":"Portada","item":"https:\/\/www.noticiasradioreflejos.com.ar\/2021\/"},{"@type":"ListItem","position":2,"name":"El Presidente dar\u00e1 su mensaje ante la Asamblea Legislativa"}]},{"@type":"WebSite","@id":"https:\/\/www.noticiasradioreflejos.com.ar\/2021\/#website","url":"https:\/\/www.noticiasradioreflejos.com.ar\/2021\/","name":"Noticias Radio Reflejos","description":"Las noticias de mi comarca","potentialAction":[{"@type":"SearchAction","target":{"@type":"EntryPoint","urlTemplate":"https:\/\/www.noticiasradioreflejos.com.ar\/2021\/?s={search_term_string}"},"query-input":{"@type":"PropertyValueSpecification","valueRequired":true,"valueName":"search_term_string"}}],"inLanguage":"es"},{"@type":"Person","@id":"https:\/\/www.noticiasradioreflejos.com.ar\/2021\/#\/schema\/person\/ad82545263dcc5ec0996818884fd5fb1","name":"Arnaldo Botto","image":{"@type":"ImageObject","inLanguage":"es","@id":"https:\/\/www.noticiasradioreflejos.com.ar\/2021\/#\/schema\/person\/image\/","url":"https:\/\/secure.gravatar.com\/avatar\/55cb5e37c1efa326397366e6974cb338056df65cb50e7d64d1cf314e87504837?s=96&d=mm&r=g","contentUrl":"https:\/\/secure.gravatar.com\/avatar\/55cb5e37c1efa326397366e6974cb338056df65cb50e7d64d1cf314e87504837?s=96&d=mm&r=g","caption":"Arnaldo Botto"},"url":"https:\/\/www.noticiasradioreflejos.com.ar\/2021\/author\/arnaldo\/"}]}},"_links":{"self":[{"href":"https:\/\/www.noticiasradioreflejos.com.ar\/2021\/wp-json\/wp\/v2\/posts\/53112","targetHints":{"allow":["GET"]}}],"collection":[{"href":"https:\/\/www.noticiasradioreflejos.com.ar\/2021\/wp-json\/wp\/v2\/posts"}],"about":[{"href":"https:\/\/www.noticiasradioreflejos.com.ar\/2021\/wp-json\/wp\/v2\/types\/post"}],"author":[{"embeddable":true,"href":"https:\/\/www.noticiasradioreflejos.com.ar\/2021\/wp-json\/wp\/v2\/users\/3"}],"replies":[{"embeddable":true,"href":"https:\/\/www.noticiasradioreflejos.com.ar\/2021\/wp-json\/wp\/v2\/comments?post=53112"}],"version-history":[{"count":0,"href":"https:\/\/www.noticiasradioreflejos.com.ar\/2021\/wp-json\/wp\/v2\/posts\/53112\/revisions"}],"wp:attachment":[{"href":"https:\/\/www.noticiasradioreflejos.com.ar\/2021\/wp-json\/wp\/v2\/media?parent=53112"}],"wp:term":[{"taxonomy":"category","embeddable":true,"href":"https:\/\/www.noticiasradioreflejos.com.ar\/2021\/wp-json\/wp\/v2\/categories?post=53112"},{"taxonomy":"post_tag","embeddable":true,"href":"https:\/\/www.noticiasradioreflejos.com.ar\/2021\/wp-json\/wp\/v2\/tags?post=53112"}],"curies":[{"name":"wp","href":"https:\/\/api.w.org\/{rel}","templated":true}]}}