{"id":53109,"date":"2021-03-01T07:54:15","date_gmt":"2021-03-01T10:54:15","guid":{"rendered":"http:\/\/www.noticiasradioreflejos.com.ar\/noticias\/?p=53109"},"modified":"2021-03-01T07:54:15","modified_gmt":"2021-03-01T10:54:15","slug":"comenzo-a-regir-la-obligacion-de-registrar-los-contratos-de-alquiler-ante-la-afip-todo-lo-que-hay-que-saber","status":"publish","type":"post","link":"https:\/\/www.noticiasradioreflejos.com.ar\/2021\/comenzo-a-regir-la-obligacion-de-registrar-los-contratos-de-alquiler-ante-la-afip-todo-lo-que-hay-que-saber\/","title":{"rendered":"Comenz\u00f3 a regir la obligaci\u00f3n de registrar los contratos de alquiler ante la AFIP: todo lo que hay que saber"},"content":{"rendered":"<p>El organismo tributario abrir\u00e1 un aplicativo para hacer las declaraciones online. Estar\u00e1n incluidos inmuebles para alquiler \u201ctradicional\u201d, comercial, temporal y cocheras. Qu\u00e9 obligaciones tendr\u00e1n inquilinos e inmobiliarias<!--more--><\/p>\n<div class=\"nd_buttons_container width_full display_flex\"><\/div>\n<article class=\"article | col widescreen-8 desktop-8 tablet-12 width_full\">\n<div class=\"nd-body-article\">\n<picture class=\"visual__image \"><source srcset=\"https:\/\/www.infobae.com\/new-resizer\/cauh6FEpTJDTbn-w_JmjPVYrh1A=\/768x512\/filters:format(jpg):quality(85)\/cloudfront-us-east-1.images.arcpublishing.com\/infobae\/Z7WDUW6QPVD4NM5AMS4QX7BJ2M.jpg 768w\" type=\"image\/jpg\" \/><source srcset=\"https:\/\/www.infobae.com\/new-resizer\/AChgsjkBee1JIOo9pIfqQxvqytw=\/420x280\/filters:format(jpg):quality(85)\/cloudfront-us-east-1.images.arcpublishing.com\/infobae\/Z7WDUW6QPVD4NM5AMS4QX7BJ2M.jpg 420w\" type=\"image\/jpg\" \/><img loading=\"lazy\" decoding=\"async\" src=\"https:\/\/www.infobae.com\/new-resizer\/AChgsjkBee1JIOo9pIfqQxvqytw=\/420x280\/filters:format(jpg):quality(85)\/\/cloudfront-us-east-1.images.arcpublishing.com\/infobae\/Z7WDUW6QPVD4NM5AMS4QX7BJ2M.jpg\" alt=\"Estar\u00e1n incluidos inmuebles para alquiler \u201ctradicional\u201d, comercial, temporal y cocheras. (Shuttertock)\" width=\"1920\" height=\"1280\" \/>Estar\u00e1n incluidos inmuebles para alquiler \u201ctradicional\u201d, comercial, temporal y cocheras. (Shuttertock)<\/picture>\n<p class=\"paragraph\">Los propietarios de todo el pa\u00eds\u00a0<b>estar\u00e1n obligados desde este lunes a registrar los contratos de alquiler\u00a0<\/b>de bienes inmuebles urbanos y rurales, locaciones temporarias y de espacios o superficies fijas o m\u00f3viles, al comenzar a regir el\u00a0<b>Registro de Contratos de Locaci\u00f3n de Inmuebles\u00a0<\/b>(RELI) que reglament\u00f3 la AFIP seg\u00fan lo estableci\u00f3 la ley de alquileres.<\/p>\n<p class=\"paragraph\">La AFIP estableci\u00f3 que los contratos celebrados a partir del 1\u00b0 de julio de 2020 y que contin\u00faen vigentes, as\u00ed como aquellos concretados durante marzo de 2021, gozar\u00e1n de un plazo excepcional para su registraci\u00f3n hasta el 15 de ab<mark class=\"hl_yellow\"><b>ril. La registraci\u00f3n del contrato facilita que el inquilino pueda recibir una factura por el pago y pueda deducir del Impuesto a las Ganancias hasta el 40% de las sumas que paga en concepto de alquiler.<\/b><\/mark><\/p>\n<p class=\"paragraph\">Adem\u00e1s, los propietarios que quieran llevar adelante juicios de desalojo a futuro deber\u00e1n haber declarado previamente el contrato de alquiler.<\/p>\n<blockquote class=\"color_figcaption\">\n<div class=\"text\">La AFIP estableci\u00f3 que los contratos celebrados a partir del 1\u00b0 de julio de 2020 y que contin\u00faen vigentes, as\u00ed como aquellos concretados durante marzo de 2021, gozar\u00e1n de un plazo excepcional para su registraci\u00f3n hasta el 15 de abril.<\/div>\n<\/blockquote>\n<p class=\"paragraph\">El r\u00e9gimen tambi\u00e9n prev\u00e9 que los sujetos que asuman el car\u00e1cter de locatarios o arrendatarios, podr\u00e1n informar en forma voluntaria un contrato. En tanto, la resoluci\u00f3n estableci\u00f3 sanciones para quienes incumplan y no presenten la informaci\u00f3n requerida dentro del r\u00e9gimen de registraci\u00f3n de contratos de locaci\u00f3n de inmuebles. \u201cLa herramienta permitir\u00e1 obtener informaci\u00f3n relevante para verificar el cumplimiento de las obligaciones fiscales de los sujetos intervinientes en distintas operaciones\u201d, destac\u00f3 la AFIP en un comunicado.<\/p>\n<picture class=\"visual__image \"><source srcset=\"https:\/\/www.infobae.com\/new-resizer\/xR1ss8_D_U7ARebnZIJCYlsdd9A=\/768x432\/filters:format(jpg):quality(85)\/cloudfront-us-east-1.images.arcpublishing.com\/infobae\/MKUPRJVH5RGNRDI5ZTFWYG4JLA.jpg 768w\" type=\"image\/jpg\" \/><source srcset=\"https:\/\/www.infobae.com\/new-resizer\/m9Sj8lb2QgCtuYXHp4vySa2njTg=\/420x236\/filters:format(jpg):quality(85)\/cloudfront-us-east-1.images.arcpublishing.com\/infobae\/MKUPRJVH5RGNRDI5ZTFWYG4JLA.jpg 420w\" type=\"image\/jpg\" \/><img loading=\"lazy\" decoding=\"async\" src=\"https:\/\/www.infobae.com\/new-resizer\/m9Sj8lb2QgCtuYXHp4vySa2njTg=\/420x236\/filters:format(jpg):quality(85)\/\/cloudfront-us-east-1.images.arcpublishing.com\/infobae\/MKUPRJVH5RGNRDI5ZTFWYG4JLA.jpg\" alt=\"El organismo tributario abrir\u00e1 un aplicativo para hacer las declaraciones online.\" width=\"800\" height=\"450\" \/>El organismo tributario abrir\u00e1 un aplicativo para hacer las declaraciones online.<\/picture>\n<p class=\"paragraph\"><b>Las claves del registro de contratos<\/b><\/p>\n<p class=\"paragraph\">Durante un encuentro con representantes del sector inmobiliario, el jefe de Departamento del Sector Servicios,<b>\u00a0Hern\u00e1n Cruells<\/b>\u00a0de la AFIP explic\u00f3 los principales puntos del Registro, seg\u00fan cit\u00f3 la agencia de noticias\u00a0<i>T\u00e9lam<\/i>. El funcionario detall\u00f3 que<b>\u00a0los locadores deben registrar las locaciones de inmuebles urbanos, sublocaciones, los arrendamientos sobre bienes inmuebles rurales, subarriendos, las locaciones temporarias de inmuebles con fines tur\u00edsticos, de descanso o afines y las locaciones de espacios o superficies fijas o m\u00f3viles como locales comerciales, stands, ferias, etc<\/b>.<\/p>\n<p class=\"paragraph\">Cruells aclar\u00f3 que entre los sujetos excluidos se encuentran la administraci\u00f3n p\u00fablica, cuando en los contratos celebrados las partes sean exclusivamente el Estado nacional o los provinciales, el Gobierno de la CABA, los municipios y sus respectivas reparticiones, entes centralizados y descentralizados. Agreg\u00f3 que<mark class=\"hl_yellow\"><b>\u00a0los inquilinos no est\u00e1n obligados a registrarse en el RELI, pero podr\u00e1n informar de forma voluntaria un contrato si el locador no lo hubiera hecho.<\/b><\/mark><\/p>\n<p class=\"paragraph\">El inquilino, explic\u00f3, \u201cno tiene ninguna obligaci\u00f3n con RELI, simplemente tiene las facilidades del sistema para informar de determinadas situaciones, para enterarse, para conocer en qu\u00e9 contratos figura como locatario y puede aceptar o no ese contrato, y adem\u00e1s, si tiene alg\u00fan tipo de diferencia la puede informar dentro del propio servicio\u201d.<\/p>\n<p class=\"paragraph\">Por su parte, la subdirectora de Servicios al Contribuyente de la AFIP,\u00a0<b>Patricia Vaca Narvaja<\/b>, sostuvo que \u201cen el transcurso de la implementaci\u00f3n de esta resoluci\u00f3n y de este registro iremos viendo si va bien, cu\u00e1les son los problemas o complicaciones y las vamos a ir resolviendo de manera conjunta\u201d.\u00a0<b>El RELI contempla la posibilidad de que los intermediarios (corredores, inmobiliarias y escribanos) registren un contrato en representaci\u00f3n de sus clientes.<\/b><\/p>\n<picture class=\"visual__image \"><source srcset=\"https:\/\/www.infobae.com\/new-resizer\/-uUkdCc4JqxZA3JoMZ67F8LhQ-4=\/768x432\/filters:format(jpg):quality(85)\/cloudfront-us-east-1.images.arcpublishing.com\/infobae\/3USGEI5J6JD4HFS25RVO2FM4VU.jpg 768w\" type=\"image\/jpg\" \/><source srcset=\"https:\/\/www.infobae.com\/new-resizer\/xXkICsnnR_ZSE4rQnZaNpgNCQws=\/420x236\/filters:format(jpg):quality(85)\/cloudfront-us-east-1.images.arcpublishing.com\/infobae\/3USGEI5J6JD4HFS25RVO2FM4VU.jpg 420w\" type=\"image\/jpg\" \/><img loading=\"lazy\" decoding=\"async\" src=\"https:\/\/www.infobae.com\/new-resizer\/xXkICsnnR_ZSE4rQnZaNpgNCQws=\/420x236\/filters:format(jpg):quality(85)\/\/cloudfront-us-east-1.images.arcpublishing.com\/infobae\/3USGEI5J6JD4HFS25RVO2FM4VU.jpg\" alt=\"La AFIP estableci\u00f3 que los contratos celebrados a partir del 1\u00b0 de julio de 2020 y que contin\u00faen vigentes, as\u00ed como aquellos concretados durante marzo de 2021, gozar\u00e1n de un plazo excepcional para su registraci\u00f3n hasta el 15 de abril. (Foto: REUTERS\/Agustin Marcarian)\" width=\"1920\" height=\"1080\" \/>La AFIP estableci\u00f3 que los contratos celebrados a partir del 1\u00b0 de julio de 2020 y que contin\u00faen vigentes, as\u00ed como aquellos concretados durante marzo de 2021, gozar\u00e1n de un plazo excepcional para su registraci\u00f3n hasta el 15 de abril. (Foto: REUTERS\/Agustin Marcarian)<\/picture>\n<p class=\"paragraph\">Para registrar los contratos (o alguna modificaci\u00f3n) se debe acceder al<b>\u00a0sitio web de AFIP con clave fiscal, al servicio \u201cRegistro de Locaciones de Inmuebles &#8211; RELI &#8211; Contribuyente\u201d<\/b>. El locador, con clave fiscal de seguridad nivel 3, debe completar una serie de datos m\u00ednimos respecto del contrato y adjuntar el contrato celebrado en formato JPG o PDF.<\/p>\n<p class=\"paragraph\">Una vez que se realiza esta operaci\u00f3n hay un acuse de recibo de la misma y un c\u00f3digo verificador de la registraci\u00f3n de contrat<mark class=\"hl_yellow\"><b>o. El servicio RELI estar\u00e1 disponible a partir de este lunes para declarar, consultar, modificar, renovar o dar de baja contratos de alquiler situados en el pa\u00eds.<\/b><\/mark><\/p>\n<p class=\"paragraph\">Se deben registrar en el sistema las altas de contrato y las modificaciones que pudiera sufrir este contrato (rescisiones o extinciones anticipadas). En cuanto al plazo establecido para informar la celebraci\u00f3n de contratos y\/o sus modificaciones, se indic\u00f3 que es de\u00a0<b>15 d\u00edas corridos desde su celebraci\u00f3n<\/b>.<\/p>\n<p class=\"paragraph\">En relaci\u00f3n a las sanciones por no registraci\u00f3n, Cruells indic\u00f3 que \u201ces un incumplimiento a deberes formales y les cabe las multas previstas en la ley de procedimiento fiscal\u201d. Adem\u00e1s, alert\u00f3, habr\u00e1 \u201cun perjuicio por el inicio de una demanda por cobro de pesos, ya que el juzgado va a exigir esa registraci\u00f3n del contrato ante AFIP\u201d.<\/p>\n<p class=\"paragraph\"><strong><span style=\"color: #ff6600;\">Fuente INFOBAE<\/span><\/strong><\/p>\n<\/div>\n<\/article>\n","protected":false},"excerpt":{"rendered":"<p>El organismo tributario abrir\u00e1 un aplicativo para hacer las declaraciones online. Estar\u00e1n incluidos inmuebles para alquiler \u201ctradicional\u201d, comercial, temporal y cocheras. Qu\u00e9 obligaciones tendr\u00e1n inquilinos e inmobiliarias<\/p>\n","protected":false},"author":3,"featured_media":28550,"comment_status":"closed","ping_status":"open","sticky":false,"template":"","format":"standard","meta":{"footnotes":""},"categories":[24,26],"tags":[],"class_list":["post-53109","post","type-post","status-publish","format-standard","has-post-thumbnail","hentry","category-politica","category-sociedad"],"yoast_head":"<!-- This site is optimized with the Yoast SEO plugin v25.9 - https:\/\/yoast.com\/wordpress\/plugins\/seo\/ -->\n<title>Comenz\u00f3 a regir la obligaci\u00f3n de registrar los contratos de alquiler ante la AFIP: todo lo que hay que saber - Noticias Radio Reflejos<\/title>\n<meta name=\"robots\" content=\"index, follow, max-snippet:-1, max-image-preview:large, max-video-preview:-1\" \/>\n<link rel=\"canonical\" href=\"https:\/\/www.noticiasradioreflejos.com.ar\/2021\/comenzo-a-regir-la-obligacion-de-registrar-los-contratos-de-alquiler-ante-la-afip-todo-lo-que-hay-que-saber\/\" \/>\n<meta property=\"og:locale\" content=\"es_ES\" \/>\n<meta property=\"og:type\" content=\"article\" \/>\n<meta property=\"og:title\" content=\"Comenz\u00f3 a regir la obligaci\u00f3n de registrar los contratos de alquiler ante la AFIP: todo lo que hay que saber - Noticias Radio Reflejos\" \/>\n<meta property=\"og:description\" content=\"El organismo tributario abrir\u00e1 un aplicativo para hacer las declaraciones online. Estar\u00e1n incluidos inmuebles para alquiler \u201ctradicional\u201d, comercial, temporal y cocheras. Qu\u00e9 obligaciones tendr\u00e1n inquilinos e inmobiliarias\" \/>\n<meta property=\"og:url\" content=\"https:\/\/www.noticiasradioreflejos.com.ar\/2021\/comenzo-a-regir-la-obligacion-de-registrar-los-contratos-de-alquiler-ante-la-afip-todo-lo-que-hay-que-saber\/\" \/>\n<meta property=\"og:site_name\" content=\"Noticias Radio Reflejos\" \/>\n<meta property=\"article:published_time\" content=\"2021-03-01T10:54:15+00:00\" \/>\n<meta property=\"og:image\" content=\"https:\/\/www.noticiasradioreflejos.com.ar\/2021\/wp-content\/uploads\/2019\/01\/area-si.jpg\" \/>\n\t<meta property=\"og:image:width\" content=\"700\" \/>\n\t<meta property=\"og:image:height\" content=\"412\" \/>\n\t<meta property=\"og:image:type\" content=\"image\/jpeg\" \/>\n<meta name=\"author\" content=\"Arnaldo Botto\" \/>\n<meta name=\"twitter:card\" content=\"summary_large_image\" \/>\n<script type=\"application\/ld+json\" class=\"yoast-schema-graph\">{\"@context\":\"https:\/\/schema.org\",\"@graph\":[{\"@type\":\"WebPage\",\"@id\":\"https:\/\/www.noticiasradioreflejos.com.ar\/2021\/comenzo-a-regir-la-obligacion-de-registrar-los-contratos-de-alquiler-ante-la-afip-todo-lo-que-hay-que-saber\/\",\"url\":\"https:\/\/www.noticiasradioreflejos.com.ar\/2021\/comenzo-a-regir-la-obligacion-de-registrar-los-contratos-de-alquiler-ante-la-afip-todo-lo-que-hay-que-saber\/\",\"name\":\"Comenz\u00f3 a regir la obligaci\u00f3n de registrar los contratos de alquiler ante la AFIP: todo lo que hay que saber - Noticias Radio Reflejos\",\"isPartOf\":{\"@id\":\"https:\/\/www.noticiasradioreflejos.com.ar\/2021\/#website\"},\"primaryImageOfPage\":{\"@id\":\"https:\/\/www.noticiasradioreflejos.com.ar\/2021\/comenzo-a-regir-la-obligacion-de-registrar-los-contratos-de-alquiler-ante-la-afip-todo-lo-que-hay-que-saber\/#primaryimage\"},\"image\":{\"@id\":\"https:\/\/www.noticiasradioreflejos.com.ar\/2021\/comenzo-a-regir-la-obligacion-de-registrar-los-contratos-de-alquiler-ante-la-afip-todo-lo-que-hay-que-saber\/#primaryimage\"},\"thumbnailUrl\":\"https:\/\/www.noticiasradioreflejos.com.ar\/2021\/wp-content\/uploads\/2019\/01\/area-si.jpg\",\"datePublished\":\"2021-03-01T10:54:15+00:00\",\"author\":{\"@id\":\"https:\/\/www.noticiasradioreflejos.com.ar\/2021\/#\/schema\/person\/ad82545263dcc5ec0996818884fd5fb1\"},\"breadcrumb\":{\"@id\":\"https:\/\/www.noticiasradioreflejos.com.ar\/2021\/comenzo-a-regir-la-obligacion-de-registrar-los-contratos-de-alquiler-ante-la-afip-todo-lo-que-hay-que-saber\/#breadcrumb\"},\"inLanguage\":\"es\",\"potentialAction\":[{\"@type\":\"ReadAction\",\"target\":[\"https:\/\/www.noticiasradioreflejos.com.ar\/2021\/comenzo-a-regir-la-obligacion-de-registrar-los-contratos-de-alquiler-ante-la-afip-todo-lo-que-hay-que-saber\/\"]}]},{\"@type\":\"ImageObject\",\"inLanguage\":\"es\",\"@id\":\"https:\/\/www.noticiasradioreflejos.com.ar\/2021\/comenzo-a-regir-la-obligacion-de-registrar-los-contratos-de-alquiler-ante-la-afip-todo-lo-que-hay-que-saber\/#primaryimage\",\"url\":\"https:\/\/www.noticiasradioreflejos.com.ar\/2021\/wp-content\/uploads\/2019\/01\/area-si.jpg\",\"contentUrl\":\"https:\/\/www.noticiasradioreflejos.com.ar\/2021\/wp-content\/uploads\/2019\/01\/area-si.jpg\",\"width\":700,\"height\":412},{\"@type\":\"BreadcrumbList\",\"@id\":\"https:\/\/www.noticiasradioreflejos.com.ar\/2021\/comenzo-a-regir-la-obligacion-de-registrar-los-contratos-de-alquiler-ante-la-afip-todo-lo-que-hay-que-saber\/#breadcrumb\",\"itemListElement\":[{\"@type\":\"ListItem\",\"position\":1,\"name\":\"Portada\",\"item\":\"https:\/\/www.noticiasradioreflejos.com.ar\/2021\/\"},{\"@type\":\"ListItem\",\"position\":2,\"name\":\"Comenz\u00f3 a regir la obligaci\u00f3n de registrar los contratos de alquiler ante la AFIP: todo lo que hay que saber\"}]},{\"@type\":\"WebSite\",\"@id\":\"https:\/\/www.noticiasradioreflejos.com.ar\/2021\/#website\",\"url\":\"https:\/\/www.noticiasradioreflejos.com.ar\/2021\/\",\"name\":\"Noticias Radio Reflejos\",\"description\":\"Las noticias de mi comarca\",\"potentialAction\":[{\"@type\":\"SearchAction\",\"target\":{\"@type\":\"EntryPoint\",\"urlTemplate\":\"https:\/\/www.noticiasradioreflejos.com.ar\/2021\/?s={search_term_string}\"},\"query-input\":{\"@type\":\"PropertyValueSpecification\",\"valueRequired\":true,\"valueName\":\"search_term_string\"}}],\"inLanguage\":\"es\"},{\"@type\":\"Person\",\"@id\":\"https:\/\/www.noticiasradioreflejos.com.ar\/2021\/#\/schema\/person\/ad82545263dcc5ec0996818884fd5fb1\",\"name\":\"Arnaldo Botto\",\"image\":{\"@type\":\"ImageObject\",\"inLanguage\":\"es\",\"@id\":\"https:\/\/www.noticiasradioreflejos.com.ar\/2021\/#\/schema\/person\/image\/\",\"url\":\"https:\/\/secure.gravatar.com\/avatar\/55cb5e37c1efa326397366e6974cb338056df65cb50e7d64d1cf314e87504837?s=96&d=mm&r=g\",\"contentUrl\":\"https:\/\/secure.gravatar.com\/avatar\/55cb5e37c1efa326397366e6974cb338056df65cb50e7d64d1cf314e87504837?s=96&d=mm&r=g\",\"caption\":\"Arnaldo Botto\"},\"url\":\"https:\/\/www.noticiasradioreflejos.com.ar\/2021\/author\/arnaldo\/\"}]}<\/script>\n<!-- \/ Yoast SEO plugin. -->","yoast_head_json":{"title":"Comenz\u00f3 a regir la obligaci\u00f3n de registrar los contratos de alquiler ante la AFIP: todo lo que hay que saber - Noticias Radio Reflejos","robots":{"index":"index","follow":"follow","max-snippet":"max-snippet:-1","max-image-preview":"max-image-preview:large","max-video-preview":"max-video-preview:-1"},"canonical":"https:\/\/www.noticiasradioreflejos.com.ar\/2021\/comenzo-a-regir-la-obligacion-de-registrar-los-contratos-de-alquiler-ante-la-afip-todo-lo-que-hay-que-saber\/","og_locale":"es_ES","og_type":"article","og_title":"Comenz\u00f3 a regir la obligaci\u00f3n de registrar los contratos de alquiler ante la AFIP: todo lo que hay que saber - Noticias Radio Reflejos","og_description":"El organismo tributario abrir\u00e1 un aplicativo para hacer las declaraciones online. Estar\u00e1n incluidos inmuebles para alquiler \u201ctradicional\u201d, comercial, temporal y cocheras. Qu\u00e9 obligaciones tendr\u00e1n inquilinos e inmobiliarias","og_url":"https:\/\/www.noticiasradioreflejos.com.ar\/2021\/comenzo-a-regir-la-obligacion-de-registrar-los-contratos-de-alquiler-ante-la-afip-todo-lo-que-hay-que-saber\/","og_site_name":"Noticias Radio Reflejos","article_published_time":"2021-03-01T10:54:15+00:00","og_image":[{"width":700,"height":412,"url":"https:\/\/www.noticiasradioreflejos.com.ar\/2021\/wp-content\/uploads\/2019\/01\/area-si.jpg","type":"image\/jpeg"}],"author":"Arnaldo Botto","twitter_card":"summary_large_image","schema":{"@context":"https:\/\/schema.org","@graph":[{"@type":"WebPage","@id":"https:\/\/www.noticiasradioreflejos.com.ar\/2021\/comenzo-a-regir-la-obligacion-de-registrar-los-contratos-de-alquiler-ante-la-afip-todo-lo-que-hay-que-saber\/","url":"https:\/\/www.noticiasradioreflejos.com.ar\/2021\/comenzo-a-regir-la-obligacion-de-registrar-los-contratos-de-alquiler-ante-la-afip-todo-lo-que-hay-que-saber\/","name":"Comenz\u00f3 a regir la obligaci\u00f3n de registrar los contratos de alquiler ante la AFIP: todo lo que hay que saber - Noticias Radio Reflejos","isPartOf":{"@id":"https:\/\/www.noticiasradioreflejos.com.ar\/2021\/#website"},"primaryImageOfPage":{"@id":"https:\/\/www.noticiasradioreflejos.com.ar\/2021\/comenzo-a-regir-la-obligacion-de-registrar-los-contratos-de-alquiler-ante-la-afip-todo-lo-que-hay-que-saber\/#primaryimage"},"image":{"@id":"https:\/\/www.noticiasradioreflejos.com.ar\/2021\/comenzo-a-regir-la-obligacion-de-registrar-los-contratos-de-alquiler-ante-la-afip-todo-lo-que-hay-que-saber\/#primaryimage"},"thumbnailUrl":"https:\/\/www.noticiasradioreflejos.com.ar\/2021\/wp-content\/uploads\/2019\/01\/area-si.jpg","datePublished":"2021-03-01T10:54:15+00:00","author":{"@id":"https:\/\/www.noticiasradioreflejos.com.ar\/2021\/#\/schema\/person\/ad82545263dcc5ec0996818884fd5fb1"},"breadcrumb":{"@id":"https:\/\/www.noticiasradioreflejos.com.ar\/2021\/comenzo-a-regir-la-obligacion-de-registrar-los-contratos-de-alquiler-ante-la-afip-todo-lo-que-hay-que-saber\/#breadcrumb"},"inLanguage":"es","potentialAction":[{"@type":"ReadAction","target":["https:\/\/www.noticiasradioreflejos.com.ar\/2021\/comenzo-a-regir-la-obligacion-de-registrar-los-contratos-de-alquiler-ante-la-afip-todo-lo-que-hay-que-saber\/"]}]},{"@type":"ImageObject","inLanguage":"es","@id":"https:\/\/www.noticiasradioreflejos.com.ar\/2021\/comenzo-a-regir-la-obligacion-de-registrar-los-contratos-de-alquiler-ante-la-afip-todo-lo-que-hay-que-saber\/#primaryimage","url":"https:\/\/www.noticiasradioreflejos.com.ar\/2021\/wp-content\/uploads\/2019\/01\/area-si.jpg","contentUrl":"https:\/\/www.noticiasradioreflejos.com.ar\/2021\/wp-content\/uploads\/2019\/01\/area-si.jpg","width":700,"height":412},{"@type":"BreadcrumbList","@id":"https:\/\/www.noticiasradioreflejos.com.ar\/2021\/comenzo-a-regir-la-obligacion-de-registrar-los-contratos-de-alquiler-ante-la-afip-todo-lo-que-hay-que-saber\/#breadcrumb","itemListElement":[{"@type":"ListItem","position":1,"name":"Portada","item":"https:\/\/www.noticiasradioreflejos.com.ar\/2021\/"},{"@type":"ListItem","position":2,"name":"Comenz\u00f3 a regir la obligaci\u00f3n de registrar los contratos de alquiler ante la AFIP: todo lo que hay que saber"}]},{"@type":"WebSite","@id":"https:\/\/www.noticiasradioreflejos.com.ar\/2021\/#website","url":"https:\/\/www.noticiasradioreflejos.com.ar\/2021\/","name":"Noticias Radio Reflejos","description":"Las noticias de mi comarca","potentialAction":[{"@type":"SearchAction","target":{"@type":"EntryPoint","urlTemplate":"https:\/\/www.noticiasradioreflejos.com.ar\/2021\/?s={search_term_string}"},"query-input":{"@type":"PropertyValueSpecification","valueRequired":true,"valueName":"search_term_string"}}],"inLanguage":"es"},{"@type":"Person","@id":"https:\/\/www.noticiasradioreflejos.com.ar\/2021\/#\/schema\/person\/ad82545263dcc5ec0996818884fd5fb1","name":"Arnaldo Botto","image":{"@type":"ImageObject","inLanguage":"es","@id":"https:\/\/www.noticiasradioreflejos.com.ar\/2021\/#\/schema\/person\/image\/","url":"https:\/\/secure.gravatar.com\/avatar\/55cb5e37c1efa326397366e6974cb338056df65cb50e7d64d1cf314e87504837?s=96&d=mm&r=g","contentUrl":"https:\/\/secure.gravatar.com\/avatar\/55cb5e37c1efa326397366e6974cb338056df65cb50e7d64d1cf314e87504837?s=96&d=mm&r=g","caption":"Arnaldo Botto"},"url":"https:\/\/www.noticiasradioreflejos.com.ar\/2021\/author\/arnaldo\/"}]}},"_links":{"self":[{"href":"https:\/\/www.noticiasradioreflejos.com.ar\/2021\/wp-json\/wp\/v2\/posts\/53109","targetHints":{"allow":["GET"]}}],"collection":[{"href":"https:\/\/www.noticiasradioreflejos.com.ar\/2021\/wp-json\/wp\/v2\/posts"}],"about":[{"href":"https:\/\/www.noticiasradioreflejos.com.ar\/2021\/wp-json\/wp\/v2\/types\/post"}],"author":[{"embeddable":true,"href":"https:\/\/www.noticiasradioreflejos.com.ar\/2021\/wp-json\/wp\/v2\/users\/3"}],"replies":[{"embeddable":true,"href":"https:\/\/www.noticiasradioreflejos.com.ar\/2021\/wp-json\/wp\/v2\/comments?post=53109"}],"version-history":[{"count":0,"href":"https:\/\/www.noticiasradioreflejos.com.ar\/2021\/wp-json\/wp\/v2\/posts\/53109\/revisions"}],"wp:featuredmedia":[{"embeddable":true,"href":"https:\/\/www.noticiasradioreflejos.com.ar\/2021\/wp-json\/wp\/v2\/media\/28550"}],"wp:attachment":[{"href":"https:\/\/www.noticiasradioreflejos.com.ar\/2021\/wp-json\/wp\/v2\/media?parent=53109"}],"wp:term":[{"taxonomy":"category","embeddable":true,"href":"https:\/\/www.noticiasradioreflejos.com.ar\/2021\/wp-json\/wp\/v2\/categories?post=53109"},{"taxonomy":"post_tag","embeddable":true,"href":"https:\/\/www.noticiasradioreflejos.com.ar\/2021\/wp-json\/wp\/v2\/tags?post=53109"}],"curies":[{"name":"wp","href":"https:\/\/api.w.org\/{rel}","templated":true}]}}