{"id":53090,"date":"2021-02-28T17:43:07","date_gmt":"2021-02-28T20:43:07","guid":{"rendered":"http:\/\/www.noticiasradioreflejos.com.ar\/noticias\/?p=53090"},"modified":"2021-02-28T17:43:07","modified_gmt":"2021-02-28T20:43:07","slug":"tragedia-en-pigue-un-joven-de-22-anos-murio-en-un-accidente","status":"publish","type":"post","link":"https:\/\/www.noticiasradioreflejos.com.ar\/2021\/tragedia-en-pigue-un-joven-de-22-anos-murio-en-un-accidente\/","title":{"rendered":"Tragedia en Pig\u00fc\u00e9: un joven de 22 a\u00f1os muri\u00f3 en un accidente"},"content":{"rendered":"<p>Ocurri\u00f3 esta ma\u00f1ana, en el camino vecinal que conduce al monolito. Los otros dos ocupantes del veh\u00edculo debieron ser hospitalizados.<!--more--><\/p>\n<p>Un joven de 22 a\u00f1os muri\u00f3 y otras dos personas resultaron heridas al protagonizar este domingo un fuerte vuelco en la ciudad de Pig\u00fc\u00e9.<br \/>\nEl hecho ocurri\u00f3 en horas de la ma\u00f1ana, cuando el comando de Patrulla Rural y Bomberos tomaron conocimiento de un accidente en el camino vecinal que conduce al monolito.<\/p>\n<p>Tal como inform\u00f3 el portal\u00a0<em>Ciudad Noticias<\/em>, los tres ocupantes viajaban a bordo de un Renault Megane que, por causas que a\u00fan se desconocen, perdi\u00f3 el control y termin\u00f3 volcando.<\/p>\n<p>Producto del terrible impacto falleci\u00f3 Lorenzo Ramos, de 22 a\u00f1os, y otros dos hombres sufrieron heridas. Ambos quedaron internados en el Hospital Municipal de Pig\u00fc\u00e9.<\/p>\n<p>Por estas horas se investiga si los tres regresaban de una fiesta clandestina. En tal caso, la Justicia Federal es la que interviene sobre el decreto presidencial N\u00b0205.<\/p>\n<p><span style=\"color: #0000ff;\"><strong>Fuente La Br\u00fajula<\/strong><\/span><\/p>\n","protected":false},"excerpt":{"rendered":"<p>Ocurri\u00f3 esta ma\u00f1ana, en el camino vecinal que conduce al monolito. Los otros dos ocupantes del veh\u00edculo debieron ser hospitalizados.<\/p>\n","protected":false},"author":3,"featured_media":0,"comment_status":"closed","ping_status":"open","sticky":false,"template":"","format":"standard","meta":{"footnotes":""},"categories":[29],"tags":[],"class_list":["post-53090","post","type-post","status-publish","format-standard","hentry","category-policiales"],"yoast_head":"<!-- This site is optimized with the Yoast SEO plugin v25.9 - https:\/\/yoast.com\/wordpress\/plugins\/seo\/ -->\n<title>Tragedia en Pig\u00fc\u00e9: un joven de 22 a\u00f1os muri\u00f3 en un accidente - Noticias Radio Reflejos<\/title>\n<meta name=\"robots\" content=\"index, follow, max-snippet:-1, max-image-preview:large, max-video-preview:-1\" \/>\n<link rel=\"canonical\" href=\"https:\/\/www.noticiasradioreflejos.com.ar\/2021\/tragedia-en-pigue-un-joven-de-22-anos-murio-en-un-accidente\/\" \/>\n<meta property=\"og:locale\" content=\"es_ES\" \/>\n<meta property=\"og:type\" content=\"article\" \/>\n<meta property=\"og:title\" content=\"Tragedia en Pig\u00fc\u00e9: un joven de 22 a\u00f1os muri\u00f3 en un accidente - Noticias Radio Reflejos\" \/>\n<meta property=\"og:description\" content=\"Ocurri\u00f3 esta ma\u00f1ana, en el camino vecinal que conduce al monolito. Los otros dos ocupantes del veh\u00edculo debieron ser hospitalizados.\" \/>\n<meta property=\"og:url\" content=\"https:\/\/www.noticiasradioreflejos.com.ar\/2021\/tragedia-en-pigue-un-joven-de-22-anos-murio-en-un-accidente\/\" \/>\n<meta property=\"og:site_name\" content=\"Noticias Radio Reflejos\" \/>\n<meta property=\"article:published_time\" content=\"2021-02-28T20:43:07+00:00\" \/>\n<meta property=\"og:image\" content=\"https:\/\/www.noticiasradioreflejos.com.ar\/2021\/wp-content\/uploads\/2021\/07\/logosol300x200.png\" \/>\n\t<meta property=\"og:image:width\" content=\"300\" \/>\n\t<meta property=\"og:image:height\" content=\"200\" \/>\n\t<meta property=\"og:image:type\" content=\"image\/png\" \/>\n<meta name=\"author\" content=\"Arnaldo Botto\" \/>\n<meta name=\"twitter:card\" content=\"summary_large_image\" \/>\n<script type=\"application\/ld+json\" class=\"yoast-schema-graph\">{\"@context\":\"https:\/\/schema.org\",\"@graph\":[{\"@type\":\"WebPage\",\"@id\":\"https:\/\/www.noticiasradioreflejos.com.ar\/2021\/tragedia-en-pigue-un-joven-de-22-anos-murio-en-un-accidente\/\",\"url\":\"https:\/\/www.noticiasradioreflejos.com.ar\/2021\/tragedia-en-pigue-un-joven-de-22-anos-murio-en-un-accidente\/\",\"name\":\"Tragedia en Pig\u00fc\u00e9: un joven de 22 a\u00f1os muri\u00f3 en un accidente - Noticias Radio Reflejos\",\"isPartOf\":{\"@id\":\"https:\/\/www.noticiasradioreflejos.com.ar\/2021\/#website\"},\"datePublished\":\"2021-02-28T20:43:07+00:00\",\"author\":{\"@id\":\"https:\/\/www.noticiasradioreflejos.com.ar\/2021\/#\/schema\/person\/ad82545263dcc5ec0996818884fd5fb1\"},\"breadcrumb\":{\"@id\":\"https:\/\/www.noticiasradioreflejos.com.ar\/2021\/tragedia-en-pigue-un-joven-de-22-anos-murio-en-un-accidente\/#breadcrumb\"},\"inLanguage\":\"es\",\"potentialAction\":[{\"@type\":\"ReadAction\",\"target\":[\"https:\/\/www.noticiasradioreflejos.com.ar\/2021\/tragedia-en-pigue-un-joven-de-22-anos-murio-en-un-accidente\/\"]}]},{\"@type\":\"BreadcrumbList\",\"@id\":\"https:\/\/www.noticiasradioreflejos.com.ar\/2021\/tragedia-en-pigue-un-joven-de-22-anos-murio-en-un-accidente\/#breadcrumb\",\"itemListElement\":[{\"@type\":\"ListItem\",\"position\":1,\"name\":\"Portada\",\"item\":\"https:\/\/www.noticiasradioreflejos.com.ar\/2021\/\"},{\"@type\":\"ListItem\",\"position\":2,\"name\":\"Tragedia en Pig\u00fc\u00e9: un joven de 22 a\u00f1os muri\u00f3 en un accidente\"}]},{\"@type\":\"WebSite\",\"@id\":\"https:\/\/www.noticiasradioreflejos.com.ar\/2021\/#website\",\"url\":\"https:\/\/www.noticiasradioreflejos.com.ar\/2021\/\",\"name\":\"Noticias Radio Reflejos\",\"description\":\"Las noticias de mi comarca\",\"potentialAction\":[{\"@type\":\"SearchAction\",\"target\":{\"@type\":\"EntryPoint\",\"urlTemplate\":\"https:\/\/www.noticiasradioreflejos.com.ar\/2021\/?s={search_term_string}\"},\"query-input\":{\"@type\":\"PropertyValueSpecification\",\"valueRequired\":true,\"valueName\":\"search_term_string\"}}],\"inLanguage\":\"es\"},{\"@type\":\"Person\",\"@id\":\"https:\/\/www.noticiasradioreflejos.com.ar\/2021\/#\/schema\/person\/ad82545263dcc5ec0996818884fd5fb1\",\"name\":\"Arnaldo Botto\",\"image\":{\"@type\":\"ImageObject\",\"inLanguage\":\"es\",\"@id\":\"https:\/\/www.noticiasradioreflejos.com.ar\/2021\/#\/schema\/person\/image\/\",\"url\":\"https:\/\/secure.gravatar.com\/avatar\/55cb5e37c1efa326397366e6974cb338056df65cb50e7d64d1cf314e87504837?s=96&d=mm&r=g\",\"contentUrl\":\"https:\/\/secure.gravatar.com\/avatar\/55cb5e37c1efa326397366e6974cb338056df65cb50e7d64d1cf314e87504837?s=96&d=mm&r=g\",\"caption\":\"Arnaldo Botto\"},\"url\":\"https:\/\/www.noticiasradioreflejos.com.ar\/2021\/author\/arnaldo\/\"}]}<\/script>\n<!-- \/ Yoast SEO plugin. -->","yoast_head_json":{"title":"Tragedia en Pig\u00fc\u00e9: un joven de 22 a\u00f1os muri\u00f3 en un accidente - Noticias Radio Reflejos","robots":{"index":"index","follow":"follow","max-snippet":"max-snippet:-1","max-image-preview":"max-image-preview:large","max-video-preview":"max-video-preview:-1"},"canonical":"https:\/\/www.noticiasradioreflejos.com.ar\/2021\/tragedia-en-pigue-un-joven-de-22-anos-murio-en-un-accidente\/","og_locale":"es_ES","og_type":"article","og_title":"Tragedia en Pig\u00fc\u00e9: un joven de 22 a\u00f1os muri\u00f3 en un accidente - Noticias Radio Reflejos","og_description":"Ocurri\u00f3 esta ma\u00f1ana, en el camino vecinal que conduce al monolito. Los otros dos ocupantes del veh\u00edculo debieron ser hospitalizados.","og_url":"https:\/\/www.noticiasradioreflejos.com.ar\/2021\/tragedia-en-pigue-un-joven-de-22-anos-murio-en-un-accidente\/","og_site_name":"Noticias Radio Reflejos","article_published_time":"2021-02-28T20:43:07+00:00","og_image":[{"width":300,"height":200,"url":"https:\/\/www.noticiasradioreflejos.com.ar\/2021\/wp-content\/uploads\/2021\/07\/logosol300x200.png","type":"image\/png"}],"author":"Arnaldo Botto","twitter_card":"summary_large_image","schema":{"@context":"https:\/\/schema.org","@graph":[{"@type":"WebPage","@id":"https:\/\/www.noticiasradioreflejos.com.ar\/2021\/tragedia-en-pigue-un-joven-de-22-anos-murio-en-un-accidente\/","url":"https:\/\/www.noticiasradioreflejos.com.ar\/2021\/tragedia-en-pigue-un-joven-de-22-anos-murio-en-un-accidente\/","name":"Tragedia en Pig\u00fc\u00e9: un joven de 22 a\u00f1os muri\u00f3 en un accidente - Noticias Radio Reflejos","isPartOf":{"@id":"https:\/\/www.noticiasradioreflejos.com.ar\/2021\/#website"},"datePublished":"2021-02-28T20:43:07+00:00","author":{"@id":"https:\/\/www.noticiasradioreflejos.com.ar\/2021\/#\/schema\/person\/ad82545263dcc5ec0996818884fd5fb1"},"breadcrumb":{"@id":"https:\/\/www.noticiasradioreflejos.com.ar\/2021\/tragedia-en-pigue-un-joven-de-22-anos-murio-en-un-accidente\/#breadcrumb"},"inLanguage":"es","potentialAction":[{"@type":"ReadAction","target":["https:\/\/www.noticiasradioreflejos.com.ar\/2021\/tragedia-en-pigue-un-joven-de-22-anos-murio-en-un-accidente\/"]}]},{"@type":"BreadcrumbList","@id":"https:\/\/www.noticiasradioreflejos.com.ar\/2021\/tragedia-en-pigue-un-joven-de-22-anos-murio-en-un-accidente\/#breadcrumb","itemListElement":[{"@type":"ListItem","position":1,"name":"Portada","item":"https:\/\/www.noticiasradioreflejos.com.ar\/2021\/"},{"@type":"ListItem","position":2,"name":"Tragedia en Pig\u00fc\u00e9: un joven de 22 a\u00f1os muri\u00f3 en un accidente"}]},{"@type":"WebSite","@id":"https:\/\/www.noticiasradioreflejos.com.ar\/2021\/#website","url":"https:\/\/www.noticiasradioreflejos.com.ar\/2021\/","name":"Noticias Radio Reflejos","description":"Las noticias de mi comarca","potentialAction":[{"@type":"SearchAction","target":{"@type":"EntryPoint","urlTemplate":"https:\/\/www.noticiasradioreflejos.com.ar\/2021\/?s={search_term_string}"},"query-input":{"@type":"PropertyValueSpecification","valueRequired":true,"valueName":"search_term_string"}}],"inLanguage":"es"},{"@type":"Person","@id":"https:\/\/www.noticiasradioreflejos.com.ar\/2021\/#\/schema\/person\/ad82545263dcc5ec0996818884fd5fb1","name":"Arnaldo Botto","image":{"@type":"ImageObject","inLanguage":"es","@id":"https:\/\/www.noticiasradioreflejos.com.ar\/2021\/#\/schema\/person\/image\/","url":"https:\/\/secure.gravatar.com\/avatar\/55cb5e37c1efa326397366e6974cb338056df65cb50e7d64d1cf314e87504837?s=96&d=mm&r=g","contentUrl":"https:\/\/secure.gravatar.com\/avatar\/55cb5e37c1efa326397366e6974cb338056df65cb50e7d64d1cf314e87504837?s=96&d=mm&r=g","caption":"Arnaldo Botto"},"url":"https:\/\/www.noticiasradioreflejos.com.ar\/2021\/author\/arnaldo\/"}]}},"_links":{"self":[{"href":"https:\/\/www.noticiasradioreflejos.com.ar\/2021\/wp-json\/wp\/v2\/posts\/53090","targetHints":{"allow":["GET"]}}],"collection":[{"href":"https:\/\/www.noticiasradioreflejos.com.ar\/2021\/wp-json\/wp\/v2\/posts"}],"about":[{"href":"https:\/\/www.noticiasradioreflejos.com.ar\/2021\/wp-json\/wp\/v2\/types\/post"}],"author":[{"embeddable":true,"href":"https:\/\/www.noticiasradioreflejos.com.ar\/2021\/wp-json\/wp\/v2\/users\/3"}],"replies":[{"embeddable":true,"href":"https:\/\/www.noticiasradioreflejos.com.ar\/2021\/wp-json\/wp\/v2\/comments?post=53090"}],"version-history":[{"count":0,"href":"https:\/\/www.noticiasradioreflejos.com.ar\/2021\/wp-json\/wp\/v2\/posts\/53090\/revisions"}],"wp:attachment":[{"href":"https:\/\/www.noticiasradioreflejos.com.ar\/2021\/wp-json\/wp\/v2\/media?parent=53090"}],"wp:term":[{"taxonomy":"category","embeddable":true,"href":"https:\/\/www.noticiasradioreflejos.com.ar\/2021\/wp-json\/wp\/v2\/categories?post=53090"},{"taxonomy":"post_tag","embeddable":true,"href":"https:\/\/www.noticiasradioreflejos.com.ar\/2021\/wp-json\/wp\/v2\/tags?post=53090"}],"curies":[{"name":"wp","href":"https:\/\/api.w.org\/{rel}","templated":true}]}}