{"id":53086,"date":"2021-02-28T17:40:44","date_gmt":"2021-02-28T20:40:44","guid":{"rendered":"http:\/\/www.noticiasradioreflejos.com.ar\/noticias\/?p=53086"},"modified":"2021-02-28T17:40:44","modified_gmt":"2021-02-28T20:40:44","slug":"una-pareja-de-turistas-fue-asaltada-durante-la-noche-del-viernes-sobre-la-ruta-76-a-unos-15-kms-de-sierra-de-la-ventana","status":"publish","type":"post","link":"https:\/\/www.noticiasradioreflejos.com.ar\/2021\/una-pareja-de-turistas-fue-asaltada-durante-la-noche-del-viernes-sobre-la-ruta-76-a-unos-15-kms-de-sierra-de-la-ventana\/","title":{"rendered":"Una pareja de turistas fue asaltada durante la noche del viernes sobre la ruta 76 a unos 15 kms de Sierra de la Ventana."},"content":{"rendered":"<p>El veh\u00edculo en el que viajaban sufri\u00f3 un revent\u00f3n de un neum\u00e1tico. Cuando se bajaron fueron encandilados por un hombre armado y a cara descubierta, que los oblig\u00f3 a tirarse boca abajo en la banquina; les revis\u00f3 el veh\u00edculo y se llev\u00f3 dinero en efectivo.<\/p>\n<p><a href=\"http:\/\/fmreflejos.blogspot.com\/search?q=asalto+a+remisero\"><strong> Hace ocho a\u00f1os en la misma fecha hubo un caso similar a pocos kms<\/strong><\/a><\/p>\n<p>&nbsp;<\/p>\n<p><!--more--><br \/>\nEl hecho ocurri\u00f3 cerca de las <strong>23 horas del viernes 26 de febrero<\/strong> sobre la Ruta Provincial Nro. 76 a unos 8 km. del cruce con la 72 de acceso a Sierra de la Ventana. Una pareja proveniente de Laprida viajaba en su Renault Sandero cuando el conductor sinti\u00f3 que un neum\u00e1tico hab\u00eda reventado; al bajarse para corroborar el desperfecto fue encandilado por un hombre, que arma de fuego en mano, oblig\u00f3 a los dos ocupantes del Sandero a alejarse del veh\u00edculo y quedar tirados en la banquina boca abajo.<\/p>\n<p>El delincuente en pocos minutos revis\u00f3 todo el interior y se alz\u00f3 con una suma aproximada a 20 mil pesos, d\u00e1ndose a la fuga a la carrera y a pie por los campos linderos al lugar.<\/p>\n<p>&nbsp;<\/p>\n<p><a title=\"InkedAsalto nocturno_LI\" href=\"https:\/\/www.flickr.com\/photos\/182279889@N02\/50990401772\/in\/dateposted-public\/\" data-flickr-embed=\"true\"><img loading=\"lazy\" decoding=\"async\" src=\"https:\/\/live.staticflickr.com\/65535\/50990401772_2c0836bfd6_o.jpg\" alt=\"InkedAsalto nocturno_LI\" width=\"705\" height=\"502\" \/><\/a><br \/>\n<span style=\"color: #ff9900;\"><strong><em>El mapa indica el lugar aproximado del asalto del viernes 26 de febrero<\/em><\/strong><\/span><br \/>\nLas v\u00edctimas, que ten\u00edan una caba\u00f1a alquilada en Sierra de la Ventana, al detectar que ten\u00edan se\u00f1al en sus celulares, llamaron al propietario de la misma para pedir ayuda. El prestador inmediatamente dio alerta a la polic\u00eda local y unos minutos m\u00e1s tarde concurrieron al lugar efectivos de 5 reparticiones para intentar dar con el asaltante, sin tener hasta el momento resultados positivos.<\/p>\n<p>Las\u00a0personas asaltadas\u00a0son una mujer de profesi\u00f3n abogada domiciliada en Cnel. Dorrego y su pareja, un hombre de mediana edad domiciliado en Bah\u00eda Blanca, que llegaban a la comarca para pasar el fin de semana, y de quienes no trascienden los datos filiatorios.<\/p>\n<p>Seg\u00fan se presume, el delincuente habr\u00eda tirado un clavo \u00abMiguelito\u00bb sobre la cinta asf\u00e1ltica de la ruta para lograr perpetrar el asalto.<br \/>\nIntervinieron en la investigaci\u00f3n en el momento del hecho, Subcomisaria de Sierra de la Ventana, Destacamento de Villa Ventana y Saldungaray, Destacamento de Villa La Arcadia y Patrulla Rural. El lugar del hecho es<strong> partido de Cnel. Su\u00e1rez<\/strong>, jurisdicci\u00f3n de la polic\u00eda Comunal Tercera San Jos\u00e9, y lleva la investigaci\u00f3n la Ayudant\u00eda de Fiscal\u00eda Distrital.<\/p>\n<h3><span style=\"color: #000080;\"><strong>Antecedente<\/strong><\/span><\/h3>\n<p>El <span style=\"color: #ff0000;\"><strong>25 de febrero del 2013<\/strong><\/span> un asalto similar con secuestro expr\u00e9s tuvo lugar en la ruta 72 a poco m\u00e1s de 300 metros del cruce con la 76 en el acceso a Sierra de la Ventana, en ese momento describ\u00edamos en nuestra p\u00e1gina web:<\/p>\n<p>Tres veh\u00edculos fueron objeto de un asalto sin precedentes en horas de la noche del lunes 25 de febrero por dos encapuchados portando armas cortas, escapando y llevando como rehenes a dos vecinos de Villa Ventana.<br \/>\nEl testimonio dado a FM Reflejos por Sergio Bidonde, propietario de la remiser\u00eda \u00abRemis Master\u00bb de Sierra de la Ventana describe el hecho puntualmente.<br \/>\nEl hecho se perpetr\u00f3 a 300 mts del acceso a Sierra de la Ventana sobre la ruta 72.<br \/>\nSiendo la hora 22:30 \u00f3 22:40, reciben el llamado de auxilio de un chofer que viajaba desde Villa Ventana en direcci\u00f3n a Sierra de la Ventana, porque hab\u00eda pinchado dos cubiertas en cercan\u00edas del cruce de las rutas 72 y 76.<br \/>\n\u00abFui con las ruedas de auxilio en mi combi, cuando llegaba vi dos veh\u00edculos estacionados en la banquina, el m\u00edo y otro con gente en su interior, que pens\u00e9 se hab\u00eda detenido para auxiliar al chofer del remis; enfrente de contramano al remis, cuando veo que se me acercan dos personas encapuchadas y me dicen: \u00abqu\u00e9date quieto, esto es un asalto\u00bb, nos relataba Bidonde y continu\u00f3 describiendo el momento pasado; \u00abcre\u00ed que era una broma y me re\u00ed, pero me volvieron a decir que era un asalto y que les diera toda la plata\u00bb.<br \/>\nLos encapuchados portaban dos armas cortas y de acuerdo a la descripci\u00f3n que hac\u00eda Sergio de los sujetos, \u00abestaban encapuchados y s\u00f3lo se les ve\u00edan los ojos\u00bb.<br \/>\nM\u00e1s adelante relata c\u00f3mo se movilizaron para quitarle el dinero a \u00e9l y al chofer y destaca que \u00abEl otro auto que yo ve\u00eda, me doy cuenta que era gente de Villa Ventana que tambi\u00e9n hab\u00edan sido reducidos por los asaltantes.<br \/>\nSeg\u00fan nos dec\u00eda Sergio, \u00abSalieron de entre los pastizales, oyeron ruidos, pero como en el lugar hay muchos animales salvajes, carpinchos, etc, pensamos que eran Carpinchos.\u00bb<br \/>\nPosteriormente se dan a la fuga \u00abllev\u00e1ndose de rehenes a los vecinos de Villa Ventana que viajaban en un autom\u00f3vil Chevrolet Corsa nuevo\u00bb.<br \/>\nBidonde describe adem\u00e1s que nos les quitaron los celulares, aclarando que en ese lugar no hab\u00eda se\u00f1al, ni le llevaron la combi: \u00abSe llevaron a los vecinos de Villa Ventana, les hicieron hacer unos kil\u00f3metros y se bajaron.\u00bb<br \/>\n\u00abGracias a Dios no nos hicieron nada\u00bb asegur\u00f3 el remisero, agregando que \u00abEsto nunca pas\u00f3 en Sierra de la Ventana; nos queda una tremenda sensaci\u00f3n de inseguridad, escuch\u00e1bamos que esto pasa en el Gran Buenos Aires, pero ac\u00e1 jam\u00e1s tuvimos un caso similar\u00bb.<\/p>\n","protected":false},"excerpt":{"rendered":"<p>El veh\u00edculo en el que viajaban sufri\u00f3 un revent\u00f3n de un neum\u00e1tico. Cuando se bajaron fueron encandilados por un hombre armado y a cara descubierta, que los oblig\u00f3 a tirarse boca abajo en la banquina; les revis\u00f3 el veh\u00edculo y se llev\u00f3 dinero en efectivo. Hace ocho a\u00f1os en la misma fecha hubo un caso [&hellip;]<\/p>\n","protected":false},"author":3,"featured_media":34404,"comment_status":"closed","ping_status":"open","sticky":false,"template":"","format":"standard","meta":{"footnotes":""},"categories":[24],"tags":[],"class_list":["post-53086","post","type-post","status-publish","format-standard","has-post-thumbnail","hentry","category-politica"],"yoast_head":"<!-- This site is optimized with the Yoast SEO plugin v25.9 - https:\/\/yoast.com\/wordpress\/plugins\/seo\/ -->\n<title>Una pareja de turistas fue asaltada durante la noche del viernes sobre la ruta 76 a unos 15 kms de Sierra de la Ventana. - Noticias Radio Reflejos<\/title>\n<meta name=\"robots\" content=\"index, follow, max-snippet:-1, max-image-preview:large, max-video-preview:-1\" \/>\n<link rel=\"canonical\" href=\"https:\/\/www.noticiasradioreflejos.com.ar\/2021\/una-pareja-de-turistas-fue-asaltada-durante-la-noche-del-viernes-sobre-la-ruta-76-a-unos-15-kms-de-sierra-de-la-ventana\/\" \/>\n<meta property=\"og:locale\" content=\"es_ES\" \/>\n<meta property=\"og:type\" content=\"article\" \/>\n<meta property=\"og:title\" content=\"Una pareja de turistas fue asaltada durante la noche del viernes sobre la ruta 76 a unos 15 kms de Sierra de la Ventana. - Noticias Radio Reflejos\" \/>\n<meta property=\"og:description\" content=\"El veh\u00edculo en el que viajaban sufri\u00f3 un revent\u00f3n de un neum\u00e1tico. Cuando se bajaron fueron encandilados por un hombre armado y a cara descubierta, que los oblig\u00f3 a tirarse boca abajo en la banquina; les revis\u00f3 el veh\u00edculo y se llev\u00f3 dinero en efectivo. Hace ocho a\u00f1os en la misma fecha hubo un caso [&hellip;]\" \/>\n<meta property=\"og:url\" content=\"https:\/\/www.noticiasradioreflejos.com.ar\/2021\/una-pareja-de-turistas-fue-asaltada-durante-la-noche-del-viernes-sobre-la-ruta-76-a-unos-15-kms-de-sierra-de-la-ventana\/\" \/>\n<meta property=\"og:site_name\" content=\"Noticias Radio Reflejos\" \/>\n<meta property=\"article:published_time\" content=\"2021-02-28T20:40:44+00:00\" \/>\n<meta property=\"og:image\" content=\"https:\/\/www.noticiasradioreflejos.com.ar\/2021\/wp-content\/uploads\/2019\/09\/Mi-ruta-Lucrecia-Diel-scaled.jpg\" \/>\n\t<meta property=\"og:image:width\" content=\"2560\" \/>\n\t<meta property=\"og:image:height\" content=\"1706\" \/>\n\t<meta property=\"og:image:type\" content=\"image\/jpeg\" \/>\n<meta name=\"author\" content=\"Arnaldo Botto\" \/>\n<meta name=\"twitter:card\" content=\"summary_large_image\" \/>\n<script type=\"application\/ld+json\" class=\"yoast-schema-graph\">{\"@context\":\"https:\/\/schema.org\",\"@graph\":[{\"@type\":\"WebPage\",\"@id\":\"https:\/\/www.noticiasradioreflejos.com.ar\/2021\/una-pareja-de-turistas-fue-asaltada-durante-la-noche-del-viernes-sobre-la-ruta-76-a-unos-15-kms-de-sierra-de-la-ventana\/\",\"url\":\"https:\/\/www.noticiasradioreflejos.com.ar\/2021\/una-pareja-de-turistas-fue-asaltada-durante-la-noche-del-viernes-sobre-la-ruta-76-a-unos-15-kms-de-sierra-de-la-ventana\/\",\"name\":\"Una pareja de turistas fue asaltada durante la noche del viernes sobre la ruta 76 a unos 15 kms de Sierra de la Ventana. - Noticias Radio Reflejos\",\"isPartOf\":{\"@id\":\"https:\/\/www.noticiasradioreflejos.com.ar\/2021\/#website\"},\"primaryImageOfPage\":{\"@id\":\"https:\/\/www.noticiasradioreflejos.com.ar\/2021\/una-pareja-de-turistas-fue-asaltada-durante-la-noche-del-viernes-sobre-la-ruta-76-a-unos-15-kms-de-sierra-de-la-ventana\/#primaryimage\"},\"image\":{\"@id\":\"https:\/\/www.noticiasradioreflejos.com.ar\/2021\/una-pareja-de-turistas-fue-asaltada-durante-la-noche-del-viernes-sobre-la-ruta-76-a-unos-15-kms-de-sierra-de-la-ventana\/#primaryimage\"},\"thumbnailUrl\":\"https:\/\/www.noticiasradioreflejos.com.ar\/2021\/wp-content\/uploads\/2019\/09\/Mi-ruta-Lucrecia-Diel-scaled.jpg\",\"datePublished\":\"2021-02-28T20:40:44+00:00\",\"author\":{\"@id\":\"https:\/\/www.noticiasradioreflejos.com.ar\/2021\/#\/schema\/person\/ad82545263dcc5ec0996818884fd5fb1\"},\"breadcrumb\":{\"@id\":\"https:\/\/www.noticiasradioreflejos.com.ar\/2021\/una-pareja-de-turistas-fue-asaltada-durante-la-noche-del-viernes-sobre-la-ruta-76-a-unos-15-kms-de-sierra-de-la-ventana\/#breadcrumb\"},\"inLanguage\":\"es\",\"potentialAction\":[{\"@type\":\"ReadAction\",\"target\":[\"https:\/\/www.noticiasradioreflejos.com.ar\/2021\/una-pareja-de-turistas-fue-asaltada-durante-la-noche-del-viernes-sobre-la-ruta-76-a-unos-15-kms-de-sierra-de-la-ventana\/\"]}]},{\"@type\":\"ImageObject\",\"inLanguage\":\"es\",\"@id\":\"https:\/\/www.noticiasradioreflejos.com.ar\/2021\/una-pareja-de-turistas-fue-asaltada-durante-la-noche-del-viernes-sobre-la-ruta-76-a-unos-15-kms-de-sierra-de-la-ventana\/#primaryimage\",\"url\":\"https:\/\/www.noticiasradioreflejos.com.ar\/2021\/wp-content\/uploads\/2019\/09\/Mi-ruta-Lucrecia-Diel-scaled.jpg\",\"contentUrl\":\"https:\/\/www.noticiasradioreflejos.com.ar\/2021\/wp-content\/uploads\/2019\/09\/Mi-ruta-Lucrecia-Diel-scaled.jpg\",\"width\":2560,\"height\":1706},{\"@type\":\"BreadcrumbList\",\"@id\":\"https:\/\/www.noticiasradioreflejos.com.ar\/2021\/una-pareja-de-turistas-fue-asaltada-durante-la-noche-del-viernes-sobre-la-ruta-76-a-unos-15-kms-de-sierra-de-la-ventana\/#breadcrumb\",\"itemListElement\":[{\"@type\":\"ListItem\",\"position\":1,\"name\":\"Portada\",\"item\":\"https:\/\/www.noticiasradioreflejos.com.ar\/2021\/\"},{\"@type\":\"ListItem\",\"position\":2,\"name\":\"Una pareja de turistas fue asaltada durante la noche del viernes sobre la ruta 76 a unos 15 kms de Sierra de la Ventana.\"}]},{\"@type\":\"WebSite\",\"@id\":\"https:\/\/www.noticiasradioreflejos.com.ar\/2021\/#website\",\"url\":\"https:\/\/www.noticiasradioreflejos.com.ar\/2021\/\",\"name\":\"Noticias Radio Reflejos\",\"description\":\"Las noticias de mi comarca\",\"potentialAction\":[{\"@type\":\"SearchAction\",\"target\":{\"@type\":\"EntryPoint\",\"urlTemplate\":\"https:\/\/www.noticiasradioreflejos.com.ar\/2021\/?s={search_term_string}\"},\"query-input\":{\"@type\":\"PropertyValueSpecification\",\"valueRequired\":true,\"valueName\":\"search_term_string\"}}],\"inLanguage\":\"es\"},{\"@type\":\"Person\",\"@id\":\"https:\/\/www.noticiasradioreflejos.com.ar\/2021\/#\/schema\/person\/ad82545263dcc5ec0996818884fd5fb1\",\"name\":\"Arnaldo Botto\",\"image\":{\"@type\":\"ImageObject\",\"inLanguage\":\"es\",\"@id\":\"https:\/\/www.noticiasradioreflejos.com.ar\/2021\/#\/schema\/person\/image\/\",\"url\":\"https:\/\/secure.gravatar.com\/avatar\/55cb5e37c1efa326397366e6974cb338056df65cb50e7d64d1cf314e87504837?s=96&d=mm&r=g\",\"contentUrl\":\"https:\/\/secure.gravatar.com\/avatar\/55cb5e37c1efa326397366e6974cb338056df65cb50e7d64d1cf314e87504837?s=96&d=mm&r=g\",\"caption\":\"Arnaldo Botto\"},\"url\":\"https:\/\/www.noticiasradioreflejos.com.ar\/2021\/author\/arnaldo\/\"}]}<\/script>\n<!-- \/ Yoast SEO plugin. -->","yoast_head_json":{"title":"Una pareja de turistas fue asaltada durante la noche del viernes sobre la ruta 76 a unos 15 kms de Sierra de la Ventana. - Noticias Radio Reflejos","robots":{"index":"index","follow":"follow","max-snippet":"max-snippet:-1","max-image-preview":"max-image-preview:large","max-video-preview":"max-video-preview:-1"},"canonical":"https:\/\/www.noticiasradioreflejos.com.ar\/2021\/una-pareja-de-turistas-fue-asaltada-durante-la-noche-del-viernes-sobre-la-ruta-76-a-unos-15-kms-de-sierra-de-la-ventana\/","og_locale":"es_ES","og_type":"article","og_title":"Una pareja de turistas fue asaltada durante la noche del viernes sobre la ruta 76 a unos 15 kms de Sierra de la Ventana. - Noticias Radio Reflejos","og_description":"El veh\u00edculo en el que viajaban sufri\u00f3 un revent\u00f3n de un neum\u00e1tico. Cuando se bajaron fueron encandilados por un hombre armado y a cara descubierta, que los oblig\u00f3 a tirarse boca abajo en la banquina; les revis\u00f3 el veh\u00edculo y se llev\u00f3 dinero en efectivo. Hace ocho a\u00f1os en la misma fecha hubo un caso [&hellip;]","og_url":"https:\/\/www.noticiasradioreflejos.com.ar\/2021\/una-pareja-de-turistas-fue-asaltada-durante-la-noche-del-viernes-sobre-la-ruta-76-a-unos-15-kms-de-sierra-de-la-ventana\/","og_site_name":"Noticias Radio Reflejos","article_published_time":"2021-02-28T20:40:44+00:00","og_image":[{"width":2560,"height":1706,"url":"https:\/\/www.noticiasradioreflejos.com.ar\/2021\/wp-content\/uploads\/2019\/09\/Mi-ruta-Lucrecia-Diel-scaled.jpg","type":"image\/jpeg"}],"author":"Arnaldo Botto","twitter_card":"summary_large_image","schema":{"@context":"https:\/\/schema.org","@graph":[{"@type":"WebPage","@id":"https:\/\/www.noticiasradioreflejos.com.ar\/2021\/una-pareja-de-turistas-fue-asaltada-durante-la-noche-del-viernes-sobre-la-ruta-76-a-unos-15-kms-de-sierra-de-la-ventana\/","url":"https:\/\/www.noticiasradioreflejos.com.ar\/2021\/una-pareja-de-turistas-fue-asaltada-durante-la-noche-del-viernes-sobre-la-ruta-76-a-unos-15-kms-de-sierra-de-la-ventana\/","name":"Una pareja de turistas fue asaltada durante la noche del viernes sobre la ruta 76 a unos 15 kms de Sierra de la Ventana. - Noticias Radio Reflejos","isPartOf":{"@id":"https:\/\/www.noticiasradioreflejos.com.ar\/2021\/#website"},"primaryImageOfPage":{"@id":"https:\/\/www.noticiasradioreflejos.com.ar\/2021\/una-pareja-de-turistas-fue-asaltada-durante-la-noche-del-viernes-sobre-la-ruta-76-a-unos-15-kms-de-sierra-de-la-ventana\/#primaryimage"},"image":{"@id":"https:\/\/www.noticiasradioreflejos.com.ar\/2021\/una-pareja-de-turistas-fue-asaltada-durante-la-noche-del-viernes-sobre-la-ruta-76-a-unos-15-kms-de-sierra-de-la-ventana\/#primaryimage"},"thumbnailUrl":"https:\/\/www.noticiasradioreflejos.com.ar\/2021\/wp-content\/uploads\/2019\/09\/Mi-ruta-Lucrecia-Diel-scaled.jpg","datePublished":"2021-02-28T20:40:44+00:00","author":{"@id":"https:\/\/www.noticiasradioreflejos.com.ar\/2021\/#\/schema\/person\/ad82545263dcc5ec0996818884fd5fb1"},"breadcrumb":{"@id":"https:\/\/www.noticiasradioreflejos.com.ar\/2021\/una-pareja-de-turistas-fue-asaltada-durante-la-noche-del-viernes-sobre-la-ruta-76-a-unos-15-kms-de-sierra-de-la-ventana\/#breadcrumb"},"inLanguage":"es","potentialAction":[{"@type":"ReadAction","target":["https:\/\/www.noticiasradioreflejos.com.ar\/2021\/una-pareja-de-turistas-fue-asaltada-durante-la-noche-del-viernes-sobre-la-ruta-76-a-unos-15-kms-de-sierra-de-la-ventana\/"]}]},{"@type":"ImageObject","inLanguage":"es","@id":"https:\/\/www.noticiasradioreflejos.com.ar\/2021\/una-pareja-de-turistas-fue-asaltada-durante-la-noche-del-viernes-sobre-la-ruta-76-a-unos-15-kms-de-sierra-de-la-ventana\/#primaryimage","url":"https:\/\/www.noticiasradioreflejos.com.ar\/2021\/wp-content\/uploads\/2019\/09\/Mi-ruta-Lucrecia-Diel-scaled.jpg","contentUrl":"https:\/\/www.noticiasradioreflejos.com.ar\/2021\/wp-content\/uploads\/2019\/09\/Mi-ruta-Lucrecia-Diel-scaled.jpg","width":2560,"height":1706},{"@type":"BreadcrumbList","@id":"https:\/\/www.noticiasradioreflejos.com.ar\/2021\/una-pareja-de-turistas-fue-asaltada-durante-la-noche-del-viernes-sobre-la-ruta-76-a-unos-15-kms-de-sierra-de-la-ventana\/#breadcrumb","itemListElement":[{"@type":"ListItem","position":1,"name":"Portada","item":"https:\/\/www.noticiasradioreflejos.com.ar\/2021\/"},{"@type":"ListItem","position":2,"name":"Una pareja de turistas fue asaltada durante la noche del viernes sobre la ruta 76 a unos 15 kms de Sierra de la Ventana."}]},{"@type":"WebSite","@id":"https:\/\/www.noticiasradioreflejos.com.ar\/2021\/#website","url":"https:\/\/www.noticiasradioreflejos.com.ar\/2021\/","name":"Noticias Radio Reflejos","description":"Las noticias de mi comarca","potentialAction":[{"@type":"SearchAction","target":{"@type":"EntryPoint","urlTemplate":"https:\/\/www.noticiasradioreflejos.com.ar\/2021\/?s={search_term_string}"},"query-input":{"@type":"PropertyValueSpecification","valueRequired":true,"valueName":"search_term_string"}}],"inLanguage":"es"},{"@type":"Person","@id":"https:\/\/www.noticiasradioreflejos.com.ar\/2021\/#\/schema\/person\/ad82545263dcc5ec0996818884fd5fb1","name":"Arnaldo Botto","image":{"@type":"ImageObject","inLanguage":"es","@id":"https:\/\/www.noticiasradioreflejos.com.ar\/2021\/#\/schema\/person\/image\/","url":"https:\/\/secure.gravatar.com\/avatar\/55cb5e37c1efa326397366e6974cb338056df65cb50e7d64d1cf314e87504837?s=96&d=mm&r=g","contentUrl":"https:\/\/secure.gravatar.com\/avatar\/55cb5e37c1efa326397366e6974cb338056df65cb50e7d64d1cf314e87504837?s=96&d=mm&r=g","caption":"Arnaldo Botto"},"url":"https:\/\/www.noticiasradioreflejos.com.ar\/2021\/author\/arnaldo\/"}]}},"_links":{"self":[{"href":"https:\/\/www.noticiasradioreflejos.com.ar\/2021\/wp-json\/wp\/v2\/posts\/53086","targetHints":{"allow":["GET"]}}],"collection":[{"href":"https:\/\/www.noticiasradioreflejos.com.ar\/2021\/wp-json\/wp\/v2\/posts"}],"about":[{"href":"https:\/\/www.noticiasradioreflejos.com.ar\/2021\/wp-json\/wp\/v2\/types\/post"}],"author":[{"embeddable":true,"href":"https:\/\/www.noticiasradioreflejos.com.ar\/2021\/wp-json\/wp\/v2\/users\/3"}],"replies":[{"embeddable":true,"href":"https:\/\/www.noticiasradioreflejos.com.ar\/2021\/wp-json\/wp\/v2\/comments?post=53086"}],"version-history":[{"count":0,"href":"https:\/\/www.noticiasradioreflejos.com.ar\/2021\/wp-json\/wp\/v2\/posts\/53086\/revisions"}],"wp:featuredmedia":[{"embeddable":true,"href":"https:\/\/www.noticiasradioreflejos.com.ar\/2021\/wp-json\/wp\/v2\/media\/34404"}],"wp:attachment":[{"href":"https:\/\/www.noticiasradioreflejos.com.ar\/2021\/wp-json\/wp\/v2\/media?parent=53086"}],"wp:term":[{"taxonomy":"category","embeddable":true,"href":"https:\/\/www.noticiasradioreflejos.com.ar\/2021\/wp-json\/wp\/v2\/categories?post=53086"},{"taxonomy":"post_tag","embeddable":true,"href":"https:\/\/www.noticiasradioreflejos.com.ar\/2021\/wp-json\/wp\/v2\/tags?post=53086"}],"curies":[{"name":"wp","href":"https:\/\/api.w.org\/{rel}","templated":true}]}}