{"id":53083,"date":"2021-02-28T16:28:59","date_gmt":"2021-02-28T19:28:59","guid":{"rendered":"http:\/\/www.noticiasradioreflejos.com.ar\/noticias\/?p=53083"},"modified":"2021-02-28T16:28:59","modified_gmt":"2021-02-28T19:28:59","slug":"bahia-blanca-alarma-por-el-incendio-de-un-camion-cargado-con-metanol","status":"publish","type":"post","link":"https:\/\/www.noticiasradioreflejos.com.ar\/2021\/bahia-blanca-alarma-por-el-incendio-de-un-camion-cargado-con-metanol\/","title":{"rendered":"Bah\u00eda Blanca. Alarma por el incendio de un cami\u00f3n cargado con metanol"},"content":{"rendered":"<p>Las autoridades debieron cortar el tr\u00e1nsito en el sector. El hecho se produjo al anochecer del s\u00e1bado 27 de febrero y trabajaron en el lugar Bomberos, Polic\u00eda Ecol\u00f3gica y Defensa Civil. La Ruta 3 permanecer\u00e1 cortada por 48 hs al igual que todo el sector del siniestro<!--more--><\/p>\n<div id=\"mvp-post-feat-img\" class=\"left relative mvp-post-feat-img-wide2\"><img loading=\"lazy\" decoding=\"async\" class=\"attachment- size- wp-post-image\" src=\"https:\/\/www.labrujula24.com\/wp-content\/uploads\/2021\/02\/camion-1.jpg\" sizes=\"auto, (max-width: 1200px) 100vw, 1200px\" srcset=\"https:\/\/www.labrujula24.com\/wp-content\/uploads\/2021\/02\/camion-1.jpg 1200w, https:\/\/www.labrujula24.com\/wp-content\/uploads\/2021\/02\/camion-1-768x461.jpg 768w, https:\/\/www.labrujula24.com\/wp-content\/uploads\/2021\/02\/camion-1-1000x600.jpg 1000w, https:\/\/www.labrujula24.com\/wp-content\/uploads\/2021\/02\/camion-1-590x354.jpg 590w, https:\/\/www.labrujula24.com\/wp-content\/uploads\/2021\/02\/camion-1-400x240.jpg 400w\" alt=\"\" width=\"1200\" height=\"720\" \/><\/div>\n<div id=\"mvp-content-wrap\" class=\"left relative\">\n<div class=\"mvp-post-soc-out right relative\">\n<div class=\"mvp-post-soc-in\">\n<div id=\"mvp-content-body\" class=\"left relative\">\n<div id=\"mvp-content-body-top\" class=\"left relative\">\n<div id=\"mvp-content-main\" class=\"left relative\">\n<div id=\"textbody\">\n<div class=\"code-block code-block-9\"><\/div>\n<div class=\"code-block code-block-2\"><\/div>\n<p>Durante esta noche, un cami\u00f3n que trasladaba metanol sufri\u00f3 un incendio y oblig\u00f3 a las autoridades a realizar un corte total sobre el tr\u00e1nsito de calle Castelli y Ruta 33 (ex Sesquicentenario), que permanecer\u00e1 as\u00ed durante al menos dos d\u00edas.<\/p>\n<figure class=\"wp-block-image size-large\"><img loading=\"lazy\" decoding=\"async\" class=\"wp-image-110191\" src=\"https:\/\/www.labrujula24.com\/wp-content\/uploads\/2021\/02\/153730520_478487853172963_1316230393527920419_n.jpg\" sizes=\"auto, (max-width: 1032px) 100vw, 1032px\" srcset=\"https:\/\/www.labrujula24.com\/wp-content\/uploads\/2021\/02\/153730520_478487853172963_1316230393527920419_n.jpg 1032w, https:\/\/www.labrujula24.com\/wp-content\/uploads\/2021\/02\/153730520_478487853172963_1316230393527920419_n-768x576.jpg 768w\" alt=\"\" width=\"1032\" height=\"774\" \/><\/figure>\n<p>Seg\u00fan fuentes policiales, las llamas se habr\u00edan generado producto de una explosi\u00f3n en uno de sus neum\u00e1ticos.<\/p>\n<div class=\"code-block code-block-11\"><\/div>\n<figure class=\"wp-block-image size-large\"><img loading=\"lazy\" decoding=\"async\" class=\"wp-image-110192\" src=\"https:\/\/www.labrujula24.com\/wp-content\/uploads\/2021\/02\/154630288_851908442039941_8709073305385908323_n.jpg\" sizes=\"auto, (max-width: 1040px) 100vw, 1040px\" srcset=\"https:\/\/www.labrujula24.com\/wp-content\/uploads\/2021\/02\/154630288_851908442039941_8709073305385908323_n.jpg 1040w, https:\/\/www.labrujula24.com\/wp-content\/uploads\/2021\/02\/154630288_851908442039941_8709073305385908323_n-768x576.jpg 768w\" alt=\"\" width=\"1040\" height=\"780\" \/><\/figure>\n<p>Si bien el fuego logr\u00f3 controlarse, \u201cse mantiene el nivel de alerta pret 1 por probable fuga de metanol\u201d, indicaron desde el Municipio.<\/p>\n<figure class=\"wp-block-image size-large\"><img loading=\"lazy\" decoding=\"async\" class=\"wp-image-110194\" src=\"https:\/\/www.labrujula24.com\/wp-content\/uploads\/2021\/02\/153864347_482792366217028_4773207153497870319_n.jpg\" sizes=\"auto, (max-width: 1040px) 100vw, 1040px\" srcset=\"https:\/\/www.labrujula24.com\/wp-content\/uploads\/2021\/02\/153864347_482792366217028_4773207153497870319_n.jpg 1040w, https:\/\/www.labrujula24.com\/wp-content\/uploads\/2021\/02\/153864347_482792366217028_4773207153497870319_n-768x576.jpg 768w\" alt=\"\" width=\"1040\" height=\"780\" \/><\/figure>\n<p>Por la peligrosidad del l\u00edquido, altamente inflamable, los servidores p\u00fablicos procedieron a enfriar y asegurar la zona colocando un vallado a mil metros, para poder llevar a cabo los trabajos pertinentes en el rodado. \u00abM\u00e1s tarde si las condiciones est\u00e1n seguras se comenzar\u00e1 a realizar las tareas de trasvase\u00bb, se\u00f1alaron los voceros.<\/p>\n<div class=\"code-block code-block-1\"><\/div>\n<figure class=\"wp-block-image size-large\"><img loading=\"lazy\" decoding=\"async\" class=\"wp-image-110195\" src=\"https:\/\/www.labrujula24.com\/wp-content\/uploads\/2021\/02\/152963796_176189887403258_6154365743459248846_n.jpg\" sizes=\"auto, (max-width: 1032px) 100vw, 1032px\" srcset=\"https:\/\/www.labrujula24.com\/wp-content\/uploads\/2021\/02\/152963796_176189887403258_6154365743459248846_n.jpg 1032w, https:\/\/www.labrujula24.com\/wp-content\/uploads\/2021\/02\/152963796_176189887403258_6154365743459248846_n-768x576.jpg 768w\" alt=\"\" width=\"1032\" height=\"774\" \/><\/figure>\n<p>Polic\u00eda Vial inform\u00f3 que la zona donde est\u00e1 ubicado el cami\u00f3n siniestrado no tendr\u00e1 ning\u00fan tipo de tr\u00e1nsito durante al menos dos d\u00edas. Para ingresar a Bah\u00eda se deber\u00e1 seguir por Ruta 33 hacia camino de circunvalaci\u00f3n (atr\u00e1s de Bosque Alto) y continuar por ese trayecto.<\/p>\n<p>Ruta 3 tambi\u00e9n estar\u00e1 cortada en su ingreso a Sesquicentenario, solo se podr\u00e1 continuar hacia el sector sur. Ruta 35 tendr\u00e1 habilitado el paso hacia Ruta 3 sur y eventualmente alg\u00fan transporte podr\u00e1 ingresar a la ciudad por Don Bosco.<\/p>\n<\/div>\n<\/div>\n<\/div>\n<\/div>\n<\/div>\n<\/div>\n<\/div>\n<\/div>\n<\/div>\n<\/div>\n","protected":false},"excerpt":{"rendered":"<p>Las autoridades debieron cortar el tr\u00e1nsito en el sector. El hecho se produjo al anochecer del s\u00e1bado 27 de febrero y trabajaron en el lugar Bomberos, Polic\u00eda Ecol\u00f3gica y Defensa Civil. La Ruta 3 permanecer\u00e1 cortada por 48 hs al igual que todo el sector del siniestro<\/p>\n","protected":false},"author":3,"featured_media":0,"comment_status":"closed","ping_status":"open","sticky":false,"template":"","format":"standard","meta":{"footnotes":""},"categories":[29],"tags":[],"class_list":["post-53083","post","type-post","status-publish","format-standard","hentry","category-policiales"],"yoast_head":"<!-- This site is optimized with the Yoast SEO plugin v25.9 - https:\/\/yoast.com\/wordpress\/plugins\/seo\/ -->\n<title>Bah\u00eda Blanca. Alarma por el incendio de un cami\u00f3n cargado con metanol - Noticias Radio Reflejos<\/title>\n<meta name=\"robots\" content=\"index, follow, max-snippet:-1, max-image-preview:large, max-video-preview:-1\" \/>\n<link rel=\"canonical\" href=\"https:\/\/www.noticiasradioreflejos.com.ar\/2021\/bahia-blanca-alarma-por-el-incendio-de-un-camion-cargado-con-metanol\/\" \/>\n<meta property=\"og:locale\" content=\"es_ES\" \/>\n<meta property=\"og:type\" content=\"article\" \/>\n<meta property=\"og:title\" content=\"Bah\u00eda Blanca. Alarma por el incendio de un cami\u00f3n cargado con metanol - Noticias Radio Reflejos\" \/>\n<meta property=\"og:description\" content=\"Las autoridades debieron cortar el tr\u00e1nsito en el sector. El hecho se produjo al anochecer del s\u00e1bado 27 de febrero y trabajaron en el lugar Bomberos, Polic\u00eda Ecol\u00f3gica y Defensa Civil. La Ruta 3 permanecer\u00e1 cortada por 48 hs al igual que todo el sector del siniestro\" \/>\n<meta property=\"og:url\" content=\"https:\/\/www.noticiasradioreflejos.com.ar\/2021\/bahia-blanca-alarma-por-el-incendio-de-un-camion-cargado-con-metanol\/\" \/>\n<meta property=\"og:site_name\" content=\"Noticias Radio Reflejos\" \/>\n<meta property=\"article:published_time\" content=\"2021-02-28T19:28:59+00:00\" \/>\n<meta property=\"og:image\" content=\"https:\/\/www.labrujula24.com\/wp-content\/uploads\/2021\/02\/camion-1.jpg\" \/>\n<meta name=\"author\" content=\"Arnaldo Botto\" \/>\n<meta name=\"twitter:card\" content=\"summary_large_image\" \/>\n<script type=\"application\/ld+json\" class=\"yoast-schema-graph\">{\"@context\":\"https:\/\/schema.org\",\"@graph\":[{\"@type\":\"WebPage\",\"@id\":\"https:\/\/www.noticiasradioreflejos.com.ar\/2021\/bahia-blanca-alarma-por-el-incendio-de-un-camion-cargado-con-metanol\/\",\"url\":\"https:\/\/www.noticiasradioreflejos.com.ar\/2021\/bahia-blanca-alarma-por-el-incendio-de-un-camion-cargado-con-metanol\/\",\"name\":\"Bah\u00eda Blanca. Alarma por el incendio de un cami\u00f3n cargado con metanol - Noticias Radio Reflejos\",\"isPartOf\":{\"@id\":\"https:\/\/www.noticiasradioreflejos.com.ar\/2021\/#website\"},\"primaryImageOfPage\":{\"@id\":\"https:\/\/www.noticiasradioreflejos.com.ar\/2021\/bahia-blanca-alarma-por-el-incendio-de-un-camion-cargado-con-metanol\/#primaryimage\"},\"image\":{\"@id\":\"https:\/\/www.noticiasradioreflejos.com.ar\/2021\/bahia-blanca-alarma-por-el-incendio-de-un-camion-cargado-con-metanol\/#primaryimage\"},\"thumbnailUrl\":\"https:\/\/www.labrujula24.com\/wp-content\/uploads\/2021\/02\/camion-1.jpg\",\"datePublished\":\"2021-02-28T19:28:59+00:00\",\"author\":{\"@id\":\"https:\/\/www.noticiasradioreflejos.com.ar\/2021\/#\/schema\/person\/ad82545263dcc5ec0996818884fd5fb1\"},\"breadcrumb\":{\"@id\":\"https:\/\/www.noticiasradioreflejos.com.ar\/2021\/bahia-blanca-alarma-por-el-incendio-de-un-camion-cargado-con-metanol\/#breadcrumb\"},\"inLanguage\":\"es\",\"potentialAction\":[{\"@type\":\"ReadAction\",\"target\":[\"https:\/\/www.noticiasradioreflejos.com.ar\/2021\/bahia-blanca-alarma-por-el-incendio-de-un-camion-cargado-con-metanol\/\"]}]},{\"@type\":\"ImageObject\",\"inLanguage\":\"es\",\"@id\":\"https:\/\/www.noticiasradioreflejos.com.ar\/2021\/bahia-blanca-alarma-por-el-incendio-de-un-camion-cargado-con-metanol\/#primaryimage\",\"url\":\"https:\/\/www.labrujula24.com\/wp-content\/uploads\/2021\/02\/camion-1.jpg\",\"contentUrl\":\"https:\/\/www.labrujula24.com\/wp-content\/uploads\/2021\/02\/camion-1.jpg\"},{\"@type\":\"BreadcrumbList\",\"@id\":\"https:\/\/www.noticiasradioreflejos.com.ar\/2021\/bahia-blanca-alarma-por-el-incendio-de-un-camion-cargado-con-metanol\/#breadcrumb\",\"itemListElement\":[{\"@type\":\"ListItem\",\"position\":1,\"name\":\"Portada\",\"item\":\"https:\/\/www.noticiasradioreflejos.com.ar\/2021\/\"},{\"@type\":\"ListItem\",\"position\":2,\"name\":\"Bah\u00eda Blanca. Alarma por el incendio de un cami\u00f3n cargado con metanol\"}]},{\"@type\":\"WebSite\",\"@id\":\"https:\/\/www.noticiasradioreflejos.com.ar\/2021\/#website\",\"url\":\"https:\/\/www.noticiasradioreflejos.com.ar\/2021\/\",\"name\":\"Noticias Radio Reflejos\",\"description\":\"Las noticias de mi comarca\",\"potentialAction\":[{\"@type\":\"SearchAction\",\"target\":{\"@type\":\"EntryPoint\",\"urlTemplate\":\"https:\/\/www.noticiasradioreflejos.com.ar\/2021\/?s={search_term_string}\"},\"query-input\":{\"@type\":\"PropertyValueSpecification\",\"valueRequired\":true,\"valueName\":\"search_term_string\"}}],\"inLanguage\":\"es\"},{\"@type\":\"Person\",\"@id\":\"https:\/\/www.noticiasradioreflejos.com.ar\/2021\/#\/schema\/person\/ad82545263dcc5ec0996818884fd5fb1\",\"name\":\"Arnaldo Botto\",\"image\":{\"@type\":\"ImageObject\",\"inLanguage\":\"es\",\"@id\":\"https:\/\/www.noticiasradioreflejos.com.ar\/2021\/#\/schema\/person\/image\/\",\"url\":\"https:\/\/secure.gravatar.com\/avatar\/55cb5e37c1efa326397366e6974cb338056df65cb50e7d64d1cf314e87504837?s=96&d=mm&r=g\",\"contentUrl\":\"https:\/\/secure.gravatar.com\/avatar\/55cb5e37c1efa326397366e6974cb338056df65cb50e7d64d1cf314e87504837?s=96&d=mm&r=g\",\"caption\":\"Arnaldo Botto\"},\"url\":\"https:\/\/www.noticiasradioreflejos.com.ar\/2021\/author\/arnaldo\/\"}]}<\/script>\n<!-- \/ Yoast SEO plugin. -->","yoast_head_json":{"title":"Bah\u00eda Blanca. Alarma por el incendio de un cami\u00f3n cargado con metanol - Noticias Radio Reflejos","robots":{"index":"index","follow":"follow","max-snippet":"max-snippet:-1","max-image-preview":"max-image-preview:large","max-video-preview":"max-video-preview:-1"},"canonical":"https:\/\/www.noticiasradioreflejos.com.ar\/2021\/bahia-blanca-alarma-por-el-incendio-de-un-camion-cargado-con-metanol\/","og_locale":"es_ES","og_type":"article","og_title":"Bah\u00eda Blanca. Alarma por el incendio de un cami\u00f3n cargado con metanol - Noticias Radio Reflejos","og_description":"Las autoridades debieron cortar el tr\u00e1nsito en el sector. El hecho se produjo al anochecer del s\u00e1bado 27 de febrero y trabajaron en el lugar Bomberos, Polic\u00eda Ecol\u00f3gica y Defensa Civil. La Ruta 3 permanecer\u00e1 cortada por 48 hs al igual que todo el sector del siniestro","og_url":"https:\/\/www.noticiasradioreflejos.com.ar\/2021\/bahia-blanca-alarma-por-el-incendio-de-un-camion-cargado-con-metanol\/","og_site_name":"Noticias Radio Reflejos","article_published_time":"2021-02-28T19:28:59+00:00","og_image":[{"url":"https:\/\/www.labrujula24.com\/wp-content\/uploads\/2021\/02\/camion-1.jpg","type":"","width":"","height":""}],"author":"Arnaldo Botto","twitter_card":"summary_large_image","schema":{"@context":"https:\/\/schema.org","@graph":[{"@type":"WebPage","@id":"https:\/\/www.noticiasradioreflejos.com.ar\/2021\/bahia-blanca-alarma-por-el-incendio-de-un-camion-cargado-con-metanol\/","url":"https:\/\/www.noticiasradioreflejos.com.ar\/2021\/bahia-blanca-alarma-por-el-incendio-de-un-camion-cargado-con-metanol\/","name":"Bah\u00eda Blanca. Alarma por el incendio de un cami\u00f3n cargado con metanol - Noticias Radio Reflejos","isPartOf":{"@id":"https:\/\/www.noticiasradioreflejos.com.ar\/2021\/#website"},"primaryImageOfPage":{"@id":"https:\/\/www.noticiasradioreflejos.com.ar\/2021\/bahia-blanca-alarma-por-el-incendio-de-un-camion-cargado-con-metanol\/#primaryimage"},"image":{"@id":"https:\/\/www.noticiasradioreflejos.com.ar\/2021\/bahia-blanca-alarma-por-el-incendio-de-un-camion-cargado-con-metanol\/#primaryimage"},"thumbnailUrl":"https:\/\/www.labrujula24.com\/wp-content\/uploads\/2021\/02\/camion-1.jpg","datePublished":"2021-02-28T19:28:59+00:00","author":{"@id":"https:\/\/www.noticiasradioreflejos.com.ar\/2021\/#\/schema\/person\/ad82545263dcc5ec0996818884fd5fb1"},"breadcrumb":{"@id":"https:\/\/www.noticiasradioreflejos.com.ar\/2021\/bahia-blanca-alarma-por-el-incendio-de-un-camion-cargado-con-metanol\/#breadcrumb"},"inLanguage":"es","potentialAction":[{"@type":"ReadAction","target":["https:\/\/www.noticiasradioreflejos.com.ar\/2021\/bahia-blanca-alarma-por-el-incendio-de-un-camion-cargado-con-metanol\/"]}]},{"@type":"ImageObject","inLanguage":"es","@id":"https:\/\/www.noticiasradioreflejos.com.ar\/2021\/bahia-blanca-alarma-por-el-incendio-de-un-camion-cargado-con-metanol\/#primaryimage","url":"https:\/\/www.labrujula24.com\/wp-content\/uploads\/2021\/02\/camion-1.jpg","contentUrl":"https:\/\/www.labrujula24.com\/wp-content\/uploads\/2021\/02\/camion-1.jpg"},{"@type":"BreadcrumbList","@id":"https:\/\/www.noticiasradioreflejos.com.ar\/2021\/bahia-blanca-alarma-por-el-incendio-de-un-camion-cargado-con-metanol\/#breadcrumb","itemListElement":[{"@type":"ListItem","position":1,"name":"Portada","item":"https:\/\/www.noticiasradioreflejos.com.ar\/2021\/"},{"@type":"ListItem","position":2,"name":"Bah\u00eda Blanca. Alarma por el incendio de un cami\u00f3n cargado con metanol"}]},{"@type":"WebSite","@id":"https:\/\/www.noticiasradioreflejos.com.ar\/2021\/#website","url":"https:\/\/www.noticiasradioreflejos.com.ar\/2021\/","name":"Noticias Radio Reflejos","description":"Las noticias de mi comarca","potentialAction":[{"@type":"SearchAction","target":{"@type":"EntryPoint","urlTemplate":"https:\/\/www.noticiasradioreflejos.com.ar\/2021\/?s={search_term_string}"},"query-input":{"@type":"PropertyValueSpecification","valueRequired":true,"valueName":"search_term_string"}}],"inLanguage":"es"},{"@type":"Person","@id":"https:\/\/www.noticiasradioreflejos.com.ar\/2021\/#\/schema\/person\/ad82545263dcc5ec0996818884fd5fb1","name":"Arnaldo Botto","image":{"@type":"ImageObject","inLanguage":"es","@id":"https:\/\/www.noticiasradioreflejos.com.ar\/2021\/#\/schema\/person\/image\/","url":"https:\/\/secure.gravatar.com\/avatar\/55cb5e37c1efa326397366e6974cb338056df65cb50e7d64d1cf314e87504837?s=96&d=mm&r=g","contentUrl":"https:\/\/secure.gravatar.com\/avatar\/55cb5e37c1efa326397366e6974cb338056df65cb50e7d64d1cf314e87504837?s=96&d=mm&r=g","caption":"Arnaldo Botto"},"url":"https:\/\/www.noticiasradioreflejos.com.ar\/2021\/author\/arnaldo\/"}]}},"_links":{"self":[{"href":"https:\/\/www.noticiasradioreflejos.com.ar\/2021\/wp-json\/wp\/v2\/posts\/53083","targetHints":{"allow":["GET"]}}],"collection":[{"href":"https:\/\/www.noticiasradioreflejos.com.ar\/2021\/wp-json\/wp\/v2\/posts"}],"about":[{"href":"https:\/\/www.noticiasradioreflejos.com.ar\/2021\/wp-json\/wp\/v2\/types\/post"}],"author":[{"embeddable":true,"href":"https:\/\/www.noticiasradioreflejos.com.ar\/2021\/wp-json\/wp\/v2\/users\/3"}],"replies":[{"embeddable":true,"href":"https:\/\/www.noticiasradioreflejos.com.ar\/2021\/wp-json\/wp\/v2\/comments?post=53083"}],"version-history":[{"count":0,"href":"https:\/\/www.noticiasradioreflejos.com.ar\/2021\/wp-json\/wp\/v2\/posts\/53083\/revisions"}],"wp:attachment":[{"href":"https:\/\/www.noticiasradioreflejos.com.ar\/2021\/wp-json\/wp\/v2\/media?parent=53083"}],"wp:term":[{"taxonomy":"category","embeddable":true,"href":"https:\/\/www.noticiasradioreflejos.com.ar\/2021\/wp-json\/wp\/v2\/categories?post=53083"},{"taxonomy":"post_tag","embeddable":true,"href":"https:\/\/www.noticiasradioreflejos.com.ar\/2021\/wp-json\/wp\/v2\/tags?post=53083"}],"curies":[{"name":"wp","href":"https:\/\/api.w.org\/{rel}","templated":true}]}}