{"id":5307,"date":"2016-12-29T13:18:16","date_gmt":"2016-12-29T13:18:16","guid":{"rendered":"http:\/\/noticiasradioreflejos.com.ar\/noticias\/?p=5307"},"modified":"2016-12-29T13:18:16","modified_gmt":"2016-12-29T13:18:16","slug":"como-no-saben-gobernar-meten-la-mano-en-el-bolsillo-de-la-gente","status":"publish","type":"post","link":"https:\/\/www.noticiasradioreflejos.com.ar\/2021\/como-no-saben-gobernar-meten-la-mano-en-el-bolsillo-de-la-gente\/","title":{"rendered":"&quot;Como no saben gobernar, meten la mano en el bolsillo de la gente&quot;."},"content":{"rendered":"<p>Aumentos de tasas municipales que van del 40 al 380%<br \/>\n<strong>Comunicado del Frente Renovador de Tornquist:<\/strong><br \/>\nCon mucha indignaci\u00f3n e impotencia presenciamos la \u00faltima Sesi\u00f3n extraordinaria del Concejo Deliberante de Tornquist. Una sesi\u00f3n que por la importancia del tema a tratar deb\u00eda haberse programado con anticipaci\u00f3n haci\u00e9ndose p\u00fablico el Orden del D\u00eda y que, estrat\u00e9gicamente, fue decidida con menos de veinticuatro horas de anticipaci\u00f3n y sin nada de difusi\u00f3n (p\u00fablica).<br \/>\n<!--more-->Es de p\u00fablico conocimiento que el actual gobierno municipal deja mucho que desear en su administraci\u00f3n y no posee una clara proyecci\u00f3n ni a corto ni a mediano plazo en pol\u00edticas de Estado que sean beneficiosas para la poblaci\u00f3n. Es por ello que, como paliativo, se opta por la salida m\u00e1s f\u00e1cil, contratar gente. Hoy est\u00e1n trabajando en el municipio, 60 personas m\u00e1s de lo presupuestado para el 2016 y se prevee que ingresen en el 2017, 80 empleados m\u00e1s, lo que hace un total de 675 municipales, creyendo err\u00f3neamente que incrementando la bolsa de trabajo municipal se resuelve el problema de fondo del Distrito.<br \/>\nLos resultados inmediatos de esta falta de gesti\u00f3n ya est\u00e1n a la vista y se sentir\u00e1n durante los pr\u00f3ximos meses en el bolsillo de los vecinos.<br \/>\nSergio Bordoni cada vez m\u00e1s alejado de la gente y muy mal asesorado sobre la realidad econ\u00f3mica que padecen los bonaerenses, en sinton\u00eda con la Gobernadora Vidal, decidi\u00f3 que el aumento para las tasas municipales tenga un piso del 40% y llegue hasta un indecente 382% en algunos casos, cuando la inflaci\u00f3n nacional est\u00e1 pautada para este a\u00f1o que viene en un 18%.<br \/>\nEsta propuesta de Sergio Bordoni tuvo, r\u00e1pidamente, el voto positivo de los Concejales Moroncini Gustavo, Garc\u00eda Laura, Baier Noelia, De Larena Sonia, De Larena Germ\u00e1n, Bag\u00fa Graciela y Rosas Mar\u00eda quienes, al parecer, consideran que est\u00e1n en sus cargos para avalar los caprichos del jefe comunal que interpreta que con \u00e9ste aumento va a poder pagar los favores pol\u00edticos, engrosando de \u00e9sta forma el gasto p\u00fablico que repercute en todos los contribuyentes.<br \/>\nComo dirigentes del Frente Renovador Tornquist, repudiamos en\u00e9rgicamente el aumento de tasas municipales aprobado entre gallos y medianoche. Nos parece una falta total de respeto a los vecinos y contribuyentes este impuestazo que no s\u00f3lo va a traer menos cobrabilidad en el Distrito, sino m\u00e1s descreimiento de una gesti\u00f3n pobre en ideas que aumenta en soberbia y no se traduce en obras y servicios hacia la comunidad.<br \/>\nLas altas tasas que pagamos sobre salud, agua, tasa vial, alumbrado, barrido y limpieza, demuestran que, cuando un gobierno no tiene ideas para gestionar, recurre a que el costo lo paguen los vecinos.<br \/>\nNo importa en qu\u00e9 zona o localidad vivamos, si somos del pueblo o del campo, si trabajamos por cuenta propia o asalariados. El impuestazo nos afecta a todos.<br \/>\nFRENTE RENOVADOR TORNQUIST<br \/>\nCARLOS DANA<br \/>\nJORGE SIMON<br \/>\nCRISTINA MALDONADO<\/p>\n","protected":false},"excerpt":{"rendered":"<p>Aumentos de tasas municipales que van del 40 al 380% Comunicado del Frente Renovador de Tornquist: Con mucha indignaci\u00f3n e impotencia presenciamos la \u00faltima Sesi\u00f3n extraordinaria del Concejo Deliberante de Tornquist. Una sesi\u00f3n que por la importancia del tema a tratar deb\u00eda haberse programado con anticipaci\u00f3n haci\u00e9ndose p\u00fablico el Orden del D\u00eda y que, estrat\u00e9gicamente, [&hellip;]<\/p>\n","protected":false},"author":3,"featured_media":0,"comment_status":"closed","ping_status":"open","sticky":false,"template":"","format":"standard","meta":{"footnotes":""},"categories":[24],"tags":[],"class_list":["post-5307","post","type-post","status-publish","format-standard","hentry","category-politica"],"yoast_head":"<!-- This site is optimized with the Yoast SEO plugin v25.9 - https:\/\/yoast.com\/wordpress\/plugins\/seo\/ -->\n<title>&quot;Como no saben gobernar, meten la mano en el bolsillo de la gente&quot;. - Noticias Radio Reflejos<\/title>\n<meta name=\"robots\" content=\"index, follow, max-snippet:-1, max-image-preview:large, max-video-preview:-1\" \/>\n<link rel=\"canonical\" href=\"https:\/\/www.noticiasradioreflejos.com.ar\/2021\/como-no-saben-gobernar-meten-la-mano-en-el-bolsillo-de-la-gente\/\" \/>\n<meta property=\"og:locale\" content=\"es_ES\" \/>\n<meta property=\"og:type\" content=\"article\" \/>\n<meta property=\"og:title\" content=\"&quot;Como no saben gobernar, meten la mano en el bolsillo de la gente&quot;. - Noticias Radio Reflejos\" \/>\n<meta property=\"og:description\" content=\"Aumentos de tasas municipales que van del 40 al 380% Comunicado del Frente Renovador de Tornquist: Con mucha indignaci\u00f3n e impotencia presenciamos la \u00faltima Sesi\u00f3n extraordinaria del Concejo Deliberante de Tornquist. Una sesi\u00f3n que por la importancia del tema a tratar deb\u00eda haberse programado con anticipaci\u00f3n haci\u00e9ndose p\u00fablico el Orden del D\u00eda y que, estrat\u00e9gicamente, [&hellip;]\" \/>\n<meta property=\"og:url\" content=\"https:\/\/www.noticiasradioreflejos.com.ar\/2021\/como-no-saben-gobernar-meten-la-mano-en-el-bolsillo-de-la-gente\/\" \/>\n<meta property=\"og:site_name\" content=\"Noticias Radio Reflejos\" \/>\n<meta property=\"article:published_time\" content=\"2016-12-29T13:18:16+00:00\" \/>\n<meta property=\"og:image\" content=\"https:\/\/www.noticiasradioreflejos.com.ar\/2021\/wp-content\/uploads\/2021\/07\/logosol300x200.png\" \/>\n\t<meta property=\"og:image:width\" content=\"300\" \/>\n\t<meta property=\"og:image:height\" content=\"200\" \/>\n\t<meta property=\"og:image:type\" content=\"image\/png\" \/>\n<meta name=\"author\" content=\"Arnaldo Botto\" \/>\n<meta name=\"twitter:card\" content=\"summary_large_image\" \/>\n<script type=\"application\/ld+json\" class=\"yoast-schema-graph\">{\"@context\":\"https:\/\/schema.org\",\"@graph\":[{\"@type\":\"WebPage\",\"@id\":\"https:\/\/www.noticiasradioreflejos.com.ar\/2021\/como-no-saben-gobernar-meten-la-mano-en-el-bolsillo-de-la-gente\/\",\"url\":\"https:\/\/www.noticiasradioreflejos.com.ar\/2021\/como-no-saben-gobernar-meten-la-mano-en-el-bolsillo-de-la-gente\/\",\"name\":\"&quot;Como no saben gobernar, meten la mano en el bolsillo de la gente&quot;. - Noticias Radio Reflejos\",\"isPartOf\":{\"@id\":\"https:\/\/www.noticiasradioreflejos.com.ar\/2021\/#website\"},\"datePublished\":\"2016-12-29T13:18:16+00:00\",\"author\":{\"@id\":\"https:\/\/www.noticiasradioreflejos.com.ar\/2021\/#\/schema\/person\/ad82545263dcc5ec0996818884fd5fb1\"},\"breadcrumb\":{\"@id\":\"https:\/\/www.noticiasradioreflejos.com.ar\/2021\/como-no-saben-gobernar-meten-la-mano-en-el-bolsillo-de-la-gente\/#breadcrumb\"},\"inLanguage\":\"es\",\"potentialAction\":[{\"@type\":\"ReadAction\",\"target\":[\"https:\/\/www.noticiasradioreflejos.com.ar\/2021\/como-no-saben-gobernar-meten-la-mano-en-el-bolsillo-de-la-gente\/\"]}]},{\"@type\":\"BreadcrumbList\",\"@id\":\"https:\/\/www.noticiasradioreflejos.com.ar\/2021\/como-no-saben-gobernar-meten-la-mano-en-el-bolsillo-de-la-gente\/#breadcrumb\",\"itemListElement\":[{\"@type\":\"ListItem\",\"position\":1,\"name\":\"Portada\",\"item\":\"https:\/\/www.noticiasradioreflejos.com.ar\/2021\/\"},{\"@type\":\"ListItem\",\"position\":2,\"name\":\"&quot;Como no saben gobernar, meten la mano en el bolsillo de la gente&quot;.\"}]},{\"@type\":\"WebSite\",\"@id\":\"https:\/\/www.noticiasradioreflejos.com.ar\/2021\/#website\",\"url\":\"https:\/\/www.noticiasradioreflejos.com.ar\/2021\/\",\"name\":\"Noticias Radio Reflejos\",\"description\":\"Las noticias de mi comarca\",\"potentialAction\":[{\"@type\":\"SearchAction\",\"target\":{\"@type\":\"EntryPoint\",\"urlTemplate\":\"https:\/\/www.noticiasradioreflejos.com.ar\/2021\/?s={search_term_string}\"},\"query-input\":{\"@type\":\"PropertyValueSpecification\",\"valueRequired\":true,\"valueName\":\"search_term_string\"}}],\"inLanguage\":\"es\"},{\"@type\":\"Person\",\"@id\":\"https:\/\/www.noticiasradioreflejos.com.ar\/2021\/#\/schema\/person\/ad82545263dcc5ec0996818884fd5fb1\",\"name\":\"Arnaldo Botto\",\"image\":{\"@type\":\"ImageObject\",\"inLanguage\":\"es\",\"@id\":\"https:\/\/www.noticiasradioreflejos.com.ar\/2021\/#\/schema\/person\/image\/\",\"url\":\"https:\/\/secure.gravatar.com\/avatar\/55cb5e37c1efa326397366e6974cb338056df65cb50e7d64d1cf314e87504837?s=96&d=mm&r=g\",\"contentUrl\":\"https:\/\/secure.gravatar.com\/avatar\/55cb5e37c1efa326397366e6974cb338056df65cb50e7d64d1cf314e87504837?s=96&d=mm&r=g\",\"caption\":\"Arnaldo Botto\"},\"url\":\"https:\/\/www.noticiasradioreflejos.com.ar\/2021\/author\/arnaldo\/\"}]}<\/script>\n<!-- \/ Yoast SEO plugin. -->","yoast_head_json":{"title":"&quot;Como no saben gobernar, meten la mano en el bolsillo de la gente&quot;. - Noticias Radio Reflejos","robots":{"index":"index","follow":"follow","max-snippet":"max-snippet:-1","max-image-preview":"max-image-preview:large","max-video-preview":"max-video-preview:-1"},"canonical":"https:\/\/www.noticiasradioreflejos.com.ar\/2021\/como-no-saben-gobernar-meten-la-mano-en-el-bolsillo-de-la-gente\/","og_locale":"es_ES","og_type":"article","og_title":"&quot;Como no saben gobernar, meten la mano en el bolsillo de la gente&quot;. - Noticias Radio Reflejos","og_description":"Aumentos de tasas municipales que van del 40 al 380% Comunicado del Frente Renovador de Tornquist: Con mucha indignaci\u00f3n e impotencia presenciamos la \u00faltima Sesi\u00f3n extraordinaria del Concejo Deliberante de Tornquist. Una sesi\u00f3n que por la importancia del tema a tratar deb\u00eda haberse programado con anticipaci\u00f3n haci\u00e9ndose p\u00fablico el Orden del D\u00eda y que, estrat\u00e9gicamente, [&hellip;]","og_url":"https:\/\/www.noticiasradioreflejos.com.ar\/2021\/como-no-saben-gobernar-meten-la-mano-en-el-bolsillo-de-la-gente\/","og_site_name":"Noticias Radio Reflejos","article_published_time":"2016-12-29T13:18:16+00:00","og_image":[{"width":300,"height":200,"url":"https:\/\/www.noticiasradioreflejos.com.ar\/2021\/wp-content\/uploads\/2021\/07\/logosol300x200.png","type":"image\/png"}],"author":"Arnaldo Botto","twitter_card":"summary_large_image","schema":{"@context":"https:\/\/schema.org","@graph":[{"@type":"WebPage","@id":"https:\/\/www.noticiasradioreflejos.com.ar\/2021\/como-no-saben-gobernar-meten-la-mano-en-el-bolsillo-de-la-gente\/","url":"https:\/\/www.noticiasradioreflejos.com.ar\/2021\/como-no-saben-gobernar-meten-la-mano-en-el-bolsillo-de-la-gente\/","name":"&quot;Como no saben gobernar, meten la mano en el bolsillo de la gente&quot;. - Noticias Radio Reflejos","isPartOf":{"@id":"https:\/\/www.noticiasradioreflejos.com.ar\/2021\/#website"},"datePublished":"2016-12-29T13:18:16+00:00","author":{"@id":"https:\/\/www.noticiasradioreflejos.com.ar\/2021\/#\/schema\/person\/ad82545263dcc5ec0996818884fd5fb1"},"breadcrumb":{"@id":"https:\/\/www.noticiasradioreflejos.com.ar\/2021\/como-no-saben-gobernar-meten-la-mano-en-el-bolsillo-de-la-gente\/#breadcrumb"},"inLanguage":"es","potentialAction":[{"@type":"ReadAction","target":["https:\/\/www.noticiasradioreflejos.com.ar\/2021\/como-no-saben-gobernar-meten-la-mano-en-el-bolsillo-de-la-gente\/"]}]},{"@type":"BreadcrumbList","@id":"https:\/\/www.noticiasradioreflejos.com.ar\/2021\/como-no-saben-gobernar-meten-la-mano-en-el-bolsillo-de-la-gente\/#breadcrumb","itemListElement":[{"@type":"ListItem","position":1,"name":"Portada","item":"https:\/\/www.noticiasradioreflejos.com.ar\/2021\/"},{"@type":"ListItem","position":2,"name":"&quot;Como no saben gobernar, meten la mano en el bolsillo de la gente&quot;."}]},{"@type":"WebSite","@id":"https:\/\/www.noticiasradioreflejos.com.ar\/2021\/#website","url":"https:\/\/www.noticiasradioreflejos.com.ar\/2021\/","name":"Noticias Radio Reflejos","description":"Las noticias de mi comarca","potentialAction":[{"@type":"SearchAction","target":{"@type":"EntryPoint","urlTemplate":"https:\/\/www.noticiasradioreflejos.com.ar\/2021\/?s={search_term_string}"},"query-input":{"@type":"PropertyValueSpecification","valueRequired":true,"valueName":"search_term_string"}}],"inLanguage":"es"},{"@type":"Person","@id":"https:\/\/www.noticiasradioreflejos.com.ar\/2021\/#\/schema\/person\/ad82545263dcc5ec0996818884fd5fb1","name":"Arnaldo Botto","image":{"@type":"ImageObject","inLanguage":"es","@id":"https:\/\/www.noticiasradioreflejos.com.ar\/2021\/#\/schema\/person\/image\/","url":"https:\/\/secure.gravatar.com\/avatar\/55cb5e37c1efa326397366e6974cb338056df65cb50e7d64d1cf314e87504837?s=96&d=mm&r=g","contentUrl":"https:\/\/secure.gravatar.com\/avatar\/55cb5e37c1efa326397366e6974cb338056df65cb50e7d64d1cf314e87504837?s=96&d=mm&r=g","caption":"Arnaldo Botto"},"url":"https:\/\/www.noticiasradioreflejos.com.ar\/2021\/author\/arnaldo\/"}]}},"_links":{"self":[{"href":"https:\/\/www.noticiasradioreflejos.com.ar\/2021\/wp-json\/wp\/v2\/posts\/5307","targetHints":{"allow":["GET"]}}],"collection":[{"href":"https:\/\/www.noticiasradioreflejos.com.ar\/2021\/wp-json\/wp\/v2\/posts"}],"about":[{"href":"https:\/\/www.noticiasradioreflejos.com.ar\/2021\/wp-json\/wp\/v2\/types\/post"}],"author":[{"embeddable":true,"href":"https:\/\/www.noticiasradioreflejos.com.ar\/2021\/wp-json\/wp\/v2\/users\/3"}],"replies":[{"embeddable":true,"href":"https:\/\/www.noticiasradioreflejos.com.ar\/2021\/wp-json\/wp\/v2\/comments?post=5307"}],"version-history":[{"count":0,"href":"https:\/\/www.noticiasradioreflejos.com.ar\/2021\/wp-json\/wp\/v2\/posts\/5307\/revisions"}],"wp:attachment":[{"href":"https:\/\/www.noticiasradioreflejos.com.ar\/2021\/wp-json\/wp\/v2\/media?parent=5307"}],"wp:term":[{"taxonomy":"category","embeddable":true,"href":"https:\/\/www.noticiasradioreflejos.com.ar\/2021\/wp-json\/wp\/v2\/categories?post=5307"},{"taxonomy":"post_tag","embeddable":true,"href":"https:\/\/www.noticiasradioreflejos.com.ar\/2021\/wp-json\/wp\/v2\/tags?post=5307"}],"curies":[{"name":"wp","href":"https:\/\/api.w.org\/{rel}","templated":true}]}}