{"id":53053,"date":"2021-02-27T17:01:09","date_gmt":"2021-02-27T20:01:09","guid":{"rendered":"http:\/\/www.noticiasradioreflejos.com.ar\/noticias\/?p=53053"},"modified":"2021-02-27T17:01:09","modified_gmt":"2021-02-27T20:01:09","slug":"mas-de-4-millones-de-alumnos-bonaerenses-regresan-a-clases-el-lunes","status":"publish","type":"post","link":"https:\/\/www.noticiasradioreflejos.com.ar\/2021\/mas-de-4-millones-de-alumnos-bonaerenses-regresan-a-clases-el-lunes\/","title":{"rendered":"M\u00e1s de 4 millones de alumnos bonaerenses regresan a clases el lunes"},"content":{"rendered":"<p>Unos 4.150.000 alumnos comenzar\u00e1n el ciclo lectivo bajo una modalidad que combinar\u00e1 jornadas dentro de las aulas y otras de forma remota, con protocolos que fijan la cantidad de chicas y chicos por aula, el distanciamiento social y el uso de mascarillas.<!--more--><\/p>\n<p>Unos 4.150.000 alumnos comenzar\u00e1n el ciclo lectivo el lunes en toda la provincia de Buenos Aires bajo una modalidad que combinar\u00e1 jornadas dentro de las aulas y otras de forma remota para evitar la concentraci\u00f3n de personas, con protocolos que fijan la cantidad de chicas y chicos por aula, el distanciamiento social y el uso de mascarillas, en el marco de la pandemia de coronavirus.<\/p>\n<div class=\"main-content-block\">\n<div class=\"main-box clearfix\">\n<div class=\"wrapper-main-section clearfix\">\n<div class=\"wrapper-editable-content\">\n<div class=\"editable-content clearfix\">\n<p><strong>El 17 de febrero pasado volvieron a las aulas para recuperar contenidos 1.100.000 estudiantes que tuvieron trayectorias discontinuas\u00a0<\/strong>con sus docentes durante el a\u00f1o pasado, en el que las clases tuvieron un formato virtual.<\/p>\n<p>Pero el lunes ese n\u00famero casi se cuadruplicar\u00e1 con el regreso a las escuelas de las ni\u00f1as y ni\u00f1os de los niveles inicial y primario, mientras que el 8 de marzo ser\u00e1 el turno de los estudiantes de secundaria.<\/p>\n<blockquote><p>Los gremios docentes subrayaron que las clases presenciales se mantendr\u00e1n en la medida en que desde el Estado se garantice el cuidado de la salud de maestros y alumnos<\/p><\/blockquote>\n<p>La directora general de Cultura y Educaci\u00f3n bonaerense, Agustina Vila, destac\u00f3 d\u00edas atr\u00e1s en declaraciones a T\u00e9lam que la vuelta a la presencialidad se llevar\u00e1 a cabo \u00abde manera cuidada y segura para preservar la salud de las chicas, chicos y trabajadores de la educaci\u00f3n\u00bb.<\/p>\n<p>Para ello, en las \u00faltimas semanas, el Gobierno que encabeza Axel Kiciloff empez\u00f3 a aplicar la vacuna contra el coronavirus a trabajadores de la educaci\u00f3n y desde los consejos escolares\u00a0<strong>se distribuyeron elementos de limpieza, higiene y desinfecci\u00f3n, y o otros de cuidado como barbijos y mascarillas.<\/strong><\/p>\n<p>En ese sentido, los gremios docentes subrayaron que las clases presenciales se mantendr\u00e1n en la medida en que desde el Estado se garantice el cuidado de la salud de maestros y alumnos.<\/p>\n<div id=\"image\" class=\"image\">\n<p><img decoding=\"async\" title=\"La jornada escolar ser\u00e1 de 4 horas, incluyendo tiempos de descanso.\" src=\"https:\/\/www.telam.com.ar\/advf\/imagenes\/2021\/02\/603a72653269e_1004x565.jpg\" alt=\"La jornada escolar ser\u00e1 de 4 horas, incluyendo tiempos de descanso.\" \/><\/p>\n<div class=\"epigrafe\">La jornada escolar ser\u00e1 de 4 horas, incluyendo tiempos de descanso.<\/div>\n<\/div>\n<div class=\"auth\">El protocolo<\/div>\n<p>En las 16 mil escuelas de nivel inicial, primaria y secundaria de gesti\u00f3n estatal y privada deber\u00e1n cumplirse las pautas establecidas en el Plan Jurisdiccional para un Regreso Seguro a las Clases presenciales.<\/p>\n<p>Esos protocolos establecen normas obligatorias y orientativas para la organizaci\u00f3n institucional y pedag\u00f3gica de los establecimientos educativos de todos los niveles y modalidades de ense\u00f1anza.<\/p>\n<p>As\u00ed, determinan que\u00a0<strong>la cantidad de alumnos en forma presencial depender\u00e1 de la superficie con que cuenta el aula<\/strong>, debi\u00e9ndose mantener una distancia de 1,5 metros entre estudiantes y de 2 metros con la o el docente.<\/p>\n<div id=\"image\" class=\"image\">\n<p><img decoding=\"async\" title=\"La cantidad de alumnos en forma presencial depender\u00e1 de la superficie con que cuenta el aula.\" src=\"https:\/\/www.telam.com.ar\/advf\/imagenes\/2021\/02\/603a734e1c66b_1004x565.jpg\" alt=\"La cantidad de alumnos en forma presencial depender\u00e1 de la superficie con que cuenta el aula.\" \/><\/p>\n<div class=\"epigrafe\">La cantidad de alumnos en forma presencial depender\u00e1 de la superficie con que cuenta el aula.<\/div>\n<\/div>\n<p>Contempla que\u00a0<strong>la jornada escolar es de 4 horas, incluyendo tiempos de descanso<\/strong>; que el uso de tapaboca es obligatorio para los estudiantes desde el nivel primario en adelante y que a partir de la sala de 3 de nivel inicial se promueve su uso todo el tiempo que sea posible.<\/p>\n<p>L<strong>a ventilaci\u00f3n natural de los ambientes, especialmente de las aulas, debe realizarse en forma permanente<\/strong>, aunque si por razones clim\u00e1ticas o de otra \u00edndole las puertas y ventanas no pueden permanecer constantemente abiertas, deber\u00e1n abrirse cada 20 minutos durante un lapso de cinco minutos.<\/p>\n<p>El protocolo dispone tambi\u00e9n que se deben pautar\u00a0<strong>horarios escalonados de ingreso y salida\u00a0<\/strong>de la escuela para evitar concentraciones; que los estudiantes, docentes y auxiliares deben higienizar de manera frecuente sus manos -al menos cada 90 minutos-; que se debe\u00a0<strong>tomar la temperatura antes del ingreso a clases<\/strong>\u00a0y que permanecer\u00e1n cerrados los quioscos y comedores de los establecimientos.<\/p>\n<div class=\"auth\">Presencialidad plena o combinada<\/div>\n<p>Desde el Poder Ejecutivo se estima que unas 4.000 escuelas est\u00e1n en condiciones de garantizar presencialidad todos los d\u00edas de la semana durante cuatro horas por las dimensiones y caracter\u00edsticas de sus aulas, lo que comprende a un 30% de la matr\u00edcula, es decir unos 1.200.000 estudiantes.<\/p>\n<p>Para aquellos establecimientos que no tengan la posibilidad de cumplir el distanciamiento social, se formul\u00f3 el modelo de presencialidad combinada, mediante el cual las secciones se dividen en subgrupos que alternan la asistencia presencial en bloques semanales de d\u00edas de clases, de forma tal que cada subgrupo tiene clases presenciales durante una semana y realiza actividades educativas no presenciales la siguiente.<\/p>\n<p>Para el regreso a clases presenciales, la Provincia llev\u00f3 adelante el Programa Escuelas a la Obra, a trav\u00e9s del cual se llevaron a cabo 2.832 trabajos de infraestructura.<\/p>\n<\/div>\n<p><span style=\"color: #0000ff;\"><strong>Por Juliana Ricaldoni pata TELAM<\/strong><\/span><\/p>\n<\/div>\n<\/div>\n<\/div>\n<\/div>\n","protected":false},"excerpt":{"rendered":"<p>Unos 4.150.000 alumnos comenzar\u00e1n el ciclo lectivo bajo una modalidad que combinar\u00e1 jornadas dentro de las aulas y otras de forma remota, con protocolos que fijan la cantidad de chicas y chicos por aula, el distanciamiento social y el uso de mascarillas.<\/p>\n","protected":false},"author":3,"featured_media":0,"comment_status":"closed","ping_status":"open","sticky":false,"template":"","format":"standard","meta":{"footnotes":""},"categories":[34],"tags":[],"class_list":["post-53053","post","type-post","status-publish","format-standard","hentry","category-educacion"],"yoast_head":"<!-- This site is optimized with the Yoast SEO plugin v25.9 - https:\/\/yoast.com\/wordpress\/plugins\/seo\/ -->\n<title>M\u00e1s de 4 millones de alumnos bonaerenses regresan a clases el lunes - Noticias Radio Reflejos<\/title>\n<meta name=\"robots\" content=\"index, follow, max-snippet:-1, max-image-preview:large, max-video-preview:-1\" \/>\n<link rel=\"canonical\" href=\"https:\/\/www.noticiasradioreflejos.com.ar\/2021\/mas-de-4-millones-de-alumnos-bonaerenses-regresan-a-clases-el-lunes\/\" \/>\n<meta property=\"og:locale\" content=\"es_ES\" \/>\n<meta property=\"og:type\" content=\"article\" \/>\n<meta property=\"og:title\" content=\"M\u00e1s de 4 millones de alumnos bonaerenses regresan a clases el lunes - Noticias Radio Reflejos\" \/>\n<meta property=\"og:description\" content=\"Unos 4.150.000 alumnos comenzar\u00e1n el ciclo lectivo bajo una modalidad que combinar\u00e1 jornadas dentro de las aulas y otras de forma remota, con protocolos que fijan la cantidad de chicas y chicos por aula, el distanciamiento social y el uso de mascarillas.\" \/>\n<meta property=\"og:url\" content=\"https:\/\/www.noticiasradioreflejos.com.ar\/2021\/mas-de-4-millones-de-alumnos-bonaerenses-regresan-a-clases-el-lunes\/\" \/>\n<meta property=\"og:site_name\" content=\"Noticias Radio Reflejos\" \/>\n<meta property=\"article:published_time\" content=\"2021-02-27T20:01:09+00:00\" \/>\n<meta property=\"og:image\" content=\"https:\/\/www.telam.com.ar\/advf\/imagenes\/2021\/02\/603a72653269e_1004x565.jpg\" \/>\n<meta name=\"author\" content=\"Arnaldo Botto\" \/>\n<meta name=\"twitter:card\" content=\"summary_large_image\" \/>\n<script type=\"application\/ld+json\" class=\"yoast-schema-graph\">{\"@context\":\"https:\/\/schema.org\",\"@graph\":[{\"@type\":\"WebPage\",\"@id\":\"https:\/\/www.noticiasradioreflejos.com.ar\/2021\/mas-de-4-millones-de-alumnos-bonaerenses-regresan-a-clases-el-lunes\/\",\"url\":\"https:\/\/www.noticiasradioreflejos.com.ar\/2021\/mas-de-4-millones-de-alumnos-bonaerenses-regresan-a-clases-el-lunes\/\",\"name\":\"M\u00e1s de 4 millones de alumnos bonaerenses regresan a clases el lunes - Noticias Radio Reflejos\",\"isPartOf\":{\"@id\":\"https:\/\/www.noticiasradioreflejos.com.ar\/2021\/#website\"},\"primaryImageOfPage\":{\"@id\":\"https:\/\/www.noticiasradioreflejos.com.ar\/2021\/mas-de-4-millones-de-alumnos-bonaerenses-regresan-a-clases-el-lunes\/#primaryimage\"},\"image\":{\"@id\":\"https:\/\/www.noticiasradioreflejos.com.ar\/2021\/mas-de-4-millones-de-alumnos-bonaerenses-regresan-a-clases-el-lunes\/#primaryimage\"},\"thumbnailUrl\":\"https:\/\/www.telam.com.ar\/advf\/imagenes\/2021\/02\/603a72653269e_1004x565.jpg\",\"datePublished\":\"2021-02-27T20:01:09+00:00\",\"author\":{\"@id\":\"https:\/\/www.noticiasradioreflejos.com.ar\/2021\/#\/schema\/person\/ad82545263dcc5ec0996818884fd5fb1\"},\"breadcrumb\":{\"@id\":\"https:\/\/www.noticiasradioreflejos.com.ar\/2021\/mas-de-4-millones-de-alumnos-bonaerenses-regresan-a-clases-el-lunes\/#breadcrumb\"},\"inLanguage\":\"es\",\"potentialAction\":[{\"@type\":\"ReadAction\",\"target\":[\"https:\/\/www.noticiasradioreflejos.com.ar\/2021\/mas-de-4-millones-de-alumnos-bonaerenses-regresan-a-clases-el-lunes\/\"]}]},{\"@type\":\"ImageObject\",\"inLanguage\":\"es\",\"@id\":\"https:\/\/www.noticiasradioreflejos.com.ar\/2021\/mas-de-4-millones-de-alumnos-bonaerenses-regresan-a-clases-el-lunes\/#primaryimage\",\"url\":\"https:\/\/www.telam.com.ar\/advf\/imagenes\/2021\/02\/603a72653269e_1004x565.jpg\",\"contentUrl\":\"https:\/\/www.telam.com.ar\/advf\/imagenes\/2021\/02\/603a72653269e_1004x565.jpg\"},{\"@type\":\"BreadcrumbList\",\"@id\":\"https:\/\/www.noticiasradioreflejos.com.ar\/2021\/mas-de-4-millones-de-alumnos-bonaerenses-regresan-a-clases-el-lunes\/#breadcrumb\",\"itemListElement\":[{\"@type\":\"ListItem\",\"position\":1,\"name\":\"Portada\",\"item\":\"https:\/\/www.noticiasradioreflejos.com.ar\/2021\/\"},{\"@type\":\"ListItem\",\"position\":2,\"name\":\"M\u00e1s de 4 millones de alumnos bonaerenses regresan a clases el lunes\"}]},{\"@type\":\"WebSite\",\"@id\":\"https:\/\/www.noticiasradioreflejos.com.ar\/2021\/#website\",\"url\":\"https:\/\/www.noticiasradioreflejos.com.ar\/2021\/\",\"name\":\"Noticias Radio Reflejos\",\"description\":\"Las noticias de mi comarca\",\"potentialAction\":[{\"@type\":\"SearchAction\",\"target\":{\"@type\":\"EntryPoint\",\"urlTemplate\":\"https:\/\/www.noticiasradioreflejos.com.ar\/2021\/?s={search_term_string}\"},\"query-input\":{\"@type\":\"PropertyValueSpecification\",\"valueRequired\":true,\"valueName\":\"search_term_string\"}}],\"inLanguage\":\"es\"},{\"@type\":\"Person\",\"@id\":\"https:\/\/www.noticiasradioreflejos.com.ar\/2021\/#\/schema\/person\/ad82545263dcc5ec0996818884fd5fb1\",\"name\":\"Arnaldo Botto\",\"image\":{\"@type\":\"ImageObject\",\"inLanguage\":\"es\",\"@id\":\"https:\/\/www.noticiasradioreflejos.com.ar\/2021\/#\/schema\/person\/image\/\",\"url\":\"https:\/\/secure.gravatar.com\/avatar\/55cb5e37c1efa326397366e6974cb338056df65cb50e7d64d1cf314e87504837?s=96&d=mm&r=g\",\"contentUrl\":\"https:\/\/secure.gravatar.com\/avatar\/55cb5e37c1efa326397366e6974cb338056df65cb50e7d64d1cf314e87504837?s=96&d=mm&r=g\",\"caption\":\"Arnaldo Botto\"},\"url\":\"https:\/\/www.noticiasradioreflejos.com.ar\/2021\/author\/arnaldo\/\"}]}<\/script>\n<!-- \/ Yoast SEO plugin. -->","yoast_head_json":{"title":"M\u00e1s de 4 millones de alumnos bonaerenses regresan a clases el lunes - Noticias Radio Reflejos","robots":{"index":"index","follow":"follow","max-snippet":"max-snippet:-1","max-image-preview":"max-image-preview:large","max-video-preview":"max-video-preview:-1"},"canonical":"https:\/\/www.noticiasradioreflejos.com.ar\/2021\/mas-de-4-millones-de-alumnos-bonaerenses-regresan-a-clases-el-lunes\/","og_locale":"es_ES","og_type":"article","og_title":"M\u00e1s de 4 millones de alumnos bonaerenses regresan a clases el lunes - Noticias Radio Reflejos","og_description":"Unos 4.150.000 alumnos comenzar\u00e1n el ciclo lectivo bajo una modalidad que combinar\u00e1 jornadas dentro de las aulas y otras de forma remota, con protocolos que fijan la cantidad de chicas y chicos por aula, el distanciamiento social y el uso de mascarillas.","og_url":"https:\/\/www.noticiasradioreflejos.com.ar\/2021\/mas-de-4-millones-de-alumnos-bonaerenses-regresan-a-clases-el-lunes\/","og_site_name":"Noticias Radio Reflejos","article_published_time":"2021-02-27T20:01:09+00:00","og_image":[{"url":"https:\/\/www.telam.com.ar\/advf\/imagenes\/2021\/02\/603a72653269e_1004x565.jpg","type":"","width":"","height":""}],"author":"Arnaldo Botto","twitter_card":"summary_large_image","schema":{"@context":"https:\/\/schema.org","@graph":[{"@type":"WebPage","@id":"https:\/\/www.noticiasradioreflejos.com.ar\/2021\/mas-de-4-millones-de-alumnos-bonaerenses-regresan-a-clases-el-lunes\/","url":"https:\/\/www.noticiasradioreflejos.com.ar\/2021\/mas-de-4-millones-de-alumnos-bonaerenses-regresan-a-clases-el-lunes\/","name":"M\u00e1s de 4 millones de alumnos bonaerenses regresan a clases el lunes - Noticias Radio Reflejos","isPartOf":{"@id":"https:\/\/www.noticiasradioreflejos.com.ar\/2021\/#website"},"primaryImageOfPage":{"@id":"https:\/\/www.noticiasradioreflejos.com.ar\/2021\/mas-de-4-millones-de-alumnos-bonaerenses-regresan-a-clases-el-lunes\/#primaryimage"},"image":{"@id":"https:\/\/www.noticiasradioreflejos.com.ar\/2021\/mas-de-4-millones-de-alumnos-bonaerenses-regresan-a-clases-el-lunes\/#primaryimage"},"thumbnailUrl":"https:\/\/www.telam.com.ar\/advf\/imagenes\/2021\/02\/603a72653269e_1004x565.jpg","datePublished":"2021-02-27T20:01:09+00:00","author":{"@id":"https:\/\/www.noticiasradioreflejos.com.ar\/2021\/#\/schema\/person\/ad82545263dcc5ec0996818884fd5fb1"},"breadcrumb":{"@id":"https:\/\/www.noticiasradioreflejos.com.ar\/2021\/mas-de-4-millones-de-alumnos-bonaerenses-regresan-a-clases-el-lunes\/#breadcrumb"},"inLanguage":"es","potentialAction":[{"@type":"ReadAction","target":["https:\/\/www.noticiasradioreflejos.com.ar\/2021\/mas-de-4-millones-de-alumnos-bonaerenses-regresan-a-clases-el-lunes\/"]}]},{"@type":"ImageObject","inLanguage":"es","@id":"https:\/\/www.noticiasradioreflejos.com.ar\/2021\/mas-de-4-millones-de-alumnos-bonaerenses-regresan-a-clases-el-lunes\/#primaryimage","url":"https:\/\/www.telam.com.ar\/advf\/imagenes\/2021\/02\/603a72653269e_1004x565.jpg","contentUrl":"https:\/\/www.telam.com.ar\/advf\/imagenes\/2021\/02\/603a72653269e_1004x565.jpg"},{"@type":"BreadcrumbList","@id":"https:\/\/www.noticiasradioreflejos.com.ar\/2021\/mas-de-4-millones-de-alumnos-bonaerenses-regresan-a-clases-el-lunes\/#breadcrumb","itemListElement":[{"@type":"ListItem","position":1,"name":"Portada","item":"https:\/\/www.noticiasradioreflejos.com.ar\/2021\/"},{"@type":"ListItem","position":2,"name":"M\u00e1s de 4 millones de alumnos bonaerenses regresan a clases el lunes"}]},{"@type":"WebSite","@id":"https:\/\/www.noticiasradioreflejos.com.ar\/2021\/#website","url":"https:\/\/www.noticiasradioreflejos.com.ar\/2021\/","name":"Noticias Radio Reflejos","description":"Las noticias de mi comarca","potentialAction":[{"@type":"SearchAction","target":{"@type":"EntryPoint","urlTemplate":"https:\/\/www.noticiasradioreflejos.com.ar\/2021\/?s={search_term_string}"},"query-input":{"@type":"PropertyValueSpecification","valueRequired":true,"valueName":"search_term_string"}}],"inLanguage":"es"},{"@type":"Person","@id":"https:\/\/www.noticiasradioreflejos.com.ar\/2021\/#\/schema\/person\/ad82545263dcc5ec0996818884fd5fb1","name":"Arnaldo Botto","image":{"@type":"ImageObject","inLanguage":"es","@id":"https:\/\/www.noticiasradioreflejos.com.ar\/2021\/#\/schema\/person\/image\/","url":"https:\/\/secure.gravatar.com\/avatar\/55cb5e37c1efa326397366e6974cb338056df65cb50e7d64d1cf314e87504837?s=96&d=mm&r=g","contentUrl":"https:\/\/secure.gravatar.com\/avatar\/55cb5e37c1efa326397366e6974cb338056df65cb50e7d64d1cf314e87504837?s=96&d=mm&r=g","caption":"Arnaldo Botto"},"url":"https:\/\/www.noticiasradioreflejos.com.ar\/2021\/author\/arnaldo\/"}]}},"_links":{"self":[{"href":"https:\/\/www.noticiasradioreflejos.com.ar\/2021\/wp-json\/wp\/v2\/posts\/53053","targetHints":{"allow":["GET"]}}],"collection":[{"href":"https:\/\/www.noticiasradioreflejos.com.ar\/2021\/wp-json\/wp\/v2\/posts"}],"about":[{"href":"https:\/\/www.noticiasradioreflejos.com.ar\/2021\/wp-json\/wp\/v2\/types\/post"}],"author":[{"embeddable":true,"href":"https:\/\/www.noticiasradioreflejos.com.ar\/2021\/wp-json\/wp\/v2\/users\/3"}],"replies":[{"embeddable":true,"href":"https:\/\/www.noticiasradioreflejos.com.ar\/2021\/wp-json\/wp\/v2\/comments?post=53053"}],"version-history":[{"count":0,"href":"https:\/\/www.noticiasradioreflejos.com.ar\/2021\/wp-json\/wp\/v2\/posts\/53053\/revisions"}],"wp:attachment":[{"href":"https:\/\/www.noticiasradioreflejos.com.ar\/2021\/wp-json\/wp\/v2\/media?parent=53053"}],"wp:term":[{"taxonomy":"category","embeddable":true,"href":"https:\/\/www.noticiasradioreflejos.com.ar\/2021\/wp-json\/wp\/v2\/categories?post=53053"},{"taxonomy":"post_tag","embeddable":true,"href":"https:\/\/www.noticiasradioreflejos.com.ar\/2021\/wp-json\/wp\/v2\/tags?post=53053"}],"curies":[{"name":"wp","href":"https:\/\/api.w.org\/{rel}","templated":true}]}}