{"id":53003,"date":"2021-02-26T11:35:05","date_gmt":"2021-02-26T14:35:05","guid":{"rendered":"http:\/\/www.noticiasradioreflejos.com.ar\/noticias\/?p=53003"},"modified":"2021-02-26T11:35:05","modified_gmt":"2021-02-26T14:35:05","slug":"ochenta-y-ocho-burbujas-escolares-fueron-aisladas-desde-el-inicio-de-las-clases-presenciales","status":"publish","type":"post","link":"https:\/\/www.noticiasradioreflejos.com.ar\/2021\/ochenta-y-ocho-burbujas-escolares-fueron-aisladas-desde-el-inicio-de-las-clases-presenciales\/","title":{"rendered":"Ochenta y ocho burbujas escolares fueron aisladas desde el inicio de las clases presenciales"},"content":{"rendered":"<p>De ellas,\u00a043 \u00abburbujas\u00bb fueran aisladas y las otras 48 quedaron sin actividad. Desde la reapertura de las escuelas, el 8 de febrero pasado, se registraron 304 casos positivos de coronavirus entre docentes y no docentes.<!--more--><\/p>\n<p>Unas 88 \u00abburbujas\u00bb escolares fueron aisladas o quedaron sin actividad desde el inicio de las clases presenciales en la Ciudad de Buenos Aires, el 17 de febrero, por casos de contagios y sospechosos de coronavirus, informaron fuentes del Ministerio de Educaci\u00f3n porte\u00f1o.<\/p>\n<p>Los voceros precisaron que\u00a0<strong>43 \u00abburbujas\u00bb fueran aisladas y las otras 48 quedaron sin actividad, del total de 45.056 que existen en escuelas p\u00fablicas y privadas porte\u00f1as.<\/strong><\/p>\n<p>Los voceros aclararon que las 45 que no tuvieron actividad, \u00abpuede ocurrir que ya hayan retomado las clases\u00bb al confirmarse los casos sospechosos como negativos de coronavirus.<\/p>\n<p>Indicaron adem\u00e1s que\u00a0<strong>\u00abes dif\u00edcil estimar la cantidad de alumnos afectados porquehay burbujas con distinta cantidad de alumnos, hay espacios con 15 y otros de 30 que est\u00e1n divididos\u00bb.<\/strong><\/p>\n<p>De acuerdo al protocolo dispuesto por el Gobierno porte\u00f1o ante la detecci\u00f3n de un caso sospechoso de coronavirus, los directivos de los establecimientos deber\u00e1n \u00abaislar la burbuja\u00bb y contactarse con el sistema de cobertura de salud; en tanto que cuando sean estudiantes se tendr\u00e1 que contactar a la familia.<\/p>\n<p>En el \u00faltimo informe difundido del operativo en los centros de testeo a\u00a0<strong>docentes y no docentes<\/strong>\u00a0de escuelas p\u00fablicas y privadas, desde el 8 de febrero, fecha en la cual retornaron a la actividad en las escuelas antes del inicio de las clases presenciales,\u00a0<strong>fueron confirmados 304 casos positivos.<\/strong><\/p>\n<p>El secretario de Condiciones y Medio Ambiente de Trabajo de la Uni\u00f3n de Trabajadores de la Educaci\u00f3n, Pablo Francisco, dijo a T\u00e9lam que \u00abestas primeras semanas de clases presenciales estuvieron marcadas por la falta de elementos de protecci\u00f3n, demoras en la entrega de productos de limpieza y dificultades con los term\u00f3metros que se usan en el ingreso a las escuelas\u00bb.<\/p>\n<p>Respecto de los casos de coronavirus, el dirigente precis\u00f3 que \u00abdesde el 8 de este mes,\u00a0<strong>llevamos registrados m\u00e1s de 110 casos positivos de docentes, unos 20 casos m\u00e1s de auxiliares y otros 22 de estudiantes<\/strong>\u00bb a partir de datos aportados por las comunidades educativas de escuelas de gesti\u00f3n p\u00fablica.<\/p>\n","protected":false},"excerpt":{"rendered":"<p>De ellas,\u00a043 \u00abburbujas\u00bb fueran aisladas y las otras 48 quedaron sin actividad. Desde la reapertura de las escuelas, el 8 de febrero pasado, se registraron 304 casos positivos de coronavirus entre docentes y no docentes.<\/p>\n","protected":false},"author":3,"featured_media":0,"comment_status":"closed","ping_status":"open","sticky":false,"template":"","format":"standard","meta":{"footnotes":""},"categories":[34,30],"tags":[],"class_list":["post-53003","post","type-post","status-publish","format-standard","hentry","category-educacion","category-salud"],"yoast_head":"<!-- This site is optimized with the Yoast SEO plugin v25.9 - https:\/\/yoast.com\/wordpress\/plugins\/seo\/ -->\n<title>Ochenta y ocho burbujas escolares fueron aisladas desde el inicio de las clases presenciales - Noticias Radio Reflejos<\/title>\n<meta name=\"robots\" content=\"index, follow, max-snippet:-1, max-image-preview:large, max-video-preview:-1\" \/>\n<link rel=\"canonical\" href=\"https:\/\/www.noticiasradioreflejos.com.ar\/2021\/ochenta-y-ocho-burbujas-escolares-fueron-aisladas-desde-el-inicio-de-las-clases-presenciales\/\" \/>\n<meta property=\"og:locale\" content=\"es_ES\" \/>\n<meta property=\"og:type\" content=\"article\" \/>\n<meta property=\"og:title\" content=\"Ochenta y ocho burbujas escolares fueron aisladas desde el inicio de las clases presenciales - Noticias Radio Reflejos\" \/>\n<meta property=\"og:description\" content=\"De ellas,\u00a043 \u00abburbujas\u00bb fueran aisladas y las otras 48 quedaron sin actividad. Desde la reapertura de las escuelas, el 8 de febrero pasado, se registraron 304 casos positivos de coronavirus entre docentes y no docentes.\" \/>\n<meta property=\"og:url\" content=\"https:\/\/www.noticiasradioreflejos.com.ar\/2021\/ochenta-y-ocho-burbujas-escolares-fueron-aisladas-desde-el-inicio-de-las-clases-presenciales\/\" \/>\n<meta property=\"og:site_name\" content=\"Noticias Radio Reflejos\" \/>\n<meta property=\"article:published_time\" content=\"2021-02-26T14:35:05+00:00\" \/>\n<meta property=\"og:image\" content=\"https:\/\/www.noticiasradioreflejos.com.ar\/2021\/wp-content\/uploads\/2021\/07\/logosol300x200.png\" \/>\n\t<meta property=\"og:image:width\" content=\"300\" \/>\n\t<meta property=\"og:image:height\" content=\"200\" \/>\n\t<meta property=\"og:image:type\" content=\"image\/png\" \/>\n<meta name=\"author\" content=\"Arnaldo Botto\" \/>\n<meta name=\"twitter:card\" content=\"summary_large_image\" \/>\n<script type=\"application\/ld+json\" class=\"yoast-schema-graph\">{\"@context\":\"https:\/\/schema.org\",\"@graph\":[{\"@type\":\"WebPage\",\"@id\":\"https:\/\/www.noticiasradioreflejos.com.ar\/2021\/ochenta-y-ocho-burbujas-escolares-fueron-aisladas-desde-el-inicio-de-las-clases-presenciales\/\",\"url\":\"https:\/\/www.noticiasradioreflejos.com.ar\/2021\/ochenta-y-ocho-burbujas-escolares-fueron-aisladas-desde-el-inicio-de-las-clases-presenciales\/\",\"name\":\"Ochenta y ocho burbujas escolares fueron aisladas desde el inicio de las clases presenciales - Noticias Radio Reflejos\",\"isPartOf\":{\"@id\":\"https:\/\/www.noticiasradioreflejos.com.ar\/2021\/#website\"},\"datePublished\":\"2021-02-26T14:35:05+00:00\",\"author\":{\"@id\":\"https:\/\/www.noticiasradioreflejos.com.ar\/2021\/#\/schema\/person\/ad82545263dcc5ec0996818884fd5fb1\"},\"breadcrumb\":{\"@id\":\"https:\/\/www.noticiasradioreflejos.com.ar\/2021\/ochenta-y-ocho-burbujas-escolares-fueron-aisladas-desde-el-inicio-de-las-clases-presenciales\/#breadcrumb\"},\"inLanguage\":\"es\",\"potentialAction\":[{\"@type\":\"ReadAction\",\"target\":[\"https:\/\/www.noticiasradioreflejos.com.ar\/2021\/ochenta-y-ocho-burbujas-escolares-fueron-aisladas-desde-el-inicio-de-las-clases-presenciales\/\"]}]},{\"@type\":\"BreadcrumbList\",\"@id\":\"https:\/\/www.noticiasradioreflejos.com.ar\/2021\/ochenta-y-ocho-burbujas-escolares-fueron-aisladas-desde-el-inicio-de-las-clases-presenciales\/#breadcrumb\",\"itemListElement\":[{\"@type\":\"ListItem\",\"position\":1,\"name\":\"Portada\",\"item\":\"https:\/\/www.noticiasradioreflejos.com.ar\/2021\/\"},{\"@type\":\"ListItem\",\"position\":2,\"name\":\"Ochenta y ocho burbujas escolares fueron aisladas desde el inicio de las clases presenciales\"}]},{\"@type\":\"WebSite\",\"@id\":\"https:\/\/www.noticiasradioreflejos.com.ar\/2021\/#website\",\"url\":\"https:\/\/www.noticiasradioreflejos.com.ar\/2021\/\",\"name\":\"Noticias Radio Reflejos\",\"description\":\"Las noticias de mi comarca\",\"potentialAction\":[{\"@type\":\"SearchAction\",\"target\":{\"@type\":\"EntryPoint\",\"urlTemplate\":\"https:\/\/www.noticiasradioreflejos.com.ar\/2021\/?s={search_term_string}\"},\"query-input\":{\"@type\":\"PropertyValueSpecification\",\"valueRequired\":true,\"valueName\":\"search_term_string\"}}],\"inLanguage\":\"es\"},{\"@type\":\"Person\",\"@id\":\"https:\/\/www.noticiasradioreflejos.com.ar\/2021\/#\/schema\/person\/ad82545263dcc5ec0996818884fd5fb1\",\"name\":\"Arnaldo Botto\",\"image\":{\"@type\":\"ImageObject\",\"inLanguage\":\"es\",\"@id\":\"https:\/\/www.noticiasradioreflejos.com.ar\/2021\/#\/schema\/person\/image\/\",\"url\":\"https:\/\/secure.gravatar.com\/avatar\/55cb5e37c1efa326397366e6974cb338056df65cb50e7d64d1cf314e87504837?s=96&d=mm&r=g\",\"contentUrl\":\"https:\/\/secure.gravatar.com\/avatar\/55cb5e37c1efa326397366e6974cb338056df65cb50e7d64d1cf314e87504837?s=96&d=mm&r=g\",\"caption\":\"Arnaldo Botto\"},\"url\":\"https:\/\/www.noticiasradioreflejos.com.ar\/2021\/author\/arnaldo\/\"}]}<\/script>\n<!-- \/ Yoast SEO plugin. -->","yoast_head_json":{"title":"Ochenta y ocho burbujas escolares fueron aisladas desde el inicio de las clases presenciales - Noticias Radio Reflejos","robots":{"index":"index","follow":"follow","max-snippet":"max-snippet:-1","max-image-preview":"max-image-preview:large","max-video-preview":"max-video-preview:-1"},"canonical":"https:\/\/www.noticiasradioreflejos.com.ar\/2021\/ochenta-y-ocho-burbujas-escolares-fueron-aisladas-desde-el-inicio-de-las-clases-presenciales\/","og_locale":"es_ES","og_type":"article","og_title":"Ochenta y ocho burbujas escolares fueron aisladas desde el inicio de las clases presenciales - Noticias Radio Reflejos","og_description":"De ellas,\u00a043 \u00abburbujas\u00bb fueran aisladas y las otras 48 quedaron sin actividad. Desde la reapertura de las escuelas, el 8 de febrero pasado, se registraron 304 casos positivos de coronavirus entre docentes y no docentes.","og_url":"https:\/\/www.noticiasradioreflejos.com.ar\/2021\/ochenta-y-ocho-burbujas-escolares-fueron-aisladas-desde-el-inicio-de-las-clases-presenciales\/","og_site_name":"Noticias Radio Reflejos","article_published_time":"2021-02-26T14:35:05+00:00","og_image":[{"width":300,"height":200,"url":"https:\/\/www.noticiasradioreflejos.com.ar\/2021\/wp-content\/uploads\/2021\/07\/logosol300x200.png","type":"image\/png"}],"author":"Arnaldo Botto","twitter_card":"summary_large_image","schema":{"@context":"https:\/\/schema.org","@graph":[{"@type":"WebPage","@id":"https:\/\/www.noticiasradioreflejos.com.ar\/2021\/ochenta-y-ocho-burbujas-escolares-fueron-aisladas-desde-el-inicio-de-las-clases-presenciales\/","url":"https:\/\/www.noticiasradioreflejos.com.ar\/2021\/ochenta-y-ocho-burbujas-escolares-fueron-aisladas-desde-el-inicio-de-las-clases-presenciales\/","name":"Ochenta y ocho burbujas escolares fueron aisladas desde el inicio de las clases presenciales - Noticias Radio Reflejos","isPartOf":{"@id":"https:\/\/www.noticiasradioreflejos.com.ar\/2021\/#website"},"datePublished":"2021-02-26T14:35:05+00:00","author":{"@id":"https:\/\/www.noticiasradioreflejos.com.ar\/2021\/#\/schema\/person\/ad82545263dcc5ec0996818884fd5fb1"},"breadcrumb":{"@id":"https:\/\/www.noticiasradioreflejos.com.ar\/2021\/ochenta-y-ocho-burbujas-escolares-fueron-aisladas-desde-el-inicio-de-las-clases-presenciales\/#breadcrumb"},"inLanguage":"es","potentialAction":[{"@type":"ReadAction","target":["https:\/\/www.noticiasradioreflejos.com.ar\/2021\/ochenta-y-ocho-burbujas-escolares-fueron-aisladas-desde-el-inicio-de-las-clases-presenciales\/"]}]},{"@type":"BreadcrumbList","@id":"https:\/\/www.noticiasradioreflejos.com.ar\/2021\/ochenta-y-ocho-burbujas-escolares-fueron-aisladas-desde-el-inicio-de-las-clases-presenciales\/#breadcrumb","itemListElement":[{"@type":"ListItem","position":1,"name":"Portada","item":"https:\/\/www.noticiasradioreflejos.com.ar\/2021\/"},{"@type":"ListItem","position":2,"name":"Ochenta y ocho burbujas escolares fueron aisladas desde el inicio de las clases presenciales"}]},{"@type":"WebSite","@id":"https:\/\/www.noticiasradioreflejos.com.ar\/2021\/#website","url":"https:\/\/www.noticiasradioreflejos.com.ar\/2021\/","name":"Noticias Radio Reflejos","description":"Las noticias de mi comarca","potentialAction":[{"@type":"SearchAction","target":{"@type":"EntryPoint","urlTemplate":"https:\/\/www.noticiasradioreflejos.com.ar\/2021\/?s={search_term_string}"},"query-input":{"@type":"PropertyValueSpecification","valueRequired":true,"valueName":"search_term_string"}}],"inLanguage":"es"},{"@type":"Person","@id":"https:\/\/www.noticiasradioreflejos.com.ar\/2021\/#\/schema\/person\/ad82545263dcc5ec0996818884fd5fb1","name":"Arnaldo Botto","image":{"@type":"ImageObject","inLanguage":"es","@id":"https:\/\/www.noticiasradioreflejos.com.ar\/2021\/#\/schema\/person\/image\/","url":"https:\/\/secure.gravatar.com\/avatar\/55cb5e37c1efa326397366e6974cb338056df65cb50e7d64d1cf314e87504837?s=96&d=mm&r=g","contentUrl":"https:\/\/secure.gravatar.com\/avatar\/55cb5e37c1efa326397366e6974cb338056df65cb50e7d64d1cf314e87504837?s=96&d=mm&r=g","caption":"Arnaldo Botto"},"url":"https:\/\/www.noticiasradioreflejos.com.ar\/2021\/author\/arnaldo\/"}]}},"_links":{"self":[{"href":"https:\/\/www.noticiasradioreflejos.com.ar\/2021\/wp-json\/wp\/v2\/posts\/53003","targetHints":{"allow":["GET"]}}],"collection":[{"href":"https:\/\/www.noticiasradioreflejos.com.ar\/2021\/wp-json\/wp\/v2\/posts"}],"about":[{"href":"https:\/\/www.noticiasradioreflejos.com.ar\/2021\/wp-json\/wp\/v2\/types\/post"}],"author":[{"embeddable":true,"href":"https:\/\/www.noticiasradioreflejos.com.ar\/2021\/wp-json\/wp\/v2\/users\/3"}],"replies":[{"embeddable":true,"href":"https:\/\/www.noticiasradioreflejos.com.ar\/2021\/wp-json\/wp\/v2\/comments?post=53003"}],"version-history":[{"count":0,"href":"https:\/\/www.noticiasradioreflejos.com.ar\/2021\/wp-json\/wp\/v2\/posts\/53003\/revisions"}],"wp:attachment":[{"href":"https:\/\/www.noticiasradioreflejos.com.ar\/2021\/wp-json\/wp\/v2\/media?parent=53003"}],"wp:term":[{"taxonomy":"category","embeddable":true,"href":"https:\/\/www.noticiasradioreflejos.com.ar\/2021\/wp-json\/wp\/v2\/categories?post=53003"},{"taxonomy":"post_tag","embeddable":true,"href":"https:\/\/www.noticiasradioreflejos.com.ar\/2021\/wp-json\/wp\/v2\/tags?post=53003"}],"curies":[{"name":"wp","href":"https:\/\/api.w.org\/{rel}","templated":true}]}}