{"id":52987,"date":"2021-02-26T08:43:00","date_gmt":"2021-02-26T11:43:00","guid":{"rendered":"http:\/\/www.noticiasradioreflejos.com.ar\/noticias\/?p=52987"},"modified":"2021-02-26T08:43:00","modified_gmt":"2021-02-26T11:43:00","slug":"el-gobierno-presento-un-proyecto-para-produccion-y-comercializacion-de-cannabis-medicinal","status":"publish","type":"post","link":"https:\/\/www.noticiasradioreflejos.com.ar\/2021\/el-gobierno-presento-un-proyecto-para-produccion-y-comercializacion-de-cannabis-medicinal\/","title":{"rendered":"El Gobierno present\u00f3 un proyecto para producci\u00f3n y comercializaci\u00f3n de cannabis medicinal"},"content":{"rendered":"<p>La propuesta busca crear la Agencia y el Registro Provincial de Cannabis para la inscripci\u00f3n voluntaria de las personas que requieran asistencia del Estado para la obtenci\u00f3n de los productos indicados por prescripci\u00f3n m\u00e9dica.<!--more--><\/p>\n<p>Con un proyecto presentado este jueves en la Legislatura bonaerense, el gobernador Axel Kicillof busca incentivar y regular en la provincia la producci\u00f3n y comercializaci\u00f3n del cannabis para uso medicinal, tanto para el autocultivo como la fabricaci\u00f3n a gran escala.<\/p>\n<p><strong>\u00abLo m\u00e1s importante es crear un organismo que sea capaz de ordenar a los actores, la investigaci\u00f3n, la industrializaci\u00f3n y las potencialidades que vayan surgiendo\u00bb<\/strong>, le dijo a T\u00e9lam\u00a0<strong>el ministro de Salud bonaerense, Daniel Golla<\/strong>n, sobre el proyecto de ley que crea la Agencia y el Registro Provincial de Cannabis y que fue presentado hoy en la C\u00e1mara de Diputados junto con la ministra de Gobierno, Mar\u00eda Teresa Garc\u00eda.<\/p>\n<p>Gollan adelant\u00f3 que de aprobarse, la ley brindar\u00eda \u00abun marco jur\u00eddico para llevar adelante esta tarea, es muy importante porque el cannabis tiene capacidad de mejorar la vida de las personas\u00bb.<\/p>\n<p>Al presentar la iniciativa ante los legisladores,<strong>\u00a0Garc\u00eda detall\u00f3 que \u00abla provincia de Buenos Aires merece tener un proyecto de ley que regule y ordene toda la actividad de producci\u00f3n, investigaci\u00f3n y comercializaci\u00f3n del cannabis medicinal\u00bb.<\/strong><\/p>\n<p>Sostuvo que la iniciativa \u00abpermite avanzar sobre la definici\u00f3n de una pol\u00edtica p\u00fablica integral sobre la tem\u00e1tica del cannabis desde la investigaci\u00f3n, la producci\u00f3n, la comercializaci\u00f3n, la autoproducci\u00f3n y la industrializaci\u00f3n\u00bb.<\/p>\n<p>\u00abEste proyecto del gobernador Axel Kicillof le da forma a trav\u00e9s de la creaci\u00f3n de una Agencia desde cual se definir\u00e1n pol\u00edticas p\u00fablicas de ordenamiento de la actividad\u00bb, se\u00f1al\u00f3.<\/p>\n<div class=\"js-code\">\n<div class=\"twitter-tweet twitter-tweet-rendered\"><iframe loading=\"lazy\" id=\"twitter-widget-0\" class=\"\" title=\"Twitter Tweet\" src=\"https:\/\/platform.twitter.com\/embed\/Tweet.html?creatorScreenName=agenciatelam&amp;dnt=false&amp;embedId=twitter-widget-0&amp;frame=false&amp;hideCard=false&amp;hideThread=false&amp;id=1364020887964549120&amp;lang=en&amp;origin=https%3A%2F%2Fwww.telam.com.ar%2Fnotas%2F202102%2F545634-provincia-de-buenos-aires-produccion-y-comercializacion-de-cannabis-medicinal.html&amp;siteScreenName=agenciatelam&amp;theme=light&amp;widgetsVersion=889aa01%3A1612811843556&amp;width=550px\" width=\"300\" height=\"150\" frameborder=\"0\" scrolling=\"no\" allowfullscreen=\"allowfullscreen\" data-tweet-id=\"1364020887964549120\"><\/iframe><\/div>\n<\/div>\n<p>Concretamente,<strong>\u00a0la propuesta enviada por el Poder Ejecutivo a la Legislatura busca modificar la Ley 14.924 y ratificar la adhesi\u00f3n a la Ley nacional 27.350\u00a0<\/strong>creando el marco regulatorio para la investigaci\u00f3n cient\u00edfica y el uso medicinal del cannabis Sativa y sus derivados.<\/p>\n<p>De ese modo, pretende crear un Registro Provincial de Cannabis para la inscripci\u00f3n voluntaria de las personas que requieran asistencia del Estado para la obtenci\u00f3n de los productos indicados por prescripci\u00f3n m\u00e9dica.<\/p>\n<p><strong>Adem\u00e1s, apunta a establecer la obligatoriedad de la inscripci\u00f3n y posterior habilitaci\u00f3n de personas humanas y jur\u00eddicas que pretendan producir, investigar, comercializar productos cann\u00e1bicos medicinales en territorio bonaerense.<\/strong><\/p>\n<blockquote><p>La iniciativa contempla que la Agencia ser\u00e1 responsable de la autorizaci\u00f3n, certificaci\u00f3n, habilitaci\u00f3n, control, fiscalizaci\u00f3n y asistencia a los cultivos autorizados y que cumplan con condiciones espec\u00edficas.<\/p><\/blockquote>\n<p>Tambi\u00e9n impulsar\u00e1 programas y desarrollos provinciales de investigaci\u00f3n, producci\u00f3n e industrializaci\u00f3n.<\/p>\n<p>El experto de la Facultad de Medicina de la Universidad Nacional de La Plata Marcelo Morante dijo a T\u00e9lam que \u00abhablar de una Agencia significa que se est\u00e1 mirando de forma integral los desarrollos de cannabis ya que observarlo s\u00f3lo desde lo medicinal es ver un \u00fanico aspecto, cuando en otros pa\u00edses se regula todo el proceso\u00bb.<\/p>\n<p>\u00ab<strong>El proyecto involucra a muchos ministerios como el de Salud, Seguridad y Desarrollo.<\/strong>\u00a0Eso significa que engloba a toda la cadena de valor del cannabis y la opini\u00f3n de distintos sectores\u00bb, se\u00f1al\u00f3.<\/p>\n<p>Opin\u00f3 que la medida \u00abes una forma de ampliar derechos\u00bb e indic\u00f3 que \u00abla Agencia es una salida a una problem\u00e1tica integral\u00bb, por lo que ve la propuesta \u00abcon muy buenos ojos\u00bb y espera que \u00abredunde en que el acceso est\u00e9 asegurado\u00bb.<\/p>\n<p><strong>\u00abQueremos producci\u00f3n segura, accesible y con acompa\u00f1amiento m\u00e9dico y todo los sectores debemos trabajar para eso<\/strong>, protegiendo libertades individuales y alentando la producci\u00f3n nacional para generar desarrollo local\u00bb, finaliz\u00f3.<\/p>\n<p>Las personas que necesiten del cannabis y sus derivados para tratamientos m\u00e9dicos podr\u00e1n inscribirse voluntariamente en el Registro, mientras que quienes pretendan acceder al cannabis a trav\u00e9s del autocultivo deber\u00e1n registrarse obligatoriamente.<\/p>\n<blockquote><p>Podr\u00e1n cultivar y producir particulares o municipios interesados y la producci\u00f3n, y control de cannabis y sus derivados ser\u00e1n de laboratorios p\u00fablicos y privados y universidades y\/o establecimientos productivos e industriales inscriptos y autorizados por el Registro Provincial.<\/p><\/blockquote>\n<p>El proyecto, a la vez, busca autorizar en el \u00e1mbito provincial la prescripci\u00f3n del aceite de cannabis o sus derivados para tratamiento m\u00e9dico en todo el sistema de salud provincial.<\/p>\n<p>Consultada al respecto, la presidenta de la fundaci\u00f3n sin fines de lucro Mam\u00e1 Cultiva, Valeria Salech, analiz\u00f3 que \u00abes fundamental que el Estado incentive, regule y garantice que haya desarrollo productivo en la provincia, no porque falte sino porque existe pero de modo clandestino\u00bb.<\/p>\n<p>Detall\u00f3 que\u00a0<strong>\u00abexisten desde organizaciones hasta tiendas de cultivo, productores de semillas y gente que fabrica cremas\u00bb\u00a0<\/strong>y a\u00f1adi\u00f3 que, por el momento, en la propuesta \u00abno queda claro qu\u00e9 va a pasar con esas personas\u00bb.<\/p>\n<p>Con todo, recalc\u00f3 la importancia de la iniciativa \u00abpara que se puedan adquirir productos de calidad en un mercado competitivo en el que las asociaciones actuamos como reguladoras de precios, con alternativas sustentables y ecol\u00f3gicas\u00bb.<\/p>\n<p>Salech destac\u00f3 que las 48 organizaciones que trabajan en el territorio bonaerense son las \u00abgarantes de la calidad que los usuarios merecen y necesitan\u00bb, dado que luchan \u00abresponsable y amorosamente desde hace a\u00f1os por la salud\u00bb.<\/p>\n<p>\u00abCelebramos que el Gobierno se meta en esta camisa, pero pedimos por favor que nos convoquen a las organizaciones para que puedan contemplar en el proyecto nuestro saber y nuestro recorrido en el territorio, ya que sabemos exactamente c\u00f3mo funciona\u00bb, apunt\u00f3 la referente de la entidad.<\/p>\n<p><strong>Mam\u00e1 Cultiva tiene por objeto agrupar a madres de ni\u00f1os con epilepsia refractaria, c\u00e1ncer y otras patolog\u00edas\u00a0<\/strong>que no han encontrado una mejor\u00eda con la medicina tradicional e impulsa el uso de cannabis medicinal.<\/div>\n<\/div>\n<\/div>\n<\/div>\n<\/div>\n","protected":false},"excerpt":{"rendered":"<p>La propuesta busca crear la Agencia y el Registro Provincial de Cannabis para la inscripci\u00f3n voluntaria de las personas que requieran asistencia del Estado para la obtenci\u00f3n de los productos indicados por prescripci\u00f3n m\u00e9dica.<\/p>\n","protected":false},"author":3,"featured_media":0,"comment_status":"closed","ping_status":"open","sticky":false,"template":"","format":"standard","meta":{"footnotes":""},"categories":[24,30],"tags":[],"class_list":["post-52987","post","type-post","status-publish","format-standard","hentry","category-politica","category-salud"],"yoast_head":"<!-- This site is optimized with the Yoast SEO plugin v25.9 - https:\/\/yoast.com\/wordpress\/plugins\/seo\/ -->\n<title>El Gobierno present\u00f3 un proyecto para producci\u00f3n y comercializaci\u00f3n de cannabis medicinal - Noticias Radio Reflejos<\/title>\n<meta name=\"robots\" content=\"index, follow, max-snippet:-1, max-image-preview:large, max-video-preview:-1\" \/>\n<link rel=\"canonical\" href=\"https:\/\/www.noticiasradioreflejos.com.ar\/2021\/el-gobierno-presento-un-proyecto-para-produccion-y-comercializacion-de-cannabis-medicinal\/\" \/>\n<meta property=\"og:locale\" content=\"es_ES\" \/>\n<meta property=\"og:type\" content=\"article\" \/>\n<meta property=\"og:title\" content=\"El Gobierno present\u00f3 un proyecto para producci\u00f3n y comercializaci\u00f3n de cannabis medicinal - Noticias Radio Reflejos\" \/>\n<meta property=\"og:description\" content=\"La propuesta busca crear la Agencia y el Registro Provincial de Cannabis para la inscripci\u00f3n voluntaria de las personas que requieran asistencia del Estado para la obtenci\u00f3n de los productos indicados por prescripci\u00f3n m\u00e9dica.\" \/>\n<meta property=\"og:url\" content=\"https:\/\/www.noticiasradioreflejos.com.ar\/2021\/el-gobierno-presento-un-proyecto-para-produccion-y-comercializacion-de-cannabis-medicinal\/\" \/>\n<meta property=\"og:site_name\" content=\"Noticias Radio Reflejos\" \/>\n<meta property=\"article:published_time\" content=\"2021-02-26T11:43:00+00:00\" \/>\n<meta property=\"og:image\" content=\"https:\/\/www.noticiasradioreflejos.com.ar\/2021\/wp-content\/uploads\/2021\/07\/logosol300x200.png\" \/>\n\t<meta property=\"og:image:width\" content=\"300\" \/>\n\t<meta property=\"og:image:height\" content=\"200\" \/>\n\t<meta property=\"og:image:type\" content=\"image\/png\" \/>\n<meta name=\"author\" content=\"Arnaldo Botto\" \/>\n<meta name=\"twitter:card\" content=\"summary_large_image\" \/>\n<script type=\"application\/ld+json\" class=\"yoast-schema-graph\">{\"@context\":\"https:\/\/schema.org\",\"@graph\":[{\"@type\":\"WebPage\",\"@id\":\"https:\/\/www.noticiasradioreflejos.com.ar\/2021\/el-gobierno-presento-un-proyecto-para-produccion-y-comercializacion-de-cannabis-medicinal\/\",\"url\":\"https:\/\/www.noticiasradioreflejos.com.ar\/2021\/el-gobierno-presento-un-proyecto-para-produccion-y-comercializacion-de-cannabis-medicinal\/\",\"name\":\"El Gobierno present\u00f3 un proyecto para producci\u00f3n y comercializaci\u00f3n de cannabis medicinal - Noticias Radio Reflejos\",\"isPartOf\":{\"@id\":\"https:\/\/www.noticiasradioreflejos.com.ar\/2021\/#website\"},\"datePublished\":\"2021-02-26T11:43:00+00:00\",\"author\":{\"@id\":\"https:\/\/www.noticiasradioreflejos.com.ar\/2021\/#\/schema\/person\/ad82545263dcc5ec0996818884fd5fb1\"},\"breadcrumb\":{\"@id\":\"https:\/\/www.noticiasradioreflejos.com.ar\/2021\/el-gobierno-presento-un-proyecto-para-produccion-y-comercializacion-de-cannabis-medicinal\/#breadcrumb\"},\"inLanguage\":\"es\",\"potentialAction\":[{\"@type\":\"ReadAction\",\"target\":[\"https:\/\/www.noticiasradioreflejos.com.ar\/2021\/el-gobierno-presento-un-proyecto-para-produccion-y-comercializacion-de-cannabis-medicinal\/\"]}]},{\"@type\":\"BreadcrumbList\",\"@id\":\"https:\/\/www.noticiasradioreflejos.com.ar\/2021\/el-gobierno-presento-un-proyecto-para-produccion-y-comercializacion-de-cannabis-medicinal\/#breadcrumb\",\"itemListElement\":[{\"@type\":\"ListItem\",\"position\":1,\"name\":\"Portada\",\"item\":\"https:\/\/www.noticiasradioreflejos.com.ar\/2021\/\"},{\"@type\":\"ListItem\",\"position\":2,\"name\":\"El Gobierno present\u00f3 un proyecto para producci\u00f3n y comercializaci\u00f3n de cannabis medicinal\"}]},{\"@type\":\"WebSite\",\"@id\":\"https:\/\/www.noticiasradioreflejos.com.ar\/2021\/#website\",\"url\":\"https:\/\/www.noticiasradioreflejos.com.ar\/2021\/\",\"name\":\"Noticias Radio Reflejos\",\"description\":\"Las noticias de mi comarca\",\"potentialAction\":[{\"@type\":\"SearchAction\",\"target\":{\"@type\":\"EntryPoint\",\"urlTemplate\":\"https:\/\/www.noticiasradioreflejos.com.ar\/2021\/?s={search_term_string}\"},\"query-input\":{\"@type\":\"PropertyValueSpecification\",\"valueRequired\":true,\"valueName\":\"search_term_string\"}}],\"inLanguage\":\"es\"},{\"@type\":\"Person\",\"@id\":\"https:\/\/www.noticiasradioreflejos.com.ar\/2021\/#\/schema\/person\/ad82545263dcc5ec0996818884fd5fb1\",\"name\":\"Arnaldo Botto\",\"image\":{\"@type\":\"ImageObject\",\"inLanguage\":\"es\",\"@id\":\"https:\/\/www.noticiasradioreflejos.com.ar\/2021\/#\/schema\/person\/image\/\",\"url\":\"https:\/\/secure.gravatar.com\/avatar\/55cb5e37c1efa326397366e6974cb338056df65cb50e7d64d1cf314e87504837?s=96&d=mm&r=g\",\"contentUrl\":\"https:\/\/secure.gravatar.com\/avatar\/55cb5e37c1efa326397366e6974cb338056df65cb50e7d64d1cf314e87504837?s=96&d=mm&r=g\",\"caption\":\"Arnaldo Botto\"},\"url\":\"https:\/\/www.noticiasradioreflejos.com.ar\/2021\/author\/arnaldo\/\"}]}<\/script>\n<!-- \/ Yoast SEO plugin. -->","yoast_head_json":{"title":"El Gobierno present\u00f3 un proyecto para producci\u00f3n y comercializaci\u00f3n de cannabis medicinal - Noticias Radio Reflejos","robots":{"index":"index","follow":"follow","max-snippet":"max-snippet:-1","max-image-preview":"max-image-preview:large","max-video-preview":"max-video-preview:-1"},"canonical":"https:\/\/www.noticiasradioreflejos.com.ar\/2021\/el-gobierno-presento-un-proyecto-para-produccion-y-comercializacion-de-cannabis-medicinal\/","og_locale":"es_ES","og_type":"article","og_title":"El Gobierno present\u00f3 un proyecto para producci\u00f3n y comercializaci\u00f3n de cannabis medicinal - Noticias Radio Reflejos","og_description":"La propuesta busca crear la Agencia y el Registro Provincial de Cannabis para la inscripci\u00f3n voluntaria de las personas que requieran asistencia del Estado para la obtenci\u00f3n de los productos indicados por prescripci\u00f3n m\u00e9dica.","og_url":"https:\/\/www.noticiasradioreflejos.com.ar\/2021\/el-gobierno-presento-un-proyecto-para-produccion-y-comercializacion-de-cannabis-medicinal\/","og_site_name":"Noticias Radio Reflejos","article_published_time":"2021-02-26T11:43:00+00:00","og_image":[{"width":300,"height":200,"url":"https:\/\/www.noticiasradioreflejos.com.ar\/2021\/wp-content\/uploads\/2021\/07\/logosol300x200.png","type":"image\/png"}],"author":"Arnaldo Botto","twitter_card":"summary_large_image","schema":{"@context":"https:\/\/schema.org","@graph":[{"@type":"WebPage","@id":"https:\/\/www.noticiasradioreflejos.com.ar\/2021\/el-gobierno-presento-un-proyecto-para-produccion-y-comercializacion-de-cannabis-medicinal\/","url":"https:\/\/www.noticiasradioreflejos.com.ar\/2021\/el-gobierno-presento-un-proyecto-para-produccion-y-comercializacion-de-cannabis-medicinal\/","name":"El Gobierno present\u00f3 un proyecto para producci\u00f3n y comercializaci\u00f3n de cannabis medicinal - Noticias Radio Reflejos","isPartOf":{"@id":"https:\/\/www.noticiasradioreflejos.com.ar\/2021\/#website"},"datePublished":"2021-02-26T11:43:00+00:00","author":{"@id":"https:\/\/www.noticiasradioreflejos.com.ar\/2021\/#\/schema\/person\/ad82545263dcc5ec0996818884fd5fb1"},"breadcrumb":{"@id":"https:\/\/www.noticiasradioreflejos.com.ar\/2021\/el-gobierno-presento-un-proyecto-para-produccion-y-comercializacion-de-cannabis-medicinal\/#breadcrumb"},"inLanguage":"es","potentialAction":[{"@type":"ReadAction","target":["https:\/\/www.noticiasradioreflejos.com.ar\/2021\/el-gobierno-presento-un-proyecto-para-produccion-y-comercializacion-de-cannabis-medicinal\/"]}]},{"@type":"BreadcrumbList","@id":"https:\/\/www.noticiasradioreflejos.com.ar\/2021\/el-gobierno-presento-un-proyecto-para-produccion-y-comercializacion-de-cannabis-medicinal\/#breadcrumb","itemListElement":[{"@type":"ListItem","position":1,"name":"Portada","item":"https:\/\/www.noticiasradioreflejos.com.ar\/2021\/"},{"@type":"ListItem","position":2,"name":"El Gobierno present\u00f3 un proyecto para producci\u00f3n y comercializaci\u00f3n de cannabis medicinal"}]},{"@type":"WebSite","@id":"https:\/\/www.noticiasradioreflejos.com.ar\/2021\/#website","url":"https:\/\/www.noticiasradioreflejos.com.ar\/2021\/","name":"Noticias Radio Reflejos","description":"Las noticias de mi comarca","potentialAction":[{"@type":"SearchAction","target":{"@type":"EntryPoint","urlTemplate":"https:\/\/www.noticiasradioreflejos.com.ar\/2021\/?s={search_term_string}"},"query-input":{"@type":"PropertyValueSpecification","valueRequired":true,"valueName":"search_term_string"}}],"inLanguage":"es"},{"@type":"Person","@id":"https:\/\/www.noticiasradioreflejos.com.ar\/2021\/#\/schema\/person\/ad82545263dcc5ec0996818884fd5fb1","name":"Arnaldo Botto","image":{"@type":"ImageObject","inLanguage":"es","@id":"https:\/\/www.noticiasradioreflejos.com.ar\/2021\/#\/schema\/person\/image\/","url":"https:\/\/secure.gravatar.com\/avatar\/55cb5e37c1efa326397366e6974cb338056df65cb50e7d64d1cf314e87504837?s=96&d=mm&r=g","contentUrl":"https:\/\/secure.gravatar.com\/avatar\/55cb5e37c1efa326397366e6974cb338056df65cb50e7d64d1cf314e87504837?s=96&d=mm&r=g","caption":"Arnaldo Botto"},"url":"https:\/\/www.noticiasradioreflejos.com.ar\/2021\/author\/arnaldo\/"}]}},"_links":{"self":[{"href":"https:\/\/www.noticiasradioreflejos.com.ar\/2021\/wp-json\/wp\/v2\/posts\/52987","targetHints":{"allow":["GET"]}}],"collection":[{"href":"https:\/\/www.noticiasradioreflejos.com.ar\/2021\/wp-json\/wp\/v2\/posts"}],"about":[{"href":"https:\/\/www.noticiasradioreflejos.com.ar\/2021\/wp-json\/wp\/v2\/types\/post"}],"author":[{"embeddable":true,"href":"https:\/\/www.noticiasradioreflejos.com.ar\/2021\/wp-json\/wp\/v2\/users\/3"}],"replies":[{"embeddable":true,"href":"https:\/\/www.noticiasradioreflejos.com.ar\/2021\/wp-json\/wp\/v2\/comments?post=52987"}],"version-history":[{"count":0,"href":"https:\/\/www.noticiasradioreflejos.com.ar\/2021\/wp-json\/wp\/v2\/posts\/52987\/revisions"}],"wp:attachment":[{"href":"https:\/\/www.noticiasradioreflejos.com.ar\/2021\/wp-json\/wp\/v2\/media?parent=52987"}],"wp:term":[{"taxonomy":"category","embeddable":true,"href":"https:\/\/www.noticiasradioreflejos.com.ar\/2021\/wp-json\/wp\/v2\/categories?post=52987"},{"taxonomy":"post_tag","embeddable":true,"href":"https:\/\/www.noticiasradioreflejos.com.ar\/2021\/wp-json\/wp\/v2\/tags?post=52987"}],"curies":[{"name":"wp","href":"https:\/\/api.w.org\/{rel}","templated":true}]}}