{"id":52880,"date":"2021-02-24T08:59:59","date_gmt":"2021-02-24T11:59:59","guid":{"rendered":"http:\/\/www.noticiasradioreflejos.com.ar\/noticias\/?p=52880"},"modified":"2021-02-24T08:59:59","modified_gmt":"2021-02-24T11:59:59","slug":"seis-de-cada-diez-argentinos-subieron-de-peso-durante-el-aislamiento-social","status":"publish","type":"post","link":"https:\/\/www.noticiasradioreflejos.com.ar\/2021\/seis-de-cada-diez-argentinos-subieron-de-peso-durante-el-aislamiento-social\/","title":{"rendered":"Seis de cada diez argentinos subieron de peso durante el aislamiento social"},"content":{"rendered":"<p>Comer en respuesta a emociones, la falta de actividad f\u00edsica, las elecciones y porciones de alimentos y picotear entre comidas fueron algunas de las razones del aumento de peso, seg\u00fan un relevamiento de la Sociedad Argentina de Nutrici\u00f3n.<!--more--><\/p>\n<div class=\"addthis_custom_sharing\">\u00a0Seis de cada diez argentinos subieron de peso durante el aislamiento social y aquellos que ten\u00edan sobrepeso antes de la pandemia de coronavirus tuvieron un 42% m\u00e1s de chances de engordar que el resto de las personas, seg\u00fan un estudio de la Sociedad Argentina de Nutrici\u00f3n (SAN).<\/div>\n<div class=\"main-content-block\">\n<div class=\"main-box clearfix\">\n<div class=\"wrapper-main-section clearfix\">\n<div class=\"wrapper-editable-content\">\n<div class=\"editable-content clearfix\">\n<p>Los especialistas advirtieron que la obesidad incrementa el riesgo de enfermedades cardiovasculares y diabetes tipo 2, y \u201cpredisponen a una peor evoluci\u00f3n y complicaciones m\u00e1s severas ante el contagio de Covid-19\u201d.<\/p>\n<p><strong>\u201cComer en respuesta a emociones, la falta de actividad f\u00edsica, las elecciones y porciones de alimentos y picotear entre comidas fueron algunas de las razones\u201d<\/strong>\u00a0del aumento de peso, dio como resultado el relevamiento de la SAN, que\u00a0<strong>consult\u00f3 a m\u00e1s de 5.600 argentinos.<\/strong><\/p>\n<p>Seg\u00fan el estudio, \u201csi bien 6 de cada 10 argentinos subieron de peso durante la cuarentena, entre quienes manifestaron no haber iniciado el per\u00edodo de aislamiento con exceso de peso, el 58,3% engord\u00f3, mientras que\u00a0<strong>entre los que reconocieron tener sobrepeso u obesidad desde antes de la pandemia, el 66,5% gan\u00f3 kilos\u201d<\/strong>.<\/p>\n<div id=\"image\" class=\"image\"><img decoding=\"async\" title=\"\" src=\"https:\/\/www.telam.com.ar\/advf\/imagenes\/2019\/11\/5dcac98d9e841_1004x565.jpg\" alt=\"\" \/><\/div>\n<p>En ese sentido, \u201chaber tenido sobrepeso u obesidad represent\u00f3 entonces un 42% m\u00e1s de riesgo de engordar que haber tenido peso normal al inicio de la pandemia\u201d.<\/p>\n<p>Alertaron que \u201cen medio de la pandemia de obesidad, la enfermedad por Covid-19 ha creado una crisis sobre otra crisis\u201d.<\/p>\n<p><strong>\u201cM\u00faltiples estudios mostraron que los casos m\u00e1s graves de COVID-19 se dieron en personas con sobrepeso u obesidad, inclusive j\u00f3venes\u201d<\/strong>, se\u00f1al\u00f3 Marianela Aguirre Ackermann, m\u00e9dica especialista en Nutrici\u00f3n, coordinadora del Grupo de Obesidad de la SAN y una de las coordinadoras del relevamiento y de las autoras del art\u00edculo publicado sobre este tema en la revista \u2018Actualizaci\u00f3n en Nutrici\u00f3n\u2019 de la SAN.<\/p>\n<p>Precis\u00f3 que \u201cvarios mecanismos podr\u00edan explicar por qu\u00e9 la obesidad predispone a los pacientes con Covid-19 a enfermedades graves. Por un lado, la obesidad ejerce una presi\u00f3n adicional en el diafragma con mayor dificultad para expandir los pulmones; perjudica la respuesta inmune al virus, es una enfermedad proinflamatoria y la inflamaci\u00f3n podr\u00eda aumentarse ante la infecci\u00f3n por el virus\u201d<\/p>\n<p>\u201cAdem\u00e1s, es una enfermedad caracterizada por exceso de grasa corporal y el receptor de la enzima convertidora de angiotensina-2 (ACE-2) al que se adhiere el virus del SARS-CoV-2 que causa el Covid-19 se expresa en cantidades m\u00e1s altas en el tejido graso\u201d, a\u00f1adi\u00f3<\/p>\n<p>La especialista subray\u00f3 que \u201ccontrolar el peso corporal es una de las medidas aconsejadas para bajar el riesgo en las personas con obesidad\u201d.<\/p>\n<p>Otra de las conclusiones que arroj\u00f3 el trabajo fue que 8 de cada 10 personas cambiaron sus h\u00e1bitos alimentarios en pandemia, tanto los horarios como el tipo de alimentos.<\/p>\n<p><strong>\u201cInvestigamos los cambios m\u00e1s frecuentes y 4 de cada 10 refirieron \u2018picotear\u2019 entre comidas y haber aumentado el tama\u00f1o de las porciones y estos cambios junto con los mayores niveles de sedentarismo y el impacto emocional del confinamiento fueron factores clave para la ganancia de peso\u201d<\/strong>, advirti\u00f3 Ana Cappelletti, m\u00e9dica integrante del Grupo de Obesidad de la SAN.<\/p>\n<p>La m\u00e9dica especialista en Nutrici\u00f3n y ex presidente de la SAN, M\u00f3nica Katz, manifest\u00f3 que \u201cel 69,2% de los encuestados asumi\u00f3 haber comido no por hambre real, sino como respuesta a emociones, sobre todo ansiedad o aburrimiento, y engord\u00f3 el 73,7% de los integrantes de ese grupo, mucho m\u00e1s que los del grupo sin ingesta emocional, donde subi\u00f3 de peso el 42,6%\u201d<\/p>\n<\/div>\n<\/div>\n<\/div>\n<\/div>\n<\/div>\n","protected":false},"excerpt":{"rendered":"<p>Comer en respuesta a emociones, la falta de actividad f\u00edsica, las elecciones y porciones de alimentos y picotear entre comidas fueron algunas de las razones del aumento de peso, seg\u00fan un relevamiento de la Sociedad Argentina de Nutrici\u00f3n.<\/p>\n","protected":false},"author":3,"featured_media":0,"comment_status":"closed","ping_status":"open","sticky":false,"template":"","format":"standard","meta":{"footnotes":""},"categories":[30,26],"tags":[],"class_list":["post-52880","post","type-post","status-publish","format-standard","hentry","category-salud","category-sociedad"],"yoast_head":"<!-- This site is optimized with the Yoast SEO plugin v25.9 - https:\/\/yoast.com\/wordpress\/plugins\/seo\/ -->\n<title>Seis de cada diez argentinos subieron de peso durante el aislamiento social - Noticias Radio Reflejos<\/title>\n<meta name=\"robots\" content=\"index, follow, max-snippet:-1, max-image-preview:large, max-video-preview:-1\" \/>\n<link rel=\"canonical\" href=\"https:\/\/www.noticiasradioreflejos.com.ar\/2021\/seis-de-cada-diez-argentinos-subieron-de-peso-durante-el-aislamiento-social\/\" \/>\n<meta property=\"og:locale\" content=\"es_ES\" \/>\n<meta property=\"og:type\" content=\"article\" \/>\n<meta property=\"og:title\" content=\"Seis de cada diez argentinos subieron de peso durante el aislamiento social - Noticias Radio Reflejos\" \/>\n<meta property=\"og:description\" content=\"Comer en respuesta a emociones, la falta de actividad f\u00edsica, las elecciones y porciones de alimentos y picotear entre comidas fueron algunas de las razones del aumento de peso, seg\u00fan un relevamiento de la Sociedad Argentina de Nutrici\u00f3n.\" \/>\n<meta property=\"og:url\" content=\"https:\/\/www.noticiasradioreflejos.com.ar\/2021\/seis-de-cada-diez-argentinos-subieron-de-peso-durante-el-aislamiento-social\/\" \/>\n<meta property=\"og:site_name\" content=\"Noticias Radio Reflejos\" \/>\n<meta property=\"article:published_time\" content=\"2021-02-24T11:59:59+00:00\" \/>\n<meta property=\"og:image\" content=\"https:\/\/www.telam.com.ar\/advf\/imagenes\/2019\/11\/5dcac98d9e841_1004x565.jpg\" \/>\n<meta name=\"author\" content=\"Arnaldo Botto\" \/>\n<meta name=\"twitter:card\" content=\"summary_large_image\" \/>\n<script type=\"application\/ld+json\" class=\"yoast-schema-graph\">{\"@context\":\"https:\/\/schema.org\",\"@graph\":[{\"@type\":\"WebPage\",\"@id\":\"https:\/\/www.noticiasradioreflejos.com.ar\/2021\/seis-de-cada-diez-argentinos-subieron-de-peso-durante-el-aislamiento-social\/\",\"url\":\"https:\/\/www.noticiasradioreflejos.com.ar\/2021\/seis-de-cada-diez-argentinos-subieron-de-peso-durante-el-aislamiento-social\/\",\"name\":\"Seis de cada diez argentinos subieron de peso durante el aislamiento social - Noticias Radio Reflejos\",\"isPartOf\":{\"@id\":\"https:\/\/www.noticiasradioreflejos.com.ar\/2021\/#website\"},\"primaryImageOfPage\":{\"@id\":\"https:\/\/www.noticiasradioreflejos.com.ar\/2021\/seis-de-cada-diez-argentinos-subieron-de-peso-durante-el-aislamiento-social\/#primaryimage\"},\"image\":{\"@id\":\"https:\/\/www.noticiasradioreflejos.com.ar\/2021\/seis-de-cada-diez-argentinos-subieron-de-peso-durante-el-aislamiento-social\/#primaryimage\"},\"thumbnailUrl\":\"https:\/\/www.telam.com.ar\/advf\/imagenes\/2019\/11\/5dcac98d9e841_1004x565.jpg\",\"datePublished\":\"2021-02-24T11:59:59+00:00\",\"author\":{\"@id\":\"https:\/\/www.noticiasradioreflejos.com.ar\/2021\/#\/schema\/person\/ad82545263dcc5ec0996818884fd5fb1\"},\"breadcrumb\":{\"@id\":\"https:\/\/www.noticiasradioreflejos.com.ar\/2021\/seis-de-cada-diez-argentinos-subieron-de-peso-durante-el-aislamiento-social\/#breadcrumb\"},\"inLanguage\":\"es\",\"potentialAction\":[{\"@type\":\"ReadAction\",\"target\":[\"https:\/\/www.noticiasradioreflejos.com.ar\/2021\/seis-de-cada-diez-argentinos-subieron-de-peso-durante-el-aislamiento-social\/\"]}]},{\"@type\":\"ImageObject\",\"inLanguage\":\"es\",\"@id\":\"https:\/\/www.noticiasradioreflejos.com.ar\/2021\/seis-de-cada-diez-argentinos-subieron-de-peso-durante-el-aislamiento-social\/#primaryimage\",\"url\":\"https:\/\/www.telam.com.ar\/advf\/imagenes\/2019\/11\/5dcac98d9e841_1004x565.jpg\",\"contentUrl\":\"https:\/\/www.telam.com.ar\/advf\/imagenes\/2019\/11\/5dcac98d9e841_1004x565.jpg\"},{\"@type\":\"BreadcrumbList\",\"@id\":\"https:\/\/www.noticiasradioreflejos.com.ar\/2021\/seis-de-cada-diez-argentinos-subieron-de-peso-durante-el-aislamiento-social\/#breadcrumb\",\"itemListElement\":[{\"@type\":\"ListItem\",\"position\":1,\"name\":\"Portada\",\"item\":\"https:\/\/www.noticiasradioreflejos.com.ar\/2021\/\"},{\"@type\":\"ListItem\",\"position\":2,\"name\":\"Seis de cada diez argentinos subieron de peso durante el aislamiento social\"}]},{\"@type\":\"WebSite\",\"@id\":\"https:\/\/www.noticiasradioreflejos.com.ar\/2021\/#website\",\"url\":\"https:\/\/www.noticiasradioreflejos.com.ar\/2021\/\",\"name\":\"Noticias Radio Reflejos\",\"description\":\"Las noticias de mi comarca\",\"potentialAction\":[{\"@type\":\"SearchAction\",\"target\":{\"@type\":\"EntryPoint\",\"urlTemplate\":\"https:\/\/www.noticiasradioreflejos.com.ar\/2021\/?s={search_term_string}\"},\"query-input\":{\"@type\":\"PropertyValueSpecification\",\"valueRequired\":true,\"valueName\":\"search_term_string\"}}],\"inLanguage\":\"es\"},{\"@type\":\"Person\",\"@id\":\"https:\/\/www.noticiasradioreflejos.com.ar\/2021\/#\/schema\/person\/ad82545263dcc5ec0996818884fd5fb1\",\"name\":\"Arnaldo Botto\",\"image\":{\"@type\":\"ImageObject\",\"inLanguage\":\"es\",\"@id\":\"https:\/\/www.noticiasradioreflejos.com.ar\/2021\/#\/schema\/person\/image\/\",\"url\":\"https:\/\/secure.gravatar.com\/avatar\/55cb5e37c1efa326397366e6974cb338056df65cb50e7d64d1cf314e87504837?s=96&d=mm&r=g\",\"contentUrl\":\"https:\/\/secure.gravatar.com\/avatar\/55cb5e37c1efa326397366e6974cb338056df65cb50e7d64d1cf314e87504837?s=96&d=mm&r=g\",\"caption\":\"Arnaldo Botto\"},\"url\":\"https:\/\/www.noticiasradioreflejos.com.ar\/2021\/author\/arnaldo\/\"}]}<\/script>\n<!-- \/ Yoast SEO plugin. -->","yoast_head_json":{"title":"Seis de cada diez argentinos subieron de peso durante el aislamiento social - Noticias Radio Reflejos","robots":{"index":"index","follow":"follow","max-snippet":"max-snippet:-1","max-image-preview":"max-image-preview:large","max-video-preview":"max-video-preview:-1"},"canonical":"https:\/\/www.noticiasradioreflejos.com.ar\/2021\/seis-de-cada-diez-argentinos-subieron-de-peso-durante-el-aislamiento-social\/","og_locale":"es_ES","og_type":"article","og_title":"Seis de cada diez argentinos subieron de peso durante el aislamiento social - Noticias Radio Reflejos","og_description":"Comer en respuesta a emociones, la falta de actividad f\u00edsica, las elecciones y porciones de alimentos y picotear entre comidas fueron algunas de las razones del aumento de peso, seg\u00fan un relevamiento de la Sociedad Argentina de Nutrici\u00f3n.","og_url":"https:\/\/www.noticiasradioreflejos.com.ar\/2021\/seis-de-cada-diez-argentinos-subieron-de-peso-durante-el-aislamiento-social\/","og_site_name":"Noticias Radio Reflejos","article_published_time":"2021-02-24T11:59:59+00:00","og_image":[{"url":"https:\/\/www.telam.com.ar\/advf\/imagenes\/2019\/11\/5dcac98d9e841_1004x565.jpg","type":"","width":"","height":""}],"author":"Arnaldo Botto","twitter_card":"summary_large_image","schema":{"@context":"https:\/\/schema.org","@graph":[{"@type":"WebPage","@id":"https:\/\/www.noticiasradioreflejos.com.ar\/2021\/seis-de-cada-diez-argentinos-subieron-de-peso-durante-el-aislamiento-social\/","url":"https:\/\/www.noticiasradioreflejos.com.ar\/2021\/seis-de-cada-diez-argentinos-subieron-de-peso-durante-el-aislamiento-social\/","name":"Seis de cada diez argentinos subieron de peso durante el aislamiento social - Noticias Radio Reflejos","isPartOf":{"@id":"https:\/\/www.noticiasradioreflejos.com.ar\/2021\/#website"},"primaryImageOfPage":{"@id":"https:\/\/www.noticiasradioreflejos.com.ar\/2021\/seis-de-cada-diez-argentinos-subieron-de-peso-durante-el-aislamiento-social\/#primaryimage"},"image":{"@id":"https:\/\/www.noticiasradioreflejos.com.ar\/2021\/seis-de-cada-diez-argentinos-subieron-de-peso-durante-el-aislamiento-social\/#primaryimage"},"thumbnailUrl":"https:\/\/www.telam.com.ar\/advf\/imagenes\/2019\/11\/5dcac98d9e841_1004x565.jpg","datePublished":"2021-02-24T11:59:59+00:00","author":{"@id":"https:\/\/www.noticiasradioreflejos.com.ar\/2021\/#\/schema\/person\/ad82545263dcc5ec0996818884fd5fb1"},"breadcrumb":{"@id":"https:\/\/www.noticiasradioreflejos.com.ar\/2021\/seis-de-cada-diez-argentinos-subieron-de-peso-durante-el-aislamiento-social\/#breadcrumb"},"inLanguage":"es","potentialAction":[{"@type":"ReadAction","target":["https:\/\/www.noticiasradioreflejos.com.ar\/2021\/seis-de-cada-diez-argentinos-subieron-de-peso-durante-el-aislamiento-social\/"]}]},{"@type":"ImageObject","inLanguage":"es","@id":"https:\/\/www.noticiasradioreflejos.com.ar\/2021\/seis-de-cada-diez-argentinos-subieron-de-peso-durante-el-aislamiento-social\/#primaryimage","url":"https:\/\/www.telam.com.ar\/advf\/imagenes\/2019\/11\/5dcac98d9e841_1004x565.jpg","contentUrl":"https:\/\/www.telam.com.ar\/advf\/imagenes\/2019\/11\/5dcac98d9e841_1004x565.jpg"},{"@type":"BreadcrumbList","@id":"https:\/\/www.noticiasradioreflejos.com.ar\/2021\/seis-de-cada-diez-argentinos-subieron-de-peso-durante-el-aislamiento-social\/#breadcrumb","itemListElement":[{"@type":"ListItem","position":1,"name":"Portada","item":"https:\/\/www.noticiasradioreflejos.com.ar\/2021\/"},{"@type":"ListItem","position":2,"name":"Seis de cada diez argentinos subieron de peso durante el aislamiento social"}]},{"@type":"WebSite","@id":"https:\/\/www.noticiasradioreflejos.com.ar\/2021\/#website","url":"https:\/\/www.noticiasradioreflejos.com.ar\/2021\/","name":"Noticias Radio Reflejos","description":"Las noticias de mi comarca","potentialAction":[{"@type":"SearchAction","target":{"@type":"EntryPoint","urlTemplate":"https:\/\/www.noticiasradioreflejos.com.ar\/2021\/?s={search_term_string}"},"query-input":{"@type":"PropertyValueSpecification","valueRequired":true,"valueName":"search_term_string"}}],"inLanguage":"es"},{"@type":"Person","@id":"https:\/\/www.noticiasradioreflejos.com.ar\/2021\/#\/schema\/person\/ad82545263dcc5ec0996818884fd5fb1","name":"Arnaldo Botto","image":{"@type":"ImageObject","inLanguage":"es","@id":"https:\/\/www.noticiasradioreflejos.com.ar\/2021\/#\/schema\/person\/image\/","url":"https:\/\/secure.gravatar.com\/avatar\/55cb5e37c1efa326397366e6974cb338056df65cb50e7d64d1cf314e87504837?s=96&d=mm&r=g","contentUrl":"https:\/\/secure.gravatar.com\/avatar\/55cb5e37c1efa326397366e6974cb338056df65cb50e7d64d1cf314e87504837?s=96&d=mm&r=g","caption":"Arnaldo Botto"},"url":"https:\/\/www.noticiasradioreflejos.com.ar\/2021\/author\/arnaldo\/"}]}},"_links":{"self":[{"href":"https:\/\/www.noticiasradioreflejos.com.ar\/2021\/wp-json\/wp\/v2\/posts\/52880","targetHints":{"allow":["GET"]}}],"collection":[{"href":"https:\/\/www.noticiasradioreflejos.com.ar\/2021\/wp-json\/wp\/v2\/posts"}],"about":[{"href":"https:\/\/www.noticiasradioreflejos.com.ar\/2021\/wp-json\/wp\/v2\/types\/post"}],"author":[{"embeddable":true,"href":"https:\/\/www.noticiasradioreflejos.com.ar\/2021\/wp-json\/wp\/v2\/users\/3"}],"replies":[{"embeddable":true,"href":"https:\/\/www.noticiasradioreflejos.com.ar\/2021\/wp-json\/wp\/v2\/comments?post=52880"}],"version-history":[{"count":0,"href":"https:\/\/www.noticiasradioreflejos.com.ar\/2021\/wp-json\/wp\/v2\/posts\/52880\/revisions"}],"wp:attachment":[{"href":"https:\/\/www.noticiasradioreflejos.com.ar\/2021\/wp-json\/wp\/v2\/media?parent=52880"}],"wp:term":[{"taxonomy":"category","embeddable":true,"href":"https:\/\/www.noticiasradioreflejos.com.ar\/2021\/wp-json\/wp\/v2\/categories?post=52880"},{"taxonomy":"post_tag","embeddable":true,"href":"https:\/\/www.noticiasradioreflejos.com.ar\/2021\/wp-json\/wp\/v2\/tags?post=52880"}],"curies":[{"name":"wp","href":"https:\/\/api.w.org\/{rel}","templated":true}]}}