{"id":52877,"date":"2021-02-24T08:44:17","date_gmt":"2021-02-24T11:44:17","guid":{"rendered":"http:\/\/www.noticiasradioreflejos.com.ar\/noticias\/?p=52877"},"modified":"2021-02-24T08:44:17","modified_gmt":"2021-02-24T11:44:17","slug":"hay-mas-de-3-millones-de-inscriptos-para-vacunarse-en-la-provincia-de-buenos-aires","status":"publish","type":"post","link":"https:\/\/www.noticiasradioreflejos.com.ar\/2021\/hay-mas-de-3-millones-de-inscriptos-para-vacunarse-en-la-provincia-de-buenos-aires\/","title":{"rendered":"Hay m\u00e1s de 3 millones de inscriptos para vacunarse en la provincia de Buenos Aires"},"content":{"rendered":"<p>El plan de vacunaci\u00f3n bonaerense\u00a0cuenta con un gestor de turnos para que la aplicaci\u00f3n de las dosis sea \u00aborganizada, \u00e1gil y no signifique un riesgo de aglomeraci\u00f3n\u00bb de gente.<!--more--><\/p>\n<div class=\"addthis_custom_sharing\"><\/div>\n<div class=\"main-content-block\">\n<div class=\"main-box clearfix\">\n<div class=\"wrapper-main-section clearfix\">\n<div class=\"wrapper-editable-content\">\n<div class=\"editable-content clearfix\">\n<div id=\"image\" class=\"image\">\n<p><img decoding=\"async\" title=\"Buenos Aires Vacunate es el plan p\u00fablico, gratuito y optativo de vacunaci\u00f3n contra el coronavirus.\" src=\"https:\/\/www.telam.com.ar\/advf\/imagenes\/2021\/02\/6035604d02022_1004x565.jpg\" alt=\"Buenos Aires Vacunate es el plan p\u00fablico, gratuito y optativo de vacunaci\u00f3n contra el coronavirus.\" \/><\/p>\n<div class=\"epigrafe\">Buenos Aires Vacunate es el plan p\u00fablico, gratuito y optativo de vacunaci\u00f3n contra el coronavirus.<\/div>\n<\/div>\n<p><strong>La cantidad de inscriptos para vacunarse contra el coronavirus en la provincia de Buenos Aires super\u00f3 este martes las 3 millones de personas<\/strong>, inform\u00f3 el Ministerio de Salud bonaerense.<\/p>\n<p>Los inscriptos en el plan de vacunaci\u00f3n bonaerense son 3.035.317, seg\u00fan public\u00f3 la cuenta oficial de la cartera sanitaria.<\/p>\n<p>\u00abEn la actualizaci\u00f3n de las 13 del sistema de inscripci\u00f3n a la vacunaci\u00f3n contra el #coronavirus, @BAProvincia super\u00f3 los 3 millones de bonaerenses anotados y anotadas\u00bb, poste\u00f3 el ministerio.<\/p>\n<div id=\"image\" class=\"image\">\n<p><img decoding=\"async\" title=\"Los inscriptos en el plan de vacunaci\u00f3n bonaerense son 3.035.317\" src=\"https:\/\/www.telam.com.ar\/advf\/imagenes\/2021\/02\/6035604d4a52c_1004x565.jpg\" alt=\"Los inscriptos en el plan de vacunaci\u00f3n bonaerense son 3.035.317\" \/><\/p>\n<div class=\"epigrafe\">Los inscriptos en el plan de vacunaci\u00f3n bonaerense son 3.035.317<\/div>\n<\/div>\n<p><strong>La cartera precis\u00f3 que solo este martes -hasta la tarde- se registraron \u00abcasi 50 mil personas\u00bb e indicaron que ya fueron aplicadas algo m\u00e1s de \u00ab362 mil dosis\u00bb.<\/strong><\/p>\n<div class=\"js-code\">\n<div class=\"twitter-tweet twitter-tweet-rendered\"><iframe loading=\"lazy\" id=\"twitter-widget-0\" class=\"\" title=\"Twitter Tweet\" src=\"https:\/\/platform.twitter.com\/embed\/Tweet.html?creatorScreenName=agenciatelam&amp;dnt=false&amp;embedId=twitter-widget-0&amp;frame=false&amp;hideCard=false&amp;hideThread=false&amp;id=1364251453506879491&amp;lang=en&amp;origin=https%3A%2F%2Fwww.telam.com.ar%2Fnotas%2F202102%2F545435-inscriptos-vacunacion-contra-coronavirus-provincia-de-buenos-aires.html&amp;siteScreenName=agenciatelam&amp;theme=light&amp;widgetsVersion=889aa01%3A1612811843556&amp;width=550px\" width=\"300\" height=\"150\" frameborder=\"0\" scrolling=\"no\" allowfullscreen=\"allowfullscreen\" data-tweet-id=\"1364251453506879491\"><\/iframe><\/div>\n<\/div>\n<div class=\"js-code\">\n<div class=\"twitter-tweet twitter-tweet-rendered\"><iframe loading=\"lazy\" id=\"twitter-widget-1\" class=\"\" title=\"Twitter Tweet\" src=\"https:\/\/platform.twitter.com\/embed\/Tweet.html?creatorScreenName=agenciatelam&amp;dnt=false&amp;embedId=twitter-widget-1&amp;frame=false&amp;hideCard=false&amp;hideThread=false&amp;id=1364179940283977730&amp;lang=en&amp;origin=https%3A%2F%2Fwww.telam.com.ar%2Fnotas%2F202102%2F545435-inscriptos-vacunacion-contra-coronavirus-provincia-de-buenos-aires.html&amp;siteScreenName=agenciatelam&amp;theme=light&amp;widgetsVersion=889aa01%3A1612811843556&amp;width=550px\" width=\"300\" height=\"150\" frameborder=\"0\" scrolling=\"no\" allowfullscreen=\"allowfullscreen\" data-tweet-id=\"1364179940283977730\"><\/iframe><\/div>\n<\/div>\n<p>El plan cuenta con un gestor de turnos para que la vacunaci\u00f3n sea \u00aborganizada, \u00e1gil y no signifique un riesgo de aglomeraci\u00f3n\u00bb de gente en los centros de aplicaci\u00f3n.<\/p>\n<p>Las personas que se inscriben pasan a integrar la lista en la base de datos y luego se les asigna turno de acuerdo con las prioridades establecidas para recibir la inmunizaci\u00f3n.<\/p>\n<p>Buenos Aires Vacunate es el plan p\u00fablico, gratuito y optativo de vacunaci\u00f3n contra el coronavirus.<\/p>\n<div id=\"image\" class=\"image\">\n<p><img decoding=\"async\" title=\"Los centros de vacunaci\u00f3n est\u00e1n en todos los partidos bonaerenses.\" src=\"https:\/\/www.telam.com.ar\/advf\/imagenes\/2021\/02\/6035604cd154e_1004x565.jpg\" alt=\"Los centros de vacunaci\u00f3n est\u00e1n en todos los partidos bonaerenses.\" \/><\/p>\n<div class=\"epigrafe\">Los centros de vacunaci\u00f3n est\u00e1n en todos los partidos bonaerenses.<\/div>\n<\/div>\n<div id=\"image\" class=\"image\">\n<p><img decoding=\"async\" title=\"Centro de Vacunaci\u00f3n en el Estadio \u00danico de La Plata.\" src=\"https:\/\/www.telam.com.ar\/advf\/imagenes\/2021\/02\/6035604d38b5e_1004x565.jpg\" alt=\"Centro de Vacunaci\u00f3n en el Estadio \u00danico de La Plata.\" \/><\/p>\n<div class=\"epigrafe\">Centro de Vacunaci\u00f3n en el Estadio \u00danico de La Plata.<\/div>\n<\/div>\n<p>Los interesados en recibir la vacuna deber\u00e1n inscribirse en\u00a0<a href=\"http:\/\/vacunatepba.gba.gob.ar\/\" target=\"_blank\" rel=\"noopener\">vacunatepba.gba.gob.ar<\/a>\u00a0o a trav\u00e9s de la aplicaci\u00f3n\u00a0<a href=\"https:\/\/play.google.com\/store\/apps\/details?id=com.minsaludpba.vacunatePBA&amp;hl=es_AR&amp;gl=US\" target=\"_blank\" rel=\"noopener\">vacunatePBA<\/a>.<\/p>\n<p>Para garantizar el acceso al plan, en organismos bonaerenses con oficinas o delegaciones de atenci\u00f3n al p\u00fablico se ofrece el acompa\u00f1amiento para generar la inscripci\u00f3n.<\/p>\n<\/div>\n<\/div>\n<\/div>\n<\/div>\n<\/div>\n","protected":false},"excerpt":{"rendered":"<p>El plan de vacunaci\u00f3n bonaerense\u00a0cuenta con un gestor de turnos para que la aplicaci\u00f3n de las dosis sea \u00aborganizada, \u00e1gil y no signifique un riesgo de aglomeraci\u00f3n\u00bb de gente.<\/p>\n","protected":false},"author":3,"featured_media":0,"comment_status":"closed","ping_status":"open","sticky":false,"template":"","format":"standard","meta":{"footnotes":""},"categories":[24,30],"tags":[],"class_list":["post-52877","post","type-post","status-publish","format-standard","hentry","category-politica","category-salud"],"yoast_head":"<!-- This site is optimized with the Yoast SEO plugin v25.9 - https:\/\/yoast.com\/wordpress\/plugins\/seo\/ -->\n<title>Hay m\u00e1s de 3 millones de inscriptos para vacunarse en la provincia de Buenos Aires - Noticias Radio Reflejos<\/title>\n<meta name=\"robots\" content=\"index, follow, max-snippet:-1, max-image-preview:large, max-video-preview:-1\" \/>\n<link rel=\"canonical\" href=\"https:\/\/www.noticiasradioreflejos.com.ar\/2021\/hay-mas-de-3-millones-de-inscriptos-para-vacunarse-en-la-provincia-de-buenos-aires\/\" \/>\n<meta property=\"og:locale\" content=\"es_ES\" \/>\n<meta property=\"og:type\" content=\"article\" \/>\n<meta property=\"og:title\" content=\"Hay m\u00e1s de 3 millones de inscriptos para vacunarse en la provincia de Buenos Aires - Noticias Radio Reflejos\" \/>\n<meta property=\"og:description\" content=\"El plan de vacunaci\u00f3n bonaerense\u00a0cuenta con un gestor de turnos para que la aplicaci\u00f3n de las dosis sea \u00aborganizada, \u00e1gil y no signifique un riesgo de aglomeraci\u00f3n\u00bb de gente.\" \/>\n<meta property=\"og:url\" content=\"https:\/\/www.noticiasradioreflejos.com.ar\/2021\/hay-mas-de-3-millones-de-inscriptos-para-vacunarse-en-la-provincia-de-buenos-aires\/\" \/>\n<meta property=\"og:site_name\" content=\"Noticias Radio Reflejos\" \/>\n<meta property=\"article:published_time\" content=\"2021-02-24T11:44:17+00:00\" \/>\n<meta property=\"og:image\" content=\"https:\/\/www.telam.com.ar\/advf\/imagenes\/2021\/02\/6035604d02022_1004x565.jpg\" \/>\n<meta name=\"author\" content=\"Arnaldo Botto\" \/>\n<meta name=\"twitter:card\" content=\"summary_large_image\" \/>\n<script type=\"application\/ld+json\" class=\"yoast-schema-graph\">{\"@context\":\"https:\/\/schema.org\",\"@graph\":[{\"@type\":\"WebPage\",\"@id\":\"https:\/\/www.noticiasradioreflejos.com.ar\/2021\/hay-mas-de-3-millones-de-inscriptos-para-vacunarse-en-la-provincia-de-buenos-aires\/\",\"url\":\"https:\/\/www.noticiasradioreflejos.com.ar\/2021\/hay-mas-de-3-millones-de-inscriptos-para-vacunarse-en-la-provincia-de-buenos-aires\/\",\"name\":\"Hay m\u00e1s de 3 millones de inscriptos para vacunarse en la provincia de Buenos Aires - Noticias Radio Reflejos\",\"isPartOf\":{\"@id\":\"https:\/\/www.noticiasradioreflejos.com.ar\/2021\/#website\"},\"primaryImageOfPage\":{\"@id\":\"https:\/\/www.noticiasradioreflejos.com.ar\/2021\/hay-mas-de-3-millones-de-inscriptos-para-vacunarse-en-la-provincia-de-buenos-aires\/#primaryimage\"},\"image\":{\"@id\":\"https:\/\/www.noticiasradioreflejos.com.ar\/2021\/hay-mas-de-3-millones-de-inscriptos-para-vacunarse-en-la-provincia-de-buenos-aires\/#primaryimage\"},\"thumbnailUrl\":\"https:\/\/www.telam.com.ar\/advf\/imagenes\/2021\/02\/6035604d02022_1004x565.jpg\",\"datePublished\":\"2021-02-24T11:44:17+00:00\",\"author\":{\"@id\":\"https:\/\/www.noticiasradioreflejos.com.ar\/2021\/#\/schema\/person\/ad82545263dcc5ec0996818884fd5fb1\"},\"breadcrumb\":{\"@id\":\"https:\/\/www.noticiasradioreflejos.com.ar\/2021\/hay-mas-de-3-millones-de-inscriptos-para-vacunarse-en-la-provincia-de-buenos-aires\/#breadcrumb\"},\"inLanguage\":\"es\",\"potentialAction\":[{\"@type\":\"ReadAction\",\"target\":[\"https:\/\/www.noticiasradioreflejos.com.ar\/2021\/hay-mas-de-3-millones-de-inscriptos-para-vacunarse-en-la-provincia-de-buenos-aires\/\"]}]},{\"@type\":\"ImageObject\",\"inLanguage\":\"es\",\"@id\":\"https:\/\/www.noticiasradioreflejos.com.ar\/2021\/hay-mas-de-3-millones-de-inscriptos-para-vacunarse-en-la-provincia-de-buenos-aires\/#primaryimage\",\"url\":\"https:\/\/www.telam.com.ar\/advf\/imagenes\/2021\/02\/6035604d02022_1004x565.jpg\",\"contentUrl\":\"https:\/\/www.telam.com.ar\/advf\/imagenes\/2021\/02\/6035604d02022_1004x565.jpg\"},{\"@type\":\"BreadcrumbList\",\"@id\":\"https:\/\/www.noticiasradioreflejos.com.ar\/2021\/hay-mas-de-3-millones-de-inscriptos-para-vacunarse-en-la-provincia-de-buenos-aires\/#breadcrumb\",\"itemListElement\":[{\"@type\":\"ListItem\",\"position\":1,\"name\":\"Portada\",\"item\":\"https:\/\/www.noticiasradioreflejos.com.ar\/2021\/\"},{\"@type\":\"ListItem\",\"position\":2,\"name\":\"Hay m\u00e1s de 3 millones de inscriptos para vacunarse en la provincia de Buenos Aires\"}]},{\"@type\":\"WebSite\",\"@id\":\"https:\/\/www.noticiasradioreflejos.com.ar\/2021\/#website\",\"url\":\"https:\/\/www.noticiasradioreflejos.com.ar\/2021\/\",\"name\":\"Noticias Radio Reflejos\",\"description\":\"Las noticias de mi comarca\",\"potentialAction\":[{\"@type\":\"SearchAction\",\"target\":{\"@type\":\"EntryPoint\",\"urlTemplate\":\"https:\/\/www.noticiasradioreflejos.com.ar\/2021\/?s={search_term_string}\"},\"query-input\":{\"@type\":\"PropertyValueSpecification\",\"valueRequired\":true,\"valueName\":\"search_term_string\"}}],\"inLanguage\":\"es\"},{\"@type\":\"Person\",\"@id\":\"https:\/\/www.noticiasradioreflejos.com.ar\/2021\/#\/schema\/person\/ad82545263dcc5ec0996818884fd5fb1\",\"name\":\"Arnaldo Botto\",\"image\":{\"@type\":\"ImageObject\",\"inLanguage\":\"es\",\"@id\":\"https:\/\/www.noticiasradioreflejos.com.ar\/2021\/#\/schema\/person\/image\/\",\"url\":\"https:\/\/secure.gravatar.com\/avatar\/55cb5e37c1efa326397366e6974cb338056df65cb50e7d64d1cf314e87504837?s=96&d=mm&r=g\",\"contentUrl\":\"https:\/\/secure.gravatar.com\/avatar\/55cb5e37c1efa326397366e6974cb338056df65cb50e7d64d1cf314e87504837?s=96&d=mm&r=g\",\"caption\":\"Arnaldo Botto\"},\"url\":\"https:\/\/www.noticiasradioreflejos.com.ar\/2021\/author\/arnaldo\/\"}]}<\/script>\n<!-- \/ Yoast SEO plugin. -->","yoast_head_json":{"title":"Hay m\u00e1s de 3 millones de inscriptos para vacunarse en la provincia de Buenos Aires - Noticias Radio Reflejos","robots":{"index":"index","follow":"follow","max-snippet":"max-snippet:-1","max-image-preview":"max-image-preview:large","max-video-preview":"max-video-preview:-1"},"canonical":"https:\/\/www.noticiasradioreflejos.com.ar\/2021\/hay-mas-de-3-millones-de-inscriptos-para-vacunarse-en-la-provincia-de-buenos-aires\/","og_locale":"es_ES","og_type":"article","og_title":"Hay m\u00e1s de 3 millones de inscriptos para vacunarse en la provincia de Buenos Aires - Noticias Radio Reflejos","og_description":"El plan de vacunaci\u00f3n bonaerense\u00a0cuenta con un gestor de turnos para que la aplicaci\u00f3n de las dosis sea \u00aborganizada, \u00e1gil y no signifique un riesgo de aglomeraci\u00f3n\u00bb de gente.","og_url":"https:\/\/www.noticiasradioreflejos.com.ar\/2021\/hay-mas-de-3-millones-de-inscriptos-para-vacunarse-en-la-provincia-de-buenos-aires\/","og_site_name":"Noticias Radio Reflejos","article_published_time":"2021-02-24T11:44:17+00:00","og_image":[{"url":"https:\/\/www.telam.com.ar\/advf\/imagenes\/2021\/02\/6035604d02022_1004x565.jpg","type":"","width":"","height":""}],"author":"Arnaldo Botto","twitter_card":"summary_large_image","schema":{"@context":"https:\/\/schema.org","@graph":[{"@type":"WebPage","@id":"https:\/\/www.noticiasradioreflejos.com.ar\/2021\/hay-mas-de-3-millones-de-inscriptos-para-vacunarse-en-la-provincia-de-buenos-aires\/","url":"https:\/\/www.noticiasradioreflejos.com.ar\/2021\/hay-mas-de-3-millones-de-inscriptos-para-vacunarse-en-la-provincia-de-buenos-aires\/","name":"Hay m\u00e1s de 3 millones de inscriptos para vacunarse en la provincia de Buenos Aires - Noticias Radio Reflejos","isPartOf":{"@id":"https:\/\/www.noticiasradioreflejos.com.ar\/2021\/#website"},"primaryImageOfPage":{"@id":"https:\/\/www.noticiasradioreflejos.com.ar\/2021\/hay-mas-de-3-millones-de-inscriptos-para-vacunarse-en-la-provincia-de-buenos-aires\/#primaryimage"},"image":{"@id":"https:\/\/www.noticiasradioreflejos.com.ar\/2021\/hay-mas-de-3-millones-de-inscriptos-para-vacunarse-en-la-provincia-de-buenos-aires\/#primaryimage"},"thumbnailUrl":"https:\/\/www.telam.com.ar\/advf\/imagenes\/2021\/02\/6035604d02022_1004x565.jpg","datePublished":"2021-02-24T11:44:17+00:00","author":{"@id":"https:\/\/www.noticiasradioreflejos.com.ar\/2021\/#\/schema\/person\/ad82545263dcc5ec0996818884fd5fb1"},"breadcrumb":{"@id":"https:\/\/www.noticiasradioreflejos.com.ar\/2021\/hay-mas-de-3-millones-de-inscriptos-para-vacunarse-en-la-provincia-de-buenos-aires\/#breadcrumb"},"inLanguage":"es","potentialAction":[{"@type":"ReadAction","target":["https:\/\/www.noticiasradioreflejos.com.ar\/2021\/hay-mas-de-3-millones-de-inscriptos-para-vacunarse-en-la-provincia-de-buenos-aires\/"]}]},{"@type":"ImageObject","inLanguage":"es","@id":"https:\/\/www.noticiasradioreflejos.com.ar\/2021\/hay-mas-de-3-millones-de-inscriptos-para-vacunarse-en-la-provincia-de-buenos-aires\/#primaryimage","url":"https:\/\/www.telam.com.ar\/advf\/imagenes\/2021\/02\/6035604d02022_1004x565.jpg","contentUrl":"https:\/\/www.telam.com.ar\/advf\/imagenes\/2021\/02\/6035604d02022_1004x565.jpg"},{"@type":"BreadcrumbList","@id":"https:\/\/www.noticiasradioreflejos.com.ar\/2021\/hay-mas-de-3-millones-de-inscriptos-para-vacunarse-en-la-provincia-de-buenos-aires\/#breadcrumb","itemListElement":[{"@type":"ListItem","position":1,"name":"Portada","item":"https:\/\/www.noticiasradioreflejos.com.ar\/2021\/"},{"@type":"ListItem","position":2,"name":"Hay m\u00e1s de 3 millones de inscriptos para vacunarse en la provincia de Buenos Aires"}]},{"@type":"WebSite","@id":"https:\/\/www.noticiasradioreflejos.com.ar\/2021\/#website","url":"https:\/\/www.noticiasradioreflejos.com.ar\/2021\/","name":"Noticias Radio Reflejos","description":"Las noticias de mi comarca","potentialAction":[{"@type":"SearchAction","target":{"@type":"EntryPoint","urlTemplate":"https:\/\/www.noticiasradioreflejos.com.ar\/2021\/?s={search_term_string}"},"query-input":{"@type":"PropertyValueSpecification","valueRequired":true,"valueName":"search_term_string"}}],"inLanguage":"es"},{"@type":"Person","@id":"https:\/\/www.noticiasradioreflejos.com.ar\/2021\/#\/schema\/person\/ad82545263dcc5ec0996818884fd5fb1","name":"Arnaldo Botto","image":{"@type":"ImageObject","inLanguage":"es","@id":"https:\/\/www.noticiasradioreflejos.com.ar\/2021\/#\/schema\/person\/image\/","url":"https:\/\/secure.gravatar.com\/avatar\/55cb5e37c1efa326397366e6974cb338056df65cb50e7d64d1cf314e87504837?s=96&d=mm&r=g","contentUrl":"https:\/\/secure.gravatar.com\/avatar\/55cb5e37c1efa326397366e6974cb338056df65cb50e7d64d1cf314e87504837?s=96&d=mm&r=g","caption":"Arnaldo Botto"},"url":"https:\/\/www.noticiasradioreflejos.com.ar\/2021\/author\/arnaldo\/"}]}},"_links":{"self":[{"href":"https:\/\/www.noticiasradioreflejos.com.ar\/2021\/wp-json\/wp\/v2\/posts\/52877","targetHints":{"allow":["GET"]}}],"collection":[{"href":"https:\/\/www.noticiasradioreflejos.com.ar\/2021\/wp-json\/wp\/v2\/posts"}],"about":[{"href":"https:\/\/www.noticiasradioreflejos.com.ar\/2021\/wp-json\/wp\/v2\/types\/post"}],"author":[{"embeddable":true,"href":"https:\/\/www.noticiasradioreflejos.com.ar\/2021\/wp-json\/wp\/v2\/users\/3"}],"replies":[{"embeddable":true,"href":"https:\/\/www.noticiasradioreflejos.com.ar\/2021\/wp-json\/wp\/v2\/comments?post=52877"}],"version-history":[{"count":0,"href":"https:\/\/www.noticiasradioreflejos.com.ar\/2021\/wp-json\/wp\/v2\/posts\/52877\/revisions"}],"wp:attachment":[{"href":"https:\/\/www.noticiasradioreflejos.com.ar\/2021\/wp-json\/wp\/v2\/media?parent=52877"}],"wp:term":[{"taxonomy":"category","embeddable":true,"href":"https:\/\/www.noticiasradioreflejos.com.ar\/2021\/wp-json\/wp\/v2\/categories?post=52877"},{"taxonomy":"post_tag","embeddable":true,"href":"https:\/\/www.noticiasradioreflejos.com.ar\/2021\/wp-json\/wp\/v2\/tags?post=52877"}],"curies":[{"name":"wp","href":"https:\/\/api.w.org\/{rel}","templated":true}]}}