{"id":52874,"date":"2021-02-24T08:27:07","date_gmt":"2021-02-24T11:27:07","guid":{"rendered":"http:\/\/www.noticiasradioreflejos.com.ar\/noticias\/?p=52874"},"modified":"2021-02-24T08:27:07","modified_gmt":"2021-02-24T11:27:07","slug":"cuales-seran-los-primeros-grupos-de-docentes-en-recibir-la-vacuna","status":"publish","type":"post","link":"https:\/\/www.noticiasradioreflejos.com.ar\/2021\/cuales-seran-los-primeros-grupos-de-docentes-en-recibir-la-vacuna\/","title":{"rendered":"Cu\u00e1les ser\u00e1n los primeros grupos de docentes en recibir la vacuna"},"content":{"rendered":"<p>El ministro de Educaci\u00f3n, Nicol\u00e1s Trotta, detall\u00f3 este martes los cinco grupos del personal docente que ser\u00e1n priorizados para recibir la vacuna Sinopharm contra el coronavirus, despu\u00e9s del anuncio efectuado en ese sentido por la ministra de Salud, Carla Vizzotti.<!--more--><\/p>\n<div class=\"addthis_custom_sharing\"><\/div>\n<div class=\"main-content-block\">\n<div class=\"main-box clearfix\">\n<div class=\"wrapper-main-section clearfix\">\n<div class=\"wrapper-editable-content\">\n<div class=\"editable-content clearfix\">\n<div id=\"image\" class=\"image\">\n<p><img decoding=\"async\" title=\"Vizzotti anunci\u00f3 el comienzo de la campa\u00f1a de vacunaci\u00f3n para el personal docente.\" src=\"https:\/\/www.telam.com.ar\/advf\/imagenes\/2021\/02\/602fb1b410c60_1004x565.jpg\" alt=\"Vizzotti anunci\u00f3 el comienzo de la campa\u00f1a de vacunaci\u00f3n para el personal docente.\" \/><\/p>\n<div class=\"epigrafe\">Vizzotti anunci\u00f3 el comienzo de la campa\u00f1a de vacunaci\u00f3n para el personal docente.<\/div>\n<\/div>\n<p><strong>\u00abSe ha decido destinar las vacunas de Sinopharm al personal docente y no docente de las escuelas, que abarca una poblaci\u00f3n total de 1.458.000 en todo el pa\u00eds\u00bb, destac\u00f3 Trotta, y afirm\u00f3 que, de este modo, quedaron ratificados los \u00abconsensos construidos en el seno del Consejo Federal de Educaci\u00f3n\u00bb.<\/strong><\/p>\n<p>\u00abEl 2020 fue un a\u00f1o excepcional y esta vacuna nos permitir\u00e1 ir recuperando la normalidad que nos arrebat\u00f3 la pandemia. Estamos en proceso de recuperaci\u00f3n de la presencialidad en nuestras aulas, donde se trabaja todos los d\u00edas por igualar derechos y oportunidades\u00bb, expres\u00f3 el funcionario en un comunicado distribuido por su cartera.<\/p>\n<div class=\"auth\">De acuerdo al detalle proporcionado por el Ministerio los cinco grupos de docentes priorizados son:<\/div>\n<p><strong>1)<\/strong>\u00a0Personal de direcci\u00f3n y gesti\u00f3n, supervisi\u00f3n e inspecci\u00f3n; docentes frente a alumnos y de nivel Inicial (incluye ciclo maternal), los de primer ciclo del nivel primario, (1\u00b0, 2\u00b0 y 3\u00b0 grado) y los de educaci\u00f3n especial (un total de 457.694 personas).<\/p>\n<p><strong>2)\u00a0<\/strong>Personal de apoyo a la ense\u00f1anza, todo otro personal sin designaci\u00f3n docente pero que trabaja en establecimientos educativos de la educaci\u00f3n obligatoria en distintas \u00e1reas y servicios (247.413 personas).<\/p>\n<p><strong>3)<\/strong>\u00a0Docentes de nivel primario, del segundo ciclo de 4\u00b0 a 6\u00b0\/7\u00b0 grados (148.692).<\/p>\n<p><strong>4)<\/strong>\u00a0Docentes de nivel secundario, de educaci\u00f3n permanente para j\u00f3venes y adultos en todos sus niveles e instructores de formaci\u00f3n profesional (331.099).<\/p>\n<p><strong>5)<\/strong>\u00a0Docentes y no docentes de institutos de educaci\u00f3n superior y universidades ( 273.185).<\/p>\n<\/div>\n<\/div>\n<\/div>\n<\/div>\n<\/div>\n","protected":false},"excerpt":{"rendered":"<p>El ministro de Educaci\u00f3n, Nicol\u00e1s Trotta, detall\u00f3 este martes los cinco grupos del personal docente que ser\u00e1n priorizados para recibir la vacuna Sinopharm contra el coronavirus, despu\u00e9s del anuncio efectuado en ese sentido por la ministra de Salud, Carla Vizzotti.<\/p>\n","protected":false},"author":3,"featured_media":0,"comment_status":"closed","ping_status":"open","sticky":false,"template":"","format":"standard","meta":{"footnotes":""},"categories":[34,30],"tags":[],"class_list":["post-52874","post","type-post","status-publish","format-standard","hentry","category-educacion","category-salud"],"yoast_head":"<!-- This site is optimized with the Yoast SEO plugin v25.9 - https:\/\/yoast.com\/wordpress\/plugins\/seo\/ -->\n<title>Cu\u00e1les ser\u00e1n los primeros grupos de docentes en recibir la vacuna - Noticias Radio Reflejos<\/title>\n<meta name=\"robots\" content=\"index, follow, max-snippet:-1, max-image-preview:large, max-video-preview:-1\" \/>\n<link rel=\"canonical\" href=\"https:\/\/www.noticiasradioreflejos.com.ar\/2021\/cuales-seran-los-primeros-grupos-de-docentes-en-recibir-la-vacuna\/\" \/>\n<meta property=\"og:locale\" content=\"es_ES\" \/>\n<meta property=\"og:type\" content=\"article\" \/>\n<meta property=\"og:title\" content=\"Cu\u00e1les ser\u00e1n los primeros grupos de docentes en recibir la vacuna - Noticias Radio Reflejos\" \/>\n<meta property=\"og:description\" content=\"El ministro de Educaci\u00f3n, Nicol\u00e1s Trotta, detall\u00f3 este martes los cinco grupos del personal docente que ser\u00e1n priorizados para recibir la vacuna Sinopharm contra el coronavirus, despu\u00e9s del anuncio efectuado en ese sentido por la ministra de Salud, Carla Vizzotti.\" \/>\n<meta property=\"og:url\" content=\"https:\/\/www.noticiasradioreflejos.com.ar\/2021\/cuales-seran-los-primeros-grupos-de-docentes-en-recibir-la-vacuna\/\" \/>\n<meta property=\"og:site_name\" content=\"Noticias Radio Reflejos\" \/>\n<meta property=\"article:published_time\" content=\"2021-02-24T11:27:07+00:00\" \/>\n<meta property=\"og:image\" content=\"https:\/\/www.telam.com.ar\/advf\/imagenes\/2021\/02\/602fb1b410c60_1004x565.jpg\" \/>\n<meta name=\"author\" content=\"Arnaldo Botto\" \/>\n<meta name=\"twitter:card\" content=\"summary_large_image\" \/>\n<script type=\"application\/ld+json\" class=\"yoast-schema-graph\">{\"@context\":\"https:\/\/schema.org\",\"@graph\":[{\"@type\":\"WebPage\",\"@id\":\"https:\/\/www.noticiasradioreflejos.com.ar\/2021\/cuales-seran-los-primeros-grupos-de-docentes-en-recibir-la-vacuna\/\",\"url\":\"https:\/\/www.noticiasradioreflejos.com.ar\/2021\/cuales-seran-los-primeros-grupos-de-docentes-en-recibir-la-vacuna\/\",\"name\":\"Cu\u00e1les ser\u00e1n los primeros grupos de docentes en recibir la vacuna - Noticias Radio Reflejos\",\"isPartOf\":{\"@id\":\"https:\/\/www.noticiasradioreflejos.com.ar\/2021\/#website\"},\"primaryImageOfPage\":{\"@id\":\"https:\/\/www.noticiasradioreflejos.com.ar\/2021\/cuales-seran-los-primeros-grupos-de-docentes-en-recibir-la-vacuna\/#primaryimage\"},\"image\":{\"@id\":\"https:\/\/www.noticiasradioreflejos.com.ar\/2021\/cuales-seran-los-primeros-grupos-de-docentes-en-recibir-la-vacuna\/#primaryimage\"},\"thumbnailUrl\":\"https:\/\/www.telam.com.ar\/advf\/imagenes\/2021\/02\/602fb1b410c60_1004x565.jpg\",\"datePublished\":\"2021-02-24T11:27:07+00:00\",\"author\":{\"@id\":\"https:\/\/www.noticiasradioreflejos.com.ar\/2021\/#\/schema\/person\/ad82545263dcc5ec0996818884fd5fb1\"},\"breadcrumb\":{\"@id\":\"https:\/\/www.noticiasradioreflejos.com.ar\/2021\/cuales-seran-los-primeros-grupos-de-docentes-en-recibir-la-vacuna\/#breadcrumb\"},\"inLanguage\":\"es\",\"potentialAction\":[{\"@type\":\"ReadAction\",\"target\":[\"https:\/\/www.noticiasradioreflejos.com.ar\/2021\/cuales-seran-los-primeros-grupos-de-docentes-en-recibir-la-vacuna\/\"]}]},{\"@type\":\"ImageObject\",\"inLanguage\":\"es\",\"@id\":\"https:\/\/www.noticiasradioreflejos.com.ar\/2021\/cuales-seran-los-primeros-grupos-de-docentes-en-recibir-la-vacuna\/#primaryimage\",\"url\":\"https:\/\/www.telam.com.ar\/advf\/imagenes\/2021\/02\/602fb1b410c60_1004x565.jpg\",\"contentUrl\":\"https:\/\/www.telam.com.ar\/advf\/imagenes\/2021\/02\/602fb1b410c60_1004x565.jpg\"},{\"@type\":\"BreadcrumbList\",\"@id\":\"https:\/\/www.noticiasradioreflejos.com.ar\/2021\/cuales-seran-los-primeros-grupos-de-docentes-en-recibir-la-vacuna\/#breadcrumb\",\"itemListElement\":[{\"@type\":\"ListItem\",\"position\":1,\"name\":\"Portada\",\"item\":\"https:\/\/www.noticiasradioreflejos.com.ar\/2021\/\"},{\"@type\":\"ListItem\",\"position\":2,\"name\":\"Cu\u00e1les ser\u00e1n los primeros grupos de docentes en recibir la vacuna\"}]},{\"@type\":\"WebSite\",\"@id\":\"https:\/\/www.noticiasradioreflejos.com.ar\/2021\/#website\",\"url\":\"https:\/\/www.noticiasradioreflejos.com.ar\/2021\/\",\"name\":\"Noticias Radio Reflejos\",\"description\":\"Las noticias de mi comarca\",\"potentialAction\":[{\"@type\":\"SearchAction\",\"target\":{\"@type\":\"EntryPoint\",\"urlTemplate\":\"https:\/\/www.noticiasradioreflejos.com.ar\/2021\/?s={search_term_string}\"},\"query-input\":{\"@type\":\"PropertyValueSpecification\",\"valueRequired\":true,\"valueName\":\"search_term_string\"}}],\"inLanguage\":\"es\"},{\"@type\":\"Person\",\"@id\":\"https:\/\/www.noticiasradioreflejos.com.ar\/2021\/#\/schema\/person\/ad82545263dcc5ec0996818884fd5fb1\",\"name\":\"Arnaldo Botto\",\"image\":{\"@type\":\"ImageObject\",\"inLanguage\":\"es\",\"@id\":\"https:\/\/www.noticiasradioreflejos.com.ar\/2021\/#\/schema\/person\/image\/\",\"url\":\"https:\/\/secure.gravatar.com\/avatar\/55cb5e37c1efa326397366e6974cb338056df65cb50e7d64d1cf314e87504837?s=96&d=mm&r=g\",\"contentUrl\":\"https:\/\/secure.gravatar.com\/avatar\/55cb5e37c1efa326397366e6974cb338056df65cb50e7d64d1cf314e87504837?s=96&d=mm&r=g\",\"caption\":\"Arnaldo Botto\"},\"url\":\"https:\/\/www.noticiasradioreflejos.com.ar\/2021\/author\/arnaldo\/\"}]}<\/script>\n<!-- \/ Yoast SEO plugin. -->","yoast_head_json":{"title":"Cu\u00e1les ser\u00e1n los primeros grupos de docentes en recibir la vacuna - Noticias Radio Reflejos","robots":{"index":"index","follow":"follow","max-snippet":"max-snippet:-1","max-image-preview":"max-image-preview:large","max-video-preview":"max-video-preview:-1"},"canonical":"https:\/\/www.noticiasradioreflejos.com.ar\/2021\/cuales-seran-los-primeros-grupos-de-docentes-en-recibir-la-vacuna\/","og_locale":"es_ES","og_type":"article","og_title":"Cu\u00e1les ser\u00e1n los primeros grupos de docentes en recibir la vacuna - Noticias Radio Reflejos","og_description":"El ministro de Educaci\u00f3n, Nicol\u00e1s Trotta, detall\u00f3 este martes los cinco grupos del personal docente que ser\u00e1n priorizados para recibir la vacuna Sinopharm contra el coronavirus, despu\u00e9s del anuncio efectuado en ese sentido por la ministra de Salud, Carla Vizzotti.","og_url":"https:\/\/www.noticiasradioreflejos.com.ar\/2021\/cuales-seran-los-primeros-grupos-de-docentes-en-recibir-la-vacuna\/","og_site_name":"Noticias Radio Reflejos","article_published_time":"2021-02-24T11:27:07+00:00","og_image":[{"url":"https:\/\/www.telam.com.ar\/advf\/imagenes\/2021\/02\/602fb1b410c60_1004x565.jpg","type":"","width":"","height":""}],"author":"Arnaldo Botto","twitter_card":"summary_large_image","schema":{"@context":"https:\/\/schema.org","@graph":[{"@type":"WebPage","@id":"https:\/\/www.noticiasradioreflejos.com.ar\/2021\/cuales-seran-los-primeros-grupos-de-docentes-en-recibir-la-vacuna\/","url":"https:\/\/www.noticiasradioreflejos.com.ar\/2021\/cuales-seran-los-primeros-grupos-de-docentes-en-recibir-la-vacuna\/","name":"Cu\u00e1les ser\u00e1n los primeros grupos de docentes en recibir la vacuna - Noticias Radio Reflejos","isPartOf":{"@id":"https:\/\/www.noticiasradioreflejos.com.ar\/2021\/#website"},"primaryImageOfPage":{"@id":"https:\/\/www.noticiasradioreflejos.com.ar\/2021\/cuales-seran-los-primeros-grupos-de-docentes-en-recibir-la-vacuna\/#primaryimage"},"image":{"@id":"https:\/\/www.noticiasradioreflejos.com.ar\/2021\/cuales-seran-los-primeros-grupos-de-docentes-en-recibir-la-vacuna\/#primaryimage"},"thumbnailUrl":"https:\/\/www.telam.com.ar\/advf\/imagenes\/2021\/02\/602fb1b410c60_1004x565.jpg","datePublished":"2021-02-24T11:27:07+00:00","author":{"@id":"https:\/\/www.noticiasradioreflejos.com.ar\/2021\/#\/schema\/person\/ad82545263dcc5ec0996818884fd5fb1"},"breadcrumb":{"@id":"https:\/\/www.noticiasradioreflejos.com.ar\/2021\/cuales-seran-los-primeros-grupos-de-docentes-en-recibir-la-vacuna\/#breadcrumb"},"inLanguage":"es","potentialAction":[{"@type":"ReadAction","target":["https:\/\/www.noticiasradioreflejos.com.ar\/2021\/cuales-seran-los-primeros-grupos-de-docentes-en-recibir-la-vacuna\/"]}]},{"@type":"ImageObject","inLanguage":"es","@id":"https:\/\/www.noticiasradioreflejos.com.ar\/2021\/cuales-seran-los-primeros-grupos-de-docentes-en-recibir-la-vacuna\/#primaryimage","url":"https:\/\/www.telam.com.ar\/advf\/imagenes\/2021\/02\/602fb1b410c60_1004x565.jpg","contentUrl":"https:\/\/www.telam.com.ar\/advf\/imagenes\/2021\/02\/602fb1b410c60_1004x565.jpg"},{"@type":"BreadcrumbList","@id":"https:\/\/www.noticiasradioreflejos.com.ar\/2021\/cuales-seran-los-primeros-grupos-de-docentes-en-recibir-la-vacuna\/#breadcrumb","itemListElement":[{"@type":"ListItem","position":1,"name":"Portada","item":"https:\/\/www.noticiasradioreflejos.com.ar\/2021\/"},{"@type":"ListItem","position":2,"name":"Cu\u00e1les ser\u00e1n los primeros grupos de docentes en recibir la vacuna"}]},{"@type":"WebSite","@id":"https:\/\/www.noticiasradioreflejos.com.ar\/2021\/#website","url":"https:\/\/www.noticiasradioreflejos.com.ar\/2021\/","name":"Noticias Radio Reflejos","description":"Las noticias de mi comarca","potentialAction":[{"@type":"SearchAction","target":{"@type":"EntryPoint","urlTemplate":"https:\/\/www.noticiasradioreflejos.com.ar\/2021\/?s={search_term_string}"},"query-input":{"@type":"PropertyValueSpecification","valueRequired":true,"valueName":"search_term_string"}}],"inLanguage":"es"},{"@type":"Person","@id":"https:\/\/www.noticiasradioreflejos.com.ar\/2021\/#\/schema\/person\/ad82545263dcc5ec0996818884fd5fb1","name":"Arnaldo Botto","image":{"@type":"ImageObject","inLanguage":"es","@id":"https:\/\/www.noticiasradioreflejos.com.ar\/2021\/#\/schema\/person\/image\/","url":"https:\/\/secure.gravatar.com\/avatar\/55cb5e37c1efa326397366e6974cb338056df65cb50e7d64d1cf314e87504837?s=96&d=mm&r=g","contentUrl":"https:\/\/secure.gravatar.com\/avatar\/55cb5e37c1efa326397366e6974cb338056df65cb50e7d64d1cf314e87504837?s=96&d=mm&r=g","caption":"Arnaldo Botto"},"url":"https:\/\/www.noticiasradioreflejos.com.ar\/2021\/author\/arnaldo\/"}]}},"_links":{"self":[{"href":"https:\/\/www.noticiasradioreflejos.com.ar\/2021\/wp-json\/wp\/v2\/posts\/52874","targetHints":{"allow":["GET"]}}],"collection":[{"href":"https:\/\/www.noticiasradioreflejos.com.ar\/2021\/wp-json\/wp\/v2\/posts"}],"about":[{"href":"https:\/\/www.noticiasradioreflejos.com.ar\/2021\/wp-json\/wp\/v2\/types\/post"}],"author":[{"embeddable":true,"href":"https:\/\/www.noticiasradioreflejos.com.ar\/2021\/wp-json\/wp\/v2\/users\/3"}],"replies":[{"embeddable":true,"href":"https:\/\/www.noticiasradioreflejos.com.ar\/2021\/wp-json\/wp\/v2\/comments?post=52874"}],"version-history":[{"count":0,"href":"https:\/\/www.noticiasradioreflejos.com.ar\/2021\/wp-json\/wp\/v2\/posts\/52874\/revisions"}],"wp:attachment":[{"href":"https:\/\/www.noticiasradioreflejos.com.ar\/2021\/wp-json\/wp\/v2\/media?parent=52874"}],"wp:term":[{"taxonomy":"category","embeddable":true,"href":"https:\/\/www.noticiasradioreflejos.com.ar\/2021\/wp-json\/wp\/v2\/categories?post=52874"},{"taxonomy":"post_tag","embeddable":true,"href":"https:\/\/www.noticiasradioreflejos.com.ar\/2021\/wp-json\/wp\/v2\/tags?post=52874"}],"curies":[{"name":"wp","href":"https:\/\/api.w.org\/{rel}","templated":true}]}}