{"id":52864,"date":"2021-02-23T18:10:59","date_gmt":"2021-02-23T21:10:59","guid":{"rendered":"http:\/\/www.noticiasradioreflejos.com.ar\/noticias\/?p=52864"},"modified":"2021-02-23T18:10:59","modified_gmt":"2021-02-23T21:10:59","slug":"piden-desestimar-la-absurda-denuncia-de-carrio-contra-el-gobierno-por-envenenamiento","status":"publish","type":"post","link":"https:\/\/www.noticiasradioreflejos.com.ar\/2021\/piden-desestimar-la-absurda-denuncia-de-carrio-contra-el-gobierno-por-envenenamiento\/","title":{"rendered":"Piden desestimar la absurda denuncia de Carri\u00f3 contra el Gobierno por \u00abenvenenamiento\u00bb"},"content":{"rendered":"<p>La hab\u00eda presentado por la adquisici\u00f3n de la Sputnik V . El fiscal Guillermo Marijuan consider\u00f3 que no existi\u00f3 ning\u00fan delito en la compra de la vacuna desarrollada por el Instituto Gamaleya como estrategia para enfrentar la pandemia del coronavirus.\u00a0<!--more--><\/p>\n<p>El fiscal federal\u00a0<b>Guillermo Marijuan<\/b>\u00a0solicit\u00f3 este martes desestimar la absurda denuncia presentada por la ex diputada nacional\u00a0<b>Elisa Carri\u00f3\u00a0<\/b>contra el presidente\u00a0<b>Alberto Fern\u00e1ndez<\/b>\u00a0por\u00a0<a href=\"https:\/\/www.pagina12.com.ar\/313371-la-absurda-denuncia-de-carrio-contra-el-gobierno-por-envenen\">\u201c<b>envenenamiento<\/b>\u201d<\/a>, luego de que el Gobierno adquiriese la vacuna\u00a0<b>Sputnik V<\/b>\u00a0contra el coronavirus.<\/p>\n<p>Marijuan consider\u00f3 que no existi\u00f3 ning\u00fan delito en la compra de la vacuna desarrollada por el Instituto\u00a0Gamaleya como estrategia para enfrentar la pandemia. \u201cEsta representaci\u00f3n del Ministerio P\u00fablico Fiscal\u00a0<b>no encuentra elemento alguno que habilite a esta parte a continuar con una investigaci\u00f3n de \u00edndole criminal<\/b>\u00a0con relaci\u00f3n a los sucesos tra\u00eddos a conocimiento por los aqu\u00ed denunciantes\u201d, se\u00f1al\u00f3 el fiscal en el requerimiento que le present\u00f3 al juez Sebasti\u00e1n Casanello.<\/p>\n<div id=\"talkFireEvent\"><\/div>\n<p>La presentaci\u00f3n judicial abarca a todos los funcionarios que participaron en \u00abgestiones, contrataci\u00f3n y firma de contratos con el gobierno de Rusia, para la reserva, adquisici\u00f3n y comercializaci\u00f3n de la vacuna Sputik V, quienes\u00a0<b>podr\u00edan estar incursos en la posible comisi\u00f3n de los delitos de atentado contra la salud p\u00fablica<\/b>; defraudaci\u00f3n al Estado, Incumplimiento de Deberes de Funcionario P\u00fablico\u00bb. (Sic)<\/p>\n<p>Tambi\u00e9n incluye un apartado en el que define otro delito, en el marco de las \u00abacciones peligrosas\u00bb contra la salud p\u00fablica y all\u00ed habla del potencial envenenamiento de la poblaci\u00f3n.<\/p>\n<p>Los denunciantes de\u00a0<b>Juntos por el Cambio<\/b>\u00a0acusan al Presidente de la Naci\u00f3n, el entonces ministro de Salud,\u00a0<b>Gin\u00e9s Gon\u00e1lez Garc\u00eda<\/b>, y su sucesora en el cargo,\u00a0<b>Carla Vizzotti<\/b>, \u201cpor la adquisici\u00f3n de una partida de vacunas, sin haber agotado sus tres fases de ensayos y sin haberse publicado en revistas cient\u00edficas sus conclusiones\u201d.<\/p>\n<p>Previo a desestimarla, Marijuan solicit\u00f3 a la\u00a0<b>Administraci\u00f3n Nacional de Medicamentos, Alimentos y Tecnolog\u00eda M\u00e9dica (ANMAT)<\/b>\u00a0la remisi\u00f3n de copias certificadas de la totalidad de la documentaci\u00f3n relativa a la adquisici\u00f3n, distribuci\u00f3n y eventual aplicaci\u00f3n de la vacuna Sputnik V.<\/p>\n<p><span style=\"color: #0000ff;\"><strong>Fuente P\u00e1gina 12<\/strong><\/span><\/p>\n","protected":false},"excerpt":{"rendered":"<p>La hab\u00eda presentado por la adquisici\u00f3n de la Sputnik V . El fiscal Guillermo Marijuan consider\u00f3 que no existi\u00f3 ning\u00fan delito en la compra de la vacuna desarrollada por el Instituto Gamaleya como estrategia para enfrentar la pandemia del coronavirus.\u00a0<\/p>\n","protected":false},"author":3,"featured_media":0,"comment_status":"closed","ping_status":"open","sticky":false,"template":"","format":"standard","meta":{"footnotes":""},"categories":[29],"tags":[],"class_list":["post-52864","post","type-post","status-publish","format-standard","hentry","category-policiales"],"yoast_head":"<!-- This site is optimized with the Yoast SEO plugin v25.9 - https:\/\/yoast.com\/wordpress\/plugins\/seo\/ -->\n<title>Piden desestimar la absurda denuncia de Carri\u00f3 contra el Gobierno por &quot;envenenamiento&quot; - Noticias Radio Reflejos<\/title>\n<meta name=\"robots\" content=\"index, follow, max-snippet:-1, max-image-preview:large, max-video-preview:-1\" \/>\n<link rel=\"canonical\" href=\"https:\/\/www.noticiasradioreflejos.com.ar\/2021\/piden-desestimar-la-absurda-denuncia-de-carrio-contra-el-gobierno-por-envenenamiento\/\" \/>\n<meta property=\"og:locale\" content=\"es_ES\" \/>\n<meta property=\"og:type\" content=\"article\" \/>\n<meta property=\"og:title\" content=\"Piden desestimar la absurda denuncia de Carri\u00f3 contra el Gobierno por &quot;envenenamiento&quot; - Noticias Radio Reflejos\" \/>\n<meta property=\"og:description\" content=\"La hab\u00eda presentado por la adquisici\u00f3n de la Sputnik V . El fiscal Guillermo Marijuan consider\u00f3 que no existi\u00f3 ning\u00fan delito en la compra de la vacuna desarrollada por el Instituto Gamaleya como estrategia para enfrentar la pandemia del coronavirus.\u00a0\" \/>\n<meta property=\"og:url\" content=\"https:\/\/www.noticiasradioreflejos.com.ar\/2021\/piden-desestimar-la-absurda-denuncia-de-carrio-contra-el-gobierno-por-envenenamiento\/\" \/>\n<meta property=\"og:site_name\" content=\"Noticias Radio Reflejos\" \/>\n<meta property=\"article:published_time\" content=\"2021-02-23T21:10:59+00:00\" \/>\n<meta property=\"og:image\" content=\"https:\/\/www.noticiasradioreflejos.com.ar\/2021\/wp-content\/uploads\/2021\/07\/logosol300x200.png\" \/>\n\t<meta property=\"og:image:width\" content=\"300\" \/>\n\t<meta property=\"og:image:height\" content=\"200\" \/>\n\t<meta property=\"og:image:type\" content=\"image\/png\" \/>\n<meta name=\"author\" content=\"Arnaldo Botto\" \/>\n<meta name=\"twitter:card\" content=\"summary_large_image\" \/>\n<script type=\"application\/ld+json\" class=\"yoast-schema-graph\">{\"@context\":\"https:\/\/schema.org\",\"@graph\":[{\"@type\":\"WebPage\",\"@id\":\"https:\/\/www.noticiasradioreflejos.com.ar\/2021\/piden-desestimar-la-absurda-denuncia-de-carrio-contra-el-gobierno-por-envenenamiento\/\",\"url\":\"https:\/\/www.noticiasradioreflejos.com.ar\/2021\/piden-desestimar-la-absurda-denuncia-de-carrio-contra-el-gobierno-por-envenenamiento\/\",\"name\":\"Piden desestimar la absurda denuncia de Carri\u00f3 contra el Gobierno por \\\"envenenamiento\\\" - Noticias Radio Reflejos\",\"isPartOf\":{\"@id\":\"https:\/\/www.noticiasradioreflejos.com.ar\/2021\/#website\"},\"datePublished\":\"2021-02-23T21:10:59+00:00\",\"author\":{\"@id\":\"https:\/\/www.noticiasradioreflejos.com.ar\/2021\/#\/schema\/person\/ad82545263dcc5ec0996818884fd5fb1\"},\"breadcrumb\":{\"@id\":\"https:\/\/www.noticiasradioreflejos.com.ar\/2021\/piden-desestimar-la-absurda-denuncia-de-carrio-contra-el-gobierno-por-envenenamiento\/#breadcrumb\"},\"inLanguage\":\"es\",\"potentialAction\":[{\"@type\":\"ReadAction\",\"target\":[\"https:\/\/www.noticiasradioreflejos.com.ar\/2021\/piden-desestimar-la-absurda-denuncia-de-carrio-contra-el-gobierno-por-envenenamiento\/\"]}]},{\"@type\":\"BreadcrumbList\",\"@id\":\"https:\/\/www.noticiasradioreflejos.com.ar\/2021\/piden-desestimar-la-absurda-denuncia-de-carrio-contra-el-gobierno-por-envenenamiento\/#breadcrumb\",\"itemListElement\":[{\"@type\":\"ListItem\",\"position\":1,\"name\":\"Portada\",\"item\":\"https:\/\/www.noticiasradioreflejos.com.ar\/2021\/\"},{\"@type\":\"ListItem\",\"position\":2,\"name\":\"Piden desestimar la absurda denuncia de Carri\u00f3 contra el Gobierno por \u00abenvenenamiento\u00bb\"}]},{\"@type\":\"WebSite\",\"@id\":\"https:\/\/www.noticiasradioreflejos.com.ar\/2021\/#website\",\"url\":\"https:\/\/www.noticiasradioreflejos.com.ar\/2021\/\",\"name\":\"Noticias Radio Reflejos\",\"description\":\"Las noticias de mi comarca\",\"potentialAction\":[{\"@type\":\"SearchAction\",\"target\":{\"@type\":\"EntryPoint\",\"urlTemplate\":\"https:\/\/www.noticiasradioreflejos.com.ar\/2021\/?s={search_term_string}\"},\"query-input\":{\"@type\":\"PropertyValueSpecification\",\"valueRequired\":true,\"valueName\":\"search_term_string\"}}],\"inLanguage\":\"es\"},{\"@type\":\"Person\",\"@id\":\"https:\/\/www.noticiasradioreflejos.com.ar\/2021\/#\/schema\/person\/ad82545263dcc5ec0996818884fd5fb1\",\"name\":\"Arnaldo Botto\",\"image\":{\"@type\":\"ImageObject\",\"inLanguage\":\"es\",\"@id\":\"https:\/\/www.noticiasradioreflejos.com.ar\/2021\/#\/schema\/person\/image\/\",\"url\":\"https:\/\/secure.gravatar.com\/avatar\/55cb5e37c1efa326397366e6974cb338056df65cb50e7d64d1cf314e87504837?s=96&d=mm&r=g\",\"contentUrl\":\"https:\/\/secure.gravatar.com\/avatar\/55cb5e37c1efa326397366e6974cb338056df65cb50e7d64d1cf314e87504837?s=96&d=mm&r=g\",\"caption\":\"Arnaldo Botto\"},\"url\":\"https:\/\/www.noticiasradioreflejos.com.ar\/2021\/author\/arnaldo\/\"}]}<\/script>\n<!-- \/ Yoast SEO plugin. -->","yoast_head_json":{"title":"Piden desestimar la absurda denuncia de Carri\u00f3 contra el Gobierno por \"envenenamiento\" - Noticias Radio Reflejos","robots":{"index":"index","follow":"follow","max-snippet":"max-snippet:-1","max-image-preview":"max-image-preview:large","max-video-preview":"max-video-preview:-1"},"canonical":"https:\/\/www.noticiasradioreflejos.com.ar\/2021\/piden-desestimar-la-absurda-denuncia-de-carrio-contra-el-gobierno-por-envenenamiento\/","og_locale":"es_ES","og_type":"article","og_title":"Piden desestimar la absurda denuncia de Carri\u00f3 contra el Gobierno por \"envenenamiento\" - Noticias Radio Reflejos","og_description":"La hab\u00eda presentado por la adquisici\u00f3n de la Sputnik V . El fiscal Guillermo Marijuan consider\u00f3 que no existi\u00f3 ning\u00fan delito en la compra de la vacuna desarrollada por el Instituto Gamaleya como estrategia para enfrentar la pandemia del coronavirus.\u00a0","og_url":"https:\/\/www.noticiasradioreflejos.com.ar\/2021\/piden-desestimar-la-absurda-denuncia-de-carrio-contra-el-gobierno-por-envenenamiento\/","og_site_name":"Noticias Radio Reflejos","article_published_time":"2021-02-23T21:10:59+00:00","og_image":[{"width":300,"height":200,"url":"https:\/\/www.noticiasradioreflejos.com.ar\/2021\/wp-content\/uploads\/2021\/07\/logosol300x200.png","type":"image\/png"}],"author":"Arnaldo Botto","twitter_card":"summary_large_image","schema":{"@context":"https:\/\/schema.org","@graph":[{"@type":"WebPage","@id":"https:\/\/www.noticiasradioreflejos.com.ar\/2021\/piden-desestimar-la-absurda-denuncia-de-carrio-contra-el-gobierno-por-envenenamiento\/","url":"https:\/\/www.noticiasradioreflejos.com.ar\/2021\/piden-desestimar-la-absurda-denuncia-de-carrio-contra-el-gobierno-por-envenenamiento\/","name":"Piden desestimar la absurda denuncia de Carri\u00f3 contra el Gobierno por \"envenenamiento\" - Noticias Radio Reflejos","isPartOf":{"@id":"https:\/\/www.noticiasradioreflejos.com.ar\/2021\/#website"},"datePublished":"2021-02-23T21:10:59+00:00","author":{"@id":"https:\/\/www.noticiasradioreflejos.com.ar\/2021\/#\/schema\/person\/ad82545263dcc5ec0996818884fd5fb1"},"breadcrumb":{"@id":"https:\/\/www.noticiasradioreflejos.com.ar\/2021\/piden-desestimar-la-absurda-denuncia-de-carrio-contra-el-gobierno-por-envenenamiento\/#breadcrumb"},"inLanguage":"es","potentialAction":[{"@type":"ReadAction","target":["https:\/\/www.noticiasradioreflejos.com.ar\/2021\/piden-desestimar-la-absurda-denuncia-de-carrio-contra-el-gobierno-por-envenenamiento\/"]}]},{"@type":"BreadcrumbList","@id":"https:\/\/www.noticiasradioreflejos.com.ar\/2021\/piden-desestimar-la-absurda-denuncia-de-carrio-contra-el-gobierno-por-envenenamiento\/#breadcrumb","itemListElement":[{"@type":"ListItem","position":1,"name":"Portada","item":"https:\/\/www.noticiasradioreflejos.com.ar\/2021\/"},{"@type":"ListItem","position":2,"name":"Piden desestimar la absurda denuncia de Carri\u00f3 contra el Gobierno por \u00abenvenenamiento\u00bb"}]},{"@type":"WebSite","@id":"https:\/\/www.noticiasradioreflejos.com.ar\/2021\/#website","url":"https:\/\/www.noticiasradioreflejos.com.ar\/2021\/","name":"Noticias Radio Reflejos","description":"Las noticias de mi comarca","potentialAction":[{"@type":"SearchAction","target":{"@type":"EntryPoint","urlTemplate":"https:\/\/www.noticiasradioreflejos.com.ar\/2021\/?s={search_term_string}"},"query-input":{"@type":"PropertyValueSpecification","valueRequired":true,"valueName":"search_term_string"}}],"inLanguage":"es"},{"@type":"Person","@id":"https:\/\/www.noticiasradioreflejos.com.ar\/2021\/#\/schema\/person\/ad82545263dcc5ec0996818884fd5fb1","name":"Arnaldo Botto","image":{"@type":"ImageObject","inLanguage":"es","@id":"https:\/\/www.noticiasradioreflejos.com.ar\/2021\/#\/schema\/person\/image\/","url":"https:\/\/secure.gravatar.com\/avatar\/55cb5e37c1efa326397366e6974cb338056df65cb50e7d64d1cf314e87504837?s=96&d=mm&r=g","contentUrl":"https:\/\/secure.gravatar.com\/avatar\/55cb5e37c1efa326397366e6974cb338056df65cb50e7d64d1cf314e87504837?s=96&d=mm&r=g","caption":"Arnaldo Botto"},"url":"https:\/\/www.noticiasradioreflejos.com.ar\/2021\/author\/arnaldo\/"}]}},"_links":{"self":[{"href":"https:\/\/www.noticiasradioreflejos.com.ar\/2021\/wp-json\/wp\/v2\/posts\/52864","targetHints":{"allow":["GET"]}}],"collection":[{"href":"https:\/\/www.noticiasradioreflejos.com.ar\/2021\/wp-json\/wp\/v2\/posts"}],"about":[{"href":"https:\/\/www.noticiasradioreflejos.com.ar\/2021\/wp-json\/wp\/v2\/types\/post"}],"author":[{"embeddable":true,"href":"https:\/\/www.noticiasradioreflejos.com.ar\/2021\/wp-json\/wp\/v2\/users\/3"}],"replies":[{"embeddable":true,"href":"https:\/\/www.noticiasradioreflejos.com.ar\/2021\/wp-json\/wp\/v2\/comments?post=52864"}],"version-history":[{"count":0,"href":"https:\/\/www.noticiasradioreflejos.com.ar\/2021\/wp-json\/wp\/v2\/posts\/52864\/revisions"}],"wp:attachment":[{"href":"https:\/\/www.noticiasradioreflejos.com.ar\/2021\/wp-json\/wp\/v2\/media?parent=52864"}],"wp:term":[{"taxonomy":"category","embeddable":true,"href":"https:\/\/www.noticiasradioreflejos.com.ar\/2021\/wp-json\/wp\/v2\/categories?post=52864"},{"taxonomy":"post_tag","embeddable":true,"href":"https:\/\/www.noticiasradioreflejos.com.ar\/2021\/wp-json\/wp\/v2\/tags?post=52864"}],"curies":[{"name":"wp","href":"https:\/\/api.w.org\/{rel}","templated":true}]}}