{"id":5285,"date":"2016-12-28T14:31:47","date_gmt":"2016-12-28T14:31:47","guid":{"rendered":"http:\/\/noticiasradioreflejos.com.ar\/noticias\/?p=5285"},"modified":"2016-12-28T14:31:47","modified_gmt":"2016-12-28T14:31:47","slug":"vamos-a-tener-que-seguir-con-la-lucha","status":"publish","type":"post","link":"https:\/\/www.noticiasradioreflejos.com.ar\/2021\/vamos-a-tener-que-seguir-con-la-lucha\/","title":{"rendered":"&quot;Vamos a tener que seguir con la lucha&quot;."},"content":{"rendered":"<p><strong>Andrea Encina<\/strong> es integrante de la Asamblea de Pueblos por la vuelta del tren; visita la radio para invitar a la comunidad a sumarse a la lucha y a participar este mi\u00e9rcoles 28 en una nueva edici\u00f3n de la asamblea en la Estaci\u00f3n ferroviaria de Sierra de la Ventana, con cena a la canasta y guitarreada.<br \/>\n\u00abPara nosotros como grupo, hay logros muy importantes\u00bb destacaba Andrea a la vez que sostiene:\u00bbSeguimos con esperanzas que vuelva el tren\u00bb.<!--more--><br \/>\nDurante la charla con la asamble\u00edsta conocemos algunos detalles de la lucha que se lleva en muchos pueblos de la Provincia de Buenos Aires, en lo inmediato los vecinos de Saavedra, con el pedido que el tren chino que pasa una vez a la semana por esa localidad,\u00a0tenga parada.<br \/>\nNo obstante las esperanzas y la lucha, la realidad dice otra cosa y Andrea destaca:\u00bbNo vemos desde el gobierno que haya voluntad ni proyectos de restablecer el servicio\u00bb y anunci\u00f3 \u00abVamos a tener que seguir con la lucha\u00bb.<br \/>\nEncina \u00a0invita a la comunidad a sumarse a la lucha participando\u00a0este mi\u00e9rcoles 28 en una nueva edici\u00f3n de la asamblea en la Estaci\u00f3n ferroviaria de Sierra de la Ventana, con cena a la canasta y guitarreada a las 20 horas.<br \/>\n<iframe loading=\"lazy\" src=\"https:\/\/w.soundcloud.com\/player\/?url=https%3A\/\/api.soundcloud.com\/tracks\/299906152&amp;color=ff5500&amp;auto_play=false&amp;hide_related=false&amp;show_comments=true&amp;show_user=true&amp;show_reposts=false\" width=\"100%\" height=\"166\" frameborder=\"no\" scrolling=\"no\"><\/iframe><\/p>\n","protected":false},"excerpt":{"rendered":"<p>Andrea Encina es integrante de la Asamblea de Pueblos por la vuelta del tren; visita la radio para invitar a la comunidad a sumarse a la lucha y a participar este mi\u00e9rcoles 28 en una nueva edici\u00f3n de la asamblea en la Estaci\u00f3n ferroviaria de Sierra de la Ventana, con cena a la canasta y [&hellip;]<\/p>\n","protected":false},"author":3,"featured_media":0,"comment_status":"closed","ping_status":"open","sticky":false,"template":"","format":"standard","meta":{"footnotes":""},"categories":[26],"tags":[],"class_list":["post-5285","post","type-post","status-publish","format-standard","hentry","category-sociedad"],"yoast_head":"<!-- This site is optimized with the Yoast SEO plugin v25.9 - https:\/\/yoast.com\/wordpress\/plugins\/seo\/ -->\n<title>&quot;Vamos a tener que seguir con la lucha&quot;. - Noticias Radio Reflejos<\/title>\n<meta name=\"robots\" content=\"index, follow, max-snippet:-1, max-image-preview:large, max-video-preview:-1\" \/>\n<link rel=\"canonical\" href=\"https:\/\/www.noticiasradioreflejos.com.ar\/2021\/vamos-a-tener-que-seguir-con-la-lucha\/\" \/>\n<meta property=\"og:locale\" content=\"es_ES\" \/>\n<meta property=\"og:type\" content=\"article\" \/>\n<meta property=\"og:title\" content=\"&quot;Vamos a tener que seguir con la lucha&quot;. - Noticias Radio Reflejos\" \/>\n<meta property=\"og:description\" content=\"Andrea Encina es integrante de la Asamblea de Pueblos por la vuelta del tren; visita la radio para invitar a la comunidad a sumarse a la lucha y a participar este mi\u00e9rcoles 28 en una nueva edici\u00f3n de la asamblea en la Estaci\u00f3n ferroviaria de Sierra de la Ventana, con cena a la canasta y [&hellip;]\" \/>\n<meta property=\"og:url\" content=\"https:\/\/www.noticiasradioreflejos.com.ar\/2021\/vamos-a-tener-que-seguir-con-la-lucha\/\" \/>\n<meta property=\"og:site_name\" content=\"Noticias Radio Reflejos\" \/>\n<meta property=\"article:published_time\" content=\"2016-12-28T14:31:47+00:00\" \/>\n<meta property=\"og:image\" content=\"https:\/\/www.noticiasradioreflejos.com.ar\/2021\/wp-content\/uploads\/2021\/07\/logosol300x200.png\" \/>\n\t<meta property=\"og:image:width\" content=\"300\" \/>\n\t<meta property=\"og:image:height\" content=\"200\" \/>\n\t<meta property=\"og:image:type\" content=\"image\/png\" \/>\n<meta name=\"author\" content=\"Arnaldo Botto\" \/>\n<meta name=\"twitter:card\" content=\"summary_large_image\" \/>\n<script type=\"application\/ld+json\" class=\"yoast-schema-graph\">{\"@context\":\"https:\/\/schema.org\",\"@graph\":[{\"@type\":\"WebPage\",\"@id\":\"https:\/\/www.noticiasradioreflejos.com.ar\/2021\/vamos-a-tener-que-seguir-con-la-lucha\/\",\"url\":\"https:\/\/www.noticiasradioreflejos.com.ar\/2021\/vamos-a-tener-que-seguir-con-la-lucha\/\",\"name\":\"&quot;Vamos a tener que seguir con la lucha&quot;. - Noticias Radio Reflejos\",\"isPartOf\":{\"@id\":\"https:\/\/www.noticiasradioreflejos.com.ar\/2021\/#website\"},\"datePublished\":\"2016-12-28T14:31:47+00:00\",\"author\":{\"@id\":\"https:\/\/www.noticiasradioreflejos.com.ar\/2021\/#\/schema\/person\/ad82545263dcc5ec0996818884fd5fb1\"},\"breadcrumb\":{\"@id\":\"https:\/\/www.noticiasradioreflejos.com.ar\/2021\/vamos-a-tener-que-seguir-con-la-lucha\/#breadcrumb\"},\"inLanguage\":\"es\",\"potentialAction\":[{\"@type\":\"ReadAction\",\"target\":[\"https:\/\/www.noticiasradioreflejos.com.ar\/2021\/vamos-a-tener-que-seguir-con-la-lucha\/\"]}]},{\"@type\":\"BreadcrumbList\",\"@id\":\"https:\/\/www.noticiasradioreflejos.com.ar\/2021\/vamos-a-tener-que-seguir-con-la-lucha\/#breadcrumb\",\"itemListElement\":[{\"@type\":\"ListItem\",\"position\":1,\"name\":\"Portada\",\"item\":\"https:\/\/www.noticiasradioreflejos.com.ar\/2021\/\"},{\"@type\":\"ListItem\",\"position\":2,\"name\":\"&quot;Vamos a tener que seguir con la lucha&quot;.\"}]},{\"@type\":\"WebSite\",\"@id\":\"https:\/\/www.noticiasradioreflejos.com.ar\/2021\/#website\",\"url\":\"https:\/\/www.noticiasradioreflejos.com.ar\/2021\/\",\"name\":\"Noticias Radio Reflejos\",\"description\":\"Las noticias de mi comarca\",\"potentialAction\":[{\"@type\":\"SearchAction\",\"target\":{\"@type\":\"EntryPoint\",\"urlTemplate\":\"https:\/\/www.noticiasradioreflejos.com.ar\/2021\/?s={search_term_string}\"},\"query-input\":{\"@type\":\"PropertyValueSpecification\",\"valueRequired\":true,\"valueName\":\"search_term_string\"}}],\"inLanguage\":\"es\"},{\"@type\":\"Person\",\"@id\":\"https:\/\/www.noticiasradioreflejos.com.ar\/2021\/#\/schema\/person\/ad82545263dcc5ec0996818884fd5fb1\",\"name\":\"Arnaldo Botto\",\"image\":{\"@type\":\"ImageObject\",\"inLanguage\":\"es\",\"@id\":\"https:\/\/www.noticiasradioreflejos.com.ar\/2021\/#\/schema\/person\/image\/\",\"url\":\"https:\/\/secure.gravatar.com\/avatar\/55cb5e37c1efa326397366e6974cb338056df65cb50e7d64d1cf314e87504837?s=96&d=mm&r=g\",\"contentUrl\":\"https:\/\/secure.gravatar.com\/avatar\/55cb5e37c1efa326397366e6974cb338056df65cb50e7d64d1cf314e87504837?s=96&d=mm&r=g\",\"caption\":\"Arnaldo Botto\"},\"url\":\"https:\/\/www.noticiasradioreflejos.com.ar\/2021\/author\/arnaldo\/\"}]}<\/script>\n<!-- \/ Yoast SEO plugin. -->","yoast_head_json":{"title":"&quot;Vamos a tener que seguir con la lucha&quot;. - Noticias Radio Reflejos","robots":{"index":"index","follow":"follow","max-snippet":"max-snippet:-1","max-image-preview":"max-image-preview:large","max-video-preview":"max-video-preview:-1"},"canonical":"https:\/\/www.noticiasradioreflejos.com.ar\/2021\/vamos-a-tener-que-seguir-con-la-lucha\/","og_locale":"es_ES","og_type":"article","og_title":"&quot;Vamos a tener que seguir con la lucha&quot;. - Noticias Radio Reflejos","og_description":"Andrea Encina es integrante de la Asamblea de Pueblos por la vuelta del tren; visita la radio para invitar a la comunidad a sumarse a la lucha y a participar este mi\u00e9rcoles 28 en una nueva edici\u00f3n de la asamblea en la Estaci\u00f3n ferroviaria de Sierra de la Ventana, con cena a la canasta y [&hellip;]","og_url":"https:\/\/www.noticiasradioreflejos.com.ar\/2021\/vamos-a-tener-que-seguir-con-la-lucha\/","og_site_name":"Noticias Radio Reflejos","article_published_time":"2016-12-28T14:31:47+00:00","og_image":[{"width":300,"height":200,"url":"https:\/\/www.noticiasradioreflejos.com.ar\/2021\/wp-content\/uploads\/2021\/07\/logosol300x200.png","type":"image\/png"}],"author":"Arnaldo Botto","twitter_card":"summary_large_image","schema":{"@context":"https:\/\/schema.org","@graph":[{"@type":"WebPage","@id":"https:\/\/www.noticiasradioreflejos.com.ar\/2021\/vamos-a-tener-que-seguir-con-la-lucha\/","url":"https:\/\/www.noticiasradioreflejos.com.ar\/2021\/vamos-a-tener-que-seguir-con-la-lucha\/","name":"&quot;Vamos a tener que seguir con la lucha&quot;. - Noticias Radio Reflejos","isPartOf":{"@id":"https:\/\/www.noticiasradioreflejos.com.ar\/2021\/#website"},"datePublished":"2016-12-28T14:31:47+00:00","author":{"@id":"https:\/\/www.noticiasradioreflejos.com.ar\/2021\/#\/schema\/person\/ad82545263dcc5ec0996818884fd5fb1"},"breadcrumb":{"@id":"https:\/\/www.noticiasradioreflejos.com.ar\/2021\/vamos-a-tener-que-seguir-con-la-lucha\/#breadcrumb"},"inLanguage":"es","potentialAction":[{"@type":"ReadAction","target":["https:\/\/www.noticiasradioreflejos.com.ar\/2021\/vamos-a-tener-que-seguir-con-la-lucha\/"]}]},{"@type":"BreadcrumbList","@id":"https:\/\/www.noticiasradioreflejos.com.ar\/2021\/vamos-a-tener-que-seguir-con-la-lucha\/#breadcrumb","itemListElement":[{"@type":"ListItem","position":1,"name":"Portada","item":"https:\/\/www.noticiasradioreflejos.com.ar\/2021\/"},{"@type":"ListItem","position":2,"name":"&quot;Vamos a tener que seguir con la lucha&quot;."}]},{"@type":"WebSite","@id":"https:\/\/www.noticiasradioreflejos.com.ar\/2021\/#website","url":"https:\/\/www.noticiasradioreflejos.com.ar\/2021\/","name":"Noticias Radio Reflejos","description":"Las noticias de mi comarca","potentialAction":[{"@type":"SearchAction","target":{"@type":"EntryPoint","urlTemplate":"https:\/\/www.noticiasradioreflejos.com.ar\/2021\/?s={search_term_string}"},"query-input":{"@type":"PropertyValueSpecification","valueRequired":true,"valueName":"search_term_string"}}],"inLanguage":"es"},{"@type":"Person","@id":"https:\/\/www.noticiasradioreflejos.com.ar\/2021\/#\/schema\/person\/ad82545263dcc5ec0996818884fd5fb1","name":"Arnaldo Botto","image":{"@type":"ImageObject","inLanguage":"es","@id":"https:\/\/www.noticiasradioreflejos.com.ar\/2021\/#\/schema\/person\/image\/","url":"https:\/\/secure.gravatar.com\/avatar\/55cb5e37c1efa326397366e6974cb338056df65cb50e7d64d1cf314e87504837?s=96&d=mm&r=g","contentUrl":"https:\/\/secure.gravatar.com\/avatar\/55cb5e37c1efa326397366e6974cb338056df65cb50e7d64d1cf314e87504837?s=96&d=mm&r=g","caption":"Arnaldo Botto"},"url":"https:\/\/www.noticiasradioreflejos.com.ar\/2021\/author\/arnaldo\/"}]}},"_links":{"self":[{"href":"https:\/\/www.noticiasradioreflejos.com.ar\/2021\/wp-json\/wp\/v2\/posts\/5285","targetHints":{"allow":["GET"]}}],"collection":[{"href":"https:\/\/www.noticiasradioreflejos.com.ar\/2021\/wp-json\/wp\/v2\/posts"}],"about":[{"href":"https:\/\/www.noticiasradioreflejos.com.ar\/2021\/wp-json\/wp\/v2\/types\/post"}],"author":[{"embeddable":true,"href":"https:\/\/www.noticiasradioreflejos.com.ar\/2021\/wp-json\/wp\/v2\/users\/3"}],"replies":[{"embeddable":true,"href":"https:\/\/www.noticiasradioreflejos.com.ar\/2021\/wp-json\/wp\/v2\/comments?post=5285"}],"version-history":[{"count":0,"href":"https:\/\/www.noticiasradioreflejos.com.ar\/2021\/wp-json\/wp\/v2\/posts\/5285\/revisions"}],"wp:attachment":[{"href":"https:\/\/www.noticiasradioreflejos.com.ar\/2021\/wp-json\/wp\/v2\/media?parent=5285"}],"wp:term":[{"taxonomy":"category","embeddable":true,"href":"https:\/\/www.noticiasradioreflejos.com.ar\/2021\/wp-json\/wp\/v2\/categories?post=5285"},{"taxonomy":"post_tag","embeddable":true,"href":"https:\/\/www.noticiasradioreflejos.com.ar\/2021\/wp-json\/wp\/v2\/tags?post=5285"}],"curies":[{"name":"wp","href":"https:\/\/api.w.org\/{rel}","templated":true}]}}