{"id":52843,"date":"2021-02-23T14:10:31","date_gmt":"2021-02-23T17:10:31","guid":{"rendered":"http:\/\/www.noticiasradioreflejos.com.ar\/noticias\/?p=52843"},"modified":"2021-02-23T14:10:31","modified_gmt":"2021-02-23T17:10:31","slug":"70-participantes-le-dieron-vida-al-torneo-de-pretemporada-de-atletismo","status":"publish","type":"post","link":"https:\/\/www.noticiasradioreflejos.com.ar\/2021\/70-participantes-le-dieron-vida-al-torneo-de-pretemporada-de-atletismo\/","title":{"rendered":"70 participantes le dieron vida al Torneo de pretemporada de atletismo"},"content":{"rendered":"<p><a href=\"http:\/\/www.noticiasradioreflejos.com.ar\/noticias\/wp-content\/uploads\/2021\/02\/Torneo-de-Atletismo-2.jpg\"><img loading=\"lazy\" decoding=\"async\" class=\"alignleft size-medium wp-image-52845\" src=\"http:\/\/www.noticiasradioreflejos.com.ar\/noticias\/wp-content\/uploads\/2021\/02\/Torneo-de-Atletismo-2-300x197.jpg\" alt=\"Torneo de Atletismo (2)\" width=\"300\" height=\"197\" \/><\/a>Tal como estaba previsto, el \u00faltimo s\u00e1bado se llev\u00f3 adelante un torneo de pretemporada organizado por la Escuela Municipal de Atletismo, dependiente de la Direcci\u00f3n de Deportes de Tornquist Municipio.<!--more--><\/p>\n<p>Unos 70 atletas le dieron vida a la jornada, que inici\u00f3 pasadas las 17 hs y tuvo lugar en la Pista Municipal de Atletismo de Tornquist, con participantes de diferentes categor\u00edas que fueron desde los 8 a\u00f1os de edad a mayores de 55.<a href=\"http:\/\/www.noticiasradioreflejos.com.ar\/noticias\/wp-content\/uploads\/2021\/02\/Torneo-de-Atletismo-6.jpg\"><img loading=\"lazy\" decoding=\"async\" class=\"alignright size-large wp-image-52846\" src=\"http:\/\/www.noticiasradioreflejos.com.ar\/noticias\/wp-content\/uploads\/2021\/02\/Torneo-de-Atletismo-6-1024x758.jpg\" alt=\"Torneo de Atletismo (6)\" width=\"1024\" height=\"758\" \/><\/a><\/p>\n<p>Durante la competencia, se desarrollaron distintas pruebas y fueron premiados los mejores clasificados de cada categor\u00eda.<br \/>\n<a href=\"http:\/\/www.noticiasradioreflejos.com.ar\/noticias\/wp-content\/uploads\/2021\/02\/Torneo-de-Atletismo-4.jpg\"><img loading=\"lazy\" decoding=\"async\" class=\"aligncenter size-large wp-image-52847\" src=\"http:\/\/www.noticiasradioreflejos.com.ar\/noticias\/wp-content\/uploads\/2021\/02\/Torneo-de-Atletismo-4-1024x683.jpg\" alt=\"Torneo de Atletismo (4)\" width=\"1024\" height=\"683\" \/><\/a><\/p>\n<p>Ganadores:<br \/>\nCategor\u00eda U12 &#8211; Varones<br \/>\nSalto en largo<br \/>\n1\u00b0: Dante Iparraguirre;<br \/>\n2\u00b0: Benjamin Saralegui;<br \/>\n3\u00b0: Bautista Morales.<br \/>\n40 mts llanos<br \/>\n1\u00b0: Dante Iparraguirre;<br \/>\n2\u00b0: Fausto Iparraguirre;<br \/>\n3\u00b0: Bautista Morales<br \/>\nLanzamiento de bala<br \/>\n1\u00b0: Benjamin Saralegui;<br \/>\n2\u00b0: Bautista P\u00e9rez;<br \/>\n3\u00b0: Tomas Davis<\/p>\n<p>Categor\u00eda U12 \u2013 Damas<br \/>\nSalto en largo<br \/>\n1\u00b0: Luc\u00eda Buffatelli;<br \/>\n2\u00b0: Jazmin Dominguez;<br \/>\n3\u00b0: Ernestina Flores.<br \/>\n40 mts llanos<br \/>\n1\u00b0: Jazmin Dominguez;<br \/>\n2\u00b0: Ernestina Flores;<br \/>\n3\u00b0: Eloisa Flores.<br \/>\nLanzamiento de bala<br \/>\n1\u00b0: Morena Chaure;<br \/>\n2\u00b0: Luc\u00eda Buffatelli;<br \/>\n3\u00b0: Ernestina Flores:<\/p>\n<p>Categor\u00eda U14 &#8211; Varones<br \/>\nSalto en largo<br \/>\n1\u00b0: Mateo Vittori;<br \/>\n2\u00b0: Sebasti\u00e1n Levi;<br \/>\n3\u00b0: Santiago Saralegui.<br \/>\n60 mts llanos<br \/>\n1\u00b0: Mateo Vittori;<br \/>\n2\u00b0: M\u00e1ximo Dom\u00ednguez;<br \/>\n3\u00b0: Santiago Saralegui.<br \/>\nLanzamiento de bala<br \/>\n1\u00b0: Mateo Vittori;<br \/>\n2\u00b0: Santiago Saralegui;<br \/>\n3\u00b0: M\u00e1ximo Dom\u00ednguez.<br \/>\n1000 mts<br \/>\n1\u00b0: Valentino Scipioni<br \/>\n2\u00b0: M\u00e1ximo Dom\u00ednguez.<\/p>\n<p>Categor\u00eda U16 \u2013 Varones<br \/>\nSalto en largo<br \/>\n1\u00b0: Agust\u00edn Navarrete;<br \/>\n2\u00b0: M\u00e1ximo Polito;<br \/>\n3\u00b0: Germ\u00e1n Carri\u00f3n.<br \/>\n60 mts llanos<br \/>\n1\u00b0: Alejo Fredes;<br \/>\n2\u00b0: Agust\u00edn Navarrete;<br \/>\n3\u00b0: Germ\u00e1n Carri\u00f3n.<br \/>\nLanzamiento de bala<br \/>\n1\u00b0: Alejo Fredes;<br \/>\n2\u00b0: Agust\u00edn Navarrete.<\/p>\n<p>Categor\u00eda U16 \u2013 Damas<br \/>\nLanzamiento de bala<br \/>\n1\u00b0: Mora Lamas<\/p>\n<p>Categor\u00eda U18 \u2013 Varones<br \/>\nSalto en largo<br \/>\n1\u00b0: Agust\u00edn Malague\u00f1o.<br \/>\n80 mts llanos<br \/>\n1\u00b0: Agust\u00edn Malague\u00f1o.<br \/>\nLanzamiento de bala<br \/>\n1\u00b0: Nicol\u00e1s Polito<br \/>\n5000 mts<br \/>\n1\u00b0: Lautaro Bermejo.<\/p>\n<p>Categor\u00eda U18 \u2013 Damas<br \/>\nSalto en largo<br \/>\n1\u00b0: Clara Rincon;<br \/>\n2\u00b0: Victoria Rusconi.<br \/>\n80 mts llanos<br \/>\n1\u00b0: Victoria Rusconi;<br \/>\n2\u00b0: Clara Rinc\u00f3n.<br \/>\nLanzamiento de bala<br \/>\n1\u00b0: Clara Rincon;<br \/>\n2\u00b0: Victoria Rusconi.<\/p>\n<p>Categor\u00eda Mayores \u2013 Varones<br \/>\nSalto en largo<br \/>\n1\u00b0: Nicol\u00e1s Cabral;<br \/>\n2\u00b0: Uriel Almiron.<br \/>\n80 mts llanos<br \/>\n1\u00b0: Nicol\u00e1s Cabral;<br \/>\n2\u00b0: Uriel Almiron.<\/p>\n<p>Categor\u00eda Veteranos &#8211; Varones<br \/>\n5000 mts<br \/>\n1\u00b0: Jos\u00e9 Medina;<br \/>\n2\u00b0: Mariano Spialtini;<br \/>\n3\u00b0: Ariel Mazzeo.<\/p>\n","protected":false},"excerpt":{"rendered":"<p>Tal como estaba previsto, el \u00faltimo s\u00e1bado se llev\u00f3 adelante un torneo de pretemporada organizado por la Escuela Municipal de Atletismo, dependiente de la Direcci\u00f3n de Deportes de Tornquist Municipio.<\/p>\n","protected":false},"author":3,"featured_media":0,"comment_status":"closed","ping_status":"open","sticky":false,"template":"","format":"standard","meta":{"footnotes":""},"categories":[27,28],"tags":[],"class_list":["post-52843","post","type-post","status-publish","format-standard","hentry","category-deportes","category-municipales"],"yoast_head":"<!-- This site is optimized with the Yoast SEO plugin v25.9 - https:\/\/yoast.com\/wordpress\/plugins\/seo\/ -->\n<title>70 participantes le dieron vida al Torneo de pretemporada de atletismo - Noticias Radio Reflejos<\/title>\n<meta name=\"robots\" content=\"index, follow, max-snippet:-1, max-image-preview:large, max-video-preview:-1\" \/>\n<link rel=\"canonical\" href=\"https:\/\/www.noticiasradioreflejos.com.ar\/2021\/70-participantes-le-dieron-vida-al-torneo-de-pretemporada-de-atletismo\/\" \/>\n<meta property=\"og:locale\" content=\"es_ES\" \/>\n<meta property=\"og:type\" content=\"article\" \/>\n<meta property=\"og:title\" content=\"70 participantes le dieron vida al Torneo de pretemporada de atletismo - Noticias Radio Reflejos\" \/>\n<meta property=\"og:description\" content=\"Tal como estaba previsto, el \u00faltimo s\u00e1bado se llev\u00f3 adelante un torneo de pretemporada organizado por la Escuela Municipal de Atletismo, dependiente de la Direcci\u00f3n de Deportes de Tornquist Municipio.\" \/>\n<meta property=\"og:url\" content=\"https:\/\/www.noticiasradioreflejos.com.ar\/2021\/70-participantes-le-dieron-vida-al-torneo-de-pretemporada-de-atletismo\/\" \/>\n<meta property=\"og:site_name\" content=\"Noticias Radio Reflejos\" \/>\n<meta property=\"article:published_time\" content=\"2021-02-23T17:10:31+00:00\" \/>\n<meta property=\"og:image\" content=\"https:\/\/www.noticiasradioreflejos.com.ar\/2021\/wp-content\/uploads\/2021\/07\/logosol300x200.png\" \/>\n\t<meta property=\"og:image:width\" content=\"300\" \/>\n\t<meta property=\"og:image:height\" content=\"200\" \/>\n\t<meta property=\"og:image:type\" content=\"image\/png\" \/>\n<meta name=\"author\" content=\"Arnaldo Botto\" \/>\n<meta name=\"twitter:card\" content=\"summary_large_image\" \/>\n<script type=\"application\/ld+json\" class=\"yoast-schema-graph\">{\"@context\":\"https:\/\/schema.org\",\"@graph\":[{\"@type\":\"WebPage\",\"@id\":\"https:\/\/www.noticiasradioreflejos.com.ar\/2021\/70-participantes-le-dieron-vida-al-torneo-de-pretemporada-de-atletismo\/\",\"url\":\"https:\/\/www.noticiasradioreflejos.com.ar\/2021\/70-participantes-le-dieron-vida-al-torneo-de-pretemporada-de-atletismo\/\",\"name\":\"70 participantes le dieron vida al Torneo de pretemporada de atletismo - Noticias Radio Reflejos\",\"isPartOf\":{\"@id\":\"https:\/\/www.noticiasradioreflejos.com.ar\/2021\/#website\"},\"primaryImageOfPage\":{\"@id\":\"https:\/\/www.noticiasradioreflejos.com.ar\/2021\/70-participantes-le-dieron-vida-al-torneo-de-pretemporada-de-atletismo\/#primaryimage\"},\"image\":{\"@id\":\"https:\/\/www.noticiasradioreflejos.com.ar\/2021\/70-participantes-le-dieron-vida-al-torneo-de-pretemporada-de-atletismo\/#primaryimage\"},\"thumbnailUrl\":\"http:\/\/www.noticiasradioreflejos.com.ar\/noticias\/wp-content\/uploads\/2021\/02\/Torneo-de-Atletismo-2-300x197.jpg\",\"datePublished\":\"2021-02-23T17:10:31+00:00\",\"author\":{\"@id\":\"https:\/\/www.noticiasradioreflejos.com.ar\/2021\/#\/schema\/person\/ad82545263dcc5ec0996818884fd5fb1\"},\"breadcrumb\":{\"@id\":\"https:\/\/www.noticiasradioreflejos.com.ar\/2021\/70-participantes-le-dieron-vida-al-torneo-de-pretemporada-de-atletismo\/#breadcrumb\"},\"inLanguage\":\"es\",\"potentialAction\":[{\"@type\":\"ReadAction\",\"target\":[\"https:\/\/www.noticiasradioreflejos.com.ar\/2021\/70-participantes-le-dieron-vida-al-torneo-de-pretemporada-de-atletismo\/\"]}]},{\"@type\":\"ImageObject\",\"inLanguage\":\"es\",\"@id\":\"https:\/\/www.noticiasradioreflejos.com.ar\/2021\/70-participantes-le-dieron-vida-al-torneo-de-pretemporada-de-atletismo\/#primaryimage\",\"url\":\"http:\/\/www.noticiasradioreflejos.com.ar\/noticias\/wp-content\/uploads\/2021\/02\/Torneo-de-Atletismo-2-300x197.jpg\",\"contentUrl\":\"http:\/\/www.noticiasradioreflejos.com.ar\/noticias\/wp-content\/uploads\/2021\/02\/Torneo-de-Atletismo-2-300x197.jpg\"},{\"@type\":\"BreadcrumbList\",\"@id\":\"https:\/\/www.noticiasradioreflejos.com.ar\/2021\/70-participantes-le-dieron-vida-al-torneo-de-pretemporada-de-atletismo\/#breadcrumb\",\"itemListElement\":[{\"@type\":\"ListItem\",\"position\":1,\"name\":\"Portada\",\"item\":\"https:\/\/www.noticiasradioreflejos.com.ar\/2021\/\"},{\"@type\":\"ListItem\",\"position\":2,\"name\":\"70 participantes le dieron vida al Torneo de pretemporada de atletismo\"}]},{\"@type\":\"WebSite\",\"@id\":\"https:\/\/www.noticiasradioreflejos.com.ar\/2021\/#website\",\"url\":\"https:\/\/www.noticiasradioreflejos.com.ar\/2021\/\",\"name\":\"Noticias Radio Reflejos\",\"description\":\"Las noticias de mi comarca\",\"potentialAction\":[{\"@type\":\"SearchAction\",\"target\":{\"@type\":\"EntryPoint\",\"urlTemplate\":\"https:\/\/www.noticiasradioreflejos.com.ar\/2021\/?s={search_term_string}\"},\"query-input\":{\"@type\":\"PropertyValueSpecification\",\"valueRequired\":true,\"valueName\":\"search_term_string\"}}],\"inLanguage\":\"es\"},{\"@type\":\"Person\",\"@id\":\"https:\/\/www.noticiasradioreflejos.com.ar\/2021\/#\/schema\/person\/ad82545263dcc5ec0996818884fd5fb1\",\"name\":\"Arnaldo Botto\",\"image\":{\"@type\":\"ImageObject\",\"inLanguage\":\"es\",\"@id\":\"https:\/\/www.noticiasradioreflejos.com.ar\/2021\/#\/schema\/person\/image\/\",\"url\":\"https:\/\/secure.gravatar.com\/avatar\/55cb5e37c1efa326397366e6974cb338056df65cb50e7d64d1cf314e87504837?s=96&d=mm&r=g\",\"contentUrl\":\"https:\/\/secure.gravatar.com\/avatar\/55cb5e37c1efa326397366e6974cb338056df65cb50e7d64d1cf314e87504837?s=96&d=mm&r=g\",\"caption\":\"Arnaldo Botto\"},\"url\":\"https:\/\/www.noticiasradioreflejos.com.ar\/2021\/author\/arnaldo\/\"}]}<\/script>\n<!-- \/ Yoast SEO plugin. -->","yoast_head_json":{"title":"70 participantes le dieron vida al Torneo de pretemporada de atletismo - Noticias Radio Reflejos","robots":{"index":"index","follow":"follow","max-snippet":"max-snippet:-1","max-image-preview":"max-image-preview:large","max-video-preview":"max-video-preview:-1"},"canonical":"https:\/\/www.noticiasradioreflejos.com.ar\/2021\/70-participantes-le-dieron-vida-al-torneo-de-pretemporada-de-atletismo\/","og_locale":"es_ES","og_type":"article","og_title":"70 participantes le dieron vida al Torneo de pretemporada de atletismo - Noticias Radio Reflejos","og_description":"Tal como estaba previsto, el \u00faltimo s\u00e1bado se llev\u00f3 adelante un torneo de pretemporada organizado por la Escuela Municipal de Atletismo, dependiente de la Direcci\u00f3n de Deportes de Tornquist Municipio.","og_url":"https:\/\/www.noticiasradioreflejos.com.ar\/2021\/70-participantes-le-dieron-vida-al-torneo-de-pretemporada-de-atletismo\/","og_site_name":"Noticias Radio Reflejos","article_published_time":"2021-02-23T17:10:31+00:00","og_image":[{"width":300,"height":200,"url":"https:\/\/www.noticiasradioreflejos.com.ar\/2021\/wp-content\/uploads\/2021\/07\/logosol300x200.png","type":"image\/png"}],"author":"Arnaldo Botto","twitter_card":"summary_large_image","schema":{"@context":"https:\/\/schema.org","@graph":[{"@type":"WebPage","@id":"https:\/\/www.noticiasradioreflejos.com.ar\/2021\/70-participantes-le-dieron-vida-al-torneo-de-pretemporada-de-atletismo\/","url":"https:\/\/www.noticiasradioreflejos.com.ar\/2021\/70-participantes-le-dieron-vida-al-torneo-de-pretemporada-de-atletismo\/","name":"70 participantes le dieron vida al Torneo de pretemporada de atletismo - Noticias Radio Reflejos","isPartOf":{"@id":"https:\/\/www.noticiasradioreflejos.com.ar\/2021\/#website"},"primaryImageOfPage":{"@id":"https:\/\/www.noticiasradioreflejos.com.ar\/2021\/70-participantes-le-dieron-vida-al-torneo-de-pretemporada-de-atletismo\/#primaryimage"},"image":{"@id":"https:\/\/www.noticiasradioreflejos.com.ar\/2021\/70-participantes-le-dieron-vida-al-torneo-de-pretemporada-de-atletismo\/#primaryimage"},"thumbnailUrl":"http:\/\/www.noticiasradioreflejos.com.ar\/noticias\/wp-content\/uploads\/2021\/02\/Torneo-de-Atletismo-2-300x197.jpg","datePublished":"2021-02-23T17:10:31+00:00","author":{"@id":"https:\/\/www.noticiasradioreflejos.com.ar\/2021\/#\/schema\/person\/ad82545263dcc5ec0996818884fd5fb1"},"breadcrumb":{"@id":"https:\/\/www.noticiasradioreflejos.com.ar\/2021\/70-participantes-le-dieron-vida-al-torneo-de-pretemporada-de-atletismo\/#breadcrumb"},"inLanguage":"es","potentialAction":[{"@type":"ReadAction","target":["https:\/\/www.noticiasradioreflejos.com.ar\/2021\/70-participantes-le-dieron-vida-al-torneo-de-pretemporada-de-atletismo\/"]}]},{"@type":"ImageObject","inLanguage":"es","@id":"https:\/\/www.noticiasradioreflejos.com.ar\/2021\/70-participantes-le-dieron-vida-al-torneo-de-pretemporada-de-atletismo\/#primaryimage","url":"http:\/\/www.noticiasradioreflejos.com.ar\/noticias\/wp-content\/uploads\/2021\/02\/Torneo-de-Atletismo-2-300x197.jpg","contentUrl":"http:\/\/www.noticiasradioreflejos.com.ar\/noticias\/wp-content\/uploads\/2021\/02\/Torneo-de-Atletismo-2-300x197.jpg"},{"@type":"BreadcrumbList","@id":"https:\/\/www.noticiasradioreflejos.com.ar\/2021\/70-participantes-le-dieron-vida-al-torneo-de-pretemporada-de-atletismo\/#breadcrumb","itemListElement":[{"@type":"ListItem","position":1,"name":"Portada","item":"https:\/\/www.noticiasradioreflejos.com.ar\/2021\/"},{"@type":"ListItem","position":2,"name":"70 participantes le dieron vida al Torneo de pretemporada de atletismo"}]},{"@type":"WebSite","@id":"https:\/\/www.noticiasradioreflejos.com.ar\/2021\/#website","url":"https:\/\/www.noticiasradioreflejos.com.ar\/2021\/","name":"Noticias Radio Reflejos","description":"Las noticias de mi comarca","potentialAction":[{"@type":"SearchAction","target":{"@type":"EntryPoint","urlTemplate":"https:\/\/www.noticiasradioreflejos.com.ar\/2021\/?s={search_term_string}"},"query-input":{"@type":"PropertyValueSpecification","valueRequired":true,"valueName":"search_term_string"}}],"inLanguage":"es"},{"@type":"Person","@id":"https:\/\/www.noticiasradioreflejos.com.ar\/2021\/#\/schema\/person\/ad82545263dcc5ec0996818884fd5fb1","name":"Arnaldo Botto","image":{"@type":"ImageObject","inLanguage":"es","@id":"https:\/\/www.noticiasradioreflejos.com.ar\/2021\/#\/schema\/person\/image\/","url":"https:\/\/secure.gravatar.com\/avatar\/55cb5e37c1efa326397366e6974cb338056df65cb50e7d64d1cf314e87504837?s=96&d=mm&r=g","contentUrl":"https:\/\/secure.gravatar.com\/avatar\/55cb5e37c1efa326397366e6974cb338056df65cb50e7d64d1cf314e87504837?s=96&d=mm&r=g","caption":"Arnaldo Botto"},"url":"https:\/\/www.noticiasradioreflejos.com.ar\/2021\/author\/arnaldo\/"}]}},"_links":{"self":[{"href":"https:\/\/www.noticiasradioreflejos.com.ar\/2021\/wp-json\/wp\/v2\/posts\/52843","targetHints":{"allow":["GET"]}}],"collection":[{"href":"https:\/\/www.noticiasradioreflejos.com.ar\/2021\/wp-json\/wp\/v2\/posts"}],"about":[{"href":"https:\/\/www.noticiasradioreflejos.com.ar\/2021\/wp-json\/wp\/v2\/types\/post"}],"author":[{"embeddable":true,"href":"https:\/\/www.noticiasradioreflejos.com.ar\/2021\/wp-json\/wp\/v2\/users\/3"}],"replies":[{"embeddable":true,"href":"https:\/\/www.noticiasradioreflejos.com.ar\/2021\/wp-json\/wp\/v2\/comments?post=52843"}],"version-history":[{"count":0,"href":"https:\/\/www.noticiasradioreflejos.com.ar\/2021\/wp-json\/wp\/v2\/posts\/52843\/revisions"}],"wp:attachment":[{"href":"https:\/\/www.noticiasradioreflejos.com.ar\/2021\/wp-json\/wp\/v2\/media?parent=52843"}],"wp:term":[{"taxonomy":"category","embeddable":true,"href":"https:\/\/www.noticiasradioreflejos.com.ar\/2021\/wp-json\/wp\/v2\/categories?post=52843"},{"taxonomy":"post_tag","embeddable":true,"href":"https:\/\/www.noticiasradioreflejos.com.ar\/2021\/wp-json\/wp\/v2\/tags?post=52843"}],"curies":[{"name":"wp","href":"https:\/\/api.w.org\/{rel}","templated":true}]}}