{"id":52826,"date":"2021-02-23T12:37:42","date_gmt":"2021-02-23T15:37:42","guid":{"rendered":"http:\/\/www.noticiasradioreflejos.com.ar\/noticias\/?p=52826"},"modified":"2021-02-23T12:37:42","modified_gmt":"2021-02-23T15:37:42","slug":"denuncian-a-rodriguez-larreta-y-quiros-por-privatizar-el-plan-de-vacunacion","status":"publish","type":"post","link":"https:\/\/www.noticiasradioreflejos.com.ar\/2021\/denuncian-a-rodriguez-larreta-y-quiros-por-privatizar-el-plan-de-vacunacion\/","title":{"rendered":"Denuncian a Rodr\u00edguez Larreta y Quir\u00f3s por \u00abprivatizar\u00bb el plan de vacunaci\u00f3n"},"content":{"rendered":"<p>La denuncia fue realizada por la abogada Natalia Salvo por presunta \u00abprivatizaci\u00f3n del acceso a la vacunaci\u00f3n contra el coronavirus\u00bb debido a \u00ablos contratos con prepagas y obras sociales\u00bb, lo que consider\u00f3 que \u00abes una estafa a la ciudadan\u00eda y al Estado nacional\u00bb.<!--more--><\/p>\n<p>\u00abDenuncian a Rodr\u00edguez Larreta y Quir\u00f3s por \u00abprivatizar\u00bb el plan de vacunaci\u00f3n \u00bb data-description=\u00bbLa denuncia fue realizada por la abogada Natalia Salvo por presunta \u00abprivatizaci\u00f3n del acceso a la vacunaci\u00f3n contra el coronavirus\u00bb debido a \u00ablos contratos con prepagas y obras sociales\u00bb, lo que consider\u00f3 que \u00abes una estafa a la ciudadan\u00eda y al Estado nacional\u00bb.\u00bb&gt;<\/p>\n<div class=\"main-content-block\">\n<div class=\"main-box clearfix\">\n<div class=\"wrapper-main-section clearfix\">\n<div class=\"wrapper-editable-content\">\n<div class=\"editable-content clearfix\">\n<div id=\"image\" class=\"image\">\n<p><img decoding=\"async\" title=\"La denuncia fue presentada contra Rodr\u00edguez Larreta y Quir\u00f3s por el delito de mal desempe\u00f1o de funcionario p\u00fablico\" src=\"https:\/\/www.telam.com.ar\/advf\/imagenes\/2020\/06\/5ef210c57866d_1004x565.jpg\" alt=\"La denuncia fue presentada contra Rodr\u00edguez Larreta y Quir\u00f3s por el delito de mal desempe\u00f1o de funcionario p\u00fablico\" \/><\/p>\n<div class=\"epigrafe\">La denuncia fue presentada contra Rodr\u00edguez Larreta y Quir\u00f3s por el delito de mal desempe\u00f1o de funcionario p\u00fablico<\/div>\n<\/div>\n<p>La abogada Natalia Salvo denunci\u00f3 este martes al jefe de Gobierno de la ciudad de Buenos Aires, Horacio Rodr\u00edguez Larreta, y al ministro de Salud porte\u00f1o, Fern\u00e1n Quir\u00f3s, por presunta \u00abprivatizaci\u00f3n del acceso a la vacunaci\u00f3n contra el coronavirus\u00bb debido a \u00ablos contratos con prepagas y obras sociales\u00bb en la Ciudad, lo que consider\u00f3 que \u00abes una estafa a la ciudadan\u00eda y al Estado nacional\u00bb.<\/p>\n<p><strong>\u00abEn la ciudad de Buenos Aires se est\u00e1 privatizando la vacunaci\u00f3n contra el coronavirus\u00bb,<\/strong>\u00a0sentenci\u00f3 la abogada laboralista en declaraciones a radio AM 750 y El Destape Radio.<\/p>\n<p>En ese sentido, Salvo explic\u00f3 en las entrevistas radiales que \u00abse present\u00f3 una denuncia contra Larreta y Quir\u00f3s en base a la existencia de contratos cuyos t\u00e9rminos desconocemos con prepagas y obras sociales porque esto es una privatizaci\u00f3n del plan de vacunaci\u00f3n en la Ciudad\u00bb.<\/p>\n<p>\u00abSe est\u00e1 privatizando el acceso a la vacunaci\u00f3n. Es una estafa a la ciudadan\u00eda porte\u00f1a y al Estado nacional, ya que las vacunas son un recurso adquirido por la Naci\u00f3n\u00bb, reiter\u00f3.<\/p>\n<div class=\"js-code\">\n<div class=\"twitter-tweet twitter-tweet-rendered\"><iframe loading=\"lazy\" id=\"twitter-widget-0\" class=\"\" title=\"Twitter Tweet\" src=\"https:\/\/platform.twitter.com\/embed\/Tweet.html?creatorScreenName=agenciatelam&amp;dnt=false&amp;embedId=twitter-widget-0&amp;frame=false&amp;hideCard=false&amp;hideThread=false&amp;id=1364172929160855556&amp;lang=en&amp;origin=https%3A%2F%2Fwww.telam.com.ar%2Fnotas%2F202102%2F545394-denuncian-rodriguez-larreta-quiros-privatizacion-vacunacion-ciudad.html&amp;siteScreenName=agenciatelam&amp;theme=light&amp;widgetsVersion=889aa01%3A1612811843556&amp;width=550px\" width=\"300\" height=\"150\" frameborder=\"0\" scrolling=\"no\" allowfullscreen=\"allowfullscreen\" data-tweet-id=\"1364172929160855556\"><\/iframe><\/div>\n<\/div>\n<p>Por eso, la letrada remarc\u00f3: \u00abLe pedimos al Gobierno de la Ciudad que informe a qui\u00e9n le dio las vacunas que recibi\u00f3 del Gobierno nacional\u00bb.<\/p>\n<p><strong>\u00abLas prioridades en la vacunaci\u00f3n no pueden ser caprichosas, arbitrarias ni infundadas, sino que hay una resoluci\u00f3n del Ministerio de Salud de la Naci\u00f3n que establece el criterio y son para los que est\u00e1n m\u00e1s expuestos y no puede haber convenios con prepagas y obras sociales porque as\u00ed se est\u00e1 privatizando el acceso a la vacuna\u00bb,<\/strong>\u00a0asever\u00f3.<\/p>\n<p>Salvo record\u00f3 que \u00abhay una ley nacional donde tiene que quedar constancia a qui\u00e9n se le aplica la vacuna\u00bb y volvi\u00f3 a solicitar que \u00abel Gobierno porte\u00f1o que informe cuales son las entidades a las que les dio las vacunas\u00bb.<\/p>\n<p>Tambi\u00e9n, se\u00f1al\u00f3 que \u00aben la Ciudad hay muchos m\u00e9dicos y enfermeras que est\u00e1n en la primera l\u00ednea de lucha contra el coronavirus y con un alto riesgo de contagio y todav\u00eda no est\u00e1n vacunados mientras que en la provincia de Buenos Aires ya est\u00e1n vacunados casi todo el personal de salud de la primera l\u00ednea de batalla en esta pandemia\u00bb.<\/p>\n<p>La denuncia fue presentada contra Rodr\u00edguez Larreta y Quir\u00f3s por el delito de mal desempe\u00f1o de funcionario p\u00fablico, por lo que \u00ables puede caber una pena de 6 meses a 2 a\u00f1os\u00bb, seg\u00fan estim\u00f3 Salvo.<\/p>\n<\/div>\n<\/div>\n<\/div>\n<\/div>\n<\/div>\n","protected":false},"excerpt":{"rendered":"<p>La denuncia fue realizada por la abogada Natalia Salvo por presunta \u00abprivatizaci\u00f3n del acceso a la vacunaci\u00f3n contra el coronavirus\u00bb debido a \u00ablos contratos con prepagas y obras sociales\u00bb, lo que consider\u00f3 que \u00abes una estafa a la ciudadan\u00eda y al Estado nacional\u00bb.<\/p>\n","protected":false},"author":3,"featured_media":0,"comment_status":"closed","ping_status":"open","sticky":false,"template":"","format":"standard","meta":{"footnotes":""},"categories":[29,24],"tags":[],"class_list":["post-52826","post","type-post","status-publish","format-standard","hentry","category-policiales","category-politica"],"yoast_head":"<!-- This site is optimized with the Yoast SEO plugin v25.9 - https:\/\/yoast.com\/wordpress\/plugins\/seo\/ -->\n<title>Denuncian a Rodr\u00edguez Larreta y Quir\u00f3s por &quot;privatizar&quot; el plan de vacunaci\u00f3n - Noticias Radio Reflejos<\/title>\n<meta name=\"robots\" content=\"index, follow, max-snippet:-1, max-image-preview:large, max-video-preview:-1\" \/>\n<link rel=\"canonical\" href=\"https:\/\/www.noticiasradioreflejos.com.ar\/2021\/denuncian-a-rodriguez-larreta-y-quiros-por-privatizar-el-plan-de-vacunacion\/\" \/>\n<meta property=\"og:locale\" content=\"es_ES\" \/>\n<meta property=\"og:type\" content=\"article\" \/>\n<meta property=\"og:title\" content=\"Denuncian a Rodr\u00edguez Larreta y Quir\u00f3s por &quot;privatizar&quot; el plan de vacunaci\u00f3n - Noticias Radio Reflejos\" \/>\n<meta property=\"og:description\" content=\"La denuncia fue realizada por la abogada Natalia Salvo por presunta \u00abprivatizaci\u00f3n del acceso a la vacunaci\u00f3n contra el coronavirus\u00bb debido a \u00ablos contratos con prepagas y obras sociales\u00bb, lo que consider\u00f3 que \u00abes una estafa a la ciudadan\u00eda y al Estado nacional\u00bb.\" \/>\n<meta property=\"og:url\" content=\"https:\/\/www.noticiasradioreflejos.com.ar\/2021\/denuncian-a-rodriguez-larreta-y-quiros-por-privatizar-el-plan-de-vacunacion\/\" \/>\n<meta property=\"og:site_name\" content=\"Noticias Radio Reflejos\" \/>\n<meta property=\"article:published_time\" content=\"2021-02-23T15:37:42+00:00\" \/>\n<meta property=\"og:image\" content=\"https:\/\/www.telam.com.ar\/advf\/imagenes\/2020\/06\/5ef210c57866d_1004x565.jpg\" \/>\n<meta name=\"author\" content=\"Arnaldo Botto\" \/>\n<meta name=\"twitter:card\" content=\"summary_large_image\" \/>\n<script type=\"application\/ld+json\" class=\"yoast-schema-graph\">{\"@context\":\"https:\/\/schema.org\",\"@graph\":[{\"@type\":\"WebPage\",\"@id\":\"https:\/\/www.noticiasradioreflejos.com.ar\/2021\/denuncian-a-rodriguez-larreta-y-quiros-por-privatizar-el-plan-de-vacunacion\/\",\"url\":\"https:\/\/www.noticiasradioreflejos.com.ar\/2021\/denuncian-a-rodriguez-larreta-y-quiros-por-privatizar-el-plan-de-vacunacion\/\",\"name\":\"Denuncian a Rodr\u00edguez Larreta y Quir\u00f3s por \\\"privatizar\\\" el plan de vacunaci\u00f3n - Noticias Radio Reflejos\",\"isPartOf\":{\"@id\":\"https:\/\/www.noticiasradioreflejos.com.ar\/2021\/#website\"},\"primaryImageOfPage\":{\"@id\":\"https:\/\/www.noticiasradioreflejos.com.ar\/2021\/denuncian-a-rodriguez-larreta-y-quiros-por-privatizar-el-plan-de-vacunacion\/#primaryimage\"},\"image\":{\"@id\":\"https:\/\/www.noticiasradioreflejos.com.ar\/2021\/denuncian-a-rodriguez-larreta-y-quiros-por-privatizar-el-plan-de-vacunacion\/#primaryimage\"},\"thumbnailUrl\":\"https:\/\/www.telam.com.ar\/advf\/imagenes\/2020\/06\/5ef210c57866d_1004x565.jpg\",\"datePublished\":\"2021-02-23T15:37:42+00:00\",\"author\":{\"@id\":\"https:\/\/www.noticiasradioreflejos.com.ar\/2021\/#\/schema\/person\/ad82545263dcc5ec0996818884fd5fb1\"},\"breadcrumb\":{\"@id\":\"https:\/\/www.noticiasradioreflejos.com.ar\/2021\/denuncian-a-rodriguez-larreta-y-quiros-por-privatizar-el-plan-de-vacunacion\/#breadcrumb\"},\"inLanguage\":\"es\",\"potentialAction\":[{\"@type\":\"ReadAction\",\"target\":[\"https:\/\/www.noticiasradioreflejos.com.ar\/2021\/denuncian-a-rodriguez-larreta-y-quiros-por-privatizar-el-plan-de-vacunacion\/\"]}]},{\"@type\":\"ImageObject\",\"inLanguage\":\"es\",\"@id\":\"https:\/\/www.noticiasradioreflejos.com.ar\/2021\/denuncian-a-rodriguez-larreta-y-quiros-por-privatizar-el-plan-de-vacunacion\/#primaryimage\",\"url\":\"https:\/\/www.telam.com.ar\/advf\/imagenes\/2020\/06\/5ef210c57866d_1004x565.jpg\",\"contentUrl\":\"https:\/\/www.telam.com.ar\/advf\/imagenes\/2020\/06\/5ef210c57866d_1004x565.jpg\"},{\"@type\":\"BreadcrumbList\",\"@id\":\"https:\/\/www.noticiasradioreflejos.com.ar\/2021\/denuncian-a-rodriguez-larreta-y-quiros-por-privatizar-el-plan-de-vacunacion\/#breadcrumb\",\"itemListElement\":[{\"@type\":\"ListItem\",\"position\":1,\"name\":\"Portada\",\"item\":\"https:\/\/www.noticiasradioreflejos.com.ar\/2021\/\"},{\"@type\":\"ListItem\",\"position\":2,\"name\":\"Denuncian a Rodr\u00edguez Larreta y Quir\u00f3s por \u00abprivatizar\u00bb el plan de vacunaci\u00f3n\"}]},{\"@type\":\"WebSite\",\"@id\":\"https:\/\/www.noticiasradioreflejos.com.ar\/2021\/#website\",\"url\":\"https:\/\/www.noticiasradioreflejos.com.ar\/2021\/\",\"name\":\"Noticias Radio Reflejos\",\"description\":\"Las noticias de mi comarca\",\"potentialAction\":[{\"@type\":\"SearchAction\",\"target\":{\"@type\":\"EntryPoint\",\"urlTemplate\":\"https:\/\/www.noticiasradioreflejos.com.ar\/2021\/?s={search_term_string}\"},\"query-input\":{\"@type\":\"PropertyValueSpecification\",\"valueRequired\":true,\"valueName\":\"search_term_string\"}}],\"inLanguage\":\"es\"},{\"@type\":\"Person\",\"@id\":\"https:\/\/www.noticiasradioreflejos.com.ar\/2021\/#\/schema\/person\/ad82545263dcc5ec0996818884fd5fb1\",\"name\":\"Arnaldo Botto\",\"image\":{\"@type\":\"ImageObject\",\"inLanguage\":\"es\",\"@id\":\"https:\/\/www.noticiasradioreflejos.com.ar\/2021\/#\/schema\/person\/image\/\",\"url\":\"https:\/\/secure.gravatar.com\/avatar\/55cb5e37c1efa326397366e6974cb338056df65cb50e7d64d1cf314e87504837?s=96&d=mm&r=g\",\"contentUrl\":\"https:\/\/secure.gravatar.com\/avatar\/55cb5e37c1efa326397366e6974cb338056df65cb50e7d64d1cf314e87504837?s=96&d=mm&r=g\",\"caption\":\"Arnaldo Botto\"},\"url\":\"https:\/\/www.noticiasradioreflejos.com.ar\/2021\/author\/arnaldo\/\"}]}<\/script>\n<!-- \/ Yoast SEO plugin. -->","yoast_head_json":{"title":"Denuncian a Rodr\u00edguez Larreta y Quir\u00f3s por \"privatizar\" el plan de vacunaci\u00f3n - Noticias Radio Reflejos","robots":{"index":"index","follow":"follow","max-snippet":"max-snippet:-1","max-image-preview":"max-image-preview:large","max-video-preview":"max-video-preview:-1"},"canonical":"https:\/\/www.noticiasradioreflejos.com.ar\/2021\/denuncian-a-rodriguez-larreta-y-quiros-por-privatizar-el-plan-de-vacunacion\/","og_locale":"es_ES","og_type":"article","og_title":"Denuncian a Rodr\u00edguez Larreta y Quir\u00f3s por \"privatizar\" el plan de vacunaci\u00f3n - Noticias Radio Reflejos","og_description":"La denuncia fue realizada por la abogada Natalia Salvo por presunta \u00abprivatizaci\u00f3n del acceso a la vacunaci\u00f3n contra el coronavirus\u00bb debido a \u00ablos contratos con prepagas y obras sociales\u00bb, lo que consider\u00f3 que \u00abes una estafa a la ciudadan\u00eda y al Estado nacional\u00bb.","og_url":"https:\/\/www.noticiasradioreflejos.com.ar\/2021\/denuncian-a-rodriguez-larreta-y-quiros-por-privatizar-el-plan-de-vacunacion\/","og_site_name":"Noticias Radio Reflejos","article_published_time":"2021-02-23T15:37:42+00:00","og_image":[{"url":"https:\/\/www.telam.com.ar\/advf\/imagenes\/2020\/06\/5ef210c57866d_1004x565.jpg","type":"","width":"","height":""}],"author":"Arnaldo Botto","twitter_card":"summary_large_image","schema":{"@context":"https:\/\/schema.org","@graph":[{"@type":"WebPage","@id":"https:\/\/www.noticiasradioreflejos.com.ar\/2021\/denuncian-a-rodriguez-larreta-y-quiros-por-privatizar-el-plan-de-vacunacion\/","url":"https:\/\/www.noticiasradioreflejos.com.ar\/2021\/denuncian-a-rodriguez-larreta-y-quiros-por-privatizar-el-plan-de-vacunacion\/","name":"Denuncian a Rodr\u00edguez Larreta y Quir\u00f3s por \"privatizar\" el plan de vacunaci\u00f3n - Noticias Radio Reflejos","isPartOf":{"@id":"https:\/\/www.noticiasradioreflejos.com.ar\/2021\/#website"},"primaryImageOfPage":{"@id":"https:\/\/www.noticiasradioreflejos.com.ar\/2021\/denuncian-a-rodriguez-larreta-y-quiros-por-privatizar-el-plan-de-vacunacion\/#primaryimage"},"image":{"@id":"https:\/\/www.noticiasradioreflejos.com.ar\/2021\/denuncian-a-rodriguez-larreta-y-quiros-por-privatizar-el-plan-de-vacunacion\/#primaryimage"},"thumbnailUrl":"https:\/\/www.telam.com.ar\/advf\/imagenes\/2020\/06\/5ef210c57866d_1004x565.jpg","datePublished":"2021-02-23T15:37:42+00:00","author":{"@id":"https:\/\/www.noticiasradioreflejos.com.ar\/2021\/#\/schema\/person\/ad82545263dcc5ec0996818884fd5fb1"},"breadcrumb":{"@id":"https:\/\/www.noticiasradioreflejos.com.ar\/2021\/denuncian-a-rodriguez-larreta-y-quiros-por-privatizar-el-plan-de-vacunacion\/#breadcrumb"},"inLanguage":"es","potentialAction":[{"@type":"ReadAction","target":["https:\/\/www.noticiasradioreflejos.com.ar\/2021\/denuncian-a-rodriguez-larreta-y-quiros-por-privatizar-el-plan-de-vacunacion\/"]}]},{"@type":"ImageObject","inLanguage":"es","@id":"https:\/\/www.noticiasradioreflejos.com.ar\/2021\/denuncian-a-rodriguez-larreta-y-quiros-por-privatizar-el-plan-de-vacunacion\/#primaryimage","url":"https:\/\/www.telam.com.ar\/advf\/imagenes\/2020\/06\/5ef210c57866d_1004x565.jpg","contentUrl":"https:\/\/www.telam.com.ar\/advf\/imagenes\/2020\/06\/5ef210c57866d_1004x565.jpg"},{"@type":"BreadcrumbList","@id":"https:\/\/www.noticiasradioreflejos.com.ar\/2021\/denuncian-a-rodriguez-larreta-y-quiros-por-privatizar-el-plan-de-vacunacion\/#breadcrumb","itemListElement":[{"@type":"ListItem","position":1,"name":"Portada","item":"https:\/\/www.noticiasradioreflejos.com.ar\/2021\/"},{"@type":"ListItem","position":2,"name":"Denuncian a Rodr\u00edguez Larreta y Quir\u00f3s por \u00abprivatizar\u00bb el plan de vacunaci\u00f3n"}]},{"@type":"WebSite","@id":"https:\/\/www.noticiasradioreflejos.com.ar\/2021\/#website","url":"https:\/\/www.noticiasradioreflejos.com.ar\/2021\/","name":"Noticias Radio Reflejos","description":"Las noticias de mi comarca","potentialAction":[{"@type":"SearchAction","target":{"@type":"EntryPoint","urlTemplate":"https:\/\/www.noticiasradioreflejos.com.ar\/2021\/?s={search_term_string}"},"query-input":{"@type":"PropertyValueSpecification","valueRequired":true,"valueName":"search_term_string"}}],"inLanguage":"es"},{"@type":"Person","@id":"https:\/\/www.noticiasradioreflejos.com.ar\/2021\/#\/schema\/person\/ad82545263dcc5ec0996818884fd5fb1","name":"Arnaldo Botto","image":{"@type":"ImageObject","inLanguage":"es","@id":"https:\/\/www.noticiasradioreflejos.com.ar\/2021\/#\/schema\/person\/image\/","url":"https:\/\/secure.gravatar.com\/avatar\/55cb5e37c1efa326397366e6974cb338056df65cb50e7d64d1cf314e87504837?s=96&d=mm&r=g","contentUrl":"https:\/\/secure.gravatar.com\/avatar\/55cb5e37c1efa326397366e6974cb338056df65cb50e7d64d1cf314e87504837?s=96&d=mm&r=g","caption":"Arnaldo Botto"},"url":"https:\/\/www.noticiasradioreflejos.com.ar\/2021\/author\/arnaldo\/"}]}},"_links":{"self":[{"href":"https:\/\/www.noticiasradioreflejos.com.ar\/2021\/wp-json\/wp\/v2\/posts\/52826","targetHints":{"allow":["GET"]}}],"collection":[{"href":"https:\/\/www.noticiasradioreflejos.com.ar\/2021\/wp-json\/wp\/v2\/posts"}],"about":[{"href":"https:\/\/www.noticiasradioreflejos.com.ar\/2021\/wp-json\/wp\/v2\/types\/post"}],"author":[{"embeddable":true,"href":"https:\/\/www.noticiasradioreflejos.com.ar\/2021\/wp-json\/wp\/v2\/users\/3"}],"replies":[{"embeddable":true,"href":"https:\/\/www.noticiasradioreflejos.com.ar\/2021\/wp-json\/wp\/v2\/comments?post=52826"}],"version-history":[{"count":0,"href":"https:\/\/www.noticiasradioreflejos.com.ar\/2021\/wp-json\/wp\/v2\/posts\/52826\/revisions"}],"wp:attachment":[{"href":"https:\/\/www.noticiasradioreflejos.com.ar\/2021\/wp-json\/wp\/v2\/media?parent=52826"}],"wp:term":[{"taxonomy":"category","embeddable":true,"href":"https:\/\/www.noticiasradioreflejos.com.ar\/2021\/wp-json\/wp\/v2\/categories?post=52826"},{"taxonomy":"post_tag","embeddable":true,"href":"https:\/\/www.noticiasradioreflejos.com.ar\/2021\/wp-json\/wp\/v2\/tags?post=52826"}],"curies":[{"name":"wp","href":"https:\/\/api.w.org\/{rel}","templated":true}]}}