{"id":52805,"date":"2021-02-22T21:10:43","date_gmt":"2021-02-23T00:10:43","guid":{"rendered":"http:\/\/www.noticiasradioreflejos.com.ar\/noticias\/?p=52805"},"modified":"2021-02-22T21:10:43","modified_gmt":"2021-02-23T00:10:43","slug":"la-lista-de-personas-vacunadas-a-requerimiento-del-ministerio-de-salud","status":"publish","type":"post","link":"https:\/\/www.noticiasradioreflejos.com.ar\/2021\/la-lista-de-personas-vacunadas-a-requerimiento-del-ministerio-de-salud\/","title":{"rendered":"La lista de personas vacunadas a requerimiento del Ministerio de Salud"},"content":{"rendered":"<p>\u00abPor pedido expreso de la Ministra de Salud de la Naci\u00f3n, Carla Vizzotti, se requiri\u00f3 al Hospital Posadas y a las \u00e1reas involucradas de la cartera sanitaria nacional, el listado de personas vacunadas a requerimiento del Ministerio de Salud\u00bb, se indic\u00f3 en un informe oficial.<!--more--><\/p>\n<p>El Ministerio de Salud difundi\u00f3 oficialmente la lista completa de personas que recibieron dosis de la vacuna Sputnik V a requerimiento de la cartera sanitaria, en el primer d\u00eda de gesti\u00f3n de la ministra Carla Vizzotti, quien reafirm\u00f3 que administrar\u00e1 en forma \u00abmuy transparente\u00bb el plan nacional para inmunizar a la poblaci\u00f3n.<\/p>\n<p>La difusi\u00f3n de la n\u00f3mina, compuesta por 70 personas, hab\u00eda sido decidida esta ma\u00f1ana durante la primera reuni\u00f3n de trabajo entre el jefe de Gabinete, Santiago Cafiero, y Vizzotti.<\/p>\n<p>El Gobierno resolvi\u00f3 elaborar un \u00abprocedimiento\u00bb para difundir datos, a medida que el plan de vacunaci\u00f3n vaya avanzando, para dar transparencia a las pr\u00e1cticas de inmunizaci\u00f3n en los hospitales.<\/p>\n<p>\u00abPor pedido expreso de la Ministra de Salud de la Naci\u00f3n, Carla Vizzotti, se requiri\u00f3 al Hospital Posadas y a las \u00e1reas involucradas de la cartera sanitaria nacional, el listado de personas vacunadas a requerimiento del Ministerio de Salud. Asimismo, se instruy\u00f3 la auditor\u00eda del registro nominal\u00bb, se\u00f1al\u00f3 un informe oficial al que accedi\u00f3 la agencia de noticias T\u00e9lam.<\/p>\n<p>Este lunes, en declaraciones radiales y a periodistas en Casa de Gobierno, Vizzotti ratific\u00f3 que el Gobierno definir\u00e1 \u00abun proceso muy espec\u00edfico y transparente\u00bb, con un \u00abprocedimiento\u00bb para difundir datos, a medida que el plan vaya avanzando.<\/p>\n<div class=\"js-code\">\n<p><a title=\"View Listado Final Ministerio de Salud (1) on Scribd\" href=\"https:\/\/www.scribd.com\/document\/495564586\/Listado-Final-Ministerio-de-Salud-1#from_embed\">Listado Final Ministerio de Salud (1)<\/a>\u00a0by\u00a0<a title=\"View T\u00e9lam's profile on Scribd\" href=\"https:\/\/www.scribd.com\/user\/276843644\/Telam#from_embed\">T\u00e9lam<\/a>\u00a0on Scribd<\/p>\n<p><iframe loading=\"lazy\" id=\"doc_97061\" class=\"scribd_iframe_embed\" title=\"Listado Final Ministerio de Salud (1)\" src=\"https:\/\/es.scribd.com\/embeds\/495564586\/content?start_page=1&amp;view_mode=scroll&amp;access_key=key-zYUUQrKdslazqaWJCVMB\" width=\"100%\" height=\"600\" frameborder=\"0\" scrolling=\"no\" data-auto-height=\"false\" data-aspect-ratio=\"0.7080062794348508\"><\/iframe><\/p>\n<\/div>\n<p>Tambi\u00e9n, la flamante ministra volvi\u00f3 a descartar la existencia de \u00abvacunatorio VIP\u00bb y reiter\u00f3 que las irregularidades denunciadas fueron \u00abuna situaci\u00f3n puntual, incorrecta y reprochable\u00bb, a partir de la cual el presidente Alberto Fern\u00e1ndez adopt\u00f3 una \u00abmedida inmediata y fuerte\u00bb, en alusi\u00f3n a la salida de su exjefe y antecesor, Gin\u00e9s Gonz\u00e1lez Garc\u00eda.<\/p>\n<p>\u00abNosotros tenemos la trazabilidad de las vacunas, tenemos el sistema de qui\u00e9n se vacuna y qui\u00e9n no y tenemos tambi\u00e9n la posibilidad de fortalecer eso a trav\u00e9s de un mecanismo mucho m\u00e1s espec\u00edfico y m\u00e1s concreto y, claramente, difundirlo regularmente porque es un tema de mucha sensibilidad\u00bb, expres\u00f3 Vizzotti a Radio con Vos.<\/p>\n<p>En tanto, la Comisi\u00f3n Nacional de Inmunizaciones trabajar\u00e1 adem\u00e1s para \u00abdefinir\u00bb qui\u00e9nes deben ser considerados \u00abpersonal estrat\u00e9gico\u00bb o personas con gran responsabilidad en la \u00abtoma de decisiones\u00bb, categor\u00edas que est\u00e1n incluidas dentro del universo prioritario de vacunaci\u00f3n, m\u00e1s all\u00e1 de la edad o riesgo sanitario de la persona.<\/p>\n<p>Con ese criterio, Vizzotti puso en el primero de esos grupos al ministro de Econom\u00eda, Mart\u00edn Guzm\u00e1n, por su peso pol\u00edtico en los viajes que realiza y de cara a su visita a M\u00e9xico, donde se encuentra actualmente. \u00abQue el ministro se enferme con Covid es un problema\u00bb, evalu\u00f3 la funcionaria.<\/p>\n<p>Las definiciones en cuanto a la categor\u00eda de personal \u00abestrat\u00e9gico\u00bb ser\u00e1n establecidas por el Consejo Federal que encabezar\u00e1 Cafiero.<\/p>\n<p>Este lunes, m\u00e1s temprano, Vizzotti reiter\u00f3 que los casos de vacunaci\u00f3n irregulares denunciados configuran una \u00abexcepci\u00f3n y no la regla\u00bb, afirm\u00f3 que la campa\u00f1a de vacunaci\u00f3n est\u00e1 \u00abfuncionando de manera positiva\u00bb y a\u00f1adi\u00f3 que las vacunas \u00abest\u00e1n ingresando\u00bb al pa\u00eds \u00aben un contexto cr\u00edtico a nivel mundial\u00bb en cuanto a la provisi\u00f3n global de estos insumos.<\/p>\n<div class=\"title-big clearfix\">Las personas vacunadas por personal del Hospital Posadas en instalaciones del Ministerio de Salud de la Naci\u00f3n el d\u00eda 18 de febrero de 2021 son las siguientes:<\/div>\n<p>MANUKIAN SEZA<\/p>\n<p>VERBINSKY HORACIO<\/p>\n<p>NOYA ALDREY LOURDES<\/p>\n<p>NOYA ALDREY MATILDE<\/p>\n<p>NOYA ALDREY DOLORES<\/p>\n<p>GUILLE FELIX EULOGIO<\/p>\n<p>ALDREY FLORENCIO<\/p>\n<p>TAIANA JORGE ENRIQUE<\/p>\n<p>SCHACHTER SALOM\u00d3N<\/p>\n<p>VALDES EDUARDO FELIX<\/p>\n<div class=\"title-big clearfix\">Los solicitados por el Ministerio de Salud fueron los siguientes:<\/div>\n<p>FERNANDEZ ALBERTO<\/p>\n<p>VITOBELLO JULIO<\/p>\n<p>BIONDI JUAN<\/p>\n<p>MART\u00cdN MARCELO<\/p>\n<p>COLLAZO ESTEBAN<\/p>\n<p>RITACCO NICOLAS<\/p>\n<p>SOLA FELIPE<\/p>\n<p>NEME JORGE<\/p>\n<p>GUZM\u00c1N MART\u00cdN<\/p>\n<p>MALLAMACE MELINA<\/p>\n<p>VOSKANYAN VERA<\/p>\n<p>CHODOS SERGIO<\/p>\n<p>SALINAS PABLO<\/p>\n<p>COLODENCO MAIA<\/p>\n<p>SCIOLI DANIEL<\/p>\n<p>PEPPO OSCAR<\/p>\n<p>ZANNINI CARLOS<\/p>\n<p>GONZALEZ GINES<\/p>\n<p>BONELLI LISANDRO AMELIO<\/p>\n<p>DIAZ BAZAN JUDIT<\/p>\n<p>GUILLE MARCELO ARIEL<\/p>\n<p>MONSALVO MAURICIO ALBERTO<\/p>\n<p>SABIGNOSO MARTIN HORACIO<\/p>\n<p>MEDINA ARNALDO<\/p>\n<p>D\u00c0MICO CLAUDIO MIGUEL<\/p>\n<p>CORCHUELO JOSE<\/p>\n<p>BARRIONUEVO HECTOR<\/p>\n<p>GALLARDO PATRICIA<\/p>\n<p>FONTELA MARIANO ALBERTO<\/p>\n<p>LEIBOVICH ANDRES JOAQUIN<\/p>\n<p>INSUA HORACIO<\/p>\n<p>ZANARINI EUGENIO DANIEL<\/p>\n<p>REARTE ANAL\u00cdA<\/p>\n<p>SAULLE JUAN PABLO<\/p>\n<p>AQUINO ANAL\u00cdA<\/p>\n<p>COSTA ALEJANDRO<\/p>\n<p>CASTELLI JUAN<\/p>\n<p>DOMINGUEZ MARIA DE LOS ANGELES<\/p>\n<p>MIRANDA GRACIELA<\/p>\n<p>BURGO FILOMENA MARTA<\/p>\n<p>PAEZ DALESSANDRO<\/p>\n<p>LOPEZ IRENE<\/p>\n<p>MANDRACCIO NESTOR<\/p>\n<p>MICHI GABRIEL<\/p>\n<p>DEVOTO JORGE HECTOR<\/p>\n<p>ALSUA PATRICIA<\/p>\n<p>PEPE LORENZO ANTONIO<\/p>\n<p>DUHALDE MARCELO JORGE<\/p>\n<p>CURTO HUGO<\/p>\n<p>DUHALDE EDUARDO<\/p>\n<p>GONZALEZ HILDA<\/p>\n<p>MAO CARLOS<\/p>\n<p>DUHALDE MARIA EVA<\/p>\n<p>DUHALDE JULIANA<\/p>\n<p>GILARDI CARLOS ARIEL<\/p>\n<p>MORICHETTI YAEL<\/p>\n<p>AVELLA CARLOS ALBERTO<\/p>\n<p>SOUTO JUAN<\/p>\n<p>MARTELLETTI CAMILO<\/p>\n<p>GONZALEZ MIGUEL ANGEL<\/p>\n","protected":false},"excerpt":{"rendered":"<p>\u00abPor pedido expreso de la Ministra de Salud de la Naci\u00f3n, Carla Vizzotti, se requiri\u00f3 al Hospital Posadas y a las \u00e1reas involucradas de la cartera sanitaria nacional, el listado de personas vacunadas a requerimiento del Ministerio de Salud\u00bb, se indic\u00f3 en un informe oficial.<\/p>\n","protected":false},"author":3,"featured_media":0,"comment_status":"closed","ping_status":"open","sticky":false,"template":"","format":"standard","meta":{"footnotes":""},"categories":[30],"tags":[],"class_list":["post-52805","post","type-post","status-publish","format-standard","hentry","category-salud"],"yoast_head":"<!-- This site is optimized with the Yoast SEO plugin v25.9 - https:\/\/yoast.com\/wordpress\/plugins\/seo\/ -->\n<title>La lista de personas vacunadas a requerimiento del Ministerio de Salud - Noticias Radio Reflejos<\/title>\n<meta name=\"robots\" content=\"index, follow, max-snippet:-1, max-image-preview:large, max-video-preview:-1\" \/>\n<link rel=\"canonical\" href=\"https:\/\/www.noticiasradioreflejos.com.ar\/2021\/la-lista-de-personas-vacunadas-a-requerimiento-del-ministerio-de-salud\/\" \/>\n<meta property=\"og:locale\" content=\"es_ES\" \/>\n<meta property=\"og:type\" content=\"article\" \/>\n<meta property=\"og:title\" content=\"La lista de personas vacunadas a requerimiento del Ministerio de Salud - Noticias Radio Reflejos\" \/>\n<meta property=\"og:description\" content=\"\u00abPor pedido expreso de la Ministra de Salud de la Naci\u00f3n, Carla Vizzotti, se requiri\u00f3 al Hospital Posadas y a las \u00e1reas involucradas de la cartera sanitaria nacional, el listado de personas vacunadas a requerimiento del Ministerio de Salud\u00bb, se indic\u00f3 en un informe oficial.\" \/>\n<meta property=\"og:url\" content=\"https:\/\/www.noticiasradioreflejos.com.ar\/2021\/la-lista-de-personas-vacunadas-a-requerimiento-del-ministerio-de-salud\/\" \/>\n<meta property=\"og:site_name\" content=\"Noticias Radio Reflejos\" \/>\n<meta property=\"article:published_time\" content=\"2021-02-23T00:10:43+00:00\" \/>\n<meta property=\"og:image\" content=\"https:\/\/www.noticiasradioreflejos.com.ar\/2021\/wp-content\/uploads\/2021\/07\/logosol300x200.png\" \/>\n\t<meta property=\"og:image:width\" content=\"300\" \/>\n\t<meta property=\"og:image:height\" content=\"200\" \/>\n\t<meta property=\"og:image:type\" content=\"image\/png\" \/>\n<meta name=\"author\" content=\"Arnaldo Botto\" \/>\n<meta name=\"twitter:card\" content=\"summary_large_image\" \/>\n<script type=\"application\/ld+json\" class=\"yoast-schema-graph\">{\"@context\":\"https:\/\/schema.org\",\"@graph\":[{\"@type\":\"WebPage\",\"@id\":\"https:\/\/www.noticiasradioreflejos.com.ar\/2021\/la-lista-de-personas-vacunadas-a-requerimiento-del-ministerio-de-salud\/\",\"url\":\"https:\/\/www.noticiasradioreflejos.com.ar\/2021\/la-lista-de-personas-vacunadas-a-requerimiento-del-ministerio-de-salud\/\",\"name\":\"La lista de personas vacunadas a requerimiento del Ministerio de Salud - Noticias Radio Reflejos\",\"isPartOf\":{\"@id\":\"https:\/\/www.noticiasradioreflejos.com.ar\/2021\/#website\"},\"datePublished\":\"2021-02-23T00:10:43+00:00\",\"author\":{\"@id\":\"https:\/\/www.noticiasradioreflejos.com.ar\/2021\/#\/schema\/person\/ad82545263dcc5ec0996818884fd5fb1\"},\"breadcrumb\":{\"@id\":\"https:\/\/www.noticiasradioreflejos.com.ar\/2021\/la-lista-de-personas-vacunadas-a-requerimiento-del-ministerio-de-salud\/#breadcrumb\"},\"inLanguage\":\"es\",\"potentialAction\":[{\"@type\":\"ReadAction\",\"target\":[\"https:\/\/www.noticiasradioreflejos.com.ar\/2021\/la-lista-de-personas-vacunadas-a-requerimiento-del-ministerio-de-salud\/\"]}]},{\"@type\":\"BreadcrumbList\",\"@id\":\"https:\/\/www.noticiasradioreflejos.com.ar\/2021\/la-lista-de-personas-vacunadas-a-requerimiento-del-ministerio-de-salud\/#breadcrumb\",\"itemListElement\":[{\"@type\":\"ListItem\",\"position\":1,\"name\":\"Portada\",\"item\":\"https:\/\/www.noticiasradioreflejos.com.ar\/2021\/\"},{\"@type\":\"ListItem\",\"position\":2,\"name\":\"La lista de personas vacunadas a requerimiento del Ministerio de Salud\"}]},{\"@type\":\"WebSite\",\"@id\":\"https:\/\/www.noticiasradioreflejos.com.ar\/2021\/#website\",\"url\":\"https:\/\/www.noticiasradioreflejos.com.ar\/2021\/\",\"name\":\"Noticias Radio Reflejos\",\"description\":\"Las noticias de mi comarca\",\"potentialAction\":[{\"@type\":\"SearchAction\",\"target\":{\"@type\":\"EntryPoint\",\"urlTemplate\":\"https:\/\/www.noticiasradioreflejos.com.ar\/2021\/?s={search_term_string}\"},\"query-input\":{\"@type\":\"PropertyValueSpecification\",\"valueRequired\":true,\"valueName\":\"search_term_string\"}}],\"inLanguage\":\"es\"},{\"@type\":\"Person\",\"@id\":\"https:\/\/www.noticiasradioreflejos.com.ar\/2021\/#\/schema\/person\/ad82545263dcc5ec0996818884fd5fb1\",\"name\":\"Arnaldo Botto\",\"image\":{\"@type\":\"ImageObject\",\"inLanguage\":\"es\",\"@id\":\"https:\/\/www.noticiasradioreflejos.com.ar\/2021\/#\/schema\/person\/image\/\",\"url\":\"https:\/\/secure.gravatar.com\/avatar\/55cb5e37c1efa326397366e6974cb338056df65cb50e7d64d1cf314e87504837?s=96&d=mm&r=g\",\"contentUrl\":\"https:\/\/secure.gravatar.com\/avatar\/55cb5e37c1efa326397366e6974cb338056df65cb50e7d64d1cf314e87504837?s=96&d=mm&r=g\",\"caption\":\"Arnaldo Botto\"},\"url\":\"https:\/\/www.noticiasradioreflejos.com.ar\/2021\/author\/arnaldo\/\"}]}<\/script>\n<!-- \/ Yoast SEO plugin. -->","yoast_head_json":{"title":"La lista de personas vacunadas a requerimiento del Ministerio de Salud - Noticias Radio Reflejos","robots":{"index":"index","follow":"follow","max-snippet":"max-snippet:-1","max-image-preview":"max-image-preview:large","max-video-preview":"max-video-preview:-1"},"canonical":"https:\/\/www.noticiasradioreflejos.com.ar\/2021\/la-lista-de-personas-vacunadas-a-requerimiento-del-ministerio-de-salud\/","og_locale":"es_ES","og_type":"article","og_title":"La lista de personas vacunadas a requerimiento del Ministerio de Salud - Noticias Radio Reflejos","og_description":"\u00abPor pedido expreso de la Ministra de Salud de la Naci\u00f3n, Carla Vizzotti, se requiri\u00f3 al Hospital Posadas y a las \u00e1reas involucradas de la cartera sanitaria nacional, el listado de personas vacunadas a requerimiento del Ministerio de Salud\u00bb, se indic\u00f3 en un informe oficial.","og_url":"https:\/\/www.noticiasradioreflejos.com.ar\/2021\/la-lista-de-personas-vacunadas-a-requerimiento-del-ministerio-de-salud\/","og_site_name":"Noticias Radio Reflejos","article_published_time":"2021-02-23T00:10:43+00:00","og_image":[{"width":300,"height":200,"url":"https:\/\/www.noticiasradioreflejos.com.ar\/2021\/wp-content\/uploads\/2021\/07\/logosol300x200.png","type":"image\/png"}],"author":"Arnaldo Botto","twitter_card":"summary_large_image","schema":{"@context":"https:\/\/schema.org","@graph":[{"@type":"WebPage","@id":"https:\/\/www.noticiasradioreflejos.com.ar\/2021\/la-lista-de-personas-vacunadas-a-requerimiento-del-ministerio-de-salud\/","url":"https:\/\/www.noticiasradioreflejos.com.ar\/2021\/la-lista-de-personas-vacunadas-a-requerimiento-del-ministerio-de-salud\/","name":"La lista de personas vacunadas a requerimiento del Ministerio de Salud - Noticias Radio Reflejos","isPartOf":{"@id":"https:\/\/www.noticiasradioreflejos.com.ar\/2021\/#website"},"datePublished":"2021-02-23T00:10:43+00:00","author":{"@id":"https:\/\/www.noticiasradioreflejos.com.ar\/2021\/#\/schema\/person\/ad82545263dcc5ec0996818884fd5fb1"},"breadcrumb":{"@id":"https:\/\/www.noticiasradioreflejos.com.ar\/2021\/la-lista-de-personas-vacunadas-a-requerimiento-del-ministerio-de-salud\/#breadcrumb"},"inLanguage":"es","potentialAction":[{"@type":"ReadAction","target":["https:\/\/www.noticiasradioreflejos.com.ar\/2021\/la-lista-de-personas-vacunadas-a-requerimiento-del-ministerio-de-salud\/"]}]},{"@type":"BreadcrumbList","@id":"https:\/\/www.noticiasradioreflejos.com.ar\/2021\/la-lista-de-personas-vacunadas-a-requerimiento-del-ministerio-de-salud\/#breadcrumb","itemListElement":[{"@type":"ListItem","position":1,"name":"Portada","item":"https:\/\/www.noticiasradioreflejos.com.ar\/2021\/"},{"@type":"ListItem","position":2,"name":"La lista de personas vacunadas a requerimiento del Ministerio de Salud"}]},{"@type":"WebSite","@id":"https:\/\/www.noticiasradioreflejos.com.ar\/2021\/#website","url":"https:\/\/www.noticiasradioreflejos.com.ar\/2021\/","name":"Noticias Radio Reflejos","description":"Las noticias de mi comarca","potentialAction":[{"@type":"SearchAction","target":{"@type":"EntryPoint","urlTemplate":"https:\/\/www.noticiasradioreflejos.com.ar\/2021\/?s={search_term_string}"},"query-input":{"@type":"PropertyValueSpecification","valueRequired":true,"valueName":"search_term_string"}}],"inLanguage":"es"},{"@type":"Person","@id":"https:\/\/www.noticiasradioreflejos.com.ar\/2021\/#\/schema\/person\/ad82545263dcc5ec0996818884fd5fb1","name":"Arnaldo Botto","image":{"@type":"ImageObject","inLanguage":"es","@id":"https:\/\/www.noticiasradioreflejos.com.ar\/2021\/#\/schema\/person\/image\/","url":"https:\/\/secure.gravatar.com\/avatar\/55cb5e37c1efa326397366e6974cb338056df65cb50e7d64d1cf314e87504837?s=96&d=mm&r=g","contentUrl":"https:\/\/secure.gravatar.com\/avatar\/55cb5e37c1efa326397366e6974cb338056df65cb50e7d64d1cf314e87504837?s=96&d=mm&r=g","caption":"Arnaldo Botto"},"url":"https:\/\/www.noticiasradioreflejos.com.ar\/2021\/author\/arnaldo\/"}]}},"_links":{"self":[{"href":"https:\/\/www.noticiasradioreflejos.com.ar\/2021\/wp-json\/wp\/v2\/posts\/52805","targetHints":{"allow":["GET"]}}],"collection":[{"href":"https:\/\/www.noticiasradioreflejos.com.ar\/2021\/wp-json\/wp\/v2\/posts"}],"about":[{"href":"https:\/\/www.noticiasradioreflejos.com.ar\/2021\/wp-json\/wp\/v2\/types\/post"}],"author":[{"embeddable":true,"href":"https:\/\/www.noticiasradioreflejos.com.ar\/2021\/wp-json\/wp\/v2\/users\/3"}],"replies":[{"embeddable":true,"href":"https:\/\/www.noticiasradioreflejos.com.ar\/2021\/wp-json\/wp\/v2\/comments?post=52805"}],"version-history":[{"count":0,"href":"https:\/\/www.noticiasradioreflejos.com.ar\/2021\/wp-json\/wp\/v2\/posts\/52805\/revisions"}],"wp:attachment":[{"href":"https:\/\/www.noticiasradioreflejos.com.ar\/2021\/wp-json\/wp\/v2\/media?parent=52805"}],"wp:term":[{"taxonomy":"category","embeddable":true,"href":"https:\/\/www.noticiasradioreflejos.com.ar\/2021\/wp-json\/wp\/v2\/categories?post=52805"},{"taxonomy":"post_tag","embeddable":true,"href":"https:\/\/www.noticiasradioreflejos.com.ar\/2021\/wp-json\/wp\/v2\/tags?post=52805"}],"curies":[{"name":"wp","href":"https:\/\/api.w.org\/{rel}","templated":true}]}}