{"id":52802,"date":"2021-02-22T21:01:03","date_gmt":"2021-02-23T00:01:03","guid":{"rendered":"http:\/\/www.noticiasradioreflejos.com.ar\/noticias\/?p=52802"},"modified":"2021-02-22T21:01:03","modified_gmt":"2021-02-23T00:01:03","slug":"cafiero-y-vizzotti-ratificaron-pautas-para-la-eficiencia-y-transparencia-del-plan-de-vacunacion","status":"publish","type":"post","link":"https:\/\/www.noticiasradioreflejos.com.ar\/2021\/cafiero-y-vizzotti-ratificaron-pautas-para-la-eficiencia-y-transparencia-del-plan-de-vacunacion\/","title":{"rendered":"Cafiero y Vizzotti ratificaron pautas para la eficiencia y transparencia del plan de vacunaci\u00f3n"},"content":{"rendered":"<p>Tras el encuentro entre ambos funcionarios que se desarroll\u00f3 en Casa Rosada, la ministra de Salud\u00a0dijo que el Gobierno definir\u00e1 \u00abun proceso muy espec\u00edfico y transparente\u00bb, con un \u00abprocedimiento\u00bb para difundir datos.<!--more--><\/p>\n<p>El jefe de Gabinete, Santiago Cafiero, y la ministra de Salud, Carla Vizzotti, acordaron este lunes un esquema de trabajo para garantizar la eficiencia y la transparencia del sistema de vacunaci\u00f3n contra el coronavirus, adem\u00e1s de otras acciones propias de esa cartera de Estado.<\/p>\n<p>En declaraciones a Radio con Vos y a El Destape, al referirse a ese encuentro, la ministra explic\u00f3 que asisti\u00f3 con \u00abparte del equipo para hacer un consenso de los pasos a seguir\u00bb y explic\u00f3 que le pidieron\u00a0<strong>\u00abmostrar la trazabilidad de la vacuna e informar con mucha transparencia para fortalecer la confianza de la poblaci\u00f3n\u00bb.<\/strong><\/p>\n<p><strong>\u00abDesde el Ministerio de Salud vamos a fortalecer la transparencia porque nosotros tenemos la trazabilidad de las vacunas, tenemos el sistema de qui\u00e9n se vacuna y no se vacuna, y tenemos tambi\u00e9n la posibilidad de fortalecer eso a trav\u00e9s de un mecanismo mucho m\u00e1s espec\u00edfico y m\u00e1s concreto y, claramente, difundirlo regularmente porque es un tema de mucha sensibilidad\u00bb, sostuvo Vizzotti.<\/strong><\/p>\n<p>En ese marco, una de las primeras decisiones m\u00e1s trascendentes fue difundir oficialmente la lista de quienes recibieron la vacuna Sputnik V a requerimiento de la cartera sanitaria, compuesta por unas 70 personas.<\/p>\n<div id=\"image\" class=\"image\">\n<p><img decoding=\"async\" title=\"&quot;Desde el Ministerio de Salud vamos a fortalecer la transparencia&quot;, dijo Vizzotti.\" src=\"https:\/\/www.telam.com.ar\/advf\/imagenes\/2021\/02\/6033fdefe5c7e_1004x565.jpg\" alt=\"&quot;Desde el Ministerio de Salud vamos a fortalecer la transparencia&quot;, dijo Vizzotti.\" \/><\/p>\n<div class=\"epigrafe\">\u00abDesde el Ministerio de Salud vamos a fortalecer la transparencia\u00bb, dijo Vizzotti.<\/div>\n<\/div>\n<p>El Gobierno dispuso elaborar un \u00abprocedimiento\u00bb para dar a conocer datos a medida que avance el plan de inmunizaci\u00f3n, sobre todo en materia de claridad en cuanto a las tareas realizadas.<\/p>\n<p>\u00abPor pedido expreso de la Ministra de Salud de la Naci\u00f3n, Carla Vizzotti,\u00a0<strong>se requiri\u00f3 al Hospital Posadas y a las \u00e1reas involucradas de la cartera sanitaria nacional, el listado de personas vacunadas a requerimiento del Ministerio de Salud. Asimismo, se instruy\u00f3 la auditor\u00eda del registro nominal\u00bb, se\u00f1al\u00f3 un informe oficial.<\/strong><\/p>\n<p>La reuni\u00f3n entre Cafiero y Vizzotti se realiz\u00f3 en el despacho del Jefe de Gabinete en la Casa Rosada, informaron a T\u00e9lam fuentes oficiales.<\/p>\n<p>La nueva titular de Salud hab\u00eda adelantado que elevar\u00eda a Cafiero una propuesta \u00abde monitoreo, informaci\u00f3n peri\u00f3dica y recomendaciones de c\u00f3mo vacunar escalonadamente a la poblaci\u00f3n estrat\u00e9gica\u00bb contra el coronavirus, en una gesti\u00f3n que, adem\u00e1s, tendr\u00e1 en foco profundizar las negociaciones para recibir nuevas dosis.<\/p>\n<div class=\"js-code\">\n<div class=\"twitter-tweet twitter-tweet-rendered\"><iframe loading=\"lazy\" id=\"twitter-widget-0\" class=\"\" title=\"Twitter Tweet\" src=\"https:\/\/platform.twitter.com\/embed\/Tweet.html?creatorScreenName=agenciatelam&amp;dnt=false&amp;embedId=twitter-widget-0&amp;frame=false&amp;hideCard=false&amp;hideThread=false&amp;id=1363848402098937857&amp;lang=en&amp;origin=https%3A%2F%2Fwww.telam.com.ar%2Fnotas%2F202102%2F545355-cafiero-y-vizzotti-ratificaron-pautas-para-eficiencia-y-transparencia-del-plan-de-vacunacion.html&amp;siteScreenName=agenciatelam&amp;theme=light&amp;widgetsVersion=889aa01%3A1612811843556&amp;width=550px\" width=\"300\" height=\"150\" frameborder=\"0\" scrolling=\"no\" allowfullscreen=\"allowfullscreen\" data-tweet-id=\"1363848402098937857\"><\/iframe><\/div>\n<\/div>\n<p>En ese marco,\u00a0<strong>la ministra firm\u00f3 la Resoluci\u00f3n 688\/2021 que autoriza con car\u00e1cter de emergencia la vacuna SARS COV-2, desarrollada por Sinopharm en colaboraci\u00f3n con el Laboratorio Beijing Institute of Biological Products de la Rep\u00fablica Popular China.<\/strong><\/p>\n<p>El Gobierno inform\u00f3 que la medida fue adoptada luego de que la Administraci\u00f3n Nacional de Medicamentos, Alimentos y Tecnolog\u00eda M\u00e9dica (Anmat) le recomendara a la cartera sanitaria nacional tomar esta medida prevista en la Ley de Vacunas (27.573).<\/p>\n<p>Seg\u00fan se explic\u00f3, se trata de una vacuna inactivada, lo que significa que porta una versi\u00f3n del virus alterada gen\u00e9ticamente que le impide reproducirse y desarrollar la enfermedad, pero que genera una respuesta inmune en el organismo con capacidad protectora.<\/p>\n<p>La medida se dio en el contexto del acuerdo comercial que gestion\u00f3 el Gobierno nacional con la Corporaci\u00f3n Grupo Farmac\u00e9utico Nacional Chino para la adquisici\u00f3n de un mill\u00f3n de dosis que comenzar\u00e1n a llegar a la Argentina en los pr\u00f3ximos d\u00edas.<\/p>\n<div class=\"js-code\">\n<div class=\"twitter-tweet twitter-tweet-rendered\"><iframe loading=\"lazy\" id=\"twitter-widget-1\" class=\"\" title=\"Twitter Tweet\" src=\"https:\/\/platform.twitter.com\/embed\/Tweet.html?creatorScreenName=agenciatelam&amp;dnt=false&amp;embedId=twitter-widget-1&amp;frame=false&amp;hideCard=false&amp;hideThread=false&amp;id=1363840646583304193&amp;lang=en&amp;origin=https%3A%2F%2Fwww.telam.com.ar%2Fnotas%2F202102%2F545355-cafiero-y-vizzotti-ratificaron-pautas-para-eficiencia-y-transparencia-del-plan-de-vacunacion.html&amp;siteScreenName=agenciatelam&amp;theme=light&amp;widgetsVersion=889aa01%3A1612811843556&amp;width=550px\" width=\"300\" height=\"150\" frameborder=\"0\" scrolling=\"no\" allowfullscreen=\"allowfullscreen\" data-tweet-id=\"1363840646583304193\"><\/iframe><\/div>\n<\/div>\n<p>Adem\u00e1s, el Gobierno aprob\u00f3 la adquisici\u00f3n de 20 millones de carnets para la certificaci\u00f3n de la vacunaci\u00f3n contra el coronavirus y \u00abla disminuci\u00f3n de errores program\u00e1ticos\u00bb, en el marco de la campa\u00f1a que se desarrolla en todo el pa\u00eds, seg\u00fan la resoluci\u00f3n publicada en el Bolet\u00edn Oficial.<\/p>\n<p>\u00abApru\u00e9base la contrataci\u00f3n por emergencia COVID-19 N\u00ba 10\/2020, en el marco de la estrategia de vacunaci\u00f3n destinada a generar inmunidad adquirida contra el coronavirus, para la adquisici\u00f3n de carnets destinados a certificar la vacunaci\u00f3n y que se ha completado el esquema adecuado, colaborando en la disminuci\u00f3n de errores program\u00e1ticos y facilitando el registro de las personas vacunadas\u00bb, indica el art\u00edculo primero de la decisi\u00f3n ministerial.<\/p>\n<p>El carnet permitir\u00e1 \u00abcertificar la vacunaci\u00f3n y que verifique que se ha completado el esquema adecuado, colaborando en la disminuci\u00f3n de errores program\u00e1ticos y facilitando el registro\u00bb.<\/p>\n<p>Mientras, el fiscal federal Eduardo Taiano imput\u00f3 a Gonz\u00e1lez Garc\u00eda y a su exjefe de gabinete Lisandro Bonelli en la causa que investiga si se cometieron irregularidades con el suministro de la vacuna contra el coronavirus a personas que supuestamente no cumpl\u00edan con los criterios de prioridad epidemiol\u00f3gicos, informaron fuentes judiciales.<\/p>\n<p>En paralelo, diputados de Juntos por el Cambio presentaron un proyecto de ley para crear una Comisi\u00f3n Investigadora de Control y Monitoreo del Plan de Vacunaci\u00f3n.<\/p>\n","protected":false},"excerpt":{"rendered":"<p>Tras el encuentro entre ambos funcionarios que se desarroll\u00f3 en Casa Rosada, la ministra de Salud\u00a0dijo que el Gobierno definir\u00e1 \u00abun proceso muy espec\u00edfico y transparente\u00bb, con un \u00abprocedimiento\u00bb para difundir datos.<\/p>\n","protected":false},"author":3,"featured_media":0,"comment_status":"closed","ping_status":"open","sticky":false,"template":"","format":"standard","meta":{"footnotes":""},"categories":[24,30],"tags":[],"class_list":["post-52802","post","type-post","status-publish","format-standard","hentry","category-politica","category-salud"],"yoast_head":"<!-- This site is optimized with the Yoast SEO plugin v25.9 - https:\/\/yoast.com\/wordpress\/plugins\/seo\/ -->\n<title>Cafiero y Vizzotti ratificaron pautas para la eficiencia y transparencia del plan de vacunaci\u00f3n - Noticias Radio Reflejos<\/title>\n<meta name=\"robots\" content=\"index, follow, max-snippet:-1, max-image-preview:large, max-video-preview:-1\" \/>\n<link rel=\"canonical\" href=\"https:\/\/www.noticiasradioreflejos.com.ar\/2021\/cafiero-y-vizzotti-ratificaron-pautas-para-la-eficiencia-y-transparencia-del-plan-de-vacunacion\/\" \/>\n<meta property=\"og:locale\" content=\"es_ES\" \/>\n<meta property=\"og:type\" content=\"article\" \/>\n<meta property=\"og:title\" content=\"Cafiero y Vizzotti ratificaron pautas para la eficiencia y transparencia del plan de vacunaci\u00f3n - Noticias Radio Reflejos\" \/>\n<meta property=\"og:description\" content=\"Tras el encuentro entre ambos funcionarios que se desarroll\u00f3 en Casa Rosada, la ministra de Salud\u00a0dijo que el Gobierno definir\u00e1 \u00abun proceso muy espec\u00edfico y transparente\u00bb, con un \u00abprocedimiento\u00bb para difundir datos.\" \/>\n<meta property=\"og:url\" content=\"https:\/\/www.noticiasradioreflejos.com.ar\/2021\/cafiero-y-vizzotti-ratificaron-pautas-para-la-eficiencia-y-transparencia-del-plan-de-vacunacion\/\" \/>\n<meta property=\"og:site_name\" content=\"Noticias Radio Reflejos\" \/>\n<meta property=\"article:published_time\" content=\"2021-02-23T00:01:03+00:00\" \/>\n<meta property=\"og:image\" content=\"https:\/\/www.telam.com.ar\/advf\/imagenes\/2021\/02\/6033fdefe5c7e_1004x565.jpg\" \/>\n<meta name=\"author\" content=\"Arnaldo Botto\" \/>\n<meta name=\"twitter:card\" content=\"summary_large_image\" \/>\n<script type=\"application\/ld+json\" class=\"yoast-schema-graph\">{\"@context\":\"https:\/\/schema.org\",\"@graph\":[{\"@type\":\"WebPage\",\"@id\":\"https:\/\/www.noticiasradioreflejos.com.ar\/2021\/cafiero-y-vizzotti-ratificaron-pautas-para-la-eficiencia-y-transparencia-del-plan-de-vacunacion\/\",\"url\":\"https:\/\/www.noticiasradioreflejos.com.ar\/2021\/cafiero-y-vizzotti-ratificaron-pautas-para-la-eficiencia-y-transparencia-del-plan-de-vacunacion\/\",\"name\":\"Cafiero y Vizzotti ratificaron pautas para la eficiencia y transparencia del plan de vacunaci\u00f3n - Noticias Radio Reflejos\",\"isPartOf\":{\"@id\":\"https:\/\/www.noticiasradioreflejos.com.ar\/2021\/#website\"},\"primaryImageOfPage\":{\"@id\":\"https:\/\/www.noticiasradioreflejos.com.ar\/2021\/cafiero-y-vizzotti-ratificaron-pautas-para-la-eficiencia-y-transparencia-del-plan-de-vacunacion\/#primaryimage\"},\"image\":{\"@id\":\"https:\/\/www.noticiasradioreflejos.com.ar\/2021\/cafiero-y-vizzotti-ratificaron-pautas-para-la-eficiencia-y-transparencia-del-plan-de-vacunacion\/#primaryimage\"},\"thumbnailUrl\":\"https:\/\/www.telam.com.ar\/advf\/imagenes\/2021\/02\/6033fdefe5c7e_1004x565.jpg\",\"datePublished\":\"2021-02-23T00:01:03+00:00\",\"author\":{\"@id\":\"https:\/\/www.noticiasradioreflejos.com.ar\/2021\/#\/schema\/person\/ad82545263dcc5ec0996818884fd5fb1\"},\"breadcrumb\":{\"@id\":\"https:\/\/www.noticiasradioreflejos.com.ar\/2021\/cafiero-y-vizzotti-ratificaron-pautas-para-la-eficiencia-y-transparencia-del-plan-de-vacunacion\/#breadcrumb\"},\"inLanguage\":\"es\",\"potentialAction\":[{\"@type\":\"ReadAction\",\"target\":[\"https:\/\/www.noticiasradioreflejos.com.ar\/2021\/cafiero-y-vizzotti-ratificaron-pautas-para-la-eficiencia-y-transparencia-del-plan-de-vacunacion\/\"]}]},{\"@type\":\"ImageObject\",\"inLanguage\":\"es\",\"@id\":\"https:\/\/www.noticiasradioreflejos.com.ar\/2021\/cafiero-y-vizzotti-ratificaron-pautas-para-la-eficiencia-y-transparencia-del-plan-de-vacunacion\/#primaryimage\",\"url\":\"https:\/\/www.telam.com.ar\/advf\/imagenes\/2021\/02\/6033fdefe5c7e_1004x565.jpg\",\"contentUrl\":\"https:\/\/www.telam.com.ar\/advf\/imagenes\/2021\/02\/6033fdefe5c7e_1004x565.jpg\"},{\"@type\":\"BreadcrumbList\",\"@id\":\"https:\/\/www.noticiasradioreflejos.com.ar\/2021\/cafiero-y-vizzotti-ratificaron-pautas-para-la-eficiencia-y-transparencia-del-plan-de-vacunacion\/#breadcrumb\",\"itemListElement\":[{\"@type\":\"ListItem\",\"position\":1,\"name\":\"Portada\",\"item\":\"https:\/\/www.noticiasradioreflejos.com.ar\/2021\/\"},{\"@type\":\"ListItem\",\"position\":2,\"name\":\"Cafiero y Vizzotti ratificaron pautas para la eficiencia y transparencia del plan de vacunaci\u00f3n\"}]},{\"@type\":\"WebSite\",\"@id\":\"https:\/\/www.noticiasradioreflejos.com.ar\/2021\/#website\",\"url\":\"https:\/\/www.noticiasradioreflejos.com.ar\/2021\/\",\"name\":\"Noticias Radio Reflejos\",\"description\":\"Las noticias de mi comarca\",\"potentialAction\":[{\"@type\":\"SearchAction\",\"target\":{\"@type\":\"EntryPoint\",\"urlTemplate\":\"https:\/\/www.noticiasradioreflejos.com.ar\/2021\/?s={search_term_string}\"},\"query-input\":{\"@type\":\"PropertyValueSpecification\",\"valueRequired\":true,\"valueName\":\"search_term_string\"}}],\"inLanguage\":\"es\"},{\"@type\":\"Person\",\"@id\":\"https:\/\/www.noticiasradioreflejos.com.ar\/2021\/#\/schema\/person\/ad82545263dcc5ec0996818884fd5fb1\",\"name\":\"Arnaldo Botto\",\"image\":{\"@type\":\"ImageObject\",\"inLanguage\":\"es\",\"@id\":\"https:\/\/www.noticiasradioreflejos.com.ar\/2021\/#\/schema\/person\/image\/\",\"url\":\"https:\/\/secure.gravatar.com\/avatar\/55cb5e37c1efa326397366e6974cb338056df65cb50e7d64d1cf314e87504837?s=96&d=mm&r=g\",\"contentUrl\":\"https:\/\/secure.gravatar.com\/avatar\/55cb5e37c1efa326397366e6974cb338056df65cb50e7d64d1cf314e87504837?s=96&d=mm&r=g\",\"caption\":\"Arnaldo Botto\"},\"url\":\"https:\/\/www.noticiasradioreflejos.com.ar\/2021\/author\/arnaldo\/\"}]}<\/script>\n<!-- \/ Yoast SEO plugin. -->","yoast_head_json":{"title":"Cafiero y Vizzotti ratificaron pautas para la eficiencia y transparencia del plan de vacunaci\u00f3n - Noticias Radio Reflejos","robots":{"index":"index","follow":"follow","max-snippet":"max-snippet:-1","max-image-preview":"max-image-preview:large","max-video-preview":"max-video-preview:-1"},"canonical":"https:\/\/www.noticiasradioreflejos.com.ar\/2021\/cafiero-y-vizzotti-ratificaron-pautas-para-la-eficiencia-y-transparencia-del-plan-de-vacunacion\/","og_locale":"es_ES","og_type":"article","og_title":"Cafiero y Vizzotti ratificaron pautas para la eficiencia y transparencia del plan de vacunaci\u00f3n - Noticias Radio Reflejos","og_description":"Tras el encuentro entre ambos funcionarios que se desarroll\u00f3 en Casa Rosada, la ministra de Salud\u00a0dijo que el Gobierno definir\u00e1 \u00abun proceso muy espec\u00edfico y transparente\u00bb, con un \u00abprocedimiento\u00bb para difundir datos.","og_url":"https:\/\/www.noticiasradioreflejos.com.ar\/2021\/cafiero-y-vizzotti-ratificaron-pautas-para-la-eficiencia-y-transparencia-del-plan-de-vacunacion\/","og_site_name":"Noticias Radio Reflejos","article_published_time":"2021-02-23T00:01:03+00:00","og_image":[{"url":"https:\/\/www.telam.com.ar\/advf\/imagenes\/2021\/02\/6033fdefe5c7e_1004x565.jpg","type":"","width":"","height":""}],"author":"Arnaldo Botto","twitter_card":"summary_large_image","schema":{"@context":"https:\/\/schema.org","@graph":[{"@type":"WebPage","@id":"https:\/\/www.noticiasradioreflejos.com.ar\/2021\/cafiero-y-vizzotti-ratificaron-pautas-para-la-eficiencia-y-transparencia-del-plan-de-vacunacion\/","url":"https:\/\/www.noticiasradioreflejos.com.ar\/2021\/cafiero-y-vizzotti-ratificaron-pautas-para-la-eficiencia-y-transparencia-del-plan-de-vacunacion\/","name":"Cafiero y Vizzotti ratificaron pautas para la eficiencia y transparencia del plan de vacunaci\u00f3n - Noticias Radio Reflejos","isPartOf":{"@id":"https:\/\/www.noticiasradioreflejos.com.ar\/2021\/#website"},"primaryImageOfPage":{"@id":"https:\/\/www.noticiasradioreflejos.com.ar\/2021\/cafiero-y-vizzotti-ratificaron-pautas-para-la-eficiencia-y-transparencia-del-plan-de-vacunacion\/#primaryimage"},"image":{"@id":"https:\/\/www.noticiasradioreflejos.com.ar\/2021\/cafiero-y-vizzotti-ratificaron-pautas-para-la-eficiencia-y-transparencia-del-plan-de-vacunacion\/#primaryimage"},"thumbnailUrl":"https:\/\/www.telam.com.ar\/advf\/imagenes\/2021\/02\/6033fdefe5c7e_1004x565.jpg","datePublished":"2021-02-23T00:01:03+00:00","author":{"@id":"https:\/\/www.noticiasradioreflejos.com.ar\/2021\/#\/schema\/person\/ad82545263dcc5ec0996818884fd5fb1"},"breadcrumb":{"@id":"https:\/\/www.noticiasradioreflejos.com.ar\/2021\/cafiero-y-vizzotti-ratificaron-pautas-para-la-eficiencia-y-transparencia-del-plan-de-vacunacion\/#breadcrumb"},"inLanguage":"es","potentialAction":[{"@type":"ReadAction","target":["https:\/\/www.noticiasradioreflejos.com.ar\/2021\/cafiero-y-vizzotti-ratificaron-pautas-para-la-eficiencia-y-transparencia-del-plan-de-vacunacion\/"]}]},{"@type":"ImageObject","inLanguage":"es","@id":"https:\/\/www.noticiasradioreflejos.com.ar\/2021\/cafiero-y-vizzotti-ratificaron-pautas-para-la-eficiencia-y-transparencia-del-plan-de-vacunacion\/#primaryimage","url":"https:\/\/www.telam.com.ar\/advf\/imagenes\/2021\/02\/6033fdefe5c7e_1004x565.jpg","contentUrl":"https:\/\/www.telam.com.ar\/advf\/imagenes\/2021\/02\/6033fdefe5c7e_1004x565.jpg"},{"@type":"BreadcrumbList","@id":"https:\/\/www.noticiasradioreflejos.com.ar\/2021\/cafiero-y-vizzotti-ratificaron-pautas-para-la-eficiencia-y-transparencia-del-plan-de-vacunacion\/#breadcrumb","itemListElement":[{"@type":"ListItem","position":1,"name":"Portada","item":"https:\/\/www.noticiasradioreflejos.com.ar\/2021\/"},{"@type":"ListItem","position":2,"name":"Cafiero y Vizzotti ratificaron pautas para la eficiencia y transparencia del plan de vacunaci\u00f3n"}]},{"@type":"WebSite","@id":"https:\/\/www.noticiasradioreflejos.com.ar\/2021\/#website","url":"https:\/\/www.noticiasradioreflejos.com.ar\/2021\/","name":"Noticias Radio Reflejos","description":"Las noticias de mi comarca","potentialAction":[{"@type":"SearchAction","target":{"@type":"EntryPoint","urlTemplate":"https:\/\/www.noticiasradioreflejos.com.ar\/2021\/?s={search_term_string}"},"query-input":{"@type":"PropertyValueSpecification","valueRequired":true,"valueName":"search_term_string"}}],"inLanguage":"es"},{"@type":"Person","@id":"https:\/\/www.noticiasradioreflejos.com.ar\/2021\/#\/schema\/person\/ad82545263dcc5ec0996818884fd5fb1","name":"Arnaldo Botto","image":{"@type":"ImageObject","inLanguage":"es","@id":"https:\/\/www.noticiasradioreflejos.com.ar\/2021\/#\/schema\/person\/image\/","url":"https:\/\/secure.gravatar.com\/avatar\/55cb5e37c1efa326397366e6974cb338056df65cb50e7d64d1cf314e87504837?s=96&d=mm&r=g","contentUrl":"https:\/\/secure.gravatar.com\/avatar\/55cb5e37c1efa326397366e6974cb338056df65cb50e7d64d1cf314e87504837?s=96&d=mm&r=g","caption":"Arnaldo Botto"},"url":"https:\/\/www.noticiasradioreflejos.com.ar\/2021\/author\/arnaldo\/"}]}},"_links":{"self":[{"href":"https:\/\/www.noticiasradioreflejos.com.ar\/2021\/wp-json\/wp\/v2\/posts\/52802","targetHints":{"allow":["GET"]}}],"collection":[{"href":"https:\/\/www.noticiasradioreflejos.com.ar\/2021\/wp-json\/wp\/v2\/posts"}],"about":[{"href":"https:\/\/www.noticiasradioreflejos.com.ar\/2021\/wp-json\/wp\/v2\/types\/post"}],"author":[{"embeddable":true,"href":"https:\/\/www.noticiasradioreflejos.com.ar\/2021\/wp-json\/wp\/v2\/users\/3"}],"replies":[{"embeddable":true,"href":"https:\/\/www.noticiasradioreflejos.com.ar\/2021\/wp-json\/wp\/v2\/comments?post=52802"}],"version-history":[{"count":0,"href":"https:\/\/www.noticiasradioreflejos.com.ar\/2021\/wp-json\/wp\/v2\/posts\/52802\/revisions"}],"wp:attachment":[{"href":"https:\/\/www.noticiasradioreflejos.com.ar\/2021\/wp-json\/wp\/v2\/media?parent=52802"}],"wp:term":[{"taxonomy":"category","embeddable":true,"href":"https:\/\/www.noticiasradioreflejos.com.ar\/2021\/wp-json\/wp\/v2\/categories?post=52802"},{"taxonomy":"post_tag","embeddable":true,"href":"https:\/\/www.noticiasradioreflejos.com.ar\/2021\/wp-json\/wp\/v2\/tags?post=52802"}],"curies":[{"name":"wp","href":"https:\/\/api.w.org\/{rel}","templated":true}]}}