{"id":52787,"date":"2021-02-22T16:29:57","date_gmt":"2021-02-22T19:29:57","guid":{"rendered":"http:\/\/www.noticiasradioreflejos.com.ar\/noticias\/?p=52787"},"modified":"2021-02-22T16:29:57","modified_gmt":"2021-02-22T19:29:57","slug":"calendarios-de-pago-del-martes-23-de-febrero","status":"publish","type":"post","link":"https:\/\/www.noticiasradioreflejos.com.ar\/2021\/calendarios-de-pago-del-martes-23-de-febrero\/","title":{"rendered":"Calendarios de pago del Martes 23 de Febrero"},"content":{"rendered":"<p>La ANSES, organismo a cargo de Fernanda Raverta, informa que ma\u00f1ana se abonan jubilaciones, pensiones, Asignaci\u00f3n Universal por Hijo y por Embarazo, Asignaciones Familiares, Asignaciones de Pago \u00danico, Prestaci\u00f3n por Desempleo y tarjeta Alimentar.<!--more--><\/p>\n<p>Jubilaciones y pensiones del Sistema Integrado Previsional Argentino (SIPA)<\/p>\n<p>Las sucursales bancarias atender\u00e1n por ventanilla solo a jubilados y pensionados con documentos terminados en 2 y 3 cuyos haberes SUPEREN la suma de $21.393.<\/p>\n<p>En este sentido, si bien estas personas no tienen que solicitar turno previo para cobrar el beneficio, deben acercarse al banco \u00fanicamente en la fecha asignada. Cabe recordar que los haberes permanecer\u00e1n depositados en sus cuentas.<\/p>\n<p>Asignaci\u00f3n Universal por Hijo y Asignaci\u00f3n Familiar por Hijo<\/p>\n<p>Con la utilizaci\u00f3n de la tarjeta de d\u00e9bito, ma\u00f1ana perciben la Asignaci\u00f3n Universal por Hijo y la Asignaci\u00f3n Familiar por Hijo los titulares con documentos finalizados en 9.<\/p>\n<p>Asignaci\u00f3n Universal por Embarazo<\/p>\n<p>Con la utilizaci\u00f3n de la tarjeta de d\u00e9bito, ma\u00f1ana cobran la Asignaci\u00f3n Universal por Embarazo las titulares con documentos concluidos en 7.<\/p>\n<p>Asignaciones de Pago \u00danico<\/p>\n<p>Desde ma\u00f1ana y hasta el 10 de marzo, se pagan las Asignaciones de Pago \u00danico (Matrimonio, Nacimiento y Adopci\u00f3n) para todas las terminaciones de documento.<\/p>\n<p>Prestaci\u00f3n por Desempleo<\/p>\n<p>Ma\u00f1ana perciben la Prestaci\u00f3n por Desempleo las personas cuyos documentos finalizados en 0 y 1.<\/p>\n<p>Tarjeta Alimentar<\/p>\n<p>En el marco del Plan Argentina contra el Hambre del Ministerio de Desarrollo Social, la ANSES acompa\u00f1a con el pago de la tarjeta Alimentar. Ma\u00f1ana perciben el beneficio quienes cobren la AUH con documentos concluidos en 9.<\/p>\n<p>www.anses.gob.ar<\/p>\n","protected":false},"excerpt":{"rendered":"<p>La ANSES, organismo a cargo de Fernanda Raverta, informa que ma\u00f1ana se abonan jubilaciones, pensiones, Asignaci\u00f3n Universal por Hijo y por Embarazo, Asignaciones Familiares, Asignaciones de Pago \u00danico, Prestaci\u00f3n por Desempleo y tarjeta Alimentar.<\/p>\n","protected":false},"author":3,"featured_media":0,"comment_status":"closed","ping_status":"open","sticky":false,"template":"","format":"standard","meta":{"footnotes":""},"categories":[25],"tags":[],"class_list":["post-52787","post","type-post","status-publish","format-standard","hentry","category-uncategorized"],"yoast_head":"<!-- This site is optimized with the Yoast SEO plugin v25.9 - https:\/\/yoast.com\/wordpress\/plugins\/seo\/ -->\n<title>Calendarios de pago del Martes 23 de Febrero - Noticias Radio Reflejos<\/title>\n<meta name=\"robots\" content=\"index, follow, max-snippet:-1, max-image-preview:large, max-video-preview:-1\" \/>\n<link rel=\"canonical\" href=\"https:\/\/www.noticiasradioreflejos.com.ar\/2021\/calendarios-de-pago-del-martes-23-de-febrero\/\" \/>\n<meta property=\"og:locale\" content=\"es_ES\" \/>\n<meta property=\"og:type\" content=\"article\" \/>\n<meta property=\"og:title\" content=\"Calendarios de pago del Martes 23 de Febrero - Noticias Radio Reflejos\" \/>\n<meta property=\"og:description\" content=\"La ANSES, organismo a cargo de Fernanda Raverta, informa que ma\u00f1ana se abonan jubilaciones, pensiones, Asignaci\u00f3n Universal por Hijo y por Embarazo, Asignaciones Familiares, Asignaciones de Pago \u00danico, Prestaci\u00f3n por Desempleo y tarjeta Alimentar.\" \/>\n<meta property=\"og:url\" content=\"https:\/\/www.noticiasradioreflejos.com.ar\/2021\/calendarios-de-pago-del-martes-23-de-febrero\/\" \/>\n<meta property=\"og:site_name\" content=\"Noticias Radio Reflejos\" \/>\n<meta property=\"article:published_time\" content=\"2021-02-22T19:29:57+00:00\" \/>\n<meta property=\"og:image\" content=\"https:\/\/www.noticiasradioreflejos.com.ar\/2021\/wp-content\/uploads\/2021\/07\/logosol300x200.png\" \/>\n\t<meta property=\"og:image:width\" content=\"300\" \/>\n\t<meta property=\"og:image:height\" content=\"200\" \/>\n\t<meta property=\"og:image:type\" content=\"image\/png\" \/>\n<meta name=\"author\" content=\"Arnaldo Botto\" \/>\n<meta name=\"twitter:card\" content=\"summary_large_image\" \/>\n<script type=\"application\/ld+json\" class=\"yoast-schema-graph\">{\"@context\":\"https:\/\/schema.org\",\"@graph\":[{\"@type\":\"WebPage\",\"@id\":\"https:\/\/www.noticiasradioreflejos.com.ar\/2021\/calendarios-de-pago-del-martes-23-de-febrero\/\",\"url\":\"https:\/\/www.noticiasradioreflejos.com.ar\/2021\/calendarios-de-pago-del-martes-23-de-febrero\/\",\"name\":\"Calendarios de pago del Martes 23 de Febrero - Noticias Radio Reflejos\",\"isPartOf\":{\"@id\":\"https:\/\/www.noticiasradioreflejos.com.ar\/2021\/#website\"},\"datePublished\":\"2021-02-22T19:29:57+00:00\",\"author\":{\"@id\":\"https:\/\/www.noticiasradioreflejos.com.ar\/2021\/#\/schema\/person\/ad82545263dcc5ec0996818884fd5fb1\"},\"breadcrumb\":{\"@id\":\"https:\/\/www.noticiasradioreflejos.com.ar\/2021\/calendarios-de-pago-del-martes-23-de-febrero\/#breadcrumb\"},\"inLanguage\":\"es\",\"potentialAction\":[{\"@type\":\"ReadAction\",\"target\":[\"https:\/\/www.noticiasradioreflejos.com.ar\/2021\/calendarios-de-pago-del-martes-23-de-febrero\/\"]}]},{\"@type\":\"BreadcrumbList\",\"@id\":\"https:\/\/www.noticiasradioreflejos.com.ar\/2021\/calendarios-de-pago-del-martes-23-de-febrero\/#breadcrumb\",\"itemListElement\":[{\"@type\":\"ListItem\",\"position\":1,\"name\":\"Portada\",\"item\":\"https:\/\/www.noticiasradioreflejos.com.ar\/2021\/\"},{\"@type\":\"ListItem\",\"position\":2,\"name\":\"Calendarios de pago del Martes 23 de Febrero\"}]},{\"@type\":\"WebSite\",\"@id\":\"https:\/\/www.noticiasradioreflejos.com.ar\/2021\/#website\",\"url\":\"https:\/\/www.noticiasradioreflejos.com.ar\/2021\/\",\"name\":\"Noticias Radio Reflejos\",\"description\":\"Las noticias de mi comarca\",\"potentialAction\":[{\"@type\":\"SearchAction\",\"target\":{\"@type\":\"EntryPoint\",\"urlTemplate\":\"https:\/\/www.noticiasradioreflejos.com.ar\/2021\/?s={search_term_string}\"},\"query-input\":{\"@type\":\"PropertyValueSpecification\",\"valueRequired\":true,\"valueName\":\"search_term_string\"}}],\"inLanguage\":\"es\"},{\"@type\":\"Person\",\"@id\":\"https:\/\/www.noticiasradioreflejos.com.ar\/2021\/#\/schema\/person\/ad82545263dcc5ec0996818884fd5fb1\",\"name\":\"Arnaldo Botto\",\"image\":{\"@type\":\"ImageObject\",\"inLanguage\":\"es\",\"@id\":\"https:\/\/www.noticiasradioreflejos.com.ar\/2021\/#\/schema\/person\/image\/\",\"url\":\"https:\/\/secure.gravatar.com\/avatar\/55cb5e37c1efa326397366e6974cb338056df65cb50e7d64d1cf314e87504837?s=96&d=mm&r=g\",\"contentUrl\":\"https:\/\/secure.gravatar.com\/avatar\/55cb5e37c1efa326397366e6974cb338056df65cb50e7d64d1cf314e87504837?s=96&d=mm&r=g\",\"caption\":\"Arnaldo Botto\"},\"url\":\"https:\/\/www.noticiasradioreflejos.com.ar\/2021\/author\/arnaldo\/\"}]}<\/script>\n<!-- \/ Yoast SEO plugin. -->","yoast_head_json":{"title":"Calendarios de pago del Martes 23 de Febrero - Noticias Radio Reflejos","robots":{"index":"index","follow":"follow","max-snippet":"max-snippet:-1","max-image-preview":"max-image-preview:large","max-video-preview":"max-video-preview:-1"},"canonical":"https:\/\/www.noticiasradioreflejos.com.ar\/2021\/calendarios-de-pago-del-martes-23-de-febrero\/","og_locale":"es_ES","og_type":"article","og_title":"Calendarios de pago del Martes 23 de Febrero - Noticias Radio Reflejos","og_description":"La ANSES, organismo a cargo de Fernanda Raverta, informa que ma\u00f1ana se abonan jubilaciones, pensiones, Asignaci\u00f3n Universal por Hijo y por Embarazo, Asignaciones Familiares, Asignaciones de Pago \u00danico, Prestaci\u00f3n por Desempleo y tarjeta Alimentar.","og_url":"https:\/\/www.noticiasradioreflejos.com.ar\/2021\/calendarios-de-pago-del-martes-23-de-febrero\/","og_site_name":"Noticias Radio Reflejos","article_published_time":"2021-02-22T19:29:57+00:00","og_image":[{"width":300,"height":200,"url":"https:\/\/www.noticiasradioreflejos.com.ar\/2021\/wp-content\/uploads\/2021\/07\/logosol300x200.png","type":"image\/png"}],"author":"Arnaldo Botto","twitter_card":"summary_large_image","schema":{"@context":"https:\/\/schema.org","@graph":[{"@type":"WebPage","@id":"https:\/\/www.noticiasradioreflejos.com.ar\/2021\/calendarios-de-pago-del-martes-23-de-febrero\/","url":"https:\/\/www.noticiasradioreflejos.com.ar\/2021\/calendarios-de-pago-del-martes-23-de-febrero\/","name":"Calendarios de pago del Martes 23 de Febrero - Noticias Radio Reflejos","isPartOf":{"@id":"https:\/\/www.noticiasradioreflejos.com.ar\/2021\/#website"},"datePublished":"2021-02-22T19:29:57+00:00","author":{"@id":"https:\/\/www.noticiasradioreflejos.com.ar\/2021\/#\/schema\/person\/ad82545263dcc5ec0996818884fd5fb1"},"breadcrumb":{"@id":"https:\/\/www.noticiasradioreflejos.com.ar\/2021\/calendarios-de-pago-del-martes-23-de-febrero\/#breadcrumb"},"inLanguage":"es","potentialAction":[{"@type":"ReadAction","target":["https:\/\/www.noticiasradioreflejos.com.ar\/2021\/calendarios-de-pago-del-martes-23-de-febrero\/"]}]},{"@type":"BreadcrumbList","@id":"https:\/\/www.noticiasradioreflejos.com.ar\/2021\/calendarios-de-pago-del-martes-23-de-febrero\/#breadcrumb","itemListElement":[{"@type":"ListItem","position":1,"name":"Portada","item":"https:\/\/www.noticiasradioreflejos.com.ar\/2021\/"},{"@type":"ListItem","position":2,"name":"Calendarios de pago del Martes 23 de Febrero"}]},{"@type":"WebSite","@id":"https:\/\/www.noticiasradioreflejos.com.ar\/2021\/#website","url":"https:\/\/www.noticiasradioreflejos.com.ar\/2021\/","name":"Noticias Radio Reflejos","description":"Las noticias de mi comarca","potentialAction":[{"@type":"SearchAction","target":{"@type":"EntryPoint","urlTemplate":"https:\/\/www.noticiasradioreflejos.com.ar\/2021\/?s={search_term_string}"},"query-input":{"@type":"PropertyValueSpecification","valueRequired":true,"valueName":"search_term_string"}}],"inLanguage":"es"},{"@type":"Person","@id":"https:\/\/www.noticiasradioreflejos.com.ar\/2021\/#\/schema\/person\/ad82545263dcc5ec0996818884fd5fb1","name":"Arnaldo Botto","image":{"@type":"ImageObject","inLanguage":"es","@id":"https:\/\/www.noticiasradioreflejos.com.ar\/2021\/#\/schema\/person\/image\/","url":"https:\/\/secure.gravatar.com\/avatar\/55cb5e37c1efa326397366e6974cb338056df65cb50e7d64d1cf314e87504837?s=96&d=mm&r=g","contentUrl":"https:\/\/secure.gravatar.com\/avatar\/55cb5e37c1efa326397366e6974cb338056df65cb50e7d64d1cf314e87504837?s=96&d=mm&r=g","caption":"Arnaldo Botto"},"url":"https:\/\/www.noticiasradioreflejos.com.ar\/2021\/author\/arnaldo\/"}]}},"_links":{"self":[{"href":"https:\/\/www.noticiasradioreflejos.com.ar\/2021\/wp-json\/wp\/v2\/posts\/52787","targetHints":{"allow":["GET"]}}],"collection":[{"href":"https:\/\/www.noticiasradioreflejos.com.ar\/2021\/wp-json\/wp\/v2\/posts"}],"about":[{"href":"https:\/\/www.noticiasradioreflejos.com.ar\/2021\/wp-json\/wp\/v2\/types\/post"}],"author":[{"embeddable":true,"href":"https:\/\/www.noticiasradioreflejos.com.ar\/2021\/wp-json\/wp\/v2\/users\/3"}],"replies":[{"embeddable":true,"href":"https:\/\/www.noticiasradioreflejos.com.ar\/2021\/wp-json\/wp\/v2\/comments?post=52787"}],"version-history":[{"count":0,"href":"https:\/\/www.noticiasradioreflejos.com.ar\/2021\/wp-json\/wp\/v2\/posts\/52787\/revisions"}],"wp:attachment":[{"href":"https:\/\/www.noticiasradioreflejos.com.ar\/2021\/wp-json\/wp\/v2\/media?parent=52787"}],"wp:term":[{"taxonomy":"category","embeddable":true,"href":"https:\/\/www.noticiasradioreflejos.com.ar\/2021\/wp-json\/wp\/v2\/categories?post=52787"},{"taxonomy":"post_tag","embeddable":true,"href":"https:\/\/www.noticiasradioreflejos.com.ar\/2021\/wp-json\/wp\/v2\/tags?post=52787"}],"curies":[{"name":"wp","href":"https:\/\/api.w.org\/{rel}","templated":true}]}}