{"id":52783,"date":"2021-02-22T16:19:17","date_gmt":"2021-02-22T19:19:17","guid":{"rendered":"http:\/\/www.noticiasradioreflejos.com.ar\/noticias\/?p=52783"},"modified":"2021-02-22T16:19:17","modified_gmt":"2021-02-22T19:19:17","slug":"reporte-agricola-quincenal-estado-de-cultivos-de-gruesa-de-la-bolsa-de-cereales-y-productos-de-bahia-blanca","status":"publish","type":"post","link":"https:\/\/www.noticiasradioreflejos.com.ar\/2021\/reporte-agricola-quincenal-estado-de-cultivos-de-gruesa-de-la-bolsa-de-cereales-y-productos-de-bahia-blanca\/","title":{"rendered":"Reporte Agr\u00edcola Quincenal &#8211; Estado de Cultivos de Gruesa de la Bolsa de Cereales y Productos de Bah\u00eda Blanca"},"content":{"rendered":"<p>La Secretar\u00eda de Producci\u00f3n, Comercio e Industria, env\u00eda el RAQ &#8211; Estado de Cultivos de Gruesa de la Bolsa de Cereales y Productos de Bah\u00eda Blanca.<!--more--><\/p>\n<p>El cultivo de GIRASOL llega a la recta final de su ciclo con una condici\u00f3n Buena a Muy Buena. La mala distribuci\u00f3n espacial de las precipitaciones podr\u00eda condicionar el rendimiento de SOJA y MA\u00cdZ en zonas puntuales.<\/p>\n<p>CULTIVOS DE GRUESA<\/p>\n<p>Girasol Estado general: El 5% de los lotes se encuentran finalizando la floraci\u00f3n (principalmente en la zona costera), el 70% est\u00e1 en diferentes etapas del llenado de grano y el restante 25% se encuentra en madurez.<\/p>\n<p>Estado fenol\u00f3gico del cultivo de Girasol por zonas. Condici\u00f3n: Muy Buena &#8211; Buena. La buena distribuci\u00f3n de precipitaciones durante la etapa vegetativa y reproductiva le permitieron a la oleaginosa expresar su potencial en gran parte de la regi\u00f3n. Condici\u00f3n del cultivo de girasol por zonas. Rinde estimado: Se mantiene la estimaci\u00f3n general de 2.300 kg\/ha (+21%) en la regi\u00f3n de estudio. En la zona norte se proyecta un rendimiento promedio de 2.700 kg\/ha (+13%). En los pr\u00f3ximos d\u00edas comenzara la trilla de los lotes sembrados en fecha temprana. La zona centro espera una media de 2.300 kg\/ha (+21%). Los lotes con mayor rinde se encuentran en la zona costera, mientras que las menores se observan en el noroeste de la provincia de La Pampa. Por \u00faltimo, la zona sur presentar\u00eda un rendimiento promedio de 1.700 kg\/ha (+31%) debido a las excelentes condiciones clim\u00e1ticas durante los meses de diciembre y enero (Fig. 2). Fig. 2: Comparaci\u00f3n del rinde estimado de girasol por zonas entre la campa\u00f1a actual, 2019\/20 y el promedio de los \u00faltimos 5 a\u00f1os. Cultivo de Girasol en etapa de madurez. Salliquel\u00f3, Buenos Aires 18-02-2021.<\/p>\n<p>ESTADO CULTIVOS DE GRUESA<\/p>\n<p>Febrero 2021 \/ 2\u00ba REPORTE Ma\u00edz Estado general: El 10% de los lotes se encuentra finalizando la etapa vegetativa, el 50% transcurre la floraci\u00f3n mientras que el restante 40% transita el llenado del grano. Estado fenol\u00f3gico del cultivo de Ma\u00edz por zonas. Condici\u00f3n: Buena \u2013 Muy Buena. La baja en la condici\u00f3n, con respecto al informe anterior, se debe a la mala distribuci\u00f3n espacial de las precipitaciones durante la etapa de floraci\u00f3n. La recarga h\u00eddrica de los perfiles ser\u00eda fundamental para que los ma\u00edces tard\u00edos expresen su potencial de rendimiento. Condici\u00f3n del cultivo de ma\u00edz por zonas. Cultivo de Ma\u00edz tard\u00edo en condici\u00f3n Muy Buena. Cnel. Dorrego, Buenos Aires 12-02-2021. Soja Estado general: El 90% se encuentra en diferente grado de avance de floraci\u00f3n y el 10% restante iniciando el llenado de grano. Estado fenol\u00f3gico del cultivo de Soja por zonas. Condici\u00f3n: Buena \u2013 Muy Buena. La oleaginosa transita el periodo de mayor requerimiento de agua, su condici\u00f3n va a depender de las precipitaciones de los pr\u00f3ximos diez d\u00edas. Se observan lotes castigados en el noroeste pampeano debido a la falta de lluvias registradas en el transcurso del a\u00f1o. Condici\u00f3n del cultivo de soja por zonas.<\/p>\n<p>PRON\u00d3STICOS CLIM\u00c1TICOS<\/p>\n<p>El acumulado de precipitaciones del mes de febrero (hasta la fecha de publicaci\u00f3n) por la Red de Estaciones Meteorol\u00f3gicas de la Bolsa de Cereales de Bah\u00eda Blanca totaliza 13 mm, 80% menos que el promedio mensual de los \u00faltimos cinco a\u00f1os. ESTADO CULTIVOS DE GRUESA Febrero 2021 \/ 2\u00ba REPORTE. Comparaci\u00f3n de precipitaciones promedio de los \u00faltimos 5 a\u00f1os con la media mensual del 2021 en el sudoeste bonaerense. El contenido volum\u00e9trico de humedad en el perfil del suelo al 17\/02\/2021 es adecuado en el centro y norte de la provincia de Buenos Aires. Por el contrario, se observa una deficiencia h\u00eddrica en el \u00e1rea agr\u00edcola de La Pampa y el sur de la provincia de Buenos Aires. Mapa de contenido volum\u00e9trico de humedad en el suelo (0 \u2013 100 cm) al 17\/02\/2021. El pron\u00f3stico de precipitaciones al 01\/03\/2021 indicar\u00eda lluvias de hasta 20 mm en el norte de la provincia de Buenos Aires y La Pampa. De concretarse el pron\u00f3stico, la ausencia de eventos de precipitaci\u00f3n en el sur del \u00e1rea de estudio impactar\u00eda de forma negativa en el rendimiento del cultivo de soja y ma\u00edz. Mapa de pron\u00f3stico de precipitaciones al 01\/03\/2021.<\/p>\n<p>&nbsp;<\/p>\n<p>&nbsp;<\/p>\n<p><a href=\"http:\/\/www.noticiasradioreflejos.com.ar\/noticias\/wp-content\/uploads\/2021\/02\/Captura-de-pantalla-completa-22022021-155715.jpg\"><img loading=\"lazy\" decoding=\"async\" class=\"alignleft size-full wp-image-52784\" src=\"http:\/\/www.noticiasradioreflejos.com.ar\/noticias\/wp-content\/uploads\/2021\/02\/Captura-de-pantalla-completa-22022021-155715.jpg\" alt=\"Captura de pantalla completa 22022021 155715\" width=\"521\" height=\"563\" \/><\/a><\/p>\n","protected":false},"excerpt":{"rendered":"<p>La Secretar\u00eda de Producci\u00f3n, Comercio e Industria, env\u00eda el RAQ &#8211; Estado de Cultivos de Gruesa de la Bolsa de Cereales y Productos de Bah\u00eda Blanca.<\/p>\n","protected":false},"author":3,"featured_media":0,"comment_status":"closed","ping_status":"open","sticky":false,"template":"","format":"standard","meta":{"footnotes":""},"categories":[25],"tags":[],"class_list":["post-52783","post","type-post","status-publish","format-standard","hentry","category-uncategorized"],"yoast_head":"<!-- This site is optimized with the Yoast SEO plugin v25.9 - https:\/\/yoast.com\/wordpress\/plugins\/seo\/ -->\n<title>Reporte Agr\u00edcola Quincenal - Estado de Cultivos de Gruesa de la Bolsa de Cereales y Productos de Bah\u00eda Blanca - Noticias Radio Reflejos<\/title>\n<meta name=\"robots\" content=\"index, follow, max-snippet:-1, max-image-preview:large, max-video-preview:-1\" \/>\n<link rel=\"canonical\" href=\"https:\/\/www.noticiasradioreflejos.com.ar\/2021\/reporte-agricola-quincenal-estado-de-cultivos-de-gruesa-de-la-bolsa-de-cereales-y-productos-de-bahia-blanca\/\" \/>\n<meta property=\"og:locale\" content=\"es_ES\" \/>\n<meta property=\"og:type\" content=\"article\" \/>\n<meta property=\"og:title\" content=\"Reporte Agr\u00edcola Quincenal - Estado de Cultivos de Gruesa de la Bolsa de Cereales y Productos de Bah\u00eda Blanca - Noticias Radio Reflejos\" \/>\n<meta property=\"og:description\" content=\"La Secretar\u00eda de Producci\u00f3n, Comercio e Industria, env\u00eda el RAQ &#8211; Estado de Cultivos de Gruesa de la Bolsa de Cereales y Productos de Bah\u00eda Blanca.\" \/>\n<meta property=\"og:url\" content=\"https:\/\/www.noticiasradioreflejos.com.ar\/2021\/reporte-agricola-quincenal-estado-de-cultivos-de-gruesa-de-la-bolsa-de-cereales-y-productos-de-bahia-blanca\/\" \/>\n<meta property=\"og:site_name\" content=\"Noticias Radio Reflejos\" \/>\n<meta property=\"article:published_time\" content=\"2021-02-22T19:19:17+00:00\" \/>\n<meta property=\"og:image\" content=\"https:\/\/www.noticiasradioreflejos.com.ar\/2021\/wp-content\/uploads\/2021\/07\/logosol300x200.png\" \/>\n\t<meta property=\"og:image:width\" content=\"300\" \/>\n\t<meta property=\"og:image:height\" content=\"200\" \/>\n\t<meta property=\"og:image:type\" content=\"image\/png\" \/>\n<meta name=\"author\" content=\"Arnaldo Botto\" \/>\n<meta name=\"twitter:card\" content=\"summary_large_image\" \/>\n<script type=\"application\/ld+json\" class=\"yoast-schema-graph\">{\"@context\":\"https:\/\/schema.org\",\"@graph\":[{\"@type\":\"WebPage\",\"@id\":\"https:\/\/www.noticiasradioreflejos.com.ar\/2021\/reporte-agricola-quincenal-estado-de-cultivos-de-gruesa-de-la-bolsa-de-cereales-y-productos-de-bahia-blanca\/\",\"url\":\"https:\/\/www.noticiasradioreflejos.com.ar\/2021\/reporte-agricola-quincenal-estado-de-cultivos-de-gruesa-de-la-bolsa-de-cereales-y-productos-de-bahia-blanca\/\",\"name\":\"Reporte Agr\u00edcola Quincenal - Estado de Cultivos de Gruesa de la Bolsa de Cereales y Productos de Bah\u00eda Blanca - Noticias Radio Reflejos\",\"isPartOf\":{\"@id\":\"https:\/\/www.noticiasradioreflejos.com.ar\/2021\/#website\"},\"primaryImageOfPage\":{\"@id\":\"https:\/\/www.noticiasradioreflejos.com.ar\/2021\/reporte-agricola-quincenal-estado-de-cultivos-de-gruesa-de-la-bolsa-de-cereales-y-productos-de-bahia-blanca\/#primaryimage\"},\"image\":{\"@id\":\"https:\/\/www.noticiasradioreflejos.com.ar\/2021\/reporte-agricola-quincenal-estado-de-cultivos-de-gruesa-de-la-bolsa-de-cereales-y-productos-de-bahia-blanca\/#primaryimage\"},\"thumbnailUrl\":\"http:\/\/www.noticiasradioreflejos.com.ar\/noticias\/wp-content\/uploads\/2021\/02\/Captura-de-pantalla-completa-22022021-155715.jpg\",\"datePublished\":\"2021-02-22T19:19:17+00:00\",\"author\":{\"@id\":\"https:\/\/www.noticiasradioreflejos.com.ar\/2021\/#\/schema\/person\/ad82545263dcc5ec0996818884fd5fb1\"},\"breadcrumb\":{\"@id\":\"https:\/\/www.noticiasradioreflejos.com.ar\/2021\/reporte-agricola-quincenal-estado-de-cultivos-de-gruesa-de-la-bolsa-de-cereales-y-productos-de-bahia-blanca\/#breadcrumb\"},\"inLanguage\":\"es\",\"potentialAction\":[{\"@type\":\"ReadAction\",\"target\":[\"https:\/\/www.noticiasradioreflejos.com.ar\/2021\/reporte-agricola-quincenal-estado-de-cultivos-de-gruesa-de-la-bolsa-de-cereales-y-productos-de-bahia-blanca\/\"]}]},{\"@type\":\"ImageObject\",\"inLanguage\":\"es\",\"@id\":\"https:\/\/www.noticiasradioreflejos.com.ar\/2021\/reporte-agricola-quincenal-estado-de-cultivos-de-gruesa-de-la-bolsa-de-cereales-y-productos-de-bahia-blanca\/#primaryimage\",\"url\":\"http:\/\/www.noticiasradioreflejos.com.ar\/noticias\/wp-content\/uploads\/2021\/02\/Captura-de-pantalla-completa-22022021-155715.jpg\",\"contentUrl\":\"http:\/\/www.noticiasradioreflejos.com.ar\/noticias\/wp-content\/uploads\/2021\/02\/Captura-de-pantalla-completa-22022021-155715.jpg\"},{\"@type\":\"BreadcrumbList\",\"@id\":\"https:\/\/www.noticiasradioreflejos.com.ar\/2021\/reporte-agricola-quincenal-estado-de-cultivos-de-gruesa-de-la-bolsa-de-cereales-y-productos-de-bahia-blanca\/#breadcrumb\",\"itemListElement\":[{\"@type\":\"ListItem\",\"position\":1,\"name\":\"Portada\",\"item\":\"https:\/\/www.noticiasradioreflejos.com.ar\/2021\/\"},{\"@type\":\"ListItem\",\"position\":2,\"name\":\"Reporte Agr\u00edcola Quincenal &#8211; Estado de Cultivos de Gruesa de la Bolsa de Cereales y Productos de Bah\u00eda Blanca\"}]},{\"@type\":\"WebSite\",\"@id\":\"https:\/\/www.noticiasradioreflejos.com.ar\/2021\/#website\",\"url\":\"https:\/\/www.noticiasradioreflejos.com.ar\/2021\/\",\"name\":\"Noticias Radio Reflejos\",\"description\":\"Las noticias de mi comarca\",\"potentialAction\":[{\"@type\":\"SearchAction\",\"target\":{\"@type\":\"EntryPoint\",\"urlTemplate\":\"https:\/\/www.noticiasradioreflejos.com.ar\/2021\/?s={search_term_string}\"},\"query-input\":{\"@type\":\"PropertyValueSpecification\",\"valueRequired\":true,\"valueName\":\"search_term_string\"}}],\"inLanguage\":\"es\"},{\"@type\":\"Person\",\"@id\":\"https:\/\/www.noticiasradioreflejos.com.ar\/2021\/#\/schema\/person\/ad82545263dcc5ec0996818884fd5fb1\",\"name\":\"Arnaldo Botto\",\"image\":{\"@type\":\"ImageObject\",\"inLanguage\":\"es\",\"@id\":\"https:\/\/www.noticiasradioreflejos.com.ar\/2021\/#\/schema\/person\/image\/\",\"url\":\"https:\/\/secure.gravatar.com\/avatar\/55cb5e37c1efa326397366e6974cb338056df65cb50e7d64d1cf314e87504837?s=96&d=mm&r=g\",\"contentUrl\":\"https:\/\/secure.gravatar.com\/avatar\/55cb5e37c1efa326397366e6974cb338056df65cb50e7d64d1cf314e87504837?s=96&d=mm&r=g\",\"caption\":\"Arnaldo Botto\"},\"url\":\"https:\/\/www.noticiasradioreflejos.com.ar\/2021\/author\/arnaldo\/\"}]}<\/script>\n<!-- \/ Yoast SEO plugin. -->","yoast_head_json":{"title":"Reporte Agr\u00edcola Quincenal - Estado de Cultivos de Gruesa de la Bolsa de Cereales y Productos de Bah\u00eda Blanca - Noticias Radio Reflejos","robots":{"index":"index","follow":"follow","max-snippet":"max-snippet:-1","max-image-preview":"max-image-preview:large","max-video-preview":"max-video-preview:-1"},"canonical":"https:\/\/www.noticiasradioreflejos.com.ar\/2021\/reporte-agricola-quincenal-estado-de-cultivos-de-gruesa-de-la-bolsa-de-cereales-y-productos-de-bahia-blanca\/","og_locale":"es_ES","og_type":"article","og_title":"Reporte Agr\u00edcola Quincenal - Estado de Cultivos de Gruesa de la Bolsa de Cereales y Productos de Bah\u00eda Blanca - Noticias Radio Reflejos","og_description":"La Secretar\u00eda de Producci\u00f3n, Comercio e Industria, env\u00eda el RAQ &#8211; Estado de Cultivos de Gruesa de la Bolsa de Cereales y Productos de Bah\u00eda Blanca.","og_url":"https:\/\/www.noticiasradioreflejos.com.ar\/2021\/reporte-agricola-quincenal-estado-de-cultivos-de-gruesa-de-la-bolsa-de-cereales-y-productos-de-bahia-blanca\/","og_site_name":"Noticias Radio Reflejos","article_published_time":"2021-02-22T19:19:17+00:00","og_image":[{"width":300,"height":200,"url":"https:\/\/www.noticiasradioreflejos.com.ar\/2021\/wp-content\/uploads\/2021\/07\/logosol300x200.png","type":"image\/png"}],"author":"Arnaldo Botto","twitter_card":"summary_large_image","schema":{"@context":"https:\/\/schema.org","@graph":[{"@type":"WebPage","@id":"https:\/\/www.noticiasradioreflejos.com.ar\/2021\/reporte-agricola-quincenal-estado-de-cultivos-de-gruesa-de-la-bolsa-de-cereales-y-productos-de-bahia-blanca\/","url":"https:\/\/www.noticiasradioreflejos.com.ar\/2021\/reporte-agricola-quincenal-estado-de-cultivos-de-gruesa-de-la-bolsa-de-cereales-y-productos-de-bahia-blanca\/","name":"Reporte Agr\u00edcola Quincenal - Estado de Cultivos de Gruesa de la Bolsa de Cereales y Productos de Bah\u00eda Blanca - Noticias Radio Reflejos","isPartOf":{"@id":"https:\/\/www.noticiasradioreflejos.com.ar\/2021\/#website"},"primaryImageOfPage":{"@id":"https:\/\/www.noticiasradioreflejos.com.ar\/2021\/reporte-agricola-quincenal-estado-de-cultivos-de-gruesa-de-la-bolsa-de-cereales-y-productos-de-bahia-blanca\/#primaryimage"},"image":{"@id":"https:\/\/www.noticiasradioreflejos.com.ar\/2021\/reporte-agricola-quincenal-estado-de-cultivos-de-gruesa-de-la-bolsa-de-cereales-y-productos-de-bahia-blanca\/#primaryimage"},"thumbnailUrl":"http:\/\/www.noticiasradioreflejos.com.ar\/noticias\/wp-content\/uploads\/2021\/02\/Captura-de-pantalla-completa-22022021-155715.jpg","datePublished":"2021-02-22T19:19:17+00:00","author":{"@id":"https:\/\/www.noticiasradioreflejos.com.ar\/2021\/#\/schema\/person\/ad82545263dcc5ec0996818884fd5fb1"},"breadcrumb":{"@id":"https:\/\/www.noticiasradioreflejos.com.ar\/2021\/reporte-agricola-quincenal-estado-de-cultivos-de-gruesa-de-la-bolsa-de-cereales-y-productos-de-bahia-blanca\/#breadcrumb"},"inLanguage":"es","potentialAction":[{"@type":"ReadAction","target":["https:\/\/www.noticiasradioreflejos.com.ar\/2021\/reporte-agricola-quincenal-estado-de-cultivos-de-gruesa-de-la-bolsa-de-cereales-y-productos-de-bahia-blanca\/"]}]},{"@type":"ImageObject","inLanguage":"es","@id":"https:\/\/www.noticiasradioreflejos.com.ar\/2021\/reporte-agricola-quincenal-estado-de-cultivos-de-gruesa-de-la-bolsa-de-cereales-y-productos-de-bahia-blanca\/#primaryimage","url":"http:\/\/www.noticiasradioreflejos.com.ar\/noticias\/wp-content\/uploads\/2021\/02\/Captura-de-pantalla-completa-22022021-155715.jpg","contentUrl":"http:\/\/www.noticiasradioreflejos.com.ar\/noticias\/wp-content\/uploads\/2021\/02\/Captura-de-pantalla-completa-22022021-155715.jpg"},{"@type":"BreadcrumbList","@id":"https:\/\/www.noticiasradioreflejos.com.ar\/2021\/reporte-agricola-quincenal-estado-de-cultivos-de-gruesa-de-la-bolsa-de-cereales-y-productos-de-bahia-blanca\/#breadcrumb","itemListElement":[{"@type":"ListItem","position":1,"name":"Portada","item":"https:\/\/www.noticiasradioreflejos.com.ar\/2021\/"},{"@type":"ListItem","position":2,"name":"Reporte Agr\u00edcola Quincenal &#8211; Estado de Cultivos de Gruesa de la Bolsa de Cereales y Productos de Bah\u00eda Blanca"}]},{"@type":"WebSite","@id":"https:\/\/www.noticiasradioreflejos.com.ar\/2021\/#website","url":"https:\/\/www.noticiasradioreflejos.com.ar\/2021\/","name":"Noticias Radio Reflejos","description":"Las noticias de mi comarca","potentialAction":[{"@type":"SearchAction","target":{"@type":"EntryPoint","urlTemplate":"https:\/\/www.noticiasradioreflejos.com.ar\/2021\/?s={search_term_string}"},"query-input":{"@type":"PropertyValueSpecification","valueRequired":true,"valueName":"search_term_string"}}],"inLanguage":"es"},{"@type":"Person","@id":"https:\/\/www.noticiasradioreflejos.com.ar\/2021\/#\/schema\/person\/ad82545263dcc5ec0996818884fd5fb1","name":"Arnaldo Botto","image":{"@type":"ImageObject","inLanguage":"es","@id":"https:\/\/www.noticiasradioreflejos.com.ar\/2021\/#\/schema\/person\/image\/","url":"https:\/\/secure.gravatar.com\/avatar\/55cb5e37c1efa326397366e6974cb338056df65cb50e7d64d1cf314e87504837?s=96&d=mm&r=g","contentUrl":"https:\/\/secure.gravatar.com\/avatar\/55cb5e37c1efa326397366e6974cb338056df65cb50e7d64d1cf314e87504837?s=96&d=mm&r=g","caption":"Arnaldo Botto"},"url":"https:\/\/www.noticiasradioreflejos.com.ar\/2021\/author\/arnaldo\/"}]}},"_links":{"self":[{"href":"https:\/\/www.noticiasradioreflejos.com.ar\/2021\/wp-json\/wp\/v2\/posts\/52783","targetHints":{"allow":["GET"]}}],"collection":[{"href":"https:\/\/www.noticiasradioreflejos.com.ar\/2021\/wp-json\/wp\/v2\/posts"}],"about":[{"href":"https:\/\/www.noticiasradioreflejos.com.ar\/2021\/wp-json\/wp\/v2\/types\/post"}],"author":[{"embeddable":true,"href":"https:\/\/www.noticiasradioreflejos.com.ar\/2021\/wp-json\/wp\/v2\/users\/3"}],"replies":[{"embeddable":true,"href":"https:\/\/www.noticiasradioreflejos.com.ar\/2021\/wp-json\/wp\/v2\/comments?post=52783"}],"version-history":[{"count":0,"href":"https:\/\/www.noticiasradioreflejos.com.ar\/2021\/wp-json\/wp\/v2\/posts\/52783\/revisions"}],"wp:attachment":[{"href":"https:\/\/www.noticiasradioreflejos.com.ar\/2021\/wp-json\/wp\/v2\/media?parent=52783"}],"wp:term":[{"taxonomy":"category","embeddable":true,"href":"https:\/\/www.noticiasradioreflejos.com.ar\/2021\/wp-json\/wp\/v2\/categories?post=52783"},{"taxonomy":"post_tag","embeddable":true,"href":"https:\/\/www.noticiasradioreflejos.com.ar\/2021\/wp-json\/wp\/v2\/tags?post=52783"}],"curies":[{"name":"wp","href":"https:\/\/api.w.org\/{rel}","templated":true}]}}