{"id":52781,"date":"2021-02-22T17:24:53","date_gmt":"2021-02-22T20:24:53","guid":{"rendered":"http:\/\/www.noticiasradioreflejos.com.ar\/noticias\/?p=52781"},"modified":"2021-02-22T17:24:53","modified_gmt":"2021-02-22T20:24:53","slug":"los-chicos-de-automoto-estrenaran-indumentaria-en-la-copa-tornquist","status":"publish","type":"post","link":"https:\/\/www.noticiasradioreflejos.com.ar\/2021\/los-chicos-de-automoto-estrenaran-indumentaria-en-la-copa-tornquist\/","title":{"rendered":"Los chicos de Automoto estrenar\u00e1n indumentaria en la Copa Tornquist"},"content":{"rendered":"<p>Relucientes. Cl\u00e1sicas. Impecables. En el marco de la primera edici\u00f3n de la Copa Ciudad de Tornquist, que se llevar\u00e1 a cabo entre el mi\u00e9rcoles y el s\u00e1bado en nuestra ciudad y Sierra de la Ventana, las divisiones Inferiores del Automoto Club Deportivo estrenar\u00e1n su nueva indumentaria.<!--more--><\/p>\n<p>   Las cuatro categor\u00edas tendr\u00e1n sus flamantes camisetas, basadas en dos dise\u00f1os tradicionales del club azulgrana: un modelo a bastones verticales y otro inspirado en la primera casaca que utiliz\u00f3 la entidad en 1964, con una banda roja horizontal cortando el azul.<br \/>\n   Las nuevas casacas, confeccionadas por la marca Fibra, se cristalizaron gracias al apoyo brindado por diferentes firmas de la ciudad y la regi\u00f3n. La distribuci\u00f3n de las mismas es el siguiente:<br \/>\nQuinta: F&#038;S Transporte &#8211; Centro Optico Tornquist \u2013 Minuj\u00edn Automotores \u2013 B\u00faho Producciones<br \/>\nSexta: Berraco Parce \u2013 Molinero Grupo Kevalraf \u2013 SP Burgue\u00f1o Brokers de Seguros \u2013 Pares y Nones<br \/>\nS\u00e9ptima: Panader\u00eda Belgrano \u2013 Rodol Frut \u2013 Centro Optico Tornquist \u2013 Hugo Heckel Taller de Chapa y Pintura<br \/>\nOctava: Ferrari Electricidad y Refrigeraci\u00f3n \u2013 Distribuidora Eco Cristal \u2013 Carpmet Bah\u00eda Servicios Industriales SA \u2013 Veterinaria del Centro<br \/>\n   El Automoto Club Deportivo agradece a quienes colaboraron para llevar a cabo esta iniciativa, que permiti\u00f3 la renovaci\u00f3n de la indumentaria que lucir\u00e1n los chicos desde esta semana.<\/p>\n<p><a href=\"http:\/\/www.noticiasradioreflejos.com.ar\/noticias\/wp-content\/uploads\/2021\/02\/6TA.jpg\"><img loading=\"lazy\" decoding=\"async\" src=\"http:\/\/www.noticiasradioreflejos.com.ar\/noticias\/wp-content\/uploads\/2021\/02\/6TA-1024x640.jpg\" alt=\"6TA\" width=\"1024\" height=\"640\" class=\"aligncenter size-large wp-image-52792\" \/><\/a><br \/>\n<a href=\"http:\/\/www.noticiasradioreflejos.com.ar\/noticias\/wp-content\/uploads\/2021\/02\/7MA.jpg\"><img loading=\"lazy\" decoding=\"async\" src=\"http:\/\/www.noticiasradioreflejos.com.ar\/noticias\/wp-content\/uploads\/2021\/02\/7MA-1024x640.jpg\" alt=\"7MA\" width=\"1024\" height=\"640\" class=\"aligncenter size-large wp-image-52793\" \/><\/a><br \/>\n<a href=\"http:\/\/www.noticiasradioreflejos.com.ar\/noticias\/wp-content\/uploads\/2021\/02\/8VA-2.jpg\"><img loading=\"lazy\" decoding=\"async\" src=\"http:\/\/www.noticiasradioreflejos.com.ar\/noticias\/wp-content\/uploads\/2021\/02\/8VA-2-1024x640.jpg\" alt=\"8VA-2\" width=\"1024\" height=\"640\" class=\"aligncenter size-large wp-image-52794\" \/><\/a><\/p>\n<p>Departamento de Prensa \u2013 Automoto Club Deportivo<br \/>\nwww.clubautomotopasion.com.ar<br \/>\nFacebook: \/automototornquist<br \/>\nTwitter: @ClubAutomoto<br \/>\nYouTube: acdtvideos<\/p>\n","protected":false},"excerpt":{"rendered":"<p>Relucientes. Cl\u00e1sicas. Impecables. En el marco de la primera edici\u00f3n de la Copa Ciudad de Tornquist, que se llevar\u00e1 a cabo entre el mi\u00e9rcoles y el s\u00e1bado en nuestra ciudad y Sierra de la Ventana, las divisiones Inferiores del Automoto Club Deportivo estrenar\u00e1n su nueva indumentaria.<\/p>\n","protected":false},"author":3,"featured_media":0,"comment_status":"closed","ping_status":"open","sticky":false,"template":"","format":"standard","meta":{"footnotes":""},"categories":[25],"tags":[],"class_list":["post-52781","post","type-post","status-publish","format-standard","hentry","category-uncategorized"],"yoast_head":"<!-- This site is optimized with the Yoast SEO plugin v25.9 - https:\/\/yoast.com\/wordpress\/plugins\/seo\/ -->\n<title>Los chicos de Automoto estrenar\u00e1n indumentaria en la Copa Tornquist - Noticias Radio Reflejos<\/title>\n<meta name=\"robots\" content=\"index, follow, max-snippet:-1, max-image-preview:large, max-video-preview:-1\" \/>\n<link rel=\"canonical\" href=\"https:\/\/www.noticiasradioreflejos.com.ar\/2021\/los-chicos-de-automoto-estrenaran-indumentaria-en-la-copa-tornquist\/\" \/>\n<meta property=\"og:locale\" content=\"es_ES\" \/>\n<meta property=\"og:type\" content=\"article\" \/>\n<meta property=\"og:title\" content=\"Los chicos de Automoto estrenar\u00e1n indumentaria en la Copa Tornquist - Noticias Radio Reflejos\" \/>\n<meta property=\"og:description\" content=\"Relucientes. Cl\u00e1sicas. Impecables. En el marco de la primera edici\u00f3n de la Copa Ciudad de Tornquist, que se llevar\u00e1 a cabo entre el mi\u00e9rcoles y el s\u00e1bado en nuestra ciudad y Sierra de la Ventana, las divisiones Inferiores del Automoto Club Deportivo estrenar\u00e1n su nueva indumentaria.\" \/>\n<meta property=\"og:url\" content=\"https:\/\/www.noticiasradioreflejos.com.ar\/2021\/los-chicos-de-automoto-estrenaran-indumentaria-en-la-copa-tornquist\/\" \/>\n<meta property=\"og:site_name\" content=\"Noticias Radio Reflejos\" \/>\n<meta property=\"article:published_time\" content=\"2021-02-22T20:24:53+00:00\" \/>\n<meta property=\"og:image\" content=\"https:\/\/www.noticiasradioreflejos.com.ar\/2021\/wp-content\/uploads\/2021\/07\/logosol300x200.png\" \/>\n\t<meta property=\"og:image:width\" content=\"300\" \/>\n\t<meta property=\"og:image:height\" content=\"200\" \/>\n\t<meta property=\"og:image:type\" content=\"image\/png\" \/>\n<meta name=\"author\" content=\"Arnaldo Botto\" \/>\n<meta name=\"twitter:card\" content=\"summary_large_image\" \/>\n<script type=\"application\/ld+json\" class=\"yoast-schema-graph\">{\"@context\":\"https:\/\/schema.org\",\"@graph\":[{\"@type\":\"WebPage\",\"@id\":\"https:\/\/www.noticiasradioreflejos.com.ar\/2021\/los-chicos-de-automoto-estrenaran-indumentaria-en-la-copa-tornquist\/\",\"url\":\"https:\/\/www.noticiasradioreflejos.com.ar\/2021\/los-chicos-de-automoto-estrenaran-indumentaria-en-la-copa-tornquist\/\",\"name\":\"Los chicos de Automoto estrenar\u00e1n indumentaria en la Copa Tornquist - Noticias Radio Reflejos\",\"isPartOf\":{\"@id\":\"https:\/\/www.noticiasradioreflejos.com.ar\/2021\/#website\"},\"primaryImageOfPage\":{\"@id\":\"https:\/\/www.noticiasradioreflejos.com.ar\/2021\/los-chicos-de-automoto-estrenaran-indumentaria-en-la-copa-tornquist\/#primaryimage\"},\"image\":{\"@id\":\"https:\/\/www.noticiasradioreflejos.com.ar\/2021\/los-chicos-de-automoto-estrenaran-indumentaria-en-la-copa-tornquist\/#primaryimage\"},\"thumbnailUrl\":\"http:\/\/www.noticiasradioreflejos.com.ar\/noticias\/wp-content\/uploads\/2021\/02\/6TA-1024x640.jpg\",\"datePublished\":\"2021-02-22T20:24:53+00:00\",\"author\":{\"@id\":\"https:\/\/www.noticiasradioreflejos.com.ar\/2021\/#\/schema\/person\/ad82545263dcc5ec0996818884fd5fb1\"},\"breadcrumb\":{\"@id\":\"https:\/\/www.noticiasradioreflejos.com.ar\/2021\/los-chicos-de-automoto-estrenaran-indumentaria-en-la-copa-tornquist\/#breadcrumb\"},\"inLanguage\":\"es\",\"potentialAction\":[{\"@type\":\"ReadAction\",\"target\":[\"https:\/\/www.noticiasradioreflejos.com.ar\/2021\/los-chicos-de-automoto-estrenaran-indumentaria-en-la-copa-tornquist\/\"]}]},{\"@type\":\"ImageObject\",\"inLanguage\":\"es\",\"@id\":\"https:\/\/www.noticiasradioreflejos.com.ar\/2021\/los-chicos-de-automoto-estrenaran-indumentaria-en-la-copa-tornquist\/#primaryimage\",\"url\":\"http:\/\/www.noticiasradioreflejos.com.ar\/noticias\/wp-content\/uploads\/2021\/02\/6TA-1024x640.jpg\",\"contentUrl\":\"http:\/\/www.noticiasradioreflejos.com.ar\/noticias\/wp-content\/uploads\/2021\/02\/6TA-1024x640.jpg\"},{\"@type\":\"BreadcrumbList\",\"@id\":\"https:\/\/www.noticiasradioreflejos.com.ar\/2021\/los-chicos-de-automoto-estrenaran-indumentaria-en-la-copa-tornquist\/#breadcrumb\",\"itemListElement\":[{\"@type\":\"ListItem\",\"position\":1,\"name\":\"Portada\",\"item\":\"https:\/\/www.noticiasradioreflejos.com.ar\/2021\/\"},{\"@type\":\"ListItem\",\"position\":2,\"name\":\"Los chicos de Automoto estrenar\u00e1n indumentaria en la Copa Tornquist\"}]},{\"@type\":\"WebSite\",\"@id\":\"https:\/\/www.noticiasradioreflejos.com.ar\/2021\/#website\",\"url\":\"https:\/\/www.noticiasradioreflejos.com.ar\/2021\/\",\"name\":\"Noticias Radio Reflejos\",\"description\":\"Las noticias de mi comarca\",\"potentialAction\":[{\"@type\":\"SearchAction\",\"target\":{\"@type\":\"EntryPoint\",\"urlTemplate\":\"https:\/\/www.noticiasradioreflejos.com.ar\/2021\/?s={search_term_string}\"},\"query-input\":{\"@type\":\"PropertyValueSpecification\",\"valueRequired\":true,\"valueName\":\"search_term_string\"}}],\"inLanguage\":\"es\"},{\"@type\":\"Person\",\"@id\":\"https:\/\/www.noticiasradioreflejos.com.ar\/2021\/#\/schema\/person\/ad82545263dcc5ec0996818884fd5fb1\",\"name\":\"Arnaldo Botto\",\"image\":{\"@type\":\"ImageObject\",\"inLanguage\":\"es\",\"@id\":\"https:\/\/www.noticiasradioreflejos.com.ar\/2021\/#\/schema\/person\/image\/\",\"url\":\"https:\/\/secure.gravatar.com\/avatar\/55cb5e37c1efa326397366e6974cb338056df65cb50e7d64d1cf314e87504837?s=96&d=mm&r=g\",\"contentUrl\":\"https:\/\/secure.gravatar.com\/avatar\/55cb5e37c1efa326397366e6974cb338056df65cb50e7d64d1cf314e87504837?s=96&d=mm&r=g\",\"caption\":\"Arnaldo Botto\"},\"url\":\"https:\/\/www.noticiasradioreflejos.com.ar\/2021\/author\/arnaldo\/\"}]}<\/script>\n<!-- \/ Yoast SEO plugin. -->","yoast_head_json":{"title":"Los chicos de Automoto estrenar\u00e1n indumentaria en la Copa Tornquist - Noticias Radio Reflejos","robots":{"index":"index","follow":"follow","max-snippet":"max-snippet:-1","max-image-preview":"max-image-preview:large","max-video-preview":"max-video-preview:-1"},"canonical":"https:\/\/www.noticiasradioreflejos.com.ar\/2021\/los-chicos-de-automoto-estrenaran-indumentaria-en-la-copa-tornquist\/","og_locale":"es_ES","og_type":"article","og_title":"Los chicos de Automoto estrenar\u00e1n indumentaria en la Copa Tornquist - Noticias Radio Reflejos","og_description":"Relucientes. Cl\u00e1sicas. Impecables. En el marco de la primera edici\u00f3n de la Copa Ciudad de Tornquist, que se llevar\u00e1 a cabo entre el mi\u00e9rcoles y el s\u00e1bado en nuestra ciudad y Sierra de la Ventana, las divisiones Inferiores del Automoto Club Deportivo estrenar\u00e1n su nueva indumentaria.","og_url":"https:\/\/www.noticiasradioreflejos.com.ar\/2021\/los-chicos-de-automoto-estrenaran-indumentaria-en-la-copa-tornquist\/","og_site_name":"Noticias Radio Reflejos","article_published_time":"2021-02-22T20:24:53+00:00","og_image":[{"width":300,"height":200,"url":"https:\/\/www.noticiasradioreflejos.com.ar\/2021\/wp-content\/uploads\/2021\/07\/logosol300x200.png","type":"image\/png"}],"author":"Arnaldo Botto","twitter_card":"summary_large_image","schema":{"@context":"https:\/\/schema.org","@graph":[{"@type":"WebPage","@id":"https:\/\/www.noticiasradioreflejos.com.ar\/2021\/los-chicos-de-automoto-estrenaran-indumentaria-en-la-copa-tornquist\/","url":"https:\/\/www.noticiasradioreflejos.com.ar\/2021\/los-chicos-de-automoto-estrenaran-indumentaria-en-la-copa-tornquist\/","name":"Los chicos de Automoto estrenar\u00e1n indumentaria en la Copa Tornquist - Noticias Radio Reflejos","isPartOf":{"@id":"https:\/\/www.noticiasradioreflejos.com.ar\/2021\/#website"},"primaryImageOfPage":{"@id":"https:\/\/www.noticiasradioreflejos.com.ar\/2021\/los-chicos-de-automoto-estrenaran-indumentaria-en-la-copa-tornquist\/#primaryimage"},"image":{"@id":"https:\/\/www.noticiasradioreflejos.com.ar\/2021\/los-chicos-de-automoto-estrenaran-indumentaria-en-la-copa-tornquist\/#primaryimage"},"thumbnailUrl":"http:\/\/www.noticiasradioreflejos.com.ar\/noticias\/wp-content\/uploads\/2021\/02\/6TA-1024x640.jpg","datePublished":"2021-02-22T20:24:53+00:00","author":{"@id":"https:\/\/www.noticiasradioreflejos.com.ar\/2021\/#\/schema\/person\/ad82545263dcc5ec0996818884fd5fb1"},"breadcrumb":{"@id":"https:\/\/www.noticiasradioreflejos.com.ar\/2021\/los-chicos-de-automoto-estrenaran-indumentaria-en-la-copa-tornquist\/#breadcrumb"},"inLanguage":"es","potentialAction":[{"@type":"ReadAction","target":["https:\/\/www.noticiasradioreflejos.com.ar\/2021\/los-chicos-de-automoto-estrenaran-indumentaria-en-la-copa-tornquist\/"]}]},{"@type":"ImageObject","inLanguage":"es","@id":"https:\/\/www.noticiasradioreflejos.com.ar\/2021\/los-chicos-de-automoto-estrenaran-indumentaria-en-la-copa-tornquist\/#primaryimage","url":"http:\/\/www.noticiasradioreflejos.com.ar\/noticias\/wp-content\/uploads\/2021\/02\/6TA-1024x640.jpg","contentUrl":"http:\/\/www.noticiasradioreflejos.com.ar\/noticias\/wp-content\/uploads\/2021\/02\/6TA-1024x640.jpg"},{"@type":"BreadcrumbList","@id":"https:\/\/www.noticiasradioreflejos.com.ar\/2021\/los-chicos-de-automoto-estrenaran-indumentaria-en-la-copa-tornquist\/#breadcrumb","itemListElement":[{"@type":"ListItem","position":1,"name":"Portada","item":"https:\/\/www.noticiasradioreflejos.com.ar\/2021\/"},{"@type":"ListItem","position":2,"name":"Los chicos de Automoto estrenar\u00e1n indumentaria en la Copa Tornquist"}]},{"@type":"WebSite","@id":"https:\/\/www.noticiasradioreflejos.com.ar\/2021\/#website","url":"https:\/\/www.noticiasradioreflejos.com.ar\/2021\/","name":"Noticias Radio Reflejos","description":"Las noticias de mi comarca","potentialAction":[{"@type":"SearchAction","target":{"@type":"EntryPoint","urlTemplate":"https:\/\/www.noticiasradioreflejos.com.ar\/2021\/?s={search_term_string}"},"query-input":{"@type":"PropertyValueSpecification","valueRequired":true,"valueName":"search_term_string"}}],"inLanguage":"es"},{"@type":"Person","@id":"https:\/\/www.noticiasradioreflejos.com.ar\/2021\/#\/schema\/person\/ad82545263dcc5ec0996818884fd5fb1","name":"Arnaldo Botto","image":{"@type":"ImageObject","inLanguage":"es","@id":"https:\/\/www.noticiasradioreflejos.com.ar\/2021\/#\/schema\/person\/image\/","url":"https:\/\/secure.gravatar.com\/avatar\/55cb5e37c1efa326397366e6974cb338056df65cb50e7d64d1cf314e87504837?s=96&d=mm&r=g","contentUrl":"https:\/\/secure.gravatar.com\/avatar\/55cb5e37c1efa326397366e6974cb338056df65cb50e7d64d1cf314e87504837?s=96&d=mm&r=g","caption":"Arnaldo Botto"},"url":"https:\/\/www.noticiasradioreflejos.com.ar\/2021\/author\/arnaldo\/"}]}},"_links":{"self":[{"href":"https:\/\/www.noticiasradioreflejos.com.ar\/2021\/wp-json\/wp\/v2\/posts\/52781","targetHints":{"allow":["GET"]}}],"collection":[{"href":"https:\/\/www.noticiasradioreflejos.com.ar\/2021\/wp-json\/wp\/v2\/posts"}],"about":[{"href":"https:\/\/www.noticiasradioreflejos.com.ar\/2021\/wp-json\/wp\/v2\/types\/post"}],"author":[{"embeddable":true,"href":"https:\/\/www.noticiasradioreflejos.com.ar\/2021\/wp-json\/wp\/v2\/users\/3"}],"replies":[{"embeddable":true,"href":"https:\/\/www.noticiasradioreflejos.com.ar\/2021\/wp-json\/wp\/v2\/comments?post=52781"}],"version-history":[{"count":0,"href":"https:\/\/www.noticiasradioreflejos.com.ar\/2021\/wp-json\/wp\/v2\/posts\/52781\/revisions"}],"wp:attachment":[{"href":"https:\/\/www.noticiasradioreflejos.com.ar\/2021\/wp-json\/wp\/v2\/media?parent=52781"}],"wp:term":[{"taxonomy":"category","embeddable":true,"href":"https:\/\/www.noticiasradioreflejos.com.ar\/2021\/wp-json\/wp\/v2\/categories?post=52781"},{"taxonomy":"post_tag","embeddable":true,"href":"https:\/\/www.noticiasradioreflejos.com.ar\/2021\/wp-json\/wp\/v2\/tags?post=52781"}],"curies":[{"name":"wp","href":"https:\/\/api.w.org\/{rel}","templated":true}]}}