{"id":52774,"date":"2021-02-22T12:38:52","date_gmt":"2021-02-22T15:38:52","guid":{"rendered":"http:\/\/www.noticiasradioreflejos.com.ar\/noticias\/?p=52774"},"modified":"2021-02-22T12:38:52","modified_gmt":"2021-02-22T15:38:52","slug":"detienen-a-una-narcobanda-integrada-por-barras-de-boca-y-secuestran-60-kilos-de-droga-y-un-arsenal","status":"publish","type":"post","link":"https:\/\/www.noticiasradioreflejos.com.ar\/2021\/detienen-a-una-narcobanda-integrada-por-barras-de-boca-y-secuestran-60-kilos-de-droga-y-un-arsenal\/","title":{"rendered":"Detienen a una narcobanda integrada por barras de Boca y secuestran 60 kilos de droga y un arsenal"},"content":{"rendered":"<p>La banda est\u00e1 acusada de integrar una organizaci\u00f3n narcocriminal dedicada a la distribuci\u00f3n y comercializaci\u00f3n de drogas en el conurbano bonaerense.<!--more--><\/p>\n<p>La investigaci\u00f3n surgi\u00f3 a ra\u00edz de un procedimiento realizado por la Polic\u00eda de la Provincia de Buenos Aires en 2018<\/p>\n<p>Seis hombres, entre ellos algunos barrabravas de Boca Juniors y empleados municipales, fueron detenidos con casi 50 kilos de marihuana, 10 de coca\u00edna y un arsenal que inclu\u00eda una ametralladora, acusados de integrar una organizaci\u00f3n narcocriminal dedicada a la distribuci\u00f3n y comercializaci\u00f3n de drogas en el conurbano bonaerense, informaron este lunes fuentes policiales.<\/p>\n<p>El operativo fue realizado por efectivos de la Divisi\u00f3n Operaciones Federales de la Polic\u00eda Federal Argentina (PFA) en una serie de nueve allanamientos en el partido de San Miguel y en tres localidades de Malvinas Argentinas: Grand Bourg, Villa de Mayo e Ingeniero Adolfo Sourdeaux.<\/p>\n<p>All\u00ed, los polic\u00edas detuvieron a seis imputados, la mayor\u00eda de ellos \u201csegundas l\u00edneas de la barra brava de Boca Junior y empleados municipales\u201d, revel\u00f3 a T\u00e9lam un vocero policial.<\/p>\n<p>Los pesquisas se incautaron de 64 ladrillos de marihuana con un peso aproximado de 47 kilos; nueve ladrillos de coca\u00edna con un peso de 10 kilos -\u2013cinco de ellos empaquetados con el logo del club espa\u00f1ol Barcelona- y m\u00e1s de 1.100 dosis de la misma droga, listas para su comercializaci\u00f3n.<\/p>\n<p>Pero, adem\u00e1s, fue secuestrado un arsenal que inclu\u00eda una ametralladora, una granada de gas, seis pistolas, tres rev\u00f3lveres, municiones de varios calibres y un silenciador.<\/p>\n<p>Tambi\u00e9n los efectivos hallaron cinco veh\u00edculos, dos esposas, una m\u00e1quina de contar billetes, dos balanzas de precisi\u00f3n, 11.255 d\u00f3lares y 1.675.510 pesos en efectivo, 15 tel\u00e9fonos celulares, una notebook y tres pendrives, entre otros elementos de inter\u00e9s para la causa.<\/p>\n<p>La investigaci\u00f3n surgi\u00f3 a ra\u00edz de un procedimiento realizado por la Polic\u00eda de la Provincia de Buenos Aires en 2018, cuando se logr\u00f3 el secuestro de gran cantidad de marihuana en el interior de una camioneta.<\/p>\n<p>Posteriormente, el Juzgado Federal 2 de San Mart\u00edn, a cargo de la jueza Alicia Vence y del secretario Leonardo Garc\u00eda, orden\u00f3 a los efectivos federales que contin\u00faen con las investigaciones.<\/p>\n<p>En consecuencia, los uniformados efectuaron rigurosas tareas de campo durante varios meses, as\u00ed lograron documentar las actividades de la banda que utilizaba armas de grueso calibre para custodiar los estupefacientes y se ordenaron los allanamientos que culminaron con el secuestro de la droga y estas nuevas detenciones.<\/p>\n<p>La ministra de Seguridad de la Naci\u00f3n, Sabina Frederic, y otras autoridades de su ministerio y de la PFA, realizaban esta ma\u00f1ana una conferencia de prensa en el Departamento Central de la fuerza federal para brindar m\u00e1s detalles de la investigaci\u00f3n y los procedimientos.<\/p>\n","protected":false},"excerpt":{"rendered":"<p>La banda est\u00e1 acusada de integrar una organizaci\u00f3n narcocriminal dedicada a la distribuci\u00f3n y comercializaci\u00f3n de drogas en el conurbano bonaerense.<\/p>\n","protected":false},"author":3,"featured_media":0,"comment_status":"closed","ping_status":"open","sticky":false,"template":"","format":"standard","meta":{"footnotes":""},"categories":[29],"tags":[],"class_list":["post-52774","post","type-post","status-publish","format-standard","hentry","category-policiales"],"yoast_head":"<!-- This site is optimized with the Yoast SEO plugin v25.9 - https:\/\/yoast.com\/wordpress\/plugins\/seo\/ -->\n<title>Detienen a una narcobanda integrada por barras de Boca y secuestran 60 kilos de droga y un arsenal - Noticias Radio Reflejos<\/title>\n<meta name=\"robots\" content=\"index, follow, max-snippet:-1, max-image-preview:large, max-video-preview:-1\" \/>\n<link rel=\"canonical\" href=\"https:\/\/www.noticiasradioreflejos.com.ar\/2021\/detienen-a-una-narcobanda-integrada-por-barras-de-boca-y-secuestran-60-kilos-de-droga-y-un-arsenal\/\" \/>\n<meta property=\"og:locale\" content=\"es_ES\" \/>\n<meta property=\"og:type\" content=\"article\" \/>\n<meta property=\"og:title\" content=\"Detienen a una narcobanda integrada por barras de Boca y secuestran 60 kilos de droga y un arsenal - Noticias Radio Reflejos\" \/>\n<meta property=\"og:description\" content=\"La banda est\u00e1 acusada de integrar una organizaci\u00f3n narcocriminal dedicada a la distribuci\u00f3n y comercializaci\u00f3n de drogas en el conurbano bonaerense.\" \/>\n<meta property=\"og:url\" content=\"https:\/\/www.noticiasradioreflejos.com.ar\/2021\/detienen-a-una-narcobanda-integrada-por-barras-de-boca-y-secuestran-60-kilos-de-droga-y-un-arsenal\/\" \/>\n<meta property=\"og:site_name\" content=\"Noticias Radio Reflejos\" \/>\n<meta property=\"article:published_time\" content=\"2021-02-22T15:38:52+00:00\" \/>\n<meta property=\"og:image\" content=\"https:\/\/www.noticiasradioreflejos.com.ar\/2021\/wp-content\/uploads\/2021\/07\/logosol300x200.png\" \/>\n\t<meta property=\"og:image:width\" content=\"300\" \/>\n\t<meta property=\"og:image:height\" content=\"200\" \/>\n\t<meta property=\"og:image:type\" content=\"image\/png\" \/>\n<meta name=\"author\" content=\"Arnaldo Botto\" \/>\n<meta name=\"twitter:card\" content=\"summary_large_image\" \/>\n<script type=\"application\/ld+json\" class=\"yoast-schema-graph\">{\"@context\":\"https:\/\/schema.org\",\"@graph\":[{\"@type\":\"WebPage\",\"@id\":\"https:\/\/www.noticiasradioreflejos.com.ar\/2021\/detienen-a-una-narcobanda-integrada-por-barras-de-boca-y-secuestran-60-kilos-de-droga-y-un-arsenal\/\",\"url\":\"https:\/\/www.noticiasradioreflejos.com.ar\/2021\/detienen-a-una-narcobanda-integrada-por-barras-de-boca-y-secuestran-60-kilos-de-droga-y-un-arsenal\/\",\"name\":\"Detienen a una narcobanda integrada por barras de Boca y secuestran 60 kilos de droga y un arsenal - Noticias Radio Reflejos\",\"isPartOf\":{\"@id\":\"https:\/\/www.noticiasradioreflejos.com.ar\/2021\/#website\"},\"datePublished\":\"2021-02-22T15:38:52+00:00\",\"author\":{\"@id\":\"https:\/\/www.noticiasradioreflejos.com.ar\/2021\/#\/schema\/person\/ad82545263dcc5ec0996818884fd5fb1\"},\"breadcrumb\":{\"@id\":\"https:\/\/www.noticiasradioreflejos.com.ar\/2021\/detienen-a-una-narcobanda-integrada-por-barras-de-boca-y-secuestran-60-kilos-de-droga-y-un-arsenal\/#breadcrumb\"},\"inLanguage\":\"es\",\"potentialAction\":[{\"@type\":\"ReadAction\",\"target\":[\"https:\/\/www.noticiasradioreflejos.com.ar\/2021\/detienen-a-una-narcobanda-integrada-por-barras-de-boca-y-secuestran-60-kilos-de-droga-y-un-arsenal\/\"]}]},{\"@type\":\"BreadcrumbList\",\"@id\":\"https:\/\/www.noticiasradioreflejos.com.ar\/2021\/detienen-a-una-narcobanda-integrada-por-barras-de-boca-y-secuestran-60-kilos-de-droga-y-un-arsenal\/#breadcrumb\",\"itemListElement\":[{\"@type\":\"ListItem\",\"position\":1,\"name\":\"Portada\",\"item\":\"https:\/\/www.noticiasradioreflejos.com.ar\/2021\/\"},{\"@type\":\"ListItem\",\"position\":2,\"name\":\"Detienen a una narcobanda integrada por barras de Boca y secuestran 60 kilos de droga y un arsenal\"}]},{\"@type\":\"WebSite\",\"@id\":\"https:\/\/www.noticiasradioreflejos.com.ar\/2021\/#website\",\"url\":\"https:\/\/www.noticiasradioreflejos.com.ar\/2021\/\",\"name\":\"Noticias Radio Reflejos\",\"description\":\"Las noticias de mi comarca\",\"potentialAction\":[{\"@type\":\"SearchAction\",\"target\":{\"@type\":\"EntryPoint\",\"urlTemplate\":\"https:\/\/www.noticiasradioreflejos.com.ar\/2021\/?s={search_term_string}\"},\"query-input\":{\"@type\":\"PropertyValueSpecification\",\"valueRequired\":true,\"valueName\":\"search_term_string\"}}],\"inLanguage\":\"es\"},{\"@type\":\"Person\",\"@id\":\"https:\/\/www.noticiasradioreflejos.com.ar\/2021\/#\/schema\/person\/ad82545263dcc5ec0996818884fd5fb1\",\"name\":\"Arnaldo Botto\",\"image\":{\"@type\":\"ImageObject\",\"inLanguage\":\"es\",\"@id\":\"https:\/\/www.noticiasradioreflejos.com.ar\/2021\/#\/schema\/person\/image\/\",\"url\":\"https:\/\/secure.gravatar.com\/avatar\/55cb5e37c1efa326397366e6974cb338056df65cb50e7d64d1cf314e87504837?s=96&d=mm&r=g\",\"contentUrl\":\"https:\/\/secure.gravatar.com\/avatar\/55cb5e37c1efa326397366e6974cb338056df65cb50e7d64d1cf314e87504837?s=96&d=mm&r=g\",\"caption\":\"Arnaldo Botto\"},\"url\":\"https:\/\/www.noticiasradioreflejos.com.ar\/2021\/author\/arnaldo\/\"}]}<\/script>\n<!-- \/ Yoast SEO plugin. -->","yoast_head_json":{"title":"Detienen a una narcobanda integrada por barras de Boca y secuestran 60 kilos de droga y un arsenal - Noticias Radio Reflejos","robots":{"index":"index","follow":"follow","max-snippet":"max-snippet:-1","max-image-preview":"max-image-preview:large","max-video-preview":"max-video-preview:-1"},"canonical":"https:\/\/www.noticiasradioreflejos.com.ar\/2021\/detienen-a-una-narcobanda-integrada-por-barras-de-boca-y-secuestran-60-kilos-de-droga-y-un-arsenal\/","og_locale":"es_ES","og_type":"article","og_title":"Detienen a una narcobanda integrada por barras de Boca y secuestran 60 kilos de droga y un arsenal - Noticias Radio Reflejos","og_description":"La banda est\u00e1 acusada de integrar una organizaci\u00f3n narcocriminal dedicada a la distribuci\u00f3n y comercializaci\u00f3n de drogas en el conurbano bonaerense.","og_url":"https:\/\/www.noticiasradioreflejos.com.ar\/2021\/detienen-a-una-narcobanda-integrada-por-barras-de-boca-y-secuestran-60-kilos-de-droga-y-un-arsenal\/","og_site_name":"Noticias Radio Reflejos","article_published_time":"2021-02-22T15:38:52+00:00","og_image":[{"width":300,"height":200,"url":"https:\/\/www.noticiasradioreflejos.com.ar\/2021\/wp-content\/uploads\/2021\/07\/logosol300x200.png","type":"image\/png"}],"author":"Arnaldo Botto","twitter_card":"summary_large_image","schema":{"@context":"https:\/\/schema.org","@graph":[{"@type":"WebPage","@id":"https:\/\/www.noticiasradioreflejos.com.ar\/2021\/detienen-a-una-narcobanda-integrada-por-barras-de-boca-y-secuestran-60-kilos-de-droga-y-un-arsenal\/","url":"https:\/\/www.noticiasradioreflejos.com.ar\/2021\/detienen-a-una-narcobanda-integrada-por-barras-de-boca-y-secuestran-60-kilos-de-droga-y-un-arsenal\/","name":"Detienen a una narcobanda integrada por barras de Boca y secuestran 60 kilos de droga y un arsenal - Noticias Radio Reflejos","isPartOf":{"@id":"https:\/\/www.noticiasradioreflejos.com.ar\/2021\/#website"},"datePublished":"2021-02-22T15:38:52+00:00","author":{"@id":"https:\/\/www.noticiasradioreflejos.com.ar\/2021\/#\/schema\/person\/ad82545263dcc5ec0996818884fd5fb1"},"breadcrumb":{"@id":"https:\/\/www.noticiasradioreflejos.com.ar\/2021\/detienen-a-una-narcobanda-integrada-por-barras-de-boca-y-secuestran-60-kilos-de-droga-y-un-arsenal\/#breadcrumb"},"inLanguage":"es","potentialAction":[{"@type":"ReadAction","target":["https:\/\/www.noticiasradioreflejos.com.ar\/2021\/detienen-a-una-narcobanda-integrada-por-barras-de-boca-y-secuestran-60-kilos-de-droga-y-un-arsenal\/"]}]},{"@type":"BreadcrumbList","@id":"https:\/\/www.noticiasradioreflejos.com.ar\/2021\/detienen-a-una-narcobanda-integrada-por-barras-de-boca-y-secuestran-60-kilos-de-droga-y-un-arsenal\/#breadcrumb","itemListElement":[{"@type":"ListItem","position":1,"name":"Portada","item":"https:\/\/www.noticiasradioreflejos.com.ar\/2021\/"},{"@type":"ListItem","position":2,"name":"Detienen a una narcobanda integrada por barras de Boca y secuestran 60 kilos de droga y un arsenal"}]},{"@type":"WebSite","@id":"https:\/\/www.noticiasradioreflejos.com.ar\/2021\/#website","url":"https:\/\/www.noticiasradioreflejos.com.ar\/2021\/","name":"Noticias Radio Reflejos","description":"Las noticias de mi comarca","potentialAction":[{"@type":"SearchAction","target":{"@type":"EntryPoint","urlTemplate":"https:\/\/www.noticiasradioreflejos.com.ar\/2021\/?s={search_term_string}"},"query-input":{"@type":"PropertyValueSpecification","valueRequired":true,"valueName":"search_term_string"}}],"inLanguage":"es"},{"@type":"Person","@id":"https:\/\/www.noticiasradioreflejos.com.ar\/2021\/#\/schema\/person\/ad82545263dcc5ec0996818884fd5fb1","name":"Arnaldo Botto","image":{"@type":"ImageObject","inLanguage":"es","@id":"https:\/\/www.noticiasradioreflejos.com.ar\/2021\/#\/schema\/person\/image\/","url":"https:\/\/secure.gravatar.com\/avatar\/55cb5e37c1efa326397366e6974cb338056df65cb50e7d64d1cf314e87504837?s=96&d=mm&r=g","contentUrl":"https:\/\/secure.gravatar.com\/avatar\/55cb5e37c1efa326397366e6974cb338056df65cb50e7d64d1cf314e87504837?s=96&d=mm&r=g","caption":"Arnaldo Botto"},"url":"https:\/\/www.noticiasradioreflejos.com.ar\/2021\/author\/arnaldo\/"}]}},"_links":{"self":[{"href":"https:\/\/www.noticiasradioreflejos.com.ar\/2021\/wp-json\/wp\/v2\/posts\/52774","targetHints":{"allow":["GET"]}}],"collection":[{"href":"https:\/\/www.noticiasradioreflejos.com.ar\/2021\/wp-json\/wp\/v2\/posts"}],"about":[{"href":"https:\/\/www.noticiasradioreflejos.com.ar\/2021\/wp-json\/wp\/v2\/types\/post"}],"author":[{"embeddable":true,"href":"https:\/\/www.noticiasradioreflejos.com.ar\/2021\/wp-json\/wp\/v2\/users\/3"}],"replies":[{"embeddable":true,"href":"https:\/\/www.noticiasradioreflejos.com.ar\/2021\/wp-json\/wp\/v2\/comments?post=52774"}],"version-history":[{"count":0,"href":"https:\/\/www.noticiasradioreflejos.com.ar\/2021\/wp-json\/wp\/v2\/posts\/52774\/revisions"}],"wp:attachment":[{"href":"https:\/\/www.noticiasradioreflejos.com.ar\/2021\/wp-json\/wp\/v2\/media?parent=52774"}],"wp:term":[{"taxonomy":"category","embeddable":true,"href":"https:\/\/www.noticiasradioreflejos.com.ar\/2021\/wp-json\/wp\/v2\/categories?post=52774"},{"taxonomy":"post_tag","embeddable":true,"href":"https:\/\/www.noticiasradioreflejos.com.ar\/2021\/wp-json\/wp\/v2\/tags?post=52774"}],"curies":[{"name":"wp","href":"https:\/\/api.w.org\/{rel}","templated":true}]}}