{"id":52585,"date":"2021-02-17T11:44:56","date_gmt":"2021-02-17T14:44:56","guid":{"rendered":"http:\/\/www.noticiasradioreflejos.com.ar\/noticias\/?p=52585"},"modified":"2021-02-17T11:44:56","modified_gmt":"2021-02-17T14:44:56","slug":"el-secretario-general-de-la-onu-pide-un-plan-mundial-de-vacunacion-contra-el-coronavirus","status":"publish","type":"post","link":"https:\/\/www.noticiasradioreflejos.com.ar\/2021\/el-secretario-general-de-la-onu-pide-un-plan-mundial-de-vacunacion-contra-el-coronavirus\/","title":{"rendered":"El secretario general de la ONU pide un plan mundial de vacunaci\u00f3n contra el coronavirus"},"content":{"rendered":"<p class=\"title\">El secretario general de la ONU, Ant\u00f3nio Guterres, pidi\u00f3 hoy un plan global de vacunaci\u00f3n contra el coronavirus, al advertir que las desigualdades en el proceso inicial de inmunizaci\u00f3n entre pa\u00edses ricos y pobres ponen en riesgo la salud y la econom\u00eda mundial.<!--more--><\/p>\n<p>Al inaugurar una reuni\u00f3n especial de cancilleres en el Consejo de Seguridad de la ONU sobre vacunas, Guterres dijo que s\u00f3lo diez naciones han administrado el 75% de las dosis hasta el momento y 130 de los m\u00e1s de 190 pa\u00edses no han recibido ninguna vacuna.<\/p>\n<p>\u00abEl mundo necesita urgentemente un plan mundial de vacunaci\u00f3n que re\u00fana a todos los que tienen el poder necesario, la experiencia cient\u00edfica y las capacidades de producci\u00f3n y financieras\u00bb, dijo Guterres en la reuni\u00f3n virtual.<\/p>\n<p>Desde su aparici\u00f3n en China a fines de 2019, el coronavirus ha infectado a m\u00e1s de 109 millones de personas en todo el mundo, de las cuales m\u00e1s de 2,4 millones han muerto.<\/p>\n<p>El titular de la ONU afirm\u00f3 que el G20, las principales econom\u00edas del planeta, est\u00e1 en la mejor posici\u00f3n para crear un grupo de trabajo sobre la financiaci\u00f3n y la aplicaci\u00f3n de la vacunaci\u00f3n mundial y ofreci\u00f3 el pleno apoyo de la ONU.<\/p>\n<p>\u00abSi se permite que el virus se extienda como un reguero de p\u00f3lvora en el sur global, mutar\u00e1 una y otra vez\u00bb, advirti\u00f3 el diplom\u00e1tico portugu\u00e9s, citado por la agencia de noticias AFP.<\/p>\n<p>\u00abLas nuevas variantes podr\u00edan ser m\u00e1s transmisibles, m\u00e1s mortales y, potencialmente, amenazar la eficacia de las vacunas y los diagn\u00f3sticos actuales\u00bb, prosigui\u00f3.<\/p>\n<p>\u00abEsto puede prolongar la pandemia de forma significativa, permitiendo que el virus vuelva a asolar el norte global\u00bb, agreg\u00f3.<\/p>\n<p class=\"title\">Fuente: T\u00e9lam<\/p>\n","protected":false},"excerpt":{"rendered":"<p>El secretario general de la ONU, Ant\u00f3nio Guterres, pidi\u00f3 hoy un plan global de vacunaci\u00f3n contra el coronavirus, al advertir que las desigualdades en el proceso inicial de inmunizaci\u00f3n entre pa\u00edses ricos y pobres ponen en riesgo la salud y la econom\u00eda mundial.<\/p>\n","protected":false},"author":3,"featured_media":0,"comment_status":"closed","ping_status":"open","sticky":false,"template":"","format":"standard","meta":{"footnotes":""},"categories":[26],"tags":[],"class_list":["post-52585","post","type-post","status-publish","format-standard","hentry","category-sociedad"],"yoast_head":"<!-- This site is optimized with the Yoast SEO plugin v25.9 - https:\/\/yoast.com\/wordpress\/plugins\/seo\/ -->\n<title>El secretario general de la ONU pide un plan mundial de vacunaci\u00f3n contra el coronavirus - Noticias Radio Reflejos<\/title>\n<meta name=\"robots\" content=\"index, follow, max-snippet:-1, max-image-preview:large, max-video-preview:-1\" \/>\n<link rel=\"canonical\" href=\"https:\/\/www.noticiasradioreflejos.com.ar\/2021\/el-secretario-general-de-la-onu-pide-un-plan-mundial-de-vacunacion-contra-el-coronavirus\/\" \/>\n<meta property=\"og:locale\" content=\"es_ES\" \/>\n<meta property=\"og:type\" content=\"article\" \/>\n<meta property=\"og:title\" content=\"El secretario general de la ONU pide un plan mundial de vacunaci\u00f3n contra el coronavirus - Noticias Radio Reflejos\" \/>\n<meta property=\"og:description\" content=\"El secretario general de la ONU, Ant\u00f3nio Guterres, pidi\u00f3 hoy un plan global de vacunaci\u00f3n contra el coronavirus, al advertir que las desigualdades en el proceso inicial de inmunizaci\u00f3n entre pa\u00edses ricos y pobres ponen en riesgo la salud y la econom\u00eda mundial.\" \/>\n<meta property=\"og:url\" content=\"https:\/\/www.noticiasradioreflejos.com.ar\/2021\/el-secretario-general-de-la-onu-pide-un-plan-mundial-de-vacunacion-contra-el-coronavirus\/\" \/>\n<meta property=\"og:site_name\" content=\"Noticias Radio Reflejos\" \/>\n<meta property=\"article:published_time\" content=\"2021-02-17T14:44:56+00:00\" \/>\n<meta property=\"og:image\" content=\"https:\/\/www.noticiasradioreflejos.com.ar\/2021\/wp-content\/uploads\/2021\/07\/logosol300x200.png\" \/>\n\t<meta property=\"og:image:width\" content=\"300\" \/>\n\t<meta property=\"og:image:height\" content=\"200\" \/>\n\t<meta property=\"og:image:type\" content=\"image\/png\" \/>\n<meta name=\"author\" content=\"Arnaldo Botto\" \/>\n<meta name=\"twitter:card\" content=\"summary_large_image\" \/>\n<script type=\"application\/ld+json\" class=\"yoast-schema-graph\">{\"@context\":\"https:\/\/schema.org\",\"@graph\":[{\"@type\":\"WebPage\",\"@id\":\"https:\/\/www.noticiasradioreflejos.com.ar\/2021\/el-secretario-general-de-la-onu-pide-un-plan-mundial-de-vacunacion-contra-el-coronavirus\/\",\"url\":\"https:\/\/www.noticiasradioreflejos.com.ar\/2021\/el-secretario-general-de-la-onu-pide-un-plan-mundial-de-vacunacion-contra-el-coronavirus\/\",\"name\":\"El secretario general de la ONU pide un plan mundial de vacunaci\u00f3n contra el coronavirus - Noticias Radio Reflejos\",\"isPartOf\":{\"@id\":\"https:\/\/www.noticiasradioreflejos.com.ar\/2021\/#website\"},\"datePublished\":\"2021-02-17T14:44:56+00:00\",\"author\":{\"@id\":\"https:\/\/www.noticiasradioreflejos.com.ar\/2021\/#\/schema\/person\/ad82545263dcc5ec0996818884fd5fb1\"},\"breadcrumb\":{\"@id\":\"https:\/\/www.noticiasradioreflejos.com.ar\/2021\/el-secretario-general-de-la-onu-pide-un-plan-mundial-de-vacunacion-contra-el-coronavirus\/#breadcrumb\"},\"inLanguage\":\"es\",\"potentialAction\":[{\"@type\":\"ReadAction\",\"target\":[\"https:\/\/www.noticiasradioreflejos.com.ar\/2021\/el-secretario-general-de-la-onu-pide-un-plan-mundial-de-vacunacion-contra-el-coronavirus\/\"]}]},{\"@type\":\"BreadcrumbList\",\"@id\":\"https:\/\/www.noticiasradioreflejos.com.ar\/2021\/el-secretario-general-de-la-onu-pide-un-plan-mundial-de-vacunacion-contra-el-coronavirus\/#breadcrumb\",\"itemListElement\":[{\"@type\":\"ListItem\",\"position\":1,\"name\":\"Portada\",\"item\":\"https:\/\/www.noticiasradioreflejos.com.ar\/2021\/\"},{\"@type\":\"ListItem\",\"position\":2,\"name\":\"El secretario general de la ONU pide un plan mundial de vacunaci\u00f3n contra el coronavirus\"}]},{\"@type\":\"WebSite\",\"@id\":\"https:\/\/www.noticiasradioreflejos.com.ar\/2021\/#website\",\"url\":\"https:\/\/www.noticiasradioreflejos.com.ar\/2021\/\",\"name\":\"Noticias Radio Reflejos\",\"description\":\"Las noticias de mi comarca\",\"potentialAction\":[{\"@type\":\"SearchAction\",\"target\":{\"@type\":\"EntryPoint\",\"urlTemplate\":\"https:\/\/www.noticiasradioreflejos.com.ar\/2021\/?s={search_term_string}\"},\"query-input\":{\"@type\":\"PropertyValueSpecification\",\"valueRequired\":true,\"valueName\":\"search_term_string\"}}],\"inLanguage\":\"es\"},{\"@type\":\"Person\",\"@id\":\"https:\/\/www.noticiasradioreflejos.com.ar\/2021\/#\/schema\/person\/ad82545263dcc5ec0996818884fd5fb1\",\"name\":\"Arnaldo Botto\",\"image\":{\"@type\":\"ImageObject\",\"inLanguage\":\"es\",\"@id\":\"https:\/\/www.noticiasradioreflejos.com.ar\/2021\/#\/schema\/person\/image\/\",\"url\":\"https:\/\/secure.gravatar.com\/avatar\/55cb5e37c1efa326397366e6974cb338056df65cb50e7d64d1cf314e87504837?s=96&d=mm&r=g\",\"contentUrl\":\"https:\/\/secure.gravatar.com\/avatar\/55cb5e37c1efa326397366e6974cb338056df65cb50e7d64d1cf314e87504837?s=96&d=mm&r=g\",\"caption\":\"Arnaldo Botto\"},\"url\":\"https:\/\/www.noticiasradioreflejos.com.ar\/2021\/author\/arnaldo\/\"}]}<\/script>\n<!-- \/ Yoast SEO plugin. -->","yoast_head_json":{"title":"El secretario general de la ONU pide un plan mundial de vacunaci\u00f3n contra el coronavirus - Noticias Radio Reflejos","robots":{"index":"index","follow":"follow","max-snippet":"max-snippet:-1","max-image-preview":"max-image-preview:large","max-video-preview":"max-video-preview:-1"},"canonical":"https:\/\/www.noticiasradioreflejos.com.ar\/2021\/el-secretario-general-de-la-onu-pide-un-plan-mundial-de-vacunacion-contra-el-coronavirus\/","og_locale":"es_ES","og_type":"article","og_title":"El secretario general de la ONU pide un plan mundial de vacunaci\u00f3n contra el coronavirus - Noticias Radio Reflejos","og_description":"El secretario general de la ONU, Ant\u00f3nio Guterres, pidi\u00f3 hoy un plan global de vacunaci\u00f3n contra el coronavirus, al advertir que las desigualdades en el proceso inicial de inmunizaci\u00f3n entre pa\u00edses ricos y pobres ponen en riesgo la salud y la econom\u00eda mundial.","og_url":"https:\/\/www.noticiasradioreflejos.com.ar\/2021\/el-secretario-general-de-la-onu-pide-un-plan-mundial-de-vacunacion-contra-el-coronavirus\/","og_site_name":"Noticias Radio Reflejos","article_published_time":"2021-02-17T14:44:56+00:00","og_image":[{"width":300,"height":200,"url":"https:\/\/www.noticiasradioreflejos.com.ar\/2021\/wp-content\/uploads\/2021\/07\/logosol300x200.png","type":"image\/png"}],"author":"Arnaldo Botto","twitter_card":"summary_large_image","schema":{"@context":"https:\/\/schema.org","@graph":[{"@type":"WebPage","@id":"https:\/\/www.noticiasradioreflejos.com.ar\/2021\/el-secretario-general-de-la-onu-pide-un-plan-mundial-de-vacunacion-contra-el-coronavirus\/","url":"https:\/\/www.noticiasradioreflejos.com.ar\/2021\/el-secretario-general-de-la-onu-pide-un-plan-mundial-de-vacunacion-contra-el-coronavirus\/","name":"El secretario general de la ONU pide un plan mundial de vacunaci\u00f3n contra el coronavirus - Noticias Radio Reflejos","isPartOf":{"@id":"https:\/\/www.noticiasradioreflejos.com.ar\/2021\/#website"},"datePublished":"2021-02-17T14:44:56+00:00","author":{"@id":"https:\/\/www.noticiasradioreflejos.com.ar\/2021\/#\/schema\/person\/ad82545263dcc5ec0996818884fd5fb1"},"breadcrumb":{"@id":"https:\/\/www.noticiasradioreflejos.com.ar\/2021\/el-secretario-general-de-la-onu-pide-un-plan-mundial-de-vacunacion-contra-el-coronavirus\/#breadcrumb"},"inLanguage":"es","potentialAction":[{"@type":"ReadAction","target":["https:\/\/www.noticiasradioreflejos.com.ar\/2021\/el-secretario-general-de-la-onu-pide-un-plan-mundial-de-vacunacion-contra-el-coronavirus\/"]}]},{"@type":"BreadcrumbList","@id":"https:\/\/www.noticiasradioreflejos.com.ar\/2021\/el-secretario-general-de-la-onu-pide-un-plan-mundial-de-vacunacion-contra-el-coronavirus\/#breadcrumb","itemListElement":[{"@type":"ListItem","position":1,"name":"Portada","item":"https:\/\/www.noticiasradioreflejos.com.ar\/2021\/"},{"@type":"ListItem","position":2,"name":"El secretario general de la ONU pide un plan mundial de vacunaci\u00f3n contra el coronavirus"}]},{"@type":"WebSite","@id":"https:\/\/www.noticiasradioreflejos.com.ar\/2021\/#website","url":"https:\/\/www.noticiasradioreflejos.com.ar\/2021\/","name":"Noticias Radio Reflejos","description":"Las noticias de mi comarca","potentialAction":[{"@type":"SearchAction","target":{"@type":"EntryPoint","urlTemplate":"https:\/\/www.noticiasradioreflejos.com.ar\/2021\/?s={search_term_string}"},"query-input":{"@type":"PropertyValueSpecification","valueRequired":true,"valueName":"search_term_string"}}],"inLanguage":"es"},{"@type":"Person","@id":"https:\/\/www.noticiasradioreflejos.com.ar\/2021\/#\/schema\/person\/ad82545263dcc5ec0996818884fd5fb1","name":"Arnaldo Botto","image":{"@type":"ImageObject","inLanguage":"es","@id":"https:\/\/www.noticiasradioreflejos.com.ar\/2021\/#\/schema\/person\/image\/","url":"https:\/\/secure.gravatar.com\/avatar\/55cb5e37c1efa326397366e6974cb338056df65cb50e7d64d1cf314e87504837?s=96&d=mm&r=g","contentUrl":"https:\/\/secure.gravatar.com\/avatar\/55cb5e37c1efa326397366e6974cb338056df65cb50e7d64d1cf314e87504837?s=96&d=mm&r=g","caption":"Arnaldo Botto"},"url":"https:\/\/www.noticiasradioreflejos.com.ar\/2021\/author\/arnaldo\/"}]}},"_links":{"self":[{"href":"https:\/\/www.noticiasradioreflejos.com.ar\/2021\/wp-json\/wp\/v2\/posts\/52585","targetHints":{"allow":["GET"]}}],"collection":[{"href":"https:\/\/www.noticiasradioreflejos.com.ar\/2021\/wp-json\/wp\/v2\/posts"}],"about":[{"href":"https:\/\/www.noticiasradioreflejos.com.ar\/2021\/wp-json\/wp\/v2\/types\/post"}],"author":[{"embeddable":true,"href":"https:\/\/www.noticiasradioreflejos.com.ar\/2021\/wp-json\/wp\/v2\/users\/3"}],"replies":[{"embeddable":true,"href":"https:\/\/www.noticiasradioreflejos.com.ar\/2021\/wp-json\/wp\/v2\/comments?post=52585"}],"version-history":[{"count":0,"href":"https:\/\/www.noticiasradioreflejos.com.ar\/2021\/wp-json\/wp\/v2\/posts\/52585\/revisions"}],"wp:attachment":[{"href":"https:\/\/www.noticiasradioreflejos.com.ar\/2021\/wp-json\/wp\/v2\/media?parent=52585"}],"wp:term":[{"taxonomy":"category","embeddable":true,"href":"https:\/\/www.noticiasradioreflejos.com.ar\/2021\/wp-json\/wp\/v2\/categories?post=52585"},{"taxonomy":"post_tag","embeddable":true,"href":"https:\/\/www.noticiasradioreflejos.com.ar\/2021\/wp-json\/wp\/v2\/tags?post=52585"}],"curies":[{"name":"wp","href":"https:\/\/api.w.org\/{rel}","templated":true}]}}