{"id":52578,"date":"2021-02-17T11:33:56","date_gmt":"2021-02-17T14:33:56","guid":{"rendered":"http:\/\/www.noticiasradioreflejos.com.ar\/noticias\/?p=52578"},"modified":"2021-02-17T11:33:56","modified_gmt":"2021-02-17T14:33:56","slug":"ni-una-menos-el-pais-se-une-para-marchar-por-ursula-y-tornquist-no-es-excepcion","status":"publish","type":"post","link":"https:\/\/www.noticiasradioreflejos.com.ar\/2021\/ni-una-menos-el-pais-se-une-para-marchar-por-ursula-y-tornquist-no-es-excepcion\/","title":{"rendered":"NI UNA MENOS &#8211; El pa\u00eds se une para marchar por \u00darsula y Tornquist no es excepci\u00f3n"},"content":{"rendered":"<p>Este Mi\u00e9rcoles 17 a las 17hs se reunen vecinxs de todo el distrito en la plaza Ernesto Tornquist para marchar en contra de los femicidios y de la injusticia social.<!--more--><\/p>\n<p>Quienes quieran participar de la movilizaci\u00f3n son bienvenidxs a hacerlo.<\/p>\n<p><a title=\"WhatsApp Image 2021-02-12 at 18.59.59\" href=\"http:\/\/live.staticflickr.com\/65535\/50953202092_e88b07a073.jpg\" rel=\"\"><img loading=\"lazy\" decoding=\"async\" class=\"aligncenter\" title=\"WhatsApp Image 2021-02-12 at 18.59.59\" src=\"http:\/\/live.staticflickr.com\/65535\/50953202092_e88b07a073.jpg\" alt=\"WhatsApp Image 2021-02-12 at 18.59.59\" width=\"500\" height=\"496\" \/><\/a><a title=\"WhatsApp Image 2021-02-12 at 19.21.57\" href=\"http:\/\/live.staticflickr.com\/65535\/50953100566_2b9c70ec07.jpg\" rel=\"\"><img loading=\"lazy\" decoding=\"async\" class=\"aligncenter\" title=\"WhatsApp Image 2021-02-12 at 19.21.57\" src=\"http:\/\/live.staticflickr.com\/65535\/50953100566_2b9c70ec07.jpg\" alt=\"WhatsApp Image 2021-02-12 at 19.21.57\" width=\"281\" height=\"500\" \/><\/a><a title=\"WhatsApp Image 2021-02-17 at 08.12.20\" href=\"http:\/\/live.staticflickr.com\/65535\/50952399643_2d759518d7.jpg\" rel=\"\"><img loading=\"lazy\" decoding=\"async\" class=\"aligncenter\" title=\"WhatsApp Image 2021-02-17 at 08.12.20\" src=\"http:\/\/live.staticflickr.com\/65535\/50952399643_2d759518d7.jpg\" alt=\"WhatsApp Image 2021-02-17 at 08.12.20\" width=\"301\" height=\"500\" \/><\/a><\/p>\n","protected":false},"excerpt":{"rendered":"<p>Este Mi\u00e9rcoles 17 a las 17hs se reunen vecinxs de todo el distrito en la plaza Ernesto Tornquist para marchar en contra de los femicidios y de la injusticia social.<\/p>\n","protected":false},"author":3,"featured_media":0,"comment_status":"closed","ping_status":"open","sticky":false,"template":"","format":"standard","meta":{"footnotes":""},"categories":[26],"tags":[],"class_list":["post-52578","post","type-post","status-publish","format-standard","hentry","category-sociedad"],"yoast_head":"<!-- This site is optimized with the Yoast SEO plugin v25.9 - https:\/\/yoast.com\/wordpress\/plugins\/seo\/ -->\n<title>NI UNA MENOS - El pa\u00eds se une para marchar por \u00darsula y Tornquist no es excepci\u00f3n - Noticias Radio Reflejos<\/title>\n<meta name=\"robots\" content=\"index, follow, max-snippet:-1, max-image-preview:large, max-video-preview:-1\" \/>\n<link rel=\"canonical\" href=\"https:\/\/www.noticiasradioreflejos.com.ar\/2021\/ni-una-menos-el-pais-se-une-para-marchar-por-ursula-y-tornquist-no-es-excepcion\/\" \/>\n<meta property=\"og:locale\" content=\"es_ES\" \/>\n<meta property=\"og:type\" content=\"article\" \/>\n<meta property=\"og:title\" content=\"NI UNA MENOS - El pa\u00eds se une para marchar por \u00darsula y Tornquist no es excepci\u00f3n - Noticias Radio Reflejos\" \/>\n<meta property=\"og:description\" content=\"Este Mi\u00e9rcoles 17 a las 17hs se reunen vecinxs de todo el distrito en la plaza Ernesto Tornquist para marchar en contra de los femicidios y de la injusticia social.\" \/>\n<meta property=\"og:url\" content=\"https:\/\/www.noticiasradioreflejos.com.ar\/2021\/ni-una-menos-el-pais-se-une-para-marchar-por-ursula-y-tornquist-no-es-excepcion\/\" \/>\n<meta property=\"og:site_name\" content=\"Noticias Radio Reflejos\" \/>\n<meta property=\"article:published_time\" content=\"2021-02-17T14:33:56+00:00\" \/>\n<meta property=\"og:image\" content=\"http:\/\/live.staticflickr.com\/65535\/50953202092_e88b07a073.jpg\" \/>\n<meta name=\"author\" content=\"Arnaldo Botto\" \/>\n<meta name=\"twitter:card\" content=\"summary_large_image\" \/>\n<script type=\"application\/ld+json\" class=\"yoast-schema-graph\">{\"@context\":\"https:\/\/schema.org\",\"@graph\":[{\"@type\":\"WebPage\",\"@id\":\"https:\/\/www.noticiasradioreflejos.com.ar\/2021\/ni-una-menos-el-pais-se-une-para-marchar-por-ursula-y-tornquist-no-es-excepcion\/\",\"url\":\"https:\/\/www.noticiasradioreflejos.com.ar\/2021\/ni-una-menos-el-pais-se-une-para-marchar-por-ursula-y-tornquist-no-es-excepcion\/\",\"name\":\"NI UNA MENOS - El pa\u00eds se une para marchar por \u00darsula y Tornquist no es excepci\u00f3n - Noticias Radio Reflejos\",\"isPartOf\":{\"@id\":\"https:\/\/www.noticiasradioreflejos.com.ar\/2021\/#website\"},\"primaryImageOfPage\":{\"@id\":\"https:\/\/www.noticiasradioreflejos.com.ar\/2021\/ni-una-menos-el-pais-se-une-para-marchar-por-ursula-y-tornquist-no-es-excepcion\/#primaryimage\"},\"image\":{\"@id\":\"https:\/\/www.noticiasradioreflejos.com.ar\/2021\/ni-una-menos-el-pais-se-une-para-marchar-por-ursula-y-tornquist-no-es-excepcion\/#primaryimage\"},\"thumbnailUrl\":\"http:\/\/live.staticflickr.com\/65535\/50953202092_e88b07a073.jpg\",\"datePublished\":\"2021-02-17T14:33:56+00:00\",\"author\":{\"@id\":\"https:\/\/www.noticiasradioreflejos.com.ar\/2021\/#\/schema\/person\/ad82545263dcc5ec0996818884fd5fb1\"},\"breadcrumb\":{\"@id\":\"https:\/\/www.noticiasradioreflejos.com.ar\/2021\/ni-una-menos-el-pais-se-une-para-marchar-por-ursula-y-tornquist-no-es-excepcion\/#breadcrumb\"},\"inLanguage\":\"es\",\"potentialAction\":[{\"@type\":\"ReadAction\",\"target\":[\"https:\/\/www.noticiasradioreflejos.com.ar\/2021\/ni-una-menos-el-pais-se-une-para-marchar-por-ursula-y-tornquist-no-es-excepcion\/\"]}]},{\"@type\":\"ImageObject\",\"inLanguage\":\"es\",\"@id\":\"https:\/\/www.noticiasradioreflejos.com.ar\/2021\/ni-una-menos-el-pais-se-une-para-marchar-por-ursula-y-tornquist-no-es-excepcion\/#primaryimage\",\"url\":\"http:\/\/live.staticflickr.com\/65535\/50953202092_e88b07a073.jpg\",\"contentUrl\":\"http:\/\/live.staticflickr.com\/65535\/50953202092_e88b07a073.jpg\"},{\"@type\":\"BreadcrumbList\",\"@id\":\"https:\/\/www.noticiasradioreflejos.com.ar\/2021\/ni-una-menos-el-pais-se-une-para-marchar-por-ursula-y-tornquist-no-es-excepcion\/#breadcrumb\",\"itemListElement\":[{\"@type\":\"ListItem\",\"position\":1,\"name\":\"Portada\",\"item\":\"https:\/\/www.noticiasradioreflejos.com.ar\/2021\/\"},{\"@type\":\"ListItem\",\"position\":2,\"name\":\"NI UNA MENOS &#8211; El pa\u00eds se une para marchar por \u00darsula y Tornquist no es excepci\u00f3n\"}]},{\"@type\":\"WebSite\",\"@id\":\"https:\/\/www.noticiasradioreflejos.com.ar\/2021\/#website\",\"url\":\"https:\/\/www.noticiasradioreflejos.com.ar\/2021\/\",\"name\":\"Noticias Radio Reflejos\",\"description\":\"Las noticias de mi comarca\",\"potentialAction\":[{\"@type\":\"SearchAction\",\"target\":{\"@type\":\"EntryPoint\",\"urlTemplate\":\"https:\/\/www.noticiasradioreflejos.com.ar\/2021\/?s={search_term_string}\"},\"query-input\":{\"@type\":\"PropertyValueSpecification\",\"valueRequired\":true,\"valueName\":\"search_term_string\"}}],\"inLanguage\":\"es\"},{\"@type\":\"Person\",\"@id\":\"https:\/\/www.noticiasradioreflejos.com.ar\/2021\/#\/schema\/person\/ad82545263dcc5ec0996818884fd5fb1\",\"name\":\"Arnaldo Botto\",\"image\":{\"@type\":\"ImageObject\",\"inLanguage\":\"es\",\"@id\":\"https:\/\/www.noticiasradioreflejos.com.ar\/2021\/#\/schema\/person\/image\/\",\"url\":\"https:\/\/secure.gravatar.com\/avatar\/55cb5e37c1efa326397366e6974cb338056df65cb50e7d64d1cf314e87504837?s=96&d=mm&r=g\",\"contentUrl\":\"https:\/\/secure.gravatar.com\/avatar\/55cb5e37c1efa326397366e6974cb338056df65cb50e7d64d1cf314e87504837?s=96&d=mm&r=g\",\"caption\":\"Arnaldo Botto\"},\"url\":\"https:\/\/www.noticiasradioreflejos.com.ar\/2021\/author\/arnaldo\/\"}]}<\/script>\n<!-- \/ Yoast SEO plugin. -->","yoast_head_json":{"title":"NI UNA MENOS - El pa\u00eds se une para marchar por \u00darsula y Tornquist no es excepci\u00f3n - Noticias Radio Reflejos","robots":{"index":"index","follow":"follow","max-snippet":"max-snippet:-1","max-image-preview":"max-image-preview:large","max-video-preview":"max-video-preview:-1"},"canonical":"https:\/\/www.noticiasradioreflejos.com.ar\/2021\/ni-una-menos-el-pais-se-une-para-marchar-por-ursula-y-tornquist-no-es-excepcion\/","og_locale":"es_ES","og_type":"article","og_title":"NI UNA MENOS - El pa\u00eds se une para marchar por \u00darsula y Tornquist no es excepci\u00f3n - Noticias Radio Reflejos","og_description":"Este Mi\u00e9rcoles 17 a las 17hs se reunen vecinxs de todo el distrito en la plaza Ernesto Tornquist para marchar en contra de los femicidios y de la injusticia social.","og_url":"https:\/\/www.noticiasradioreflejos.com.ar\/2021\/ni-una-menos-el-pais-se-une-para-marchar-por-ursula-y-tornquist-no-es-excepcion\/","og_site_name":"Noticias Radio Reflejos","article_published_time":"2021-02-17T14:33:56+00:00","og_image":[{"url":"http:\/\/live.staticflickr.com\/65535\/50953202092_e88b07a073.jpg","type":"","width":"","height":""}],"author":"Arnaldo Botto","twitter_card":"summary_large_image","schema":{"@context":"https:\/\/schema.org","@graph":[{"@type":"WebPage","@id":"https:\/\/www.noticiasradioreflejos.com.ar\/2021\/ni-una-menos-el-pais-se-une-para-marchar-por-ursula-y-tornquist-no-es-excepcion\/","url":"https:\/\/www.noticiasradioreflejos.com.ar\/2021\/ni-una-menos-el-pais-se-une-para-marchar-por-ursula-y-tornquist-no-es-excepcion\/","name":"NI UNA MENOS - El pa\u00eds se une para marchar por \u00darsula y Tornquist no es excepci\u00f3n - Noticias Radio Reflejos","isPartOf":{"@id":"https:\/\/www.noticiasradioreflejos.com.ar\/2021\/#website"},"primaryImageOfPage":{"@id":"https:\/\/www.noticiasradioreflejos.com.ar\/2021\/ni-una-menos-el-pais-se-une-para-marchar-por-ursula-y-tornquist-no-es-excepcion\/#primaryimage"},"image":{"@id":"https:\/\/www.noticiasradioreflejos.com.ar\/2021\/ni-una-menos-el-pais-se-une-para-marchar-por-ursula-y-tornquist-no-es-excepcion\/#primaryimage"},"thumbnailUrl":"http:\/\/live.staticflickr.com\/65535\/50953202092_e88b07a073.jpg","datePublished":"2021-02-17T14:33:56+00:00","author":{"@id":"https:\/\/www.noticiasradioreflejos.com.ar\/2021\/#\/schema\/person\/ad82545263dcc5ec0996818884fd5fb1"},"breadcrumb":{"@id":"https:\/\/www.noticiasradioreflejos.com.ar\/2021\/ni-una-menos-el-pais-se-une-para-marchar-por-ursula-y-tornquist-no-es-excepcion\/#breadcrumb"},"inLanguage":"es","potentialAction":[{"@type":"ReadAction","target":["https:\/\/www.noticiasradioreflejos.com.ar\/2021\/ni-una-menos-el-pais-se-une-para-marchar-por-ursula-y-tornquist-no-es-excepcion\/"]}]},{"@type":"ImageObject","inLanguage":"es","@id":"https:\/\/www.noticiasradioreflejos.com.ar\/2021\/ni-una-menos-el-pais-se-une-para-marchar-por-ursula-y-tornquist-no-es-excepcion\/#primaryimage","url":"http:\/\/live.staticflickr.com\/65535\/50953202092_e88b07a073.jpg","contentUrl":"http:\/\/live.staticflickr.com\/65535\/50953202092_e88b07a073.jpg"},{"@type":"BreadcrumbList","@id":"https:\/\/www.noticiasradioreflejos.com.ar\/2021\/ni-una-menos-el-pais-se-une-para-marchar-por-ursula-y-tornquist-no-es-excepcion\/#breadcrumb","itemListElement":[{"@type":"ListItem","position":1,"name":"Portada","item":"https:\/\/www.noticiasradioreflejos.com.ar\/2021\/"},{"@type":"ListItem","position":2,"name":"NI UNA MENOS &#8211; El pa\u00eds se une para marchar por \u00darsula y Tornquist no es excepci\u00f3n"}]},{"@type":"WebSite","@id":"https:\/\/www.noticiasradioreflejos.com.ar\/2021\/#website","url":"https:\/\/www.noticiasradioreflejos.com.ar\/2021\/","name":"Noticias Radio Reflejos","description":"Las noticias de mi comarca","potentialAction":[{"@type":"SearchAction","target":{"@type":"EntryPoint","urlTemplate":"https:\/\/www.noticiasradioreflejos.com.ar\/2021\/?s={search_term_string}"},"query-input":{"@type":"PropertyValueSpecification","valueRequired":true,"valueName":"search_term_string"}}],"inLanguage":"es"},{"@type":"Person","@id":"https:\/\/www.noticiasradioreflejos.com.ar\/2021\/#\/schema\/person\/ad82545263dcc5ec0996818884fd5fb1","name":"Arnaldo Botto","image":{"@type":"ImageObject","inLanguage":"es","@id":"https:\/\/www.noticiasradioreflejos.com.ar\/2021\/#\/schema\/person\/image\/","url":"https:\/\/secure.gravatar.com\/avatar\/55cb5e37c1efa326397366e6974cb338056df65cb50e7d64d1cf314e87504837?s=96&d=mm&r=g","contentUrl":"https:\/\/secure.gravatar.com\/avatar\/55cb5e37c1efa326397366e6974cb338056df65cb50e7d64d1cf314e87504837?s=96&d=mm&r=g","caption":"Arnaldo Botto"},"url":"https:\/\/www.noticiasradioreflejos.com.ar\/2021\/author\/arnaldo\/"}]}},"_links":{"self":[{"href":"https:\/\/www.noticiasradioreflejos.com.ar\/2021\/wp-json\/wp\/v2\/posts\/52578","targetHints":{"allow":["GET"]}}],"collection":[{"href":"https:\/\/www.noticiasradioreflejos.com.ar\/2021\/wp-json\/wp\/v2\/posts"}],"about":[{"href":"https:\/\/www.noticiasradioreflejos.com.ar\/2021\/wp-json\/wp\/v2\/types\/post"}],"author":[{"embeddable":true,"href":"https:\/\/www.noticiasradioreflejos.com.ar\/2021\/wp-json\/wp\/v2\/users\/3"}],"replies":[{"embeddable":true,"href":"https:\/\/www.noticiasradioreflejos.com.ar\/2021\/wp-json\/wp\/v2\/comments?post=52578"}],"version-history":[{"count":0,"href":"https:\/\/www.noticiasradioreflejos.com.ar\/2021\/wp-json\/wp\/v2\/posts\/52578\/revisions"}],"wp:attachment":[{"href":"https:\/\/www.noticiasradioreflejos.com.ar\/2021\/wp-json\/wp\/v2\/media?parent=52578"}],"wp:term":[{"taxonomy":"category","embeddable":true,"href":"https:\/\/www.noticiasradioreflejos.com.ar\/2021\/wp-json\/wp\/v2\/categories?post=52578"},{"taxonomy":"post_tag","embeddable":true,"href":"https:\/\/www.noticiasradioreflejos.com.ar\/2021\/wp-json\/wp\/v2\/tags?post=52578"}],"curies":[{"name":"wp","href":"https:\/\/api.w.org\/{rel}","templated":true}]}}