{"id":52567,"date":"2021-02-17T11:11:33","date_gmt":"2021-02-17T14:11:33","guid":{"rendered":"http:\/\/www.noticiasradioreflejos.com.ar\/noticias\/?p=52567"},"modified":"2021-02-17T11:11:33","modified_gmt":"2021-02-17T14:11:33","slug":"vialidad-nacional-ejecuto-trabajos-de-puesta-en-valor-en-el-puente-de-acceso-a-pigue-en-la-rn-33","status":"publish","type":"post","link":"https:\/\/www.noticiasradioreflejos.com.ar\/2021\/vialidad-nacional-ejecuto-trabajos-de-puesta-en-valor-en-el-puente-de-acceso-a-pigue-en-la-rn-33\/","title":{"rendered":"Vialidad Nacional ejecut\u00f3 trabajos de puesta en valor en el puente de acceso a Pig\u00fce en la RN 33"},"content":{"rendered":"<p><a title=\"WhatsApp Image 2021-02-17 at 10.07.59\" href=\"http:\/\/live.staticflickr.com\/65535\/50953152377_29cccf67b3_w.jpg\" rel=\"\"><img loading=\"lazy\" decoding=\"async\" class=\"alignleft\" style=\"float: left;\" title=\"WhatsApp Image 2021-02-17 at 10.07.59\" src=\"http:\/\/live.staticflickr.com\/65535\/50953152377_29cccf67b3_w.jpg\" alt=\"WhatsApp Image 2021-02-17 at 10.07.59\" width=\"400\" height=\"259\" \/><\/a>Los trabajos son parte de la obra de repavimentaci\u00f3n y ensanche de 153 km del corredor entre Tornquist y Espartillar.<!--more--><\/p>\n<p>Bah\u00eda Blanca, 17 de febrero de 2021- El Ministerio de Obras P\u00fablicas, a trav\u00e9s<br \/>\nde Vialidad Nacional, informa que, se realizaron trabajos de reparaci\u00f3n del puente<br \/>\nsobre la Ruta Nacional N\u00b0 33, Km 132,14, en el acceso a la ciudad de Pig\u00fce.<br \/>\nLas tareas de puesta en valor del ic\u00f3nico puente incluyeron la colocaci\u00f3n de<br \/>\nbarandas de defensas met\u00e1licas y la reposici\u00f3n de las faltantes deterioradas. Tambi\u00e9n<br \/>\nel reemplazo y el reacondicionamiento de barandas de defensa vehicular y de barandas<br \/>\npeatonales en toda la longitud del puente.<a title=\"WhatsApp Image 2021-02-17 at 10.14.31\" href=\"http:\/\/live.staticflickr.com\/65535\/50953152332_39e46026dc_w.jpg\" rel=\"\"><img loading=\"lazy\" decoding=\"async\" class=\"alignright\" style=\"float: right;\" title=\"WhatsApp Image 2021-02-17 at 10.14.31\" src=\"http:\/\/live.staticflickr.com\/65535\/50953152332_39e46026dc_w.jpg\" alt=\"WhatsApp Image 2021-02-17 at 10.14.31\" width=\"400\" height=\"266\" \/><\/a><br \/>\nTambi\u00e9n se llev\u00f3 a cabo la reparaci\u00f3n de juntas de dilataci\u00f3n, la reconstrucci\u00f3n de<br \/>\nlas veredas peatonales y la pintura de todo el puente, incluido el hist\u00f3rico arco. Por<br \/>\notro lado, se concret\u00f3 el arreglo de los desag\u00fces de la estructura, que consistieron en<br \/>\nla limpieza y acondicionamiento de las alcantarillas existentes para lograr una adecuada<br \/>\ndescarga y se prolongaron los conductos a fin de evitar que la acci\u00f3n continua del agua de<br \/>\nda\u00f1e la estructura.<br \/>\nEl mes pasado en el mismo sector se ejecutaron los trabajos de repavimentaci\u00f3n de<br \/>\nla carpeta asf\u00e1ltica del puente y del ingreso al Parque Industrial. Mientras tanto en la<br \/>\nextensi\u00f3n de la obra contin\u00faan las tareas de ensanche y repavimentaci\u00f3n del tramo,<br \/>\ncolocaci\u00f3n de carteler\u00eda y barandas flex beam.<br \/>\nPor lo expuesto, se solicita a los usuarios, circular con precauci\u00f3n y acatar las<br \/>\nindicaciones del operativo montado en los sectores donde se ejecuten trabajos con carteler\u00eda<br \/>\nprovisoria y de obra y banderilleros que gu\u00edan el tr\u00e1nsito.<a title=\"WhatsApp Image 2021-02-17 at 10.28.35\" href=\"http:\/\/live.staticflickr.com\/65535\/50953152402_f610dbff98_w.jpg\" rel=\"\"><img loading=\"lazy\" decoding=\"async\" class=\"alignright\" style=\"float: right;\" title=\"WhatsApp Image 2021-02-17 at 10.28.35\" src=\"http:\/\/live.staticflickr.com\/65535\/50953152402_f610dbff98_w.jpg\" alt=\"WhatsApp Image 2021-02-17 at 10.28.35\" width=\"400\" height=\"222\" \/><\/a><br \/>\nLa RN 33 es uno de los corredores viales m\u00e1s importantes de Buenos Aires y Santa<br \/>\nFe. Comienza en Bah\u00eda Blanca conectando localidades agro-ganaderas de ambas provincias<br \/>\ncon los puertos de Bah\u00eda Blanca y Rosario. La intervenci\u00f3n de esta v\u00eda mejorar\u00e1 las<br \/>\ncondiciones de circulaci\u00f3n para m\u00e1s de 3.500 usuarios que diariamente transitan por el<br \/>\nsector.<\/p>\n","protected":false},"excerpt":{"rendered":"<p>Los trabajos son parte de la obra de repavimentaci\u00f3n y ensanche de 153 km del corredor entre Tornquist y Espartillar.<\/p>\n","protected":false},"author":3,"featured_media":0,"comment_status":"closed","ping_status":"open","sticky":false,"template":"","format":"standard","meta":{"footnotes":""},"categories":[24],"tags":[],"class_list":["post-52567","post","type-post","status-publish","format-standard","hentry","category-politica"],"yoast_head":"<!-- This site is optimized with the Yoast SEO plugin v25.9 - https:\/\/yoast.com\/wordpress\/plugins\/seo\/ -->\n<title>Vialidad Nacional ejecut\u00f3 trabajos de puesta en valor en el puente de acceso a Pig\u00fce en la RN 33 - Noticias Radio Reflejos<\/title>\n<meta name=\"robots\" content=\"index, follow, max-snippet:-1, max-image-preview:large, max-video-preview:-1\" \/>\n<link rel=\"canonical\" href=\"https:\/\/www.noticiasradioreflejos.com.ar\/2021\/vialidad-nacional-ejecuto-trabajos-de-puesta-en-valor-en-el-puente-de-acceso-a-pigue-en-la-rn-33\/\" \/>\n<meta property=\"og:locale\" content=\"es_ES\" \/>\n<meta property=\"og:type\" content=\"article\" \/>\n<meta property=\"og:title\" content=\"Vialidad Nacional ejecut\u00f3 trabajos de puesta en valor en el puente de acceso a Pig\u00fce en la RN 33 - Noticias Radio Reflejos\" \/>\n<meta property=\"og:description\" content=\"Los trabajos son parte de la obra de repavimentaci\u00f3n y ensanche de 153 km del corredor entre Tornquist y Espartillar.\" \/>\n<meta property=\"og:url\" content=\"https:\/\/www.noticiasradioreflejos.com.ar\/2021\/vialidad-nacional-ejecuto-trabajos-de-puesta-en-valor-en-el-puente-de-acceso-a-pigue-en-la-rn-33\/\" \/>\n<meta property=\"og:site_name\" content=\"Noticias Radio Reflejos\" \/>\n<meta property=\"article:published_time\" content=\"2021-02-17T14:11:33+00:00\" \/>\n<meta property=\"og:image\" content=\"http:\/\/live.staticflickr.com\/65535\/50953152377_29cccf67b3_w.jpg\" \/>\n<meta name=\"author\" content=\"Arnaldo Botto\" \/>\n<meta name=\"twitter:card\" content=\"summary_large_image\" \/>\n<script type=\"application\/ld+json\" class=\"yoast-schema-graph\">{\"@context\":\"https:\/\/schema.org\",\"@graph\":[{\"@type\":\"WebPage\",\"@id\":\"https:\/\/www.noticiasradioreflejos.com.ar\/2021\/vialidad-nacional-ejecuto-trabajos-de-puesta-en-valor-en-el-puente-de-acceso-a-pigue-en-la-rn-33\/\",\"url\":\"https:\/\/www.noticiasradioreflejos.com.ar\/2021\/vialidad-nacional-ejecuto-trabajos-de-puesta-en-valor-en-el-puente-de-acceso-a-pigue-en-la-rn-33\/\",\"name\":\"Vialidad Nacional ejecut\u00f3 trabajos de puesta en valor en el puente de acceso a Pig\u00fce en la RN 33 - Noticias Radio Reflejos\",\"isPartOf\":{\"@id\":\"https:\/\/www.noticiasradioreflejos.com.ar\/2021\/#website\"},\"primaryImageOfPage\":{\"@id\":\"https:\/\/www.noticiasradioreflejos.com.ar\/2021\/vialidad-nacional-ejecuto-trabajos-de-puesta-en-valor-en-el-puente-de-acceso-a-pigue-en-la-rn-33\/#primaryimage\"},\"image\":{\"@id\":\"https:\/\/www.noticiasradioreflejos.com.ar\/2021\/vialidad-nacional-ejecuto-trabajos-de-puesta-en-valor-en-el-puente-de-acceso-a-pigue-en-la-rn-33\/#primaryimage\"},\"thumbnailUrl\":\"http:\/\/live.staticflickr.com\/65535\/50953152377_29cccf67b3_w.jpg\",\"datePublished\":\"2021-02-17T14:11:33+00:00\",\"author\":{\"@id\":\"https:\/\/www.noticiasradioreflejos.com.ar\/2021\/#\/schema\/person\/ad82545263dcc5ec0996818884fd5fb1\"},\"breadcrumb\":{\"@id\":\"https:\/\/www.noticiasradioreflejos.com.ar\/2021\/vialidad-nacional-ejecuto-trabajos-de-puesta-en-valor-en-el-puente-de-acceso-a-pigue-en-la-rn-33\/#breadcrumb\"},\"inLanguage\":\"es\",\"potentialAction\":[{\"@type\":\"ReadAction\",\"target\":[\"https:\/\/www.noticiasradioreflejos.com.ar\/2021\/vialidad-nacional-ejecuto-trabajos-de-puesta-en-valor-en-el-puente-de-acceso-a-pigue-en-la-rn-33\/\"]}]},{\"@type\":\"ImageObject\",\"inLanguage\":\"es\",\"@id\":\"https:\/\/www.noticiasradioreflejos.com.ar\/2021\/vialidad-nacional-ejecuto-trabajos-de-puesta-en-valor-en-el-puente-de-acceso-a-pigue-en-la-rn-33\/#primaryimage\",\"url\":\"http:\/\/live.staticflickr.com\/65535\/50953152377_29cccf67b3_w.jpg\",\"contentUrl\":\"http:\/\/live.staticflickr.com\/65535\/50953152377_29cccf67b3_w.jpg\"},{\"@type\":\"BreadcrumbList\",\"@id\":\"https:\/\/www.noticiasradioreflejos.com.ar\/2021\/vialidad-nacional-ejecuto-trabajos-de-puesta-en-valor-en-el-puente-de-acceso-a-pigue-en-la-rn-33\/#breadcrumb\",\"itemListElement\":[{\"@type\":\"ListItem\",\"position\":1,\"name\":\"Portada\",\"item\":\"https:\/\/www.noticiasradioreflejos.com.ar\/2021\/\"},{\"@type\":\"ListItem\",\"position\":2,\"name\":\"Vialidad Nacional ejecut\u00f3 trabajos de puesta en valor en el puente de acceso a Pig\u00fce en la RN 33\"}]},{\"@type\":\"WebSite\",\"@id\":\"https:\/\/www.noticiasradioreflejos.com.ar\/2021\/#website\",\"url\":\"https:\/\/www.noticiasradioreflejos.com.ar\/2021\/\",\"name\":\"Noticias Radio Reflejos\",\"description\":\"Las noticias de mi comarca\",\"potentialAction\":[{\"@type\":\"SearchAction\",\"target\":{\"@type\":\"EntryPoint\",\"urlTemplate\":\"https:\/\/www.noticiasradioreflejos.com.ar\/2021\/?s={search_term_string}\"},\"query-input\":{\"@type\":\"PropertyValueSpecification\",\"valueRequired\":true,\"valueName\":\"search_term_string\"}}],\"inLanguage\":\"es\"},{\"@type\":\"Person\",\"@id\":\"https:\/\/www.noticiasradioreflejos.com.ar\/2021\/#\/schema\/person\/ad82545263dcc5ec0996818884fd5fb1\",\"name\":\"Arnaldo Botto\",\"image\":{\"@type\":\"ImageObject\",\"inLanguage\":\"es\",\"@id\":\"https:\/\/www.noticiasradioreflejos.com.ar\/2021\/#\/schema\/person\/image\/\",\"url\":\"https:\/\/secure.gravatar.com\/avatar\/55cb5e37c1efa326397366e6974cb338056df65cb50e7d64d1cf314e87504837?s=96&d=mm&r=g\",\"contentUrl\":\"https:\/\/secure.gravatar.com\/avatar\/55cb5e37c1efa326397366e6974cb338056df65cb50e7d64d1cf314e87504837?s=96&d=mm&r=g\",\"caption\":\"Arnaldo Botto\"},\"url\":\"https:\/\/www.noticiasradioreflejos.com.ar\/2021\/author\/arnaldo\/\"}]}<\/script>\n<!-- \/ Yoast SEO plugin. -->","yoast_head_json":{"title":"Vialidad Nacional ejecut\u00f3 trabajos de puesta en valor en el puente de acceso a Pig\u00fce en la RN 33 - Noticias Radio Reflejos","robots":{"index":"index","follow":"follow","max-snippet":"max-snippet:-1","max-image-preview":"max-image-preview:large","max-video-preview":"max-video-preview:-1"},"canonical":"https:\/\/www.noticiasradioreflejos.com.ar\/2021\/vialidad-nacional-ejecuto-trabajos-de-puesta-en-valor-en-el-puente-de-acceso-a-pigue-en-la-rn-33\/","og_locale":"es_ES","og_type":"article","og_title":"Vialidad Nacional ejecut\u00f3 trabajos de puesta en valor en el puente de acceso a Pig\u00fce en la RN 33 - Noticias Radio Reflejos","og_description":"Los trabajos son parte de la obra de repavimentaci\u00f3n y ensanche de 153 km del corredor entre Tornquist y Espartillar.","og_url":"https:\/\/www.noticiasradioreflejos.com.ar\/2021\/vialidad-nacional-ejecuto-trabajos-de-puesta-en-valor-en-el-puente-de-acceso-a-pigue-en-la-rn-33\/","og_site_name":"Noticias Radio Reflejos","article_published_time":"2021-02-17T14:11:33+00:00","og_image":[{"url":"http:\/\/live.staticflickr.com\/65535\/50953152377_29cccf67b3_w.jpg","type":"","width":"","height":""}],"author":"Arnaldo Botto","twitter_card":"summary_large_image","schema":{"@context":"https:\/\/schema.org","@graph":[{"@type":"WebPage","@id":"https:\/\/www.noticiasradioreflejos.com.ar\/2021\/vialidad-nacional-ejecuto-trabajos-de-puesta-en-valor-en-el-puente-de-acceso-a-pigue-en-la-rn-33\/","url":"https:\/\/www.noticiasradioreflejos.com.ar\/2021\/vialidad-nacional-ejecuto-trabajos-de-puesta-en-valor-en-el-puente-de-acceso-a-pigue-en-la-rn-33\/","name":"Vialidad Nacional ejecut\u00f3 trabajos de puesta en valor en el puente de acceso a Pig\u00fce en la RN 33 - Noticias Radio Reflejos","isPartOf":{"@id":"https:\/\/www.noticiasradioreflejos.com.ar\/2021\/#website"},"primaryImageOfPage":{"@id":"https:\/\/www.noticiasradioreflejos.com.ar\/2021\/vialidad-nacional-ejecuto-trabajos-de-puesta-en-valor-en-el-puente-de-acceso-a-pigue-en-la-rn-33\/#primaryimage"},"image":{"@id":"https:\/\/www.noticiasradioreflejos.com.ar\/2021\/vialidad-nacional-ejecuto-trabajos-de-puesta-en-valor-en-el-puente-de-acceso-a-pigue-en-la-rn-33\/#primaryimage"},"thumbnailUrl":"http:\/\/live.staticflickr.com\/65535\/50953152377_29cccf67b3_w.jpg","datePublished":"2021-02-17T14:11:33+00:00","author":{"@id":"https:\/\/www.noticiasradioreflejos.com.ar\/2021\/#\/schema\/person\/ad82545263dcc5ec0996818884fd5fb1"},"breadcrumb":{"@id":"https:\/\/www.noticiasradioreflejos.com.ar\/2021\/vialidad-nacional-ejecuto-trabajos-de-puesta-en-valor-en-el-puente-de-acceso-a-pigue-en-la-rn-33\/#breadcrumb"},"inLanguage":"es","potentialAction":[{"@type":"ReadAction","target":["https:\/\/www.noticiasradioreflejos.com.ar\/2021\/vialidad-nacional-ejecuto-trabajos-de-puesta-en-valor-en-el-puente-de-acceso-a-pigue-en-la-rn-33\/"]}]},{"@type":"ImageObject","inLanguage":"es","@id":"https:\/\/www.noticiasradioreflejos.com.ar\/2021\/vialidad-nacional-ejecuto-trabajos-de-puesta-en-valor-en-el-puente-de-acceso-a-pigue-en-la-rn-33\/#primaryimage","url":"http:\/\/live.staticflickr.com\/65535\/50953152377_29cccf67b3_w.jpg","contentUrl":"http:\/\/live.staticflickr.com\/65535\/50953152377_29cccf67b3_w.jpg"},{"@type":"BreadcrumbList","@id":"https:\/\/www.noticiasradioreflejos.com.ar\/2021\/vialidad-nacional-ejecuto-trabajos-de-puesta-en-valor-en-el-puente-de-acceso-a-pigue-en-la-rn-33\/#breadcrumb","itemListElement":[{"@type":"ListItem","position":1,"name":"Portada","item":"https:\/\/www.noticiasradioreflejos.com.ar\/2021\/"},{"@type":"ListItem","position":2,"name":"Vialidad Nacional ejecut\u00f3 trabajos de puesta en valor en el puente de acceso a Pig\u00fce en la RN 33"}]},{"@type":"WebSite","@id":"https:\/\/www.noticiasradioreflejos.com.ar\/2021\/#website","url":"https:\/\/www.noticiasradioreflejos.com.ar\/2021\/","name":"Noticias Radio Reflejos","description":"Las noticias de mi comarca","potentialAction":[{"@type":"SearchAction","target":{"@type":"EntryPoint","urlTemplate":"https:\/\/www.noticiasradioreflejos.com.ar\/2021\/?s={search_term_string}"},"query-input":{"@type":"PropertyValueSpecification","valueRequired":true,"valueName":"search_term_string"}}],"inLanguage":"es"},{"@type":"Person","@id":"https:\/\/www.noticiasradioreflejos.com.ar\/2021\/#\/schema\/person\/ad82545263dcc5ec0996818884fd5fb1","name":"Arnaldo Botto","image":{"@type":"ImageObject","inLanguage":"es","@id":"https:\/\/www.noticiasradioreflejos.com.ar\/2021\/#\/schema\/person\/image\/","url":"https:\/\/secure.gravatar.com\/avatar\/55cb5e37c1efa326397366e6974cb338056df65cb50e7d64d1cf314e87504837?s=96&d=mm&r=g","contentUrl":"https:\/\/secure.gravatar.com\/avatar\/55cb5e37c1efa326397366e6974cb338056df65cb50e7d64d1cf314e87504837?s=96&d=mm&r=g","caption":"Arnaldo Botto"},"url":"https:\/\/www.noticiasradioreflejos.com.ar\/2021\/author\/arnaldo\/"}]}},"_links":{"self":[{"href":"https:\/\/www.noticiasradioreflejos.com.ar\/2021\/wp-json\/wp\/v2\/posts\/52567","targetHints":{"allow":["GET"]}}],"collection":[{"href":"https:\/\/www.noticiasradioreflejos.com.ar\/2021\/wp-json\/wp\/v2\/posts"}],"about":[{"href":"https:\/\/www.noticiasradioreflejos.com.ar\/2021\/wp-json\/wp\/v2\/types\/post"}],"author":[{"embeddable":true,"href":"https:\/\/www.noticiasradioreflejos.com.ar\/2021\/wp-json\/wp\/v2\/users\/3"}],"replies":[{"embeddable":true,"href":"https:\/\/www.noticiasradioreflejos.com.ar\/2021\/wp-json\/wp\/v2\/comments?post=52567"}],"version-history":[{"count":0,"href":"https:\/\/www.noticiasradioreflejos.com.ar\/2021\/wp-json\/wp\/v2\/posts\/52567\/revisions"}],"wp:attachment":[{"href":"https:\/\/www.noticiasradioreflejos.com.ar\/2021\/wp-json\/wp\/v2\/media?parent=52567"}],"wp:term":[{"taxonomy":"category","embeddable":true,"href":"https:\/\/www.noticiasradioreflejos.com.ar\/2021\/wp-json\/wp\/v2\/categories?post=52567"},{"taxonomy":"post_tag","embeddable":true,"href":"https:\/\/www.noticiasradioreflejos.com.ar\/2021\/wp-json\/wp\/v2\/tags?post=52567"}],"curies":[{"name":"wp","href":"https:\/\/api.w.org\/{rel}","templated":true}]}}